{"id":2533,"date":"2024-02-02T11:56:00","date_gmt":"2024-02-02T14:56:00","guid":{"rendered":"https:\/\/www.fiemg.com.br\/regional-sede\/?post_type=noticias&#038;p=2533"},"modified":"2024-02-04T11:02:32","modified_gmt":"2024-02-04T14:02:32","slug":"festival-sesi-e-nerd-experience-reunem-cultura-robotica-e-tecnologia","status":"publish","type":"noticias","link":"https:\/\/www.fiemg.com.br\/regional-sede\/noticias\/festival-sesi-e-nerd-experience-reunem-cultura-robotica-e-tecnologia\/","title":{"rendered":"Festival SESI e Nerd Experience re\u00fanem cultura, rob\u00f3tica e tecnologia"},"content":{"rendered":"\n<p>Um dos eventos mais esperados do ano pelos entusiastas da rob\u00f3tica, o <strong>Festival SESI de Educa\u00e7\u00e3o, <\/strong>ser\u00e1 realizado junto com o Nerd Experience, reunindo cultura, arte e tecnologia em um \u00fanico lugar. O evento ser\u00e1 realizado em 3 e 4 de fevereiro, no Centerminas Expo, em Belo Horizonte, e ter\u00e1 entrada gratuita. Clique <a href=\"https:\/\/www.sympla.com.br\/evento\/festival-sesi-de-robotica\/2305645?referrer=publiweb.fiemg.com.br\">aqui<\/a> e retire seu ingresso.<\/p>\n\n\n\n<p>Segundo o analista de projetos educacionais do SESI, Nathan Monticeli, al\u00e9m das emocionantes competi\u00e7\u00f5es, o festival contar\u00e1 com a presen\u00e7a de renomados parceiros da \u00e1rea de educa\u00e7\u00e3o e tecnologia no Brasil e no mundo, oferecendo palestras, atra\u00e7\u00f5es e in\u00fameras intera\u00e7\u00f5es com o p\u00fablico. \u201cDessa forma, nosso evento n\u00e3o apenas oferecer\u00e1 competi\u00e7\u00f5es, mas tamb\u00e9m proporcionar\u00e1 experi\u00eancias in\u00e9ditas, criativas e fascinantes para o p\u00fablico em geral\u201d, disse.<\/p>\n\n\n\n<p>Na etapa regional do Torneio SESI de Rob\u00f3tica (realizada em parceria com a FIRST\u00ae \u2013 sigla em ingl\u00eas para Inspira\u00e7\u00e3o e Reconhecimento da Ci\u00eancia e da Tecnologia \u2013 e com a F\u00f3rmula 1), crian\u00e7as e jovens de 9 a 18 anos disputam e fazem demonstra\u00e7\u00f5es com projetos nas seguintes modalidades:&nbsp;<\/p>\n\n\n\n<p><em><strong>FIRST Lego League Challenge (FLL)<\/strong> \u2013 Master Piece&nbsp;<\/em><br>Rob\u00f4s feitos com Lego precisam cumprir miss\u00f5es de uma mesa de desafios.<\/p>\n\n\n\n<p><em><strong>FIRST Tech Challenge (FTC)<\/strong> \u2013 Centerstage&nbsp;<\/em><br>Rob\u00f4s feitos com m\u00e1quinas e circuitos devem realizar tarefas em alian\u00e7as.<\/p>\n\n\n\n<p><em><strong>FIRST Robotics Competition (FTC)<\/strong> \u2013 Crescendo&nbsp;<\/em><br>Rob\u00f4s de tamanho industrial demonstram suas habilidades em uma arena.<\/p>\n\n\n\n<p><em><strong>F1 in Schools<\/strong><\/em><br>Prot\u00f3tipos de carros de F\u00f3rmula 1 correm numa pista em miniatura.<\/p>\n\n\n\n<p>E, al\u00e9m do Torneio de Rob\u00f3tica, o Festival contar\u00e1 ainda com uma programa\u00e7\u00e3o extensa do Nerd Experience, que inclui atra\u00e7\u00f5es da cultura nerd e geek para os apaixonados por games, animes, quadrinhos e tecnologia no Espa\u00e7o Talks. Entre os convidados est\u00e1 o quadrinista, ilustrador e gateiro, Rodney Bucheni, que participou de produ\u00e7\u00f5es envolvendo a Marvel e a DC Comics, que far\u00e1 uma Talk \u00e0s 15 horas de s\u00e1bado (3\/2).<\/p>\n\n\n\n<p>\u201cEstamos muito felizes em fazer parte do Festival Sesi, acreditamos que a cultura pop \u00e9 uma das grandes express\u00f5es dos jovens de hoje e, sem d\u00favida, pode ser usada como ferramenta para aproxim\u00e1-los da educa\u00e7\u00e3o e com as inova\u00e7\u00f5es tecnol\u00f3gicas do setor\u201d, disse Ado Viana, produtor do Nerd Experience.<\/p>\n\n\n\n<p>Ainda no evento haver\u00e1 performances que mesclam arte e tecnologia, proporcionando uma experi\u00eancia cultural \u00fanica; workshops e palestras focadas em tecnologia, inova\u00e7\u00e3o e desenvolvimento de habilidades; desfiles de cosplay ao s\u00e1bado (15h15) e domingo (14h15); uma \u00e1rea gamer com consoles; um espa\u00e7o dedicado ao jogo de dan\u00e7a Just Dance; al\u00e9m de uma aula de Hip Hop (3\/2, \u00e0s 13h), breaking (3\/2, \u00e0s 15h), exibi\u00e7\u00e3o de rob\u00f4s dan\u00e7antes (4\/2, \u00e0s 12h) e uma interven\u00e7\u00e3o que integra dan\u00e7a e patina\u00e7\u00e3o (4\/2, \u00e0s 14h15). Confira <a href=\"https:\/\/www.fiemg.com.br\/wp-content\/uploads\/2024\/02\/programacao-festival-sesi-educacao-nerd-xp.pdf\">aqui<\/a> a programa\u00e7\u00e3o completa.<\/p>\n\n\n\n<p><strong>Festival SESI de Educa\u00e7\u00e3o<\/strong><\/p>\n\n\n\n<p>O Festival SESI de Educa\u00e7\u00e3o \u00e9 uma realiza\u00e7\u00e3o do Servi\u00e7o Social da Ind\u00fastria (SESI MG) em parceria com a Nerd Experience, que contam com o patroc\u00ednio ouro do Servi\u00e7o Nacional de Aprendizagem Industrial (SENAI MG), da Editora SESI, do SESI Cultura e do Centro Universit\u00e1rio UNA; o patroc\u00ednio prata da Positivo Educacional, da Minipa e da Exxer e o patroc\u00ednio bronze do NutriSESI.<\/p>\n\n\n\n<p>Esse \u00e9 um evento que n\u00e3o apenas celebra a inova\u00e7\u00e3o tecnol\u00f3gica, mas tamb\u00e9m busca inspirar a pr\u00f3xima gera\u00e7\u00e3o de criadores e inovadores no campo da educa\u00e7\u00e3o STEAM (sigla em ingl\u00eas para definir Ci\u00eancia, Tecnologia, Engenharia, Artes e Matem\u00e1tica), que consiste em uma abordagem de ensino multidisciplinar que integra as disciplinas de ci\u00eancia, tecnologia, engenharia, artes, matem\u00e1tica.<\/p>\n\n\n\n<p><strong>Servi\u00e7o \u2013 Festival SESI de Educa\u00e7\u00e3o<\/strong><br><strong>Data<\/strong>: 3 e 4 de fevereiro<br><strong>Hor\u00e1rio<\/strong>: 8h30 \u00e0s 18h<br><strong>Local<\/strong>: Centerminas Expo, Belo Horizonte (Av. Pastor Anselmo Silvestre, 1495 \u2013 Uni\u00e3o, Belo Horizonte \u2013 MG, 31170-678)<br><strong>Entrada<\/strong>: Gratuita<br><a href=\"https:\/\/www.sympla.com.br\/evento\/festival-sesi-de-robotica\/2305645?referrer=publiweb.fiemg.com.br\">Retire AQUI o seu ingresso<\/a><br>&nbsp;<\/p>\n\n\n\n<p>Confira <a href=\"https:\/\/www.flickr.com\/photos\/sistemafiemg\/albums\/72177720305957497\/with\/52684889510\">aqui<\/a> as fotos da \u00faltima edi\u00e7\u00e3o do Festival SESI de Educa\u00e7\u00e3o.<\/p>\n\n\n\n<p><em>Tha\u00eds Mota<\/em><br><strong>Imprensa FIEMG<\/strong><\/p>\n","protected":false},"featured_media":2534,"template":"","categories":[16],"tags":[562,78,563,88,564],"class_list":["post-2533","noticias","type-noticias","status-publish","has-post-thumbnail","hentry","category-educacao","tag-festival-sesi-de-educacao","tag-fiemg","tag-nerd-experience","tag-sesi","tag-torneio-de-robotica"],"acf":[],"yoast_head":"<!-- This site is optimized with the Yoast SEO plugin v26.2 - https:\/\/yoast.com\/wordpress\/plugins\/seo\/ -->\n<title>Festival SESI e Nerd Experience re\u00fanem cultura, rob\u00f3tica e tecnologia - FIEMG<\/title>\n<meta name=\"description\" content=\"Nos dias 3 e 4 de fevereiro, Belo Horizonte recebe a etapa regional do Torneio SESI de Rob\u00f3tica, juntamente com o Nerd Experience\" \/>\n<meta name=\"robots\" content=\"index, follow, max-snippet:-1, max-image-preview:large, max-video-preview:-1\" \/>\n<link rel=\"canonical\" href=\"https:\/\/www.fiemg.com.br\/regional-sede\/noticias\/festival-sesi-e-nerd-experience-reunem-cultura-robotica-e-tecnologia\/\" \/>\n<meta property=\"og:locale\" content=\"pt_BR\" \/>\n<meta property=\"og:type\" content=\"article\" \/>\n<meta property=\"og:title\" content=\"Festival SESI e Nerd Experience re\u00fanem cultura, rob\u00f3tica e tecnologia - FIEMG\" \/>\n<meta property=\"og:description\" content=\"Nos dias 3 e 4 de fevereiro, Belo Horizonte recebe a etapa regional do Torneio SESI de Rob\u00f3tica, juntamente com o Nerd Experience\" \/>\n<meta property=\"og:url\" content=\"https:\/\/www.fiemg.com.br\/regional-sede\/noticias\/festival-sesi-e-nerd-experience-reunem-cultura-robotica-e-tecnologia\/\" \/>\n<meta property=\"og:site_name\" content=\"FIEMG\" \/>\n<meta property=\"article:modified_time\" content=\"2024-02-04T14:02:32+00:00\" \/>\n<meta property=\"og:image\" content=\"https:\/\/www.fiemg.com.br\/regional-sede\/wp-content\/uploads\/sites\/21\/2024\/02\/nerd-experience-torneio-robotica-sesi-nerd-experience.jpg\" \/>\n\t<meta property=\"og:image:width\" content=\"250\" \/>\n\t<meta property=\"og:image:height\" content=\"200\" \/>\n\t<meta property=\"og:image:type\" content=\"image\/jpeg\" \/>\n<meta name=\"twitter:card\" content=\"summary_large_image\" \/>\n<meta name=\"twitter:label1\" content=\"Est. tempo de leitura\" \/>\n\t<meta name=\"twitter:data1\" content=\"4 minutos\" \/>\n<script type=\"application\/ld+json\" class=\"yoast-schema-graph\">{\"@context\":\"https:\/\/schema.org\",\"@graph\":[{\"@type\":\"WebPage\",\"@id\":\"https:\/\/www.fiemg.com.br\/regional-sede\/noticias\/festival-sesi-e-nerd-experience-reunem-cultura-robotica-e-tecnologia\/\",\"url\":\"https:\/\/www.fiemg.com.br\/regional-sede\/noticias\/festival-sesi-e-nerd-experience-reunem-cultura-robotica-e-tecnologia\/\",\"name\":\"Festival SESI e Nerd Experience re\u00fanem cultura, rob\u00f3tica e tecnologia - FIEMG\",\"isPartOf\":{\"@id\":\"https:\/\/www.fiemg.com.br\/regional-sede\/#website\"},\"primaryImageOfPage\":{\"@id\":\"https:\/\/www.fiemg.com.br\/regional-sede\/noticias\/festival-sesi-e-nerd-experience-reunem-cultura-robotica-e-tecnologia\/#primaryimage\"},\"image\":{\"@id\":\"https:\/\/www.fiemg.com.br\/regional-sede\/noticias\/festival-sesi-e-nerd-experience-reunem-cultura-robotica-e-tecnologia\/#primaryimage\"},\"thumbnailUrl\":\"https:\/\/www.fiemg.com.br\/regional-sede\/wp-content\/uploads\/sites\/21\/2024\/02\/nerd-experience-torneio-robotica-sesi-nerd-experience.jpg\",\"datePublished\":\"2024-02-02T14:56:00+00:00\",\"dateModified\":\"2024-02-04T14:02:32+00:00\",\"description\":\"Nos dias 3 e 4 de fevereiro, Belo Horizonte recebe a etapa regional do Torneio SESI de Rob\u00f3tica, juntamente com o Nerd Experience\",\"breadcrumb\":{\"@id\":\"https:\/\/www.fiemg.com.br\/regional-sede\/noticias\/festival-sesi-e-nerd-experience-reunem-cultura-robotica-e-tecnologia\/#breadcrumb\"},\"inLanguage\":\"pt-BR\",\"potentialAction\":[{\"@type\":\"ReadAction\",\"target\":[\"https:\/\/www.fiemg.com.br\/regional-sede\/noticias\/festival-sesi-e-nerd-experience-reunem-cultura-robotica-e-tecnologia\/\"]}]},{\"@type\":\"ImageObject\",\"inLanguage\":\"pt-BR\",\"@id\":\"https:\/\/www.fiemg.com.br\/regional-sede\/noticias\/festival-sesi-e-nerd-experience-reunem-cultura-robotica-e-tecnologia\/#primaryimage\",\"url\":\"https:\/\/www.fiemg.com.br\/regional-sede\/wp-content\/uploads\/sites\/21\/2024\/02\/nerd-experience-torneio-robotica-sesi-nerd-experience.jpg\",\"contentUrl\":\"https:\/\/www.fiemg.com.br\/regional-sede\/wp-content\/uploads\/sites\/21\/2024\/02\/nerd-experience-torneio-robotica-sesi-nerd-experience.jpg\",\"width\":250,\"height\":200,\"caption\":\"Festival SESI e Nerd Experience re\u00fanem cultura, rob\u00f3tica e tecnologia\"},{\"@type\":\"BreadcrumbList\",\"@id\":\"https:\/\/www.fiemg.com.br\/regional-sede\/noticias\/festival-sesi-e-nerd-experience-reunem-cultura-robotica-e-tecnologia\/#breadcrumb\",\"itemListElement\":[{\"@type\":\"ListItem\",\"position\":1,\"name\":\"In\u00edcio\",\"item\":\"https:\/\/www.fiemg.com.br\/regional-sede\/\"},{\"@type\":\"ListItem\",\"position\":2,\"name\":\"Festival SESI e Nerd Experience re\u00fanem cultura, rob\u00f3tica e tecnologia\"}]},{\"@type\":\"WebSite\",\"@id\":\"https:\/\/www.fiemg.com.br\/regional-sede\/#website\",\"url\":\"https:\/\/www.fiemg.com.br\/regional-sede\/\",\"name\":\"FIEMG\",\"description\":\"Federa\u00e7\u00e3o das Ind\u00fastrias do Estado de Minas Gerais\",\"publisher\":{\"@id\":\"https:\/\/www.fiemg.com.br\/regional-sede\/#organization\"},\"potentialAction\":[{\"@type\":\"SearchAction\",\"target\":{\"@type\":\"EntryPoint\",\"urlTemplate\":\"https:\/\/www.fiemg.com.br\/regional-sede\/?s={search_term_string}\"},\"query-input\":{\"@type\":\"PropertyValueSpecification\",\"valueRequired\":true,\"valueName\":\"search_term_string\"}}],\"inLanguage\":\"pt-BR\"},{\"@type\":\"Organization\",\"@id\":\"https:\/\/www.fiemg.com.br\/regional-sede\/#organization\",\"name\":\"FIEMG\",\"url\":\"https:\/\/www.fiemg.com.br\/regional-sede\/\",\"logo\":{\"@type\":\"ImageObject\",\"inLanguage\":\"pt-BR\",\"@id\":\"https:\/\/www.fiemg.com.br\/regional-sede\/#\/schema\/logo\/image\/\",\"url\":\"https:\/\/www.fiemg.com.br\/regional-sede\/wp-content\/uploads\/sites\/21\/2023\/02\/Ativo-1.png\",\"contentUrl\":\"https:\/\/www.fiemg.com.br\/regional-sede\/wp-content\/uploads\/sites\/21\/2023\/02\/Ativo-1.png\",\"width\":563,\"height\":149,\"caption\":\"FIEMG\"},\"image\":{\"@id\":\"https:\/\/www.fiemg.com.br\/regional-sede\/#\/schema\/logo\/image\/\"}}]}<\/script>\n<!-- \/ Yoast SEO plugin. -->","yoast_head_json":{"title":"Festival SESI e Nerd Experience re\u00fanem cultura, rob\u00f3tica e tecnologia - FIEMG","description":"Nos dias 3 e 4 de fevereiro, Belo Horizonte recebe a etapa regional do Torneio SESI de Rob\u00f3tica, juntamente com o Nerd Experience","robots":{"index":"index","follow":"follow","max-snippet":"max-snippet:-1","max-image-preview":"max-image-preview:large","max-video-preview":"max-video-preview:-1"},"canonical":"https:\/\/www.fiemg.com.br\/regional-sede\/noticias\/festival-sesi-e-nerd-experience-reunem-cultura-robotica-e-tecnologia\/","og_locale":"pt_BR","og_type":"article","og_title":"Festival SESI e Nerd Experience re\u00fanem cultura, rob\u00f3tica e tecnologia - FIEMG","og_description":"Nos dias 3 e 4 de fevereiro, Belo Horizonte recebe a etapa regional do Torneio SESI de Rob\u00f3tica, juntamente com o Nerd Experience","og_url":"https:\/\/www.fiemg.com.br\/regional-sede\/noticias\/festival-sesi-e-nerd-experience-reunem-cultura-robotica-e-tecnologia\/","og_site_name":"FIEMG","article_modified_time":"2024-02-04T14:02:32+00:00","og_image":[{"width":250,"height":200,"url":"https:\/\/www.fiemg.com.br\/regional-sede\/wp-content\/uploads\/sites\/21\/2024\/02\/nerd-experience-torneio-robotica-sesi-nerd-experience.jpg","type":"image\/jpeg"}],"twitter_card":"summary_large_image","twitter_misc":{"Est. tempo de leitura":"4 minutos"},"schema":{"@context":"https:\/\/schema.org","@graph":[{"@type":"WebPage","@id":"https:\/\/www.fiemg.com.br\/regional-sede\/noticias\/festival-sesi-e-nerd-experience-reunem-cultura-robotica-e-tecnologia\/","url":"https:\/\/www.fiemg.com.br\/regional-sede\/noticias\/festival-sesi-e-nerd-experience-reunem-cultura-robotica-e-tecnologia\/","name":"Festival SESI e Nerd Experience re\u00fanem cultura, rob\u00f3tica e tecnologia - FIEMG","isPartOf":{"@id":"https:\/\/www.fiemg.com.br\/regional-sede\/#website"},"primaryImageOfPage":{"@id":"https:\/\/www.fiemg.com.br\/regional-sede\/noticias\/festival-sesi-e-nerd-experience-reunem-cultura-robotica-e-tecnologia\/#primaryimage"},"image":{"@id":"https:\/\/www.fiemg.com.br\/regional-sede\/noticias\/festival-sesi-e-nerd-experience-reunem-cultura-robotica-e-tecnologia\/#primaryimage"},"thumbnailUrl":"https:\/\/www.fiemg.com.br\/regional-sede\/wp-content\/uploads\/sites\/21\/2024\/02\/nerd-experience-torneio-robotica-sesi-nerd-experience.jpg","datePublished":"2024-02-02T14:56:00+00:00","dateModified":"2024-02-04T14:02:32+00:00","description":"Nos dias 3 e 4 de fevereiro, Belo Horizonte recebe a etapa regional do Torneio SESI de Rob\u00f3tica, juntamente com o Nerd Experience","breadcrumb":{"@id":"https:\/\/www.fiemg.com.br\/regional-sede\/noticias\/festival-sesi-e-nerd-experience-reunem-cultura-robotica-e-tecnologia\/#breadcrumb"},"inLanguage":"pt-BR","potentialAction":[{"@type":"ReadAction","target":["https:\/\/www.fiemg.com.br\/regional-sede\/noticias\/festival-sesi-e-nerd-experience-reunem-cultura-robotica-e-tecnologia\/"]}]},{"@type":"ImageObject","inLanguage":"pt-BR","@id":"https:\/\/www.fiemg.com.br\/regional-sede\/noticias\/festival-sesi-e-nerd-experience-reunem-cultura-robotica-e-tecnologia\/#primaryimage","url":"https:\/\/www.fiemg.com.br\/regional-sede\/wp-content\/uploads\/sites\/21\/2024\/02\/nerd-experience-torneio-robotica-sesi-nerd-experience.jpg","contentUrl":"https:\/\/www.fiemg.com.br\/regional-sede\/wp-content\/uploads\/sites\/21\/2024\/02\/nerd-experience-torneio-robotica-sesi-nerd-experience.jpg","width":250,"height":200,"caption":"Festival SESI e Nerd Experience re\u00fanem cultura, rob\u00f3tica e tecnologia"},{"@type":"BreadcrumbList","@id":"https:\/\/www.fiemg.com.br\/regional-sede\/noticias\/festival-sesi-e-nerd-experience-reunem-cultura-robotica-e-tecnologia\/#breadcrumb","itemListElement":[{"@type":"ListItem","position":1,"name":"In\u00edcio","item":"https:\/\/www.fiemg.com.br\/regional-sede\/"},{"@type":"ListItem","position":2,"name":"Festival SESI e Nerd Experience re\u00fanem cultura, rob\u00f3tica e tecnologia"}]},{"@type":"WebSite","@id":"https:\/\/www.fiemg.com.br\/regional-sede\/#website","url":"https:\/\/www.fiemg.com.br\/regional-sede\/","name":"FIEMG","description":"Federa\u00e7\u00e3o das Ind\u00fastrias do Estado de Minas Gerais","publisher":{"@id":"https:\/\/www.fiemg.com.br\/regional-sede\/#organization"},"potentialAction":[{"@type":"SearchAction","target":{"@type":"EntryPoint","urlTemplate":"https:\/\/www.fiemg.com.br\/regional-sede\/?s={search_term_string}"},"query-input":{"@type":"PropertyValueSpecification","valueRequired":true,"valueName":"search_term_string"}}],"inLanguage":"pt-BR"},{"@type":"Organization","@id":"https:\/\/www.fiemg.com.br\/regional-sede\/#organization","name":"FIEMG","url":"https:\/\/www.fiemg.com.br\/regional-sede\/","logo":{"@type":"ImageObject","inLanguage":"pt-BR","@id":"https:\/\/www.fiemg.com.br\/regional-sede\/#\/schema\/logo\/image\/","url":"https:\/\/www.fiemg.com.br\/regional-sede\/wp-content\/uploads\/sites\/21\/2023\/02\/Ativo-1.png","contentUrl":"https:\/\/www.fiemg.com.br\/regional-sede\/wp-content\/uploads\/sites\/21\/2023\/02\/Ativo-1.png","width":563,"height":149,"caption":"FIEMG"},"image":{"@id":"https:\/\/www.fiemg.com.br\/regional-sede\/#\/schema\/logo\/image\/"}}]}},"_links":{"self":[{"href":"https:\/\/www.fiemg.com.br\/regional-sede\/wp-json\/wp\/v2\/noticias\/2533","targetHints":{"allow":["GET"]}}],"collection":[{"href":"https:\/\/www.fiemg.com.br\/regional-sede\/wp-json\/wp\/v2\/noticias"}],"about":[{"href":"https:\/\/www.fiemg.com.br\/regional-sede\/wp-json\/wp\/v2\/types\/noticias"}],"wp:featuredmedia":[{"embeddable":true,"href":"https:\/\/www.fiemg.com.br\/regional-sede\/wp-json\/wp\/v2\/media\/2534"}],"wp:attachment":[{"href":"https:\/\/www.fiemg.com.br\/regional-sede\/wp-json\/wp\/v2\/media?parent=2533"}],"wp:term":[{"taxonomy":"category","embeddable":true,"href":"https:\/\/www.fiemg.com.br\/regional-sede\/wp-json\/wp\/v2\/categories?post=2533"},{"taxonomy":"post_tag","embeddable":true,"href":"https:\/\/www.fiemg.com.br\/regional-sede\/wp-json\/wp\/v2\/tags?post=2533"}],"curies":[{"name":"wp","href":"https:\/\/api.w.org\/{rel}","templated":true}]}}