{"id":2582,"date":"2024-02-20T10:06:42","date_gmt":"2024-02-20T13:06:42","guid":{"rendered":"https:\/\/www.fiemg.com.br\/regional-sede\/noticias\/e-o-que-aponto-o-indice-de-confianca-do-empresario-industrial-de-minas-gerais-icei-mg-produzido-pela-fiemg\/"},"modified":"2024-02-20T10:06:42","modified_gmt":"2024-02-20T13:06:42","slug":"e-o-que-aponto-o-indice-de-confianca-do-empresario-industrial-de-minas-gerais-icei-mg-produzido-pela-fiemg","status":"publish","type":"noticias","link":"https:\/\/www.fiemg.com.br\/regional-sede\/noticias\/e-o-que-aponto-o-indice-de-confianca-do-empresario-industrial-de-minas-gerais-icei-mg-produzido-pela-fiemg\/","title":{"rendered":"Confian\u00e7a dos empres\u00e1rios mineiros \u00e9 menos intensa em fevereiro"},"content":{"rendered":"\n<p><\/p>\n\n\n\n<figure class=\"wp-block-image size-full\"><img fetchpriority=\"high\" decoding=\"async\" width=\"800\" height=\"400\" src=\"https:\/\/www.fiemg.com.br\/regional-sede\/wp-content\/uploads\/sites\/21\/2024\/02\/SONDAGEM-BANNER.png\" alt=\"\" class=\"wp-image-2584\" srcset=\"https:\/\/www.fiemg.com.br\/regional-sede\/wp-content\/uploads\/sites\/21\/2024\/02\/SONDAGEM-BANNER.png 800w, https:\/\/www.fiemg.com.br\/regional-sede\/wp-content\/uploads\/sites\/21\/2024\/02\/SONDAGEM-BANNER-300x150.png 300w, https:\/\/www.fiemg.com.br\/regional-sede\/wp-content\/uploads\/sites\/21\/2024\/02\/SONDAGEM-BANNER-768x384.png 768w\" sizes=\"(max-width: 800px) 100vw, 800px\" \/><\/figure>\n\n\n\n<p>O \u00cdndice de Confian\u00e7a do Empres\u00e1rio Industrial de Minas Gerais (ICEI-MG) caiu 0,6 ponto ante janeiro (52,6 pontos) e marcou 52 pontos em fevereiro. O resultado mostrou que os empres\u00e1rios da ind\u00fastria mineira permaneceram confiantes pelo 13\u00ba m\u00eas seguido, tendo em vista que o \u00edndice foi superior aos 50 pontos \u2013 limite entre falta de confian\u00e7a e confian\u00e7a.&nbsp;<\/p>\n\n\n\n<p>Contudo, a confian\u00e7a dos industriais foi menos intensa e disseminada, puxada sobretudo pela piora nas expectativas para o pr\u00f3ximo semestre. O atual contexto de incertezas relacionadas ao cumprimento das metas fiscais explica a cautela dos industriais.&nbsp;<\/p>\n\n\n\n<p>Comparativamente a fevereiro de 2023 (51,3 pontos), o indicador cresceu 0,7 ponto. Todavia, ficou 2,3 pontos abaixo da sua m\u00e9dia hist\u00f3rica para o m\u00eas (54,3 pontos). O ICEI nacional recuou 0,5 ponto frente a janeiro (53,2 pontos) e alcan\u00e7ou 52,7 pontos em fevereiro, registrando menor confian\u00e7a dos empres\u00e1rios brasileiros.<br><br>O c\u00e1lculo do ICEI resulta da pondera\u00e7\u00e3o dos \u00edndices de condi\u00e7\u00f5es atuais e de expectativas, que variam de 0 a 100 pontos. Valores acima de 50 pontos indicam percep\u00e7\u00e3o de situa\u00e7\u00e3o atual mais favor\u00e1vel em rela\u00e7\u00e3o aos seis meses anteriores e expectativa positiva para os pr\u00f3ximos seis meses, respectivamente.<\/p>\n\n\n\n<p>Confira <a href=\"https:\/\/www.fiemg.com.br\/fiemg\/area-de-interesse\/estudos-economicos\/indice-de-confianca-do-empresario-industrial-de-minas-gerais-icei\/\">AQUI<\/a> a pesquisa completa.<\/p>\n","protected":false},"featured_media":2583,"template":"","categories":[20],"tags":[582,78,583],"class_list":["post-2582","noticias","type-noticias","status-publish","has-post-thumbnail","hentry","category-estudos-economicos","tag-estudos-economicos-2","tag-fiemg","tag-icei"],"acf":[],"yoast_head":"<!-- This site is optimized with the Yoast SEO plugin v26.2 - https:\/\/yoast.com\/wordpress\/plugins\/seo\/ -->\n<title>Confian\u00e7a dos empres\u00e1rios mineiros \u00e9 menos intensa em fevereiro - FIEMG<\/title>\n<meta name=\"description\" content=\"\u00c9 o que aponta o \u00cdndice de Confian\u00e7a do Empres\u00e1rio Industrial de Minas Gerais (ICEI-MG) produzido pela FIEMG\" \/>\n<meta name=\"robots\" content=\"index, follow, max-snippet:-1, max-image-preview:large, max-video-preview:-1\" \/>\n<link rel=\"canonical\" href=\"https:\/\/www.fiemg.com.br\/regional-sede\/noticias\/e-o-que-aponto-o-indice-de-confianca-do-empresario-industrial-de-minas-gerais-icei-mg-produzido-pela-fiemg\/\" \/>\n<meta property=\"og:locale\" content=\"pt_BR\" \/>\n<meta property=\"og:type\" content=\"article\" \/>\n<meta property=\"og:title\" content=\"Confian\u00e7a dos empres\u00e1rios mineiros \u00e9 menos intensa em fevereiro - FIEMG\" \/>\n<meta property=\"og:description\" content=\"\u00c9 o que aponta o \u00cdndice de Confian\u00e7a do Empres\u00e1rio Industrial de Minas Gerais (ICEI-MG) produzido pela FIEMG\" \/>\n<meta property=\"og:url\" content=\"https:\/\/www.fiemg.com.br\/regional-sede\/noticias\/e-o-que-aponto-o-indice-de-confianca-do-empresario-industrial-de-minas-gerais-icei-mg-produzido-pela-fiemg\/\" \/>\n<meta property=\"og:site_name\" content=\"FIEMG\" \/>\n<meta property=\"og:image\" content=\"https:\/\/www.fiemg.com.br\/regional-sede\/wp-content\/uploads\/sites\/21\/2024\/02\/ICEI.png\" \/>\n\t<meta property=\"og:image:width\" content=\"250\" \/>\n\t<meta property=\"og:image:height\" content=\"200\" \/>\n\t<meta property=\"og:image:type\" content=\"image\/png\" \/>\n<meta name=\"twitter:card\" content=\"summary_large_image\" \/>\n<meta name=\"twitter:label1\" content=\"Est. tempo de leitura\" \/>\n\t<meta name=\"twitter:data1\" content=\"2 minutos\" \/>\n<script type=\"application\/ld+json\" class=\"yoast-schema-graph\">{\"@context\":\"https:\/\/schema.org\",\"@graph\":[{\"@type\":\"WebPage\",\"@id\":\"https:\/\/www.fiemg.com.br\/regional-sede\/noticias\/e-o-que-aponto-o-indice-de-confianca-do-empresario-industrial-de-minas-gerais-icei-mg-produzido-pela-fiemg\/\",\"url\":\"https:\/\/www.fiemg.com.br\/regional-sede\/noticias\/e-o-que-aponto-o-indice-de-confianca-do-empresario-industrial-de-minas-gerais-icei-mg-produzido-pela-fiemg\/\",\"name\":\"Confian\u00e7a dos empres\u00e1rios mineiros \u00e9 menos intensa em fevereiro - FIEMG\",\"isPartOf\":{\"@id\":\"https:\/\/www.fiemg.com.br\/regional-sede\/#website\"},\"primaryImageOfPage\":{\"@id\":\"https:\/\/www.fiemg.com.br\/regional-sede\/noticias\/e-o-que-aponto-o-indice-de-confianca-do-empresario-industrial-de-minas-gerais-icei-mg-produzido-pela-fiemg\/#primaryimage\"},\"image\":{\"@id\":\"https:\/\/www.fiemg.com.br\/regional-sede\/noticias\/e-o-que-aponto-o-indice-de-confianca-do-empresario-industrial-de-minas-gerais-icei-mg-produzido-pela-fiemg\/#primaryimage\"},\"thumbnailUrl\":\"https:\/\/www.fiemg.com.br\/regional-sede\/wp-content\/uploads\/sites\/21\/2024\/02\/ICEI.png\",\"datePublished\":\"2024-02-20T13:06:42+00:00\",\"description\":\"\u00c9 o que aponta o \u00cdndice de Confian\u00e7a do Empres\u00e1rio Industrial de Minas Gerais (ICEI-MG) produzido pela FIEMG\",\"breadcrumb\":{\"@id\":\"https:\/\/www.fiemg.com.br\/regional-sede\/noticias\/e-o-que-aponto-o-indice-de-confianca-do-empresario-industrial-de-minas-gerais-icei-mg-produzido-pela-fiemg\/#breadcrumb\"},\"inLanguage\":\"pt-BR\",\"potentialAction\":[{\"@type\":\"ReadAction\",\"target\":[\"https:\/\/www.fiemg.com.br\/regional-sede\/noticias\/e-o-que-aponto-o-indice-de-confianca-do-empresario-industrial-de-minas-gerais-icei-mg-produzido-pela-fiemg\/\"]}]},{\"@type\":\"ImageObject\",\"inLanguage\":\"pt-BR\",\"@id\":\"https:\/\/www.fiemg.com.br\/regional-sede\/noticias\/e-o-que-aponto-o-indice-de-confianca-do-empresario-industrial-de-minas-gerais-icei-mg-produzido-pela-fiemg\/#primaryimage\",\"url\":\"https:\/\/www.fiemg.com.br\/regional-sede\/wp-content\/uploads\/sites\/21\/2024\/02\/ICEI.png\",\"contentUrl\":\"https:\/\/www.fiemg.com.br\/regional-sede\/wp-content\/uploads\/sites\/21\/2024\/02\/ICEI.png\",\"width\":250,\"height\":200},{\"@type\":\"BreadcrumbList\",\"@id\":\"https:\/\/www.fiemg.com.br\/regional-sede\/noticias\/e-o-que-aponto-o-indice-de-confianca-do-empresario-industrial-de-minas-gerais-icei-mg-produzido-pela-fiemg\/#breadcrumb\",\"itemListElement\":[{\"@type\":\"ListItem\",\"position\":1,\"name\":\"In\u00edcio\",\"item\":\"https:\/\/www.fiemg.com.br\/regional-sede\/\"},{\"@type\":\"ListItem\",\"position\":2,\"name\":\"Confian\u00e7a dos empres\u00e1rios mineiros \u00e9 menos intensa em fevereiro\"}]},{\"@type\":\"WebSite\",\"@id\":\"https:\/\/www.fiemg.com.br\/regional-sede\/#website\",\"url\":\"https:\/\/www.fiemg.com.br\/regional-sede\/\",\"name\":\"FIEMG\",\"description\":\"Federa\u00e7\u00e3o das Ind\u00fastrias do Estado de Minas Gerais\",\"publisher\":{\"@id\":\"https:\/\/www.fiemg.com.br\/regional-sede\/#organization\"},\"potentialAction\":[{\"@type\":\"SearchAction\",\"target\":{\"@type\":\"EntryPoint\",\"urlTemplate\":\"https:\/\/www.fiemg.com.br\/regional-sede\/?s={search_term_string}\"},\"query-input\":{\"@type\":\"PropertyValueSpecification\",\"valueRequired\":true,\"valueName\":\"search_term_string\"}}],\"inLanguage\":\"pt-BR\"},{\"@type\":\"Organization\",\"@id\":\"https:\/\/www.fiemg.com.br\/regional-sede\/#organization\",\"name\":\"FIEMG\",\"url\":\"https:\/\/www.fiemg.com.br\/regional-sede\/\",\"logo\":{\"@type\":\"ImageObject\",\"inLanguage\":\"pt-BR\",\"@id\":\"https:\/\/www.fiemg.com.br\/regional-sede\/#\/schema\/logo\/image\/\",\"url\":\"https:\/\/www.fiemg.com.br\/regional-sede\/wp-content\/uploads\/sites\/21\/2023\/02\/Ativo-1.png\",\"contentUrl\":\"https:\/\/www.fiemg.com.br\/regional-sede\/wp-content\/uploads\/sites\/21\/2023\/02\/Ativo-1.png\",\"width\":563,\"height\":149,\"caption\":\"FIEMG\"},\"image\":{\"@id\":\"https:\/\/www.fiemg.com.br\/regional-sede\/#\/schema\/logo\/image\/\"}}]}<\/script>\n<!-- \/ Yoast SEO plugin. -->","yoast_head_json":{"title":"Confian\u00e7a dos empres\u00e1rios mineiros \u00e9 menos intensa em fevereiro - FIEMG","description":"\u00c9 o que aponta o \u00cdndice de Confian\u00e7a do Empres\u00e1rio Industrial de Minas Gerais (ICEI-MG) produzido pela FIEMG","robots":{"index":"index","follow":"follow","max-snippet":"max-snippet:-1","max-image-preview":"max-image-preview:large","max-video-preview":"max-video-preview:-1"},"canonical":"https:\/\/www.fiemg.com.br\/regional-sede\/noticias\/e-o-que-aponto-o-indice-de-confianca-do-empresario-industrial-de-minas-gerais-icei-mg-produzido-pela-fiemg\/","og_locale":"pt_BR","og_type":"article","og_title":"Confian\u00e7a dos empres\u00e1rios mineiros \u00e9 menos intensa em fevereiro - FIEMG","og_description":"\u00c9 o que aponta o \u00cdndice de Confian\u00e7a do Empres\u00e1rio Industrial de Minas Gerais (ICEI-MG) produzido pela FIEMG","og_url":"https:\/\/www.fiemg.com.br\/regional-sede\/noticias\/e-o-que-aponto-o-indice-de-confianca-do-empresario-industrial-de-minas-gerais-icei-mg-produzido-pela-fiemg\/","og_site_name":"FIEMG","og_image":[{"width":250,"height":200,"url":"https:\/\/www.fiemg.com.br\/regional-sede\/wp-content\/uploads\/sites\/21\/2024\/02\/ICEI.png","type":"image\/png"}],"twitter_card":"summary_large_image","twitter_misc":{"Est. tempo de leitura":"2 minutos"},"schema":{"@context":"https:\/\/schema.org","@graph":[{"@type":"WebPage","@id":"https:\/\/www.fiemg.com.br\/regional-sede\/noticias\/e-o-que-aponto-o-indice-de-confianca-do-empresario-industrial-de-minas-gerais-icei-mg-produzido-pela-fiemg\/","url":"https:\/\/www.fiemg.com.br\/regional-sede\/noticias\/e-o-que-aponto-o-indice-de-confianca-do-empresario-industrial-de-minas-gerais-icei-mg-produzido-pela-fiemg\/","name":"Confian\u00e7a dos empres\u00e1rios mineiros \u00e9 menos intensa em fevereiro - FIEMG","isPartOf":{"@id":"https:\/\/www.fiemg.com.br\/regional-sede\/#website"},"primaryImageOfPage":{"@id":"https:\/\/www.fiemg.com.br\/regional-sede\/noticias\/e-o-que-aponto-o-indice-de-confianca-do-empresario-industrial-de-minas-gerais-icei-mg-produzido-pela-fiemg\/#primaryimage"},"image":{"@id":"https:\/\/www.fiemg.com.br\/regional-sede\/noticias\/e-o-que-aponto-o-indice-de-confianca-do-empresario-industrial-de-minas-gerais-icei-mg-produzido-pela-fiemg\/#primaryimage"},"thumbnailUrl":"https:\/\/www.fiemg.com.br\/regional-sede\/wp-content\/uploads\/sites\/21\/2024\/02\/ICEI.png","datePublished":"2024-02-20T13:06:42+00:00","description":"\u00c9 o que aponta o \u00cdndice de Confian\u00e7a do Empres\u00e1rio Industrial de Minas Gerais (ICEI-MG) produzido pela FIEMG","breadcrumb":{"@id":"https:\/\/www.fiemg.com.br\/regional-sede\/noticias\/e-o-que-aponto-o-indice-de-confianca-do-empresario-industrial-de-minas-gerais-icei-mg-produzido-pela-fiemg\/#breadcrumb"},"inLanguage":"pt-BR","potentialAction":[{"@type":"ReadAction","target":["https:\/\/www.fiemg.com.br\/regional-sede\/noticias\/e-o-que-aponto-o-indice-de-confianca-do-empresario-industrial-de-minas-gerais-icei-mg-produzido-pela-fiemg\/"]}]},{"@type":"ImageObject","inLanguage":"pt-BR","@id":"https:\/\/www.fiemg.com.br\/regional-sede\/noticias\/e-o-que-aponto-o-indice-de-confianca-do-empresario-industrial-de-minas-gerais-icei-mg-produzido-pela-fiemg\/#primaryimage","url":"https:\/\/www.fiemg.com.br\/regional-sede\/wp-content\/uploads\/sites\/21\/2024\/02\/ICEI.png","contentUrl":"https:\/\/www.fiemg.com.br\/regional-sede\/wp-content\/uploads\/sites\/21\/2024\/02\/ICEI.png","width":250,"height":200},{"@type":"BreadcrumbList","@id":"https:\/\/www.fiemg.com.br\/regional-sede\/noticias\/e-o-que-aponto-o-indice-de-confianca-do-empresario-industrial-de-minas-gerais-icei-mg-produzido-pela-fiemg\/#breadcrumb","itemListElement":[{"@type":"ListItem","position":1,"name":"In\u00edcio","item":"https:\/\/www.fiemg.com.br\/regional-sede\/"},{"@type":"ListItem","position":2,"name":"Confian\u00e7a dos empres\u00e1rios mineiros \u00e9 menos intensa em fevereiro"}]},{"@type":"WebSite","@id":"https:\/\/www.fiemg.com.br\/regional-sede\/#website","url":"https:\/\/www.fiemg.com.br\/regional-sede\/","name":"FIEMG","description":"Federa\u00e7\u00e3o das Ind\u00fastrias do Estado de Minas Gerais","publisher":{"@id":"https:\/\/www.fiemg.com.br\/regional-sede\/#organization"},"potentialAction":[{"@type":"SearchAction","target":{"@type":"EntryPoint","urlTemplate":"https:\/\/www.fiemg.com.br\/regional-sede\/?s={search_term_string}"},"query-input":{"@type":"PropertyValueSpecification","valueRequired":true,"valueName":"search_term_string"}}],"inLanguage":"pt-BR"},{"@type":"Organization","@id":"https:\/\/www.fiemg.com.br\/regional-sede\/#organization","name":"FIEMG","url":"https:\/\/www.fiemg.com.br\/regional-sede\/","logo":{"@type":"ImageObject","inLanguage":"pt-BR","@id":"https:\/\/www.fiemg.com.br\/regional-sede\/#\/schema\/logo\/image\/","url":"https:\/\/www.fiemg.com.br\/regional-sede\/wp-content\/uploads\/sites\/21\/2023\/02\/Ativo-1.png","contentUrl":"https:\/\/www.fiemg.com.br\/regional-sede\/wp-content\/uploads\/sites\/21\/2023\/02\/Ativo-1.png","width":563,"height":149,"caption":"FIEMG"},"image":{"@id":"https:\/\/www.fiemg.com.br\/regional-sede\/#\/schema\/logo\/image\/"}}]}},"_links":{"self":[{"href":"https:\/\/www.fiemg.com.br\/regional-sede\/wp-json\/wp\/v2\/noticias\/2582","targetHints":{"allow":["GET"]}}],"collection":[{"href":"https:\/\/www.fiemg.com.br\/regional-sede\/wp-json\/wp\/v2\/noticias"}],"about":[{"href":"https:\/\/www.fiemg.com.br\/regional-sede\/wp-json\/wp\/v2\/types\/noticias"}],"wp:featuredmedia":[{"embeddable":true,"href":"https:\/\/www.fiemg.com.br\/regional-sede\/wp-json\/wp\/v2\/media\/2583"}],"wp:attachment":[{"href":"https:\/\/www.fiemg.com.br\/regional-sede\/wp-json\/wp\/v2\/media?parent=2582"}],"wp:term":[{"taxonomy":"category","embeddable":true,"href":"https:\/\/www.fiemg.com.br\/regional-sede\/wp-json\/wp\/v2\/categories?post=2582"},{"taxonomy":"post_tag","embeddable":true,"href":"https:\/\/www.fiemg.com.br\/regional-sede\/wp-json\/wp\/v2\/tags?post=2582"}],"curies":[{"name":"wp","href":"https:\/\/api.w.org\/{rel}","templated":true}]}}