{"id":2657,"date":"2024-03-08T12:56:49","date_gmt":"2024-03-08T15:56:49","guid":{"rendered":"https:\/\/www.fiemg.com.br\/regional-sede\/noticias\/autoridades-prestigiam-o-lancamento-do-minascon-2\/"},"modified":"2024-03-08T13:20:36","modified_gmt":"2024-03-08T16:20:36","slug":"autoridades-prestigiam-o-lancamento-do-minascon-2","status":"publish","type":"noticias","link":"https:\/\/www.fiemg.com.br\/regional-sede\/noticias\/autoridades-prestigiam-o-lancamento-do-minascon-2\/","title":{"rendered":"Autoridades prestigiam o lan\u00e7amento do Minascon"},"content":{"rendered":"\n<p>Autoridades regionais e municipais, representantes de entidades de classe, presidentes de sindicatos, empres\u00e1rios de diversas \u00e1reas da constru\u00e7\u00e3o civil e imprensa prestigiaram o lan\u00e7amento do Minascon, realizado ontem (07), no audit\u00f3rio da FIEMG Regional Centro-Oeste. Os convidados tiveram a oportunidade de conhecer a estrutura do maior evento da constru\u00e7\u00e3o civil de Minas Gerais.<\/p>\n\n\n\n<p>Em sua 21\u00aa edi\u00e7\u00e3o e pela primeira vez realizado em Divin\u00f3polis, o Minascon acontecer\u00e1 do dia 04 ao dia 06 de julho, no SEST SENAT, um dos parceiros do evento. Com o objetivo de aproximar a cadeia produtiva da constru\u00e7\u00e3o civil, fomentar neg\u00f3cios e promover a capacita\u00e7\u00e3o de gestores e profissionais que atuam nesse segmento da ind\u00fastria mineira, a feira espera receber cerca de 5 mil visitantes nos 3 dias de mostra.<\/p>\n\n\n\n<p>O evento promove oportunidades de neg\u00f3cio na ordem de R$ 3 milh\u00f5es, resultado da parceria entre empresas, entidades, sindicatos e \u00f3rg\u00e3os de fomento que re\u00fanem todos os segmentos da ind\u00fastria da constru\u00e7\u00e3o. Em seu pronunciamento, o Presidente da C\u00e2mara da Ind\u00fastria da Constru\u00e7\u00e3o Civil da FIEMG, Geraldo Linhares, ressaltou a import\u00e2ncia do segmento para a economia, j\u00e1 que tem grande impacto na gera\u00e7\u00e3o de emprego e renda. \u201cN\u00f3s da constru\u00e7\u00e3o civil temos orgulho de dizer que movemos o pa\u00eds\u201d, enfatizou.<\/p>\n\n\n\n<p>Com patroc\u00ednio master do SEBRAE-MG, o Minascon vai oferecer ampla programa\u00e7\u00e3o que envolve mostra de empresas do segmento da constru\u00e7\u00e3o, treinamentos, mini cursos, palestras, workshops, debates e mesas redondas. Para o Gerente Regional Centro-Oeste Sudeste do SENAI-MG, Leonardo Mol o evento re\u00fane toda cadeia da constru\u00e7\u00e3o num ambiente favor\u00e1vel aos neg\u00f3cios. \u201cMinascon \u00e9 um evento que promove inova\u00e7\u00e3o, traz conhecimento, mudan\u00e7as importantes na gest\u00e3o das empresas e promete movimentar todo mercado; teremos num s\u00f3 lugar o futuro da constru\u00e7\u00e3o, promovendo novos neg\u00f3cios\u201d, pontuou.<\/p>\n\n\n\n<p>Envolvendo cerca de 8 segmentos a cadeia da constru\u00e7\u00e3o civil emprega mais de 7 mil trabalhadores na regi\u00e3o Centro-Oeste, sendo mais de 2.500 em Divin\u00f3polis. De acordo com o Presidente do Sindicato da Ind\u00fastria da Constru\u00e7\u00e3o Civil do Centro-Oeste de Minas (SINDUSCON-CO), o setor cumpre um papel relevante na movimenta\u00e7\u00e3o da economia, gerando emprego e renda. \u201cO setor da constru\u00e7\u00e3o civil teve um crescimento significativo nos \u00faltimos anos, muito em fun\u00e7\u00e3o da atua\u00e7\u00e3o do Sindicato. A prova disso \u00e9 a verticaliza\u00e7\u00e3o da cidade de Divin\u00f3polis, o n\u00famero de pr\u00e9dios em obra, o aumento da demanda por novas edifica\u00e7\u00f5es; somos um mercado em pleno desenvolvimento e o Minascon vem para trazer inova\u00e7\u00e3o, conhecimento e novas tecnologias\u201d, defendeu.<\/p>\n\n\n\n<p>O Presidente da FIEMG Regional Centro-Oeste, Eduardo Soares, falou da recente aprova\u00e7\u00e3o, pela C\u00e2mara de Vereadores de Divin\u00f3polis, da nova Lei de Uso e Ocupa\u00e7\u00e3o do Solo e do novo C\u00f3digo de Obras do Munic\u00edpio, leis que sinalizam um avan\u00e7o para o segmento da constru\u00e7\u00e3o civil e desentrave para o desenvolvimento. \u201cO que Divin\u00f3polis tem conseguido, atrav\u00e9s do trabalho conjunto entre Poder P\u00fablico e setor produtivo \u00e9 algo Que deve ser replicado em outros munic\u00edpios; essa uni\u00e3o tem o poder de transformar a realidade. Com a desburocratiza\u00e7\u00e3o do segmento, vamos ganhar celeridade, criar novos empregos, gerar renda e promover o desenvolvimento socioecon\u00f4mico da cidade e regi\u00e3o\u201d, enfatizou o l\u00edder empresarial.<\/p>\n\n\n\n<p>Endossando o discurso do Presidente Regional da FIEMG, a Vice-Prefeita de Divin\u00f3polis, Janete Aparecida, enfatizou a import\u00e2ncia do di\u00e1logo com o setor produtivo e celebrou os avan\u00e7os do Munic\u00edpio. \u201cO munic\u00edpio n\u00e3o pode ser um dificultador, mas um aliado no desenvolvimento\u201d, finalizou.<\/p>\n\n\n\n<p>O Minascon \u00e9 uma realiza\u00e7\u00e3o da Federa\u00e7\u00e3o das Ind\u00fastrias de Minas Gerais (FIEMG), com a iniciativa da C\u00e2mara da Ind\u00fastria da Constru\u00e7\u00e3o e do Sindicatos da Ind\u00fastria da Constru\u00e7\u00e3o Civil (Sinduscon) do Centro-oeste de Minas. Em sua 21\u00aa edi\u00e7\u00e3o, conta com o apoio master do SEBRAE Minas e os patroc\u00ednios do CREA-MG e CODEMGE e apoio da Caixa Econ\u00f4mica Federal e Servi\u00e7o Social do Transporte e Servi\u00e7o Nacional de Aprendizagem do Transporte (Sest Senat).<\/p>\n\n\n\n<p>Empresas interessadas em adquirir estandes para expor produtos e servi\u00e7os, podem procurar o SINDUSCON-CO, pelo telefone (37) 8853-9809.<\/p>\n\n\n\n<p><\/p>\n\n\n\n<figure class=\"wp-block-image size-large\"><img decoding=\"async\" src=\"https:\/\/www.fiemg.com.br\/regional-sede\/wp-content\/uploads\/sites\/21\/2024\/03\/31A6205-1024x683.jpg\" alt=\"\" class=\"wp-image-2655\" \/><\/figure>\n","protected":false},"featured_media":2656,"template":"","categories":[14],"tags":[611,211],"class_list":["post-2657","noticias","type-noticias","status-publish","has-post-thumbnail","hentry","category-noticias","tag-minacon24","tag-minascon"],"acf":[],"yoast_head":"<!-- This site is optimized with the Yoast SEO plugin v26.2 - https:\/\/yoast.com\/wordpress\/plugins\/seo\/ -->\n<title>Autoridades prestigiam o lan\u00e7amento do Minascon - FIEMG<\/title>\n<meta name=\"robots\" content=\"index, follow, max-snippet:-1, max-image-preview:large, max-video-preview:-1\" \/>\n<link rel=\"canonical\" href=\"https:\/\/www.fiemg.com.br\/regional-sede\/noticias\/autoridades-prestigiam-o-lancamento-do-minascon-2\/\" \/>\n<meta property=\"og:locale\" content=\"pt_BR\" \/>\n<meta property=\"og:type\" content=\"article\" \/>\n<meta property=\"og:title\" content=\"Autoridades prestigiam o lan\u00e7amento do Minascon - FIEMG\" \/>\n<meta property=\"og:description\" content=\"Autoridades regionais e municipais, representantes de entidades de classe, presidentes de sindicatos, empres\u00e1rios de diversas \u00e1reas da constru\u00e7\u00e3o civil e imprensa prestigiaram o lan\u00e7amento do Minascon, realizado ontem (07), no audit\u00f3rio da FIEMG Regional Centro-Oeste. Os convidados tiveram a oportunidade de conhecer a estrutura do maior evento da constru\u00e7\u00e3o civil de Minas Gerais. Em sua [&hellip;]\" \/>\n<meta property=\"og:url\" content=\"https:\/\/www.fiemg.com.br\/regional-sede\/noticias\/autoridades-prestigiam-o-lancamento-do-minascon-2\/\" \/>\n<meta property=\"og:site_name\" content=\"FIEMG\" \/>\n<meta property=\"article:modified_time\" content=\"2024-03-08T16:20:36+00:00\" \/>\n<meta property=\"og:image\" content=\"https:\/\/www.fiemg.com.br\/regional-sede\/wp-content\/uploads\/sites\/21\/2024\/03\/31A6240-scaled-e1709913297894.jpg\" \/>\n\t<meta property=\"og:image:width\" content=\"1706\" \/>\n\t<meta property=\"og:image:height\" content=\"1706\" \/>\n\t<meta property=\"og:image:type\" content=\"image\/jpeg\" \/>\n<meta name=\"twitter:card\" content=\"summary_large_image\" \/>\n<meta name=\"twitter:label1\" content=\"Est. tempo de leitura\" \/>\n\t<meta name=\"twitter:data1\" content=\"4 minutos\" \/>\n<script type=\"application\/ld+json\" class=\"yoast-schema-graph\">{\"@context\":\"https:\/\/schema.org\",\"@graph\":[{\"@type\":\"WebPage\",\"@id\":\"https:\/\/www.fiemg.com.br\/regional-sede\/noticias\/autoridades-prestigiam-o-lancamento-do-minascon-2\/\",\"url\":\"https:\/\/www.fiemg.com.br\/regional-sede\/noticias\/autoridades-prestigiam-o-lancamento-do-minascon-2\/\",\"name\":\"Autoridades prestigiam o lan\u00e7amento do Minascon - FIEMG\",\"isPartOf\":{\"@id\":\"https:\/\/www.fiemg.com.br\/regional-sede\/#website\"},\"primaryImageOfPage\":{\"@id\":\"https:\/\/www.fiemg.com.br\/regional-sede\/noticias\/autoridades-prestigiam-o-lancamento-do-minascon-2\/#primaryimage\"},\"image\":{\"@id\":\"https:\/\/www.fiemg.com.br\/regional-sede\/noticias\/autoridades-prestigiam-o-lancamento-do-minascon-2\/#primaryimage\"},\"thumbnailUrl\":\"https:\/\/www.fiemg.com.br\/regional-sede\/wp-content\/uploads\/sites\/21\/2024\/03\/31A6240-scaled-e1709913297894.jpg\",\"datePublished\":\"2024-03-08T15:56:49+00:00\",\"dateModified\":\"2024-03-08T16:20:36+00:00\",\"breadcrumb\":{\"@id\":\"https:\/\/www.fiemg.com.br\/regional-sede\/noticias\/autoridades-prestigiam-o-lancamento-do-minascon-2\/#breadcrumb\"},\"inLanguage\":\"pt-BR\",\"potentialAction\":[{\"@type\":\"ReadAction\",\"target\":[\"https:\/\/www.fiemg.com.br\/regional-sede\/noticias\/autoridades-prestigiam-o-lancamento-do-minascon-2\/\"]}]},{\"@type\":\"ImageObject\",\"inLanguage\":\"pt-BR\",\"@id\":\"https:\/\/www.fiemg.com.br\/regional-sede\/noticias\/autoridades-prestigiam-o-lancamento-do-minascon-2\/#primaryimage\",\"url\":\"https:\/\/www.fiemg.com.br\/regional-sede\/wp-content\/uploads\/sites\/21\/2024\/03\/31A6240-scaled-e1709913297894.jpg\",\"contentUrl\":\"https:\/\/www.fiemg.com.br\/regional-sede\/wp-content\/uploads\/sites\/21\/2024\/03\/31A6240-scaled-e1709913297894.jpg\",\"width\":1706,\"height\":1706},{\"@type\":\"BreadcrumbList\",\"@id\":\"https:\/\/www.fiemg.com.br\/regional-sede\/noticias\/autoridades-prestigiam-o-lancamento-do-minascon-2\/#breadcrumb\",\"itemListElement\":[{\"@type\":\"ListItem\",\"position\":1,\"name\":\"In\u00edcio\",\"item\":\"https:\/\/www.fiemg.com.br\/regional-sede\/\"},{\"@type\":\"ListItem\",\"position\":2,\"name\":\"Autoridades prestigiam o lan\u00e7amento do Minascon\"}]},{\"@type\":\"WebSite\",\"@id\":\"https:\/\/www.fiemg.com.br\/regional-sede\/#website\",\"url\":\"https:\/\/www.fiemg.com.br\/regional-sede\/\",\"name\":\"FIEMG\",\"description\":\"Federa\u00e7\u00e3o das Ind\u00fastrias do Estado de Minas Gerais\",\"publisher\":{\"@id\":\"https:\/\/www.fiemg.com.br\/regional-sede\/#organization\"},\"potentialAction\":[{\"@type\":\"SearchAction\",\"target\":{\"@type\":\"EntryPoint\",\"urlTemplate\":\"https:\/\/www.fiemg.com.br\/regional-sede\/?s={search_term_string}\"},\"query-input\":{\"@type\":\"PropertyValueSpecification\",\"valueRequired\":true,\"valueName\":\"search_term_string\"}}],\"inLanguage\":\"pt-BR\"},{\"@type\":\"Organization\",\"@id\":\"https:\/\/www.fiemg.com.br\/regional-sede\/#organization\",\"name\":\"FIEMG\",\"url\":\"https:\/\/www.fiemg.com.br\/regional-sede\/\",\"logo\":{\"@type\":\"ImageObject\",\"inLanguage\":\"pt-BR\",\"@id\":\"https:\/\/www.fiemg.com.br\/regional-sede\/#\/schema\/logo\/image\/\",\"url\":\"https:\/\/www.fiemg.com.br\/regional-sede\/wp-content\/uploads\/sites\/21\/2023\/02\/Ativo-1.png\",\"contentUrl\":\"https:\/\/www.fiemg.com.br\/regional-sede\/wp-content\/uploads\/sites\/21\/2023\/02\/Ativo-1.png\",\"width\":563,\"height\":149,\"caption\":\"FIEMG\"},\"image\":{\"@id\":\"https:\/\/www.fiemg.com.br\/regional-sede\/#\/schema\/logo\/image\/\"}}]}<\/script>\n<!-- \/ Yoast SEO plugin. -->","yoast_head_json":{"title":"Autoridades prestigiam o lan\u00e7amento do Minascon - FIEMG","robots":{"index":"index","follow":"follow","max-snippet":"max-snippet:-1","max-image-preview":"max-image-preview:large","max-video-preview":"max-video-preview:-1"},"canonical":"https:\/\/www.fiemg.com.br\/regional-sede\/noticias\/autoridades-prestigiam-o-lancamento-do-minascon-2\/","og_locale":"pt_BR","og_type":"article","og_title":"Autoridades prestigiam o lan\u00e7amento do Minascon - FIEMG","og_description":"Autoridades regionais e municipais, representantes de entidades de classe, presidentes de sindicatos, empres\u00e1rios de diversas \u00e1reas da constru\u00e7\u00e3o civil e imprensa prestigiaram o lan\u00e7amento do Minascon, realizado ontem (07), no audit\u00f3rio da FIEMG Regional Centro-Oeste. Os convidados tiveram a oportunidade de conhecer a estrutura do maior evento da constru\u00e7\u00e3o civil de Minas Gerais. Em sua [&hellip;]","og_url":"https:\/\/www.fiemg.com.br\/regional-sede\/noticias\/autoridades-prestigiam-o-lancamento-do-minascon-2\/","og_site_name":"FIEMG","article_modified_time":"2024-03-08T16:20:36+00:00","og_image":[{"width":1706,"height":1706,"url":"https:\/\/www.fiemg.com.br\/regional-sede\/wp-content\/uploads\/sites\/21\/2024\/03\/31A6240-scaled-e1709913297894.jpg","type":"image\/jpeg"}],"twitter_card":"summary_large_image","twitter_misc":{"Est. tempo de leitura":"4 minutos"},"schema":{"@context":"https:\/\/schema.org","@graph":[{"@type":"WebPage","@id":"https:\/\/www.fiemg.com.br\/regional-sede\/noticias\/autoridades-prestigiam-o-lancamento-do-minascon-2\/","url":"https:\/\/www.fiemg.com.br\/regional-sede\/noticias\/autoridades-prestigiam-o-lancamento-do-minascon-2\/","name":"Autoridades prestigiam o lan\u00e7amento do Minascon - FIEMG","isPartOf":{"@id":"https:\/\/www.fiemg.com.br\/regional-sede\/#website"},"primaryImageOfPage":{"@id":"https:\/\/www.fiemg.com.br\/regional-sede\/noticias\/autoridades-prestigiam-o-lancamento-do-minascon-2\/#primaryimage"},"image":{"@id":"https:\/\/www.fiemg.com.br\/regional-sede\/noticias\/autoridades-prestigiam-o-lancamento-do-minascon-2\/#primaryimage"},"thumbnailUrl":"https:\/\/www.fiemg.com.br\/regional-sede\/wp-content\/uploads\/sites\/21\/2024\/03\/31A6240-scaled-e1709913297894.jpg","datePublished":"2024-03-08T15:56:49+00:00","dateModified":"2024-03-08T16:20:36+00:00","breadcrumb":{"@id":"https:\/\/www.fiemg.com.br\/regional-sede\/noticias\/autoridades-prestigiam-o-lancamento-do-minascon-2\/#breadcrumb"},"inLanguage":"pt-BR","potentialAction":[{"@type":"ReadAction","target":["https:\/\/www.fiemg.com.br\/regional-sede\/noticias\/autoridades-prestigiam-o-lancamento-do-minascon-2\/"]}]},{"@type":"ImageObject","inLanguage":"pt-BR","@id":"https:\/\/www.fiemg.com.br\/regional-sede\/noticias\/autoridades-prestigiam-o-lancamento-do-minascon-2\/#primaryimage","url":"https:\/\/www.fiemg.com.br\/regional-sede\/wp-content\/uploads\/sites\/21\/2024\/03\/31A6240-scaled-e1709913297894.jpg","contentUrl":"https:\/\/www.fiemg.com.br\/regional-sede\/wp-content\/uploads\/sites\/21\/2024\/03\/31A6240-scaled-e1709913297894.jpg","width":1706,"height":1706},{"@type":"BreadcrumbList","@id":"https:\/\/www.fiemg.com.br\/regional-sede\/noticias\/autoridades-prestigiam-o-lancamento-do-minascon-2\/#breadcrumb","itemListElement":[{"@type":"ListItem","position":1,"name":"In\u00edcio","item":"https:\/\/www.fiemg.com.br\/regional-sede\/"},{"@type":"ListItem","position":2,"name":"Autoridades prestigiam o lan\u00e7amento do Minascon"}]},{"@type":"WebSite","@id":"https:\/\/www.fiemg.com.br\/regional-sede\/#website","url":"https:\/\/www.fiemg.com.br\/regional-sede\/","name":"FIEMG","description":"Federa\u00e7\u00e3o das Ind\u00fastrias do Estado de Minas Gerais","publisher":{"@id":"https:\/\/www.fiemg.com.br\/regional-sede\/#organization"},"potentialAction":[{"@type":"SearchAction","target":{"@type":"EntryPoint","urlTemplate":"https:\/\/www.fiemg.com.br\/regional-sede\/?s={search_term_string}"},"query-input":{"@type":"PropertyValueSpecification","valueRequired":true,"valueName":"search_term_string"}}],"inLanguage":"pt-BR"},{"@type":"Organization","@id":"https:\/\/www.fiemg.com.br\/regional-sede\/#organization","name":"FIEMG","url":"https:\/\/www.fiemg.com.br\/regional-sede\/","logo":{"@type":"ImageObject","inLanguage":"pt-BR","@id":"https:\/\/www.fiemg.com.br\/regional-sede\/#\/schema\/logo\/image\/","url":"https:\/\/www.fiemg.com.br\/regional-sede\/wp-content\/uploads\/sites\/21\/2023\/02\/Ativo-1.png","contentUrl":"https:\/\/www.fiemg.com.br\/regional-sede\/wp-content\/uploads\/sites\/21\/2023\/02\/Ativo-1.png","width":563,"height":149,"caption":"FIEMG"},"image":{"@id":"https:\/\/www.fiemg.com.br\/regional-sede\/#\/schema\/logo\/image\/"}}]}},"_links":{"self":[{"href":"https:\/\/www.fiemg.com.br\/regional-sede\/wp-json\/wp\/v2\/noticias\/2657","targetHints":{"allow":["GET"]}}],"collection":[{"href":"https:\/\/www.fiemg.com.br\/regional-sede\/wp-json\/wp\/v2\/noticias"}],"about":[{"href":"https:\/\/www.fiemg.com.br\/regional-sede\/wp-json\/wp\/v2\/types\/noticias"}],"wp:featuredmedia":[{"embeddable":true,"href":"https:\/\/www.fiemg.com.br\/regional-sede\/wp-json\/wp\/v2\/media\/2656"}],"wp:attachment":[{"href":"https:\/\/www.fiemg.com.br\/regional-sede\/wp-json\/wp\/v2\/media?parent=2657"}],"wp:term":[{"taxonomy":"category","embeddable":true,"href":"https:\/\/www.fiemg.com.br\/regional-sede\/wp-json\/wp\/v2\/categories?post=2657"},{"taxonomy":"post_tag","embeddable":true,"href":"https:\/\/www.fiemg.com.br\/regional-sede\/wp-json\/wp\/v2\/tags?post=2657"}],"curies":[{"name":"wp","href":"https:\/\/api.w.org\/{rel}","templated":true}]}}