{"id":2727,"date":"2024-03-19T11:36:00","date_gmt":"2024-03-19T14:36:00","guid":{"rendered":"https:\/\/www.fiemg.com.br\/regional-sede\/noticias\/alvo-de-uma-queixa-crime-da-federacao-felipe-gomes-retirou-acusacoes-infundadas-contra-a-entidade\/"},"modified":"2024-03-20T12:21:31","modified_gmt":"2024-03-20T15:21:31","slug":"alvo-de-uma-queixa-crime-da-federacao-felipe-gomes-retirou-acusacoes-infundadas-contra-a-entidade","status":"publish","type":"noticias","link":"https:\/\/www.fiemg.com.br\/regional-sede\/noticias\/alvo-de-uma-queixa-crime-da-federacao-felipe-gomes-retirou-acusacoes-infundadas-contra-a-entidade\/","title":{"rendered":"Engenheiro ambiental se retrata de ataques \u00e0 FIEMG em reuni\u00e3o do Copam"},"content":{"rendered":"\n<p>O engenheiro ambiental <strong>Felipe Correia de Souza Pereira Gomes<\/strong> se retratou judicialmente nessa ter\u00e7a-feira (19\/03) das acusa\u00e7\u00f5es infundadas \u00e0 FIEMG proferidas durante a 81\u00aa reuni\u00e3o ordin\u00e1ria da C\u00e2mara de Prote\u00e7\u00e3o \u00e0 Biodiversidade e de \u00c1reas Protegidas do Conselho Estadual de Pol\u00edtica Ambiental (CPB\/Copam), realizada em 8 de fevereiro de 2023. Na ocasi\u00e3o, entre outras manifesta\u00e7\u00f5es, Gomes disse sem embasamento que o Copam se tornou o \u201cConselho Estadual de Pol\u00edtica de Apoio \u00e0 Mineir\u00e3o\u201d em fun\u00e7\u00e3o do que ele classificou de \u201cconstantes, frequentes e imorais ataques da FIEMG \u00e0 pol\u00edtica ambiental do estado de Minas Gerais\u201d.<strong><\/strong><\/p>\n\n\n\n<p>Felipe Gomes afirmou, durante reuni\u00e3o do Copom desta ter\u00e7a-feira (19\/03), que, \u201ccom base em audi\u00eancia de concilia\u00e7\u00e3o, venho nesta oportunidade admitir ter proferido express\u00f5es na 81\u00aa reuni\u00e3o ordin\u00e1ria da CPB. Segunda Sess\u00e3o do Conselho Estadual de Pol\u00edtica Ambiental, realizada em 8 de fevereiro de 2023, que, embora sem intuito de ofender a FIEMG e relatando informa\u00e7\u00f5es p\u00fablicas, por\u00e9m que podem ser interpretadas com car\u00e1ter difamat\u00f3rio, citadas na queixa-crime em detrimento da pessoa jur\u00eddica da FIEMG, por\u00e9m, de forma irrestrita, cabal, plena e inequ\u00edvoca, neste ato me retrato e retiro tudo que tenha dito de forma a declarar publicamente perante os presentes nessa reuni\u00e3o que n\u00e3o tenho conhecimento de que est\u00e3o ocorrendo crimes dentro da Semad a mando da FIEMG\u201d.<\/p>\n\n\n\n<p>Em julho do ano passado, a FIEMG acionou Felipe Gomes na Justi\u00e7a e apresentou uma queixa-crime contra o engenheiro ambiental. No \u00e2mbito do processo criminal, Gomes se comprometeu perante o ju\u00edzo em uma audi\u00eancia de concilia\u00e7\u00e3o a se retratar dos ataques \u00e0 Federa\u00e7\u00e3o.<\/p>\n\n\n\n<p>A C\u00e2mara de Prote\u00e7\u00e3o \u00e0 Biodiversidade e de \u00c1reas Protegidas do Conselho Estadual de Pol\u00edtica Ambiental (CPB\/COPAM) analisa e decide sobre diversos temas, como a aprova\u00e7\u00e3o de compensa\u00e7\u00f5es ambientais e planos de manejo de unidades de conserva\u00e7\u00e3o.<\/p>\n\n\n\n<figure class=\"wp-block-embed is-type-video is-provider-youtube wp-block-embed-youtube wp-embed-aspect-16-9 wp-has-aspect-ratio\"><div class=\"wp-block-embed__wrapper\">\n<iframe title=\"Retrata\u00e7\u00e3o em reuni\u00e3o do COPAM\" width=\"800\" height=\"450\" src=\"https:\/\/www.youtube.com\/embed\/wkmjRwFzTRg?feature=oembed\" frameborder=\"0\" allow=\"accelerometer; autoplay; clipboard-write; encrypted-media; gyroscope; picture-in-picture; web-share\" allowfullscreen><\/iframe>\n<\/div><\/figure>\n","protected":false},"featured_media":1567,"template":"","categories":[641],"tags":[],"class_list":["post-2727","noticias","type-noticias","status-publish","has-post-thumbnail","hentry","category-meio-ambiente"],"acf":[],"yoast_head":"<!-- This site is optimized with the Yoast SEO plugin v26.2 - https:\/\/yoast.com\/wordpress\/plugins\/seo\/ -->\n<title>Engenheiro ambiental se retrata de ataques \u00e0 FIEMG em reuni\u00e3o do Copam - FIEMG<\/title>\n<meta name=\"description\" content=\"Alvo de uma queixa-crime da Federa\u00e7\u00e3o, Felipe Gomes retirou acusa\u00e7\u00f5es infundadas contra a entidade\" \/>\n<meta name=\"robots\" content=\"index, follow, max-snippet:-1, max-image-preview:large, max-video-preview:-1\" \/>\n<link rel=\"canonical\" href=\"https:\/\/www.fiemg.com.br\/regional-sede\/noticias\/alvo-de-uma-queixa-crime-da-federacao-felipe-gomes-retirou-acusacoes-infundadas-contra-a-entidade\/\" \/>\n<meta property=\"og:locale\" content=\"pt_BR\" \/>\n<meta property=\"og:type\" content=\"article\" \/>\n<meta property=\"og:title\" content=\"Engenheiro ambiental se retrata de ataques \u00e0 FIEMG em reuni\u00e3o do Copam - FIEMG\" \/>\n<meta property=\"og:description\" content=\"Alvo de uma queixa-crime da Federa\u00e7\u00e3o, Felipe Gomes retirou acusa\u00e7\u00f5es infundadas contra a entidade\" \/>\n<meta property=\"og:url\" content=\"https:\/\/www.fiemg.com.br\/regional-sede\/noticias\/alvo-de-uma-queixa-crime-da-federacao-felipe-gomes-retirou-acusacoes-infundadas-contra-a-entidade\/\" \/>\n<meta property=\"og:site_name\" content=\"FIEMG\" \/>\n<meta property=\"article:modified_time\" content=\"2024-03-20T15:21:31+00:00\" \/>\n<meta property=\"og:image\" content=\"https:\/\/www.fiemg.com.br\/regional-sede\/wp-content\/uploads\/sites\/21\/2023\/08\/default.png\" \/>\n\t<meta property=\"og:image:width\" content=\"300\" \/>\n\t<meta property=\"og:image:height\" content=\"300\" \/>\n\t<meta property=\"og:image:type\" content=\"image\/png\" \/>\n<meta name=\"twitter:card\" content=\"summary_large_image\" \/>\n<meta name=\"twitter:label1\" content=\"Est. tempo de leitura\" \/>\n\t<meta name=\"twitter:data1\" content=\"2 minutos\" \/>\n<script type=\"application\/ld+json\" class=\"yoast-schema-graph\">{\"@context\":\"https:\/\/schema.org\",\"@graph\":[{\"@type\":\"WebPage\",\"@id\":\"https:\/\/www.fiemg.com.br\/regional-sede\/noticias\/alvo-de-uma-queixa-crime-da-federacao-felipe-gomes-retirou-acusacoes-infundadas-contra-a-entidade\/\",\"url\":\"https:\/\/www.fiemg.com.br\/regional-sede\/noticias\/alvo-de-uma-queixa-crime-da-federacao-felipe-gomes-retirou-acusacoes-infundadas-contra-a-entidade\/\",\"name\":\"Engenheiro ambiental se retrata de ataques \u00e0 FIEMG em reuni\u00e3o do Copam - FIEMG\",\"isPartOf\":{\"@id\":\"https:\/\/www.fiemg.com.br\/regional-sede\/#website\"},\"primaryImageOfPage\":{\"@id\":\"https:\/\/www.fiemg.com.br\/regional-sede\/noticias\/alvo-de-uma-queixa-crime-da-federacao-felipe-gomes-retirou-acusacoes-infundadas-contra-a-entidade\/#primaryimage\"},\"image\":{\"@id\":\"https:\/\/www.fiemg.com.br\/regional-sede\/noticias\/alvo-de-uma-queixa-crime-da-federacao-felipe-gomes-retirou-acusacoes-infundadas-contra-a-entidade\/#primaryimage\"},\"thumbnailUrl\":\"https:\/\/www.fiemg.com.br\/regional-sede\/wp-content\/uploads\/sites\/21\/2023\/08\/default.png\",\"datePublished\":\"2024-03-19T14:36:00+00:00\",\"dateModified\":\"2024-03-20T15:21:31+00:00\",\"description\":\"Alvo de uma queixa-crime da Federa\u00e7\u00e3o, Felipe Gomes retirou acusa\u00e7\u00f5es infundadas contra a entidade\",\"breadcrumb\":{\"@id\":\"https:\/\/www.fiemg.com.br\/regional-sede\/noticias\/alvo-de-uma-queixa-crime-da-federacao-felipe-gomes-retirou-acusacoes-infundadas-contra-a-entidade\/#breadcrumb\"},\"inLanguage\":\"pt-BR\",\"potentialAction\":[{\"@type\":\"ReadAction\",\"target\":[\"https:\/\/www.fiemg.com.br\/regional-sede\/noticias\/alvo-de-uma-queixa-crime-da-federacao-felipe-gomes-retirou-acusacoes-infundadas-contra-a-entidade\/\"]}]},{\"@type\":\"ImageObject\",\"inLanguage\":\"pt-BR\",\"@id\":\"https:\/\/www.fiemg.com.br\/regional-sede\/noticias\/alvo-de-uma-queixa-crime-da-federacao-felipe-gomes-retirou-acusacoes-infundadas-contra-a-entidade\/#primaryimage\",\"url\":\"https:\/\/www.fiemg.com.br\/regional-sede\/wp-content\/uploads\/sites\/21\/2023\/08\/default.png\",\"contentUrl\":\"https:\/\/www.fiemg.com.br\/regional-sede\/wp-content\/uploads\/sites\/21\/2023\/08\/default.png\",\"width\":300,\"height\":300},{\"@type\":\"BreadcrumbList\",\"@id\":\"https:\/\/www.fiemg.com.br\/regional-sede\/noticias\/alvo-de-uma-queixa-crime-da-federacao-felipe-gomes-retirou-acusacoes-infundadas-contra-a-entidade\/#breadcrumb\",\"itemListElement\":[{\"@type\":\"ListItem\",\"position\":1,\"name\":\"In\u00edcio\",\"item\":\"https:\/\/www.fiemg.com.br\/regional-sede\/\"},{\"@type\":\"ListItem\",\"position\":2,\"name\":\"Engenheiro ambiental se retrata de ataques \u00e0 FIEMG em reuni\u00e3o do Copam\"}]},{\"@type\":\"WebSite\",\"@id\":\"https:\/\/www.fiemg.com.br\/regional-sede\/#website\",\"url\":\"https:\/\/www.fiemg.com.br\/regional-sede\/\",\"name\":\"FIEMG\",\"description\":\"Federa\u00e7\u00e3o das Ind\u00fastrias do Estado de Minas Gerais\",\"publisher\":{\"@id\":\"https:\/\/www.fiemg.com.br\/regional-sede\/#organization\"},\"potentialAction\":[{\"@type\":\"SearchAction\",\"target\":{\"@type\":\"EntryPoint\",\"urlTemplate\":\"https:\/\/www.fiemg.com.br\/regional-sede\/?s={search_term_string}\"},\"query-input\":{\"@type\":\"PropertyValueSpecification\",\"valueRequired\":true,\"valueName\":\"search_term_string\"}}],\"inLanguage\":\"pt-BR\"},{\"@type\":\"Organization\",\"@id\":\"https:\/\/www.fiemg.com.br\/regional-sede\/#organization\",\"name\":\"FIEMG\",\"url\":\"https:\/\/www.fiemg.com.br\/regional-sede\/\",\"logo\":{\"@type\":\"ImageObject\",\"inLanguage\":\"pt-BR\",\"@id\":\"https:\/\/www.fiemg.com.br\/regional-sede\/#\/schema\/logo\/image\/\",\"url\":\"https:\/\/www.fiemg.com.br\/regional-sede\/wp-content\/uploads\/sites\/21\/2023\/02\/Ativo-1.png\",\"contentUrl\":\"https:\/\/www.fiemg.com.br\/regional-sede\/wp-content\/uploads\/sites\/21\/2023\/02\/Ativo-1.png\",\"width\":563,\"height\":149,\"caption\":\"FIEMG\"},\"image\":{\"@id\":\"https:\/\/www.fiemg.com.br\/regional-sede\/#\/schema\/logo\/image\/\"}}]}<\/script>\n<!-- \/ Yoast SEO plugin. -->","yoast_head_json":{"title":"Engenheiro ambiental se retrata de ataques \u00e0 FIEMG em reuni\u00e3o do Copam - FIEMG","description":"Alvo de uma queixa-crime da Federa\u00e7\u00e3o, Felipe Gomes retirou acusa\u00e7\u00f5es infundadas contra a entidade","robots":{"index":"index","follow":"follow","max-snippet":"max-snippet:-1","max-image-preview":"max-image-preview:large","max-video-preview":"max-video-preview:-1"},"canonical":"https:\/\/www.fiemg.com.br\/regional-sede\/noticias\/alvo-de-uma-queixa-crime-da-federacao-felipe-gomes-retirou-acusacoes-infundadas-contra-a-entidade\/","og_locale":"pt_BR","og_type":"article","og_title":"Engenheiro ambiental se retrata de ataques \u00e0 FIEMG em reuni\u00e3o do Copam - FIEMG","og_description":"Alvo de uma queixa-crime da Federa\u00e7\u00e3o, Felipe Gomes retirou acusa\u00e7\u00f5es infundadas contra a entidade","og_url":"https:\/\/www.fiemg.com.br\/regional-sede\/noticias\/alvo-de-uma-queixa-crime-da-federacao-felipe-gomes-retirou-acusacoes-infundadas-contra-a-entidade\/","og_site_name":"FIEMG","article_modified_time":"2024-03-20T15:21:31+00:00","og_image":[{"width":300,"height":300,"url":"https:\/\/www.fiemg.com.br\/regional-sede\/wp-content\/uploads\/sites\/21\/2023\/08\/default.png","type":"image\/png"}],"twitter_card":"summary_large_image","twitter_misc":{"Est. tempo de leitura":"2 minutos"},"schema":{"@context":"https:\/\/schema.org","@graph":[{"@type":"WebPage","@id":"https:\/\/www.fiemg.com.br\/regional-sede\/noticias\/alvo-de-uma-queixa-crime-da-federacao-felipe-gomes-retirou-acusacoes-infundadas-contra-a-entidade\/","url":"https:\/\/www.fiemg.com.br\/regional-sede\/noticias\/alvo-de-uma-queixa-crime-da-federacao-felipe-gomes-retirou-acusacoes-infundadas-contra-a-entidade\/","name":"Engenheiro ambiental se retrata de ataques \u00e0 FIEMG em reuni\u00e3o do Copam - FIEMG","isPartOf":{"@id":"https:\/\/www.fiemg.com.br\/regional-sede\/#website"},"primaryImageOfPage":{"@id":"https:\/\/www.fiemg.com.br\/regional-sede\/noticias\/alvo-de-uma-queixa-crime-da-federacao-felipe-gomes-retirou-acusacoes-infundadas-contra-a-entidade\/#primaryimage"},"image":{"@id":"https:\/\/www.fiemg.com.br\/regional-sede\/noticias\/alvo-de-uma-queixa-crime-da-federacao-felipe-gomes-retirou-acusacoes-infundadas-contra-a-entidade\/#primaryimage"},"thumbnailUrl":"https:\/\/www.fiemg.com.br\/regional-sede\/wp-content\/uploads\/sites\/21\/2023\/08\/default.png","datePublished":"2024-03-19T14:36:00+00:00","dateModified":"2024-03-20T15:21:31+00:00","description":"Alvo de uma queixa-crime da Federa\u00e7\u00e3o, Felipe Gomes retirou acusa\u00e7\u00f5es infundadas contra a entidade","breadcrumb":{"@id":"https:\/\/www.fiemg.com.br\/regional-sede\/noticias\/alvo-de-uma-queixa-crime-da-federacao-felipe-gomes-retirou-acusacoes-infundadas-contra-a-entidade\/#breadcrumb"},"inLanguage":"pt-BR","potentialAction":[{"@type":"ReadAction","target":["https:\/\/www.fiemg.com.br\/regional-sede\/noticias\/alvo-de-uma-queixa-crime-da-federacao-felipe-gomes-retirou-acusacoes-infundadas-contra-a-entidade\/"]}]},{"@type":"ImageObject","inLanguage":"pt-BR","@id":"https:\/\/www.fiemg.com.br\/regional-sede\/noticias\/alvo-de-uma-queixa-crime-da-federacao-felipe-gomes-retirou-acusacoes-infundadas-contra-a-entidade\/#primaryimage","url":"https:\/\/www.fiemg.com.br\/regional-sede\/wp-content\/uploads\/sites\/21\/2023\/08\/default.png","contentUrl":"https:\/\/www.fiemg.com.br\/regional-sede\/wp-content\/uploads\/sites\/21\/2023\/08\/default.png","width":300,"height":300},{"@type":"BreadcrumbList","@id":"https:\/\/www.fiemg.com.br\/regional-sede\/noticias\/alvo-de-uma-queixa-crime-da-federacao-felipe-gomes-retirou-acusacoes-infundadas-contra-a-entidade\/#breadcrumb","itemListElement":[{"@type":"ListItem","position":1,"name":"In\u00edcio","item":"https:\/\/www.fiemg.com.br\/regional-sede\/"},{"@type":"ListItem","position":2,"name":"Engenheiro ambiental se retrata de ataques \u00e0 FIEMG em reuni\u00e3o do Copam"}]},{"@type":"WebSite","@id":"https:\/\/www.fiemg.com.br\/regional-sede\/#website","url":"https:\/\/www.fiemg.com.br\/regional-sede\/","name":"FIEMG","description":"Federa\u00e7\u00e3o das Ind\u00fastrias do Estado de Minas Gerais","publisher":{"@id":"https:\/\/www.fiemg.com.br\/regional-sede\/#organization"},"potentialAction":[{"@type":"SearchAction","target":{"@type":"EntryPoint","urlTemplate":"https:\/\/www.fiemg.com.br\/regional-sede\/?s={search_term_string}"},"query-input":{"@type":"PropertyValueSpecification","valueRequired":true,"valueName":"search_term_string"}}],"inLanguage":"pt-BR"},{"@type":"Organization","@id":"https:\/\/www.fiemg.com.br\/regional-sede\/#organization","name":"FIEMG","url":"https:\/\/www.fiemg.com.br\/regional-sede\/","logo":{"@type":"ImageObject","inLanguage":"pt-BR","@id":"https:\/\/www.fiemg.com.br\/regional-sede\/#\/schema\/logo\/image\/","url":"https:\/\/www.fiemg.com.br\/regional-sede\/wp-content\/uploads\/sites\/21\/2023\/02\/Ativo-1.png","contentUrl":"https:\/\/www.fiemg.com.br\/regional-sede\/wp-content\/uploads\/sites\/21\/2023\/02\/Ativo-1.png","width":563,"height":149,"caption":"FIEMG"},"image":{"@id":"https:\/\/www.fiemg.com.br\/regional-sede\/#\/schema\/logo\/image\/"}}]}},"_links":{"self":[{"href":"https:\/\/www.fiemg.com.br\/regional-sede\/wp-json\/wp\/v2\/noticias\/2727","targetHints":{"allow":["GET"]}}],"collection":[{"href":"https:\/\/www.fiemg.com.br\/regional-sede\/wp-json\/wp\/v2\/noticias"}],"about":[{"href":"https:\/\/www.fiemg.com.br\/regional-sede\/wp-json\/wp\/v2\/types\/noticias"}],"wp:featuredmedia":[{"embeddable":true,"href":"https:\/\/www.fiemg.com.br\/regional-sede\/wp-json\/wp\/v2\/media\/1567"}],"wp:attachment":[{"href":"https:\/\/www.fiemg.com.br\/regional-sede\/wp-json\/wp\/v2\/media?parent=2727"}],"wp:term":[{"taxonomy":"category","embeddable":true,"href":"https:\/\/www.fiemg.com.br\/regional-sede\/wp-json\/wp\/v2\/categories?post=2727"},{"taxonomy":"post_tag","embeddable":true,"href":"https:\/\/www.fiemg.com.br\/regional-sede\/wp-json\/wp\/v2\/tags?post=2727"}],"curies":[{"name":"wp","href":"https:\/\/api.w.org\/{rel}","templated":true}]}}