{"id":2758,"date":"2024-03-22T17:37:22","date_gmt":"2024-03-22T20:37:22","guid":{"rendered":"https:\/\/www.fiemg.com.br\/regional-sede\/noticias\/conselho-de-tecnologia-e-inovacao-debate-cenario-da-industria-no-pais\/"},"modified":"2024-03-22T17:37:24","modified_gmt":"2024-03-22T20:37:24","slug":"conselho-de-tecnologia-e-inovacao-debate-cenario-da-industria-no-pais","status":"publish","type":"noticias","link":"https:\/\/www.fiemg.com.br\/regional-sede\/noticias\/conselho-de-tecnologia-e-inovacao-debate-cenario-da-industria-no-pais\/","title":{"rendered":"Conselho de Tecnologia e Inova\u00e7\u00e3o debate cen\u00e1rio da ind\u00fastria no pa\u00eds"},"content":{"rendered":"\n<p><\/p>\n\n\n\n<p>O Conselho de Tecnologia e Inova\u00e7\u00e3o da Ind\u00fastria da FIEMG realizou na \u00faltima quinta-feira (21\/3) a primeira reuni\u00e3o do ano. Agora, sob a presid\u00eancia de Matheus Pedrosa, o Conselho debateu o cen\u00e1rio atual da produ\u00e7\u00e3o no Brasil e do mercado de trabalho da ind\u00fastria.<\/p>\n\n\n\n<p>A abertura da reuni\u00e3o foi feita pelo presidente da FIEMG, Fl\u00e1vio Roscoe, que deu boas-vindas ao novo presidente do colegiado e destacou a import\u00e2ncia da discuss\u00e3o acerca da tecnologia para o futuro da ind\u00fastria mineira. \u201cEsse conselho \u00e9 fundamental porque a ind\u00fastria permanece competitiva \u00e9 atrav\u00e9s da inova\u00e7\u00e3o e tamb\u00e9m por meio da aplica\u00e7\u00e3o de novas tecnologias\u201d, disse.<\/p>\n\n\n\n<p>\u201cO desafio brasileiro \u00e9 relativamente alto, mas tem muitas oportunidades e a tecnologia e a pr\u00f3pria intelig\u00eancia artificial talvez democratizem um pouco o acesso a algumas tecnologias&nbsp; que eram acess\u00edveis s\u00f3 a grandes players. E o maior papel desse conselho hoje \u00e9 propagar isso, ou seja, que n\u00e3o tecnologia e inova\u00e7\u00e3o n\u00e3o s\u00e3o um bicho de sete cabe\u00e7as\u201d, disse.<\/p>\n\n\n\n<p>Na sequ\u00eancia Matheus Pedrosa se apresentou e abriu os trabalhos do Conselho. \u201cEu estou aqui representando o industrial de Minas Gerais de uma m\u00e9dia empresa que precisa elevar o n\u00edvel de competitividade de sua empresa. E acho que, se tem um indicador que vai permitir medir o sucesso desse conselho, n\u00e3o \u00e9 o n\u00edvel de maturidade em tecnologia ou inova\u00e7\u00e3o, e sim a competitividade da ind\u00fastria mineira\u201d, pontuou.&nbsp;<\/p>\n\n\n\n<p>Ele tamb\u00e9m falou sobre o papel e as atribui\u00e7\u00f5es do Conselho e apresentou aos presentes o prop\u00f3sito do coletivo, que \u00e9 \u201cElevar o n\u00edvel de competitividade da ind\u00fastria por meio da promo\u00e7\u00e3o e da pr\u00e1tica de tecnologia e inova\u00e7\u00e3o aplicada ao neg\u00f3cio\u201d.<\/p>\n\n\n\n<p>Ainda no encontro, os gerentes de Economia e de Educa\u00e7\u00e3o da FIEMG, Ricardo Aloysio e , Jo\u00e3o Pio, respectivamente, fizeram apresenta\u00e7\u00f5es sobre o cen\u00e1rio atual da economia brasileira e mineira, proje\u00e7\u00f5es para o ano e desafios para a ind\u00fastria, com destaque para a quest\u00e3o da desindustrializa\u00e7\u00e3o e falta de m\u00e3o de obra qualificada para o setor.<\/p>\n\n\n\n<p>Dando um panorama geral da ind\u00fastria na economia, Jo\u00e3o Pio pontuou situa\u00e7\u00f5es conjunturais e estruturais que impactam ou podem impactar o setor em 2024. Entre os fatores estruturais, que segundo o economista seriam os principais, pois estariam levando a ind\u00fastria brasileira a um processo de desindustrializa\u00e7\u00e3o, ele destacou o d\u00e9ficit de infraestrutura, inseguran\u00e7a jur\u00eddica, elevada carga tribut\u00e1ria, entre outros.<\/p>\n\n\n\n<p>J\u00e1 Ricardo Aloysio apresentou uma an\u00e1lise em rela\u00e7\u00e3o \u00e0 Ind\u00fastria 4.0 no Brasil a partir dos resultados de uma pesquisa realizada pela Confedera\u00e7\u00e3o Nacional das Ind\u00fastrias (CNI) em 2022 e 2016, que revela algumas das poss\u00edveis causas para o processo desindustrializa\u00e7\u00e3o do Brasil e a falta de investimento em tecnologia por parte das empresas. Entre os gargalos apontados pelos entrevistados h\u00e1 diversas barreiras internas, tais como alto custo de implanta\u00e7\u00e3o e a dificuldade para integrar novas tecnologias aos softwares das empresas, e barreiras externas como a falta de trabalhador qualificado e aus\u00eancia de linhas de financiamento adequadas. \u201cO maior problema que as pesquisas mostram \u00e9 que nada mudou em cinco anos, ou seja, os problemas que foram apontados h\u00e1 cinco anos s\u00e3o as mesmas dificuldades que se apresentam na \u00faltima pesquisa\u201d, destacou Aloysio.<\/p>\n\n\n\n<p>A partir da contextualiza\u00e7\u00e3o apresentada, ele falou sobre a import\u00e2ncia da reindustrializa\u00e7\u00e3o do pa\u00eds e apontou algumas solu\u00e7\u00f5es &#8211; considerando que o Brasil tem baixa ades\u00e3o \u00e0 automa\u00e7\u00e3o, alto custo do trabalho e tecnologia cara &#8211;&nbsp; como: 1- low cost automation (automa\u00e7\u00e3o de baixo custo); e 2- industrial smart working (trabalho industrial inteligente).<\/p>\n\n\n\n<p>Ao final das apresenta\u00e7\u00f5es, foi aberto um debate entre os mais de 30 integrantes do conselho e firmado o cronograma de atividades do grupo, que deve se reunir mensalmente ao longo do ano. Em seguida, o superintendente do Instituto Euvaldo Lodi (IEL), Gustavo Macena, fez o encerramento da reuni\u00e3o destacando a qualidade da atual forma\u00e7\u00e3o do conselho e a import\u00e2ncia de que os integrantes tragam contribui\u00e7\u00f5es para que o corpo t\u00e9cnico da FIEMG viabilize as ideias.&nbsp;<\/p>\n\n\n\n<p>\u201cQuando a gente selecionou esses nomes, a gente sabia o tamanho de quem a gente ia ter,\u00a0 porque voc\u00eas s\u00e3o todos extremamente reconhecidos no mercado. Muitos de voc\u00eas sentam em conselhos de alt\u00edssima relev\u00e2ncia e n\u00f3s nos esfor\u00e7amos para valorizar o que talvez voc\u00eas tenham de mais importante: o tempo. E nosso papel \u00e9 fazer acontecer a partir da cabe\u00e7a de voc\u00eas\u201d, concluiu Macena.<\/p>\n\n\n\n<p>Veja mais fotos <a href=\"https:\/\/www.flickr.com\/photos\/sistemafiemg\/albums\/72177720315608754\/with\/53602137056\">aqu<\/a><a href=\"https:\/\/www.flickr.com\/photos\/sistemafiemg\/albums\/72177720315608754\/with\/53602137056\" target=\"_blank\" rel=\"noreferrer noopener\">i<\/a><\/p>\n\n\n\n<p><em>Tha\u00eds Mota<\/em><br><strong>Imprensa FIEMG<\/strong><\/p>\n","protected":false},"featured_media":2759,"template":"","categories":[15],"tags":[650,78,464,518,651],"class_list":["post-2758","noticias","type-noticias","status-publish","has-post-thumbnail","hentry","category-desenvolvimento-industrial","tag-conselho-de-tecnologia-e-inovacao-da-industria","tag-fiemg","tag-flavio-roscoe","tag-industria-4-0","tag-matheus-pedrosa"],"acf":[],"yoast_head":"<!-- This site is optimized with the Yoast SEO plugin v26.2 - https:\/\/yoast.com\/wordpress\/plugins\/seo\/ -->\n<title>Conselho de Tecnologia e Inova\u00e7\u00e3o debate cen\u00e1rio da ind\u00fastria no pa\u00eds - FIEMG<\/title>\n<meta name=\"description\" content=\"Presidido por Matheus Pedrosa, Conselho realizou sua primeira reuni\u00e3o do ano e da atual forma\u00e7\u00e3o na \u00faltima quinta-feira (21\/3)\" \/>\n<meta name=\"robots\" content=\"index, follow, max-snippet:-1, max-image-preview:large, max-video-preview:-1\" \/>\n<link rel=\"canonical\" href=\"https:\/\/www.fiemg.com.br\/regional-sede\/noticias\/conselho-de-tecnologia-e-inovacao-debate-cenario-da-industria-no-pais\/\" \/>\n<meta property=\"og:locale\" content=\"pt_BR\" \/>\n<meta property=\"og:type\" content=\"article\" \/>\n<meta property=\"og:title\" content=\"Conselho de Tecnologia e Inova\u00e7\u00e3o debate cen\u00e1rio da ind\u00fastria no pa\u00eds - FIEMG\" \/>\n<meta property=\"og:description\" content=\"Presidido por Matheus Pedrosa, Conselho realizou sua primeira reuni\u00e3o do ano e da atual forma\u00e7\u00e3o na \u00faltima quinta-feira (21\/3)\" \/>\n<meta property=\"og:url\" content=\"https:\/\/www.fiemg.com.br\/regional-sede\/noticias\/conselho-de-tecnologia-e-inovacao-debate-cenario-da-industria-no-pais\/\" \/>\n<meta property=\"og:site_name\" content=\"FIEMG\" \/>\n<meta property=\"article:modified_time\" content=\"2024-03-22T20:37:24+00:00\" \/>\n<meta property=\"og:image\" content=\"https:\/\/www.fiemg.com.br\/regional-sede\/wp-content\/uploads\/sites\/21\/2024\/03\/Conselho-Ciencia-Tecnologia-1.jpg\" \/>\n\t<meta property=\"og:image:width\" content=\"512\" \/>\n\t<meta property=\"og:image:height\" content=\"512\" \/>\n\t<meta property=\"og:image:type\" content=\"image\/jpeg\" \/>\n<meta name=\"twitter:card\" content=\"summary_large_image\" \/>\n<meta name=\"twitter:label1\" content=\"Est. tempo de leitura\" \/>\n\t<meta name=\"twitter:data1\" content=\"4 minutos\" \/>\n<script type=\"application\/ld+json\" class=\"yoast-schema-graph\">{\"@context\":\"https:\/\/schema.org\",\"@graph\":[{\"@type\":\"WebPage\",\"@id\":\"https:\/\/www.fiemg.com.br\/regional-sede\/noticias\/conselho-de-tecnologia-e-inovacao-debate-cenario-da-industria-no-pais\/\",\"url\":\"https:\/\/www.fiemg.com.br\/regional-sede\/noticias\/conselho-de-tecnologia-e-inovacao-debate-cenario-da-industria-no-pais\/\",\"name\":\"Conselho de Tecnologia e Inova\u00e7\u00e3o debate cen\u00e1rio da ind\u00fastria no pa\u00eds - FIEMG\",\"isPartOf\":{\"@id\":\"https:\/\/www.fiemg.com.br\/regional-sede\/#website\"},\"primaryImageOfPage\":{\"@id\":\"https:\/\/www.fiemg.com.br\/regional-sede\/noticias\/conselho-de-tecnologia-e-inovacao-debate-cenario-da-industria-no-pais\/#primaryimage\"},\"image\":{\"@id\":\"https:\/\/www.fiemg.com.br\/regional-sede\/noticias\/conselho-de-tecnologia-e-inovacao-debate-cenario-da-industria-no-pais\/#primaryimage\"},\"thumbnailUrl\":\"https:\/\/www.fiemg.com.br\/regional-sede\/wp-content\/uploads\/sites\/21\/2024\/03\/Conselho-Ciencia-Tecnologia-1.jpg\",\"datePublished\":\"2024-03-22T20:37:22+00:00\",\"dateModified\":\"2024-03-22T20:37:24+00:00\",\"description\":\"Presidido por Matheus Pedrosa, Conselho realizou sua primeira reuni\u00e3o do ano e da atual forma\u00e7\u00e3o na \u00faltima quinta-feira (21\/3)\",\"breadcrumb\":{\"@id\":\"https:\/\/www.fiemg.com.br\/regional-sede\/noticias\/conselho-de-tecnologia-e-inovacao-debate-cenario-da-industria-no-pais\/#breadcrumb\"},\"inLanguage\":\"pt-BR\",\"potentialAction\":[{\"@type\":\"ReadAction\",\"target\":[\"https:\/\/www.fiemg.com.br\/regional-sede\/noticias\/conselho-de-tecnologia-e-inovacao-debate-cenario-da-industria-no-pais\/\"]}]},{\"@type\":\"ImageObject\",\"inLanguage\":\"pt-BR\",\"@id\":\"https:\/\/www.fiemg.com.br\/regional-sede\/noticias\/conselho-de-tecnologia-e-inovacao-debate-cenario-da-industria-no-pais\/#primaryimage\",\"url\":\"https:\/\/www.fiemg.com.br\/regional-sede\/wp-content\/uploads\/sites\/21\/2024\/03\/Conselho-Ciencia-Tecnologia-1.jpg\",\"contentUrl\":\"https:\/\/www.fiemg.com.br\/regional-sede\/wp-content\/uploads\/sites\/21\/2024\/03\/Conselho-Ciencia-Tecnologia-1.jpg\",\"width\":512,\"height\":512,\"caption\":\"Conselho de Tecnologia e Inova\u00e7\u00e3o debate cen\u00e1rio da ind\u00fastria no pa\u00eds\"},{\"@type\":\"BreadcrumbList\",\"@id\":\"https:\/\/www.fiemg.com.br\/regional-sede\/noticias\/conselho-de-tecnologia-e-inovacao-debate-cenario-da-industria-no-pais\/#breadcrumb\",\"itemListElement\":[{\"@type\":\"ListItem\",\"position\":1,\"name\":\"In\u00edcio\",\"item\":\"https:\/\/www.fiemg.com.br\/regional-sede\/\"},{\"@type\":\"ListItem\",\"position\":2,\"name\":\"Conselho de Tecnologia e Inova\u00e7\u00e3o debate cen\u00e1rio da ind\u00fastria no pa\u00eds\"}]},{\"@type\":\"WebSite\",\"@id\":\"https:\/\/www.fiemg.com.br\/regional-sede\/#website\",\"url\":\"https:\/\/www.fiemg.com.br\/regional-sede\/\",\"name\":\"FIEMG\",\"description\":\"Federa\u00e7\u00e3o das Ind\u00fastrias do Estado de Minas Gerais\",\"publisher\":{\"@id\":\"https:\/\/www.fiemg.com.br\/regional-sede\/#organization\"},\"potentialAction\":[{\"@type\":\"SearchAction\",\"target\":{\"@type\":\"EntryPoint\",\"urlTemplate\":\"https:\/\/www.fiemg.com.br\/regional-sede\/?s={search_term_string}\"},\"query-input\":{\"@type\":\"PropertyValueSpecification\",\"valueRequired\":true,\"valueName\":\"search_term_string\"}}],\"inLanguage\":\"pt-BR\"},{\"@type\":\"Organization\",\"@id\":\"https:\/\/www.fiemg.com.br\/regional-sede\/#organization\",\"name\":\"FIEMG\",\"url\":\"https:\/\/www.fiemg.com.br\/regional-sede\/\",\"logo\":{\"@type\":\"ImageObject\",\"inLanguage\":\"pt-BR\",\"@id\":\"https:\/\/www.fiemg.com.br\/regional-sede\/#\/schema\/logo\/image\/\",\"url\":\"https:\/\/www.fiemg.com.br\/regional-sede\/wp-content\/uploads\/sites\/21\/2023\/02\/Ativo-1.png\",\"contentUrl\":\"https:\/\/www.fiemg.com.br\/regional-sede\/wp-content\/uploads\/sites\/21\/2023\/02\/Ativo-1.png\",\"width\":563,\"height\":149,\"caption\":\"FIEMG\"},\"image\":{\"@id\":\"https:\/\/www.fiemg.com.br\/regional-sede\/#\/schema\/logo\/image\/\"}}]}<\/script>\n<!-- \/ Yoast SEO plugin. -->","yoast_head_json":{"title":"Conselho de Tecnologia e Inova\u00e7\u00e3o debate cen\u00e1rio da ind\u00fastria no pa\u00eds - FIEMG","description":"Presidido por Matheus Pedrosa, Conselho realizou sua primeira reuni\u00e3o do ano e da atual forma\u00e7\u00e3o na \u00faltima quinta-feira (21\/3)","robots":{"index":"index","follow":"follow","max-snippet":"max-snippet:-1","max-image-preview":"max-image-preview:large","max-video-preview":"max-video-preview:-1"},"canonical":"https:\/\/www.fiemg.com.br\/regional-sede\/noticias\/conselho-de-tecnologia-e-inovacao-debate-cenario-da-industria-no-pais\/","og_locale":"pt_BR","og_type":"article","og_title":"Conselho de Tecnologia e Inova\u00e7\u00e3o debate cen\u00e1rio da ind\u00fastria no pa\u00eds - FIEMG","og_description":"Presidido por Matheus Pedrosa, Conselho realizou sua primeira reuni\u00e3o do ano e da atual forma\u00e7\u00e3o na \u00faltima quinta-feira (21\/3)","og_url":"https:\/\/www.fiemg.com.br\/regional-sede\/noticias\/conselho-de-tecnologia-e-inovacao-debate-cenario-da-industria-no-pais\/","og_site_name":"FIEMG","article_modified_time":"2024-03-22T20:37:24+00:00","og_image":[{"width":512,"height":512,"url":"https:\/\/www.fiemg.com.br\/regional-sede\/wp-content\/uploads\/sites\/21\/2024\/03\/Conselho-Ciencia-Tecnologia-1.jpg","type":"image\/jpeg"}],"twitter_card":"summary_large_image","twitter_misc":{"Est. tempo de leitura":"4 minutos"},"schema":{"@context":"https:\/\/schema.org","@graph":[{"@type":"WebPage","@id":"https:\/\/www.fiemg.com.br\/regional-sede\/noticias\/conselho-de-tecnologia-e-inovacao-debate-cenario-da-industria-no-pais\/","url":"https:\/\/www.fiemg.com.br\/regional-sede\/noticias\/conselho-de-tecnologia-e-inovacao-debate-cenario-da-industria-no-pais\/","name":"Conselho de Tecnologia e Inova\u00e7\u00e3o debate cen\u00e1rio da ind\u00fastria no pa\u00eds - FIEMG","isPartOf":{"@id":"https:\/\/www.fiemg.com.br\/regional-sede\/#website"},"primaryImageOfPage":{"@id":"https:\/\/www.fiemg.com.br\/regional-sede\/noticias\/conselho-de-tecnologia-e-inovacao-debate-cenario-da-industria-no-pais\/#primaryimage"},"image":{"@id":"https:\/\/www.fiemg.com.br\/regional-sede\/noticias\/conselho-de-tecnologia-e-inovacao-debate-cenario-da-industria-no-pais\/#primaryimage"},"thumbnailUrl":"https:\/\/www.fiemg.com.br\/regional-sede\/wp-content\/uploads\/sites\/21\/2024\/03\/Conselho-Ciencia-Tecnologia-1.jpg","datePublished":"2024-03-22T20:37:22+00:00","dateModified":"2024-03-22T20:37:24+00:00","description":"Presidido por Matheus Pedrosa, Conselho realizou sua primeira reuni\u00e3o do ano e da atual forma\u00e7\u00e3o na \u00faltima quinta-feira (21\/3)","breadcrumb":{"@id":"https:\/\/www.fiemg.com.br\/regional-sede\/noticias\/conselho-de-tecnologia-e-inovacao-debate-cenario-da-industria-no-pais\/#breadcrumb"},"inLanguage":"pt-BR","potentialAction":[{"@type":"ReadAction","target":["https:\/\/www.fiemg.com.br\/regional-sede\/noticias\/conselho-de-tecnologia-e-inovacao-debate-cenario-da-industria-no-pais\/"]}]},{"@type":"ImageObject","inLanguage":"pt-BR","@id":"https:\/\/www.fiemg.com.br\/regional-sede\/noticias\/conselho-de-tecnologia-e-inovacao-debate-cenario-da-industria-no-pais\/#primaryimage","url":"https:\/\/www.fiemg.com.br\/regional-sede\/wp-content\/uploads\/sites\/21\/2024\/03\/Conselho-Ciencia-Tecnologia-1.jpg","contentUrl":"https:\/\/www.fiemg.com.br\/regional-sede\/wp-content\/uploads\/sites\/21\/2024\/03\/Conselho-Ciencia-Tecnologia-1.jpg","width":512,"height":512,"caption":"Conselho de Tecnologia e Inova\u00e7\u00e3o debate cen\u00e1rio da ind\u00fastria no pa\u00eds"},{"@type":"BreadcrumbList","@id":"https:\/\/www.fiemg.com.br\/regional-sede\/noticias\/conselho-de-tecnologia-e-inovacao-debate-cenario-da-industria-no-pais\/#breadcrumb","itemListElement":[{"@type":"ListItem","position":1,"name":"In\u00edcio","item":"https:\/\/www.fiemg.com.br\/regional-sede\/"},{"@type":"ListItem","position":2,"name":"Conselho de Tecnologia e Inova\u00e7\u00e3o debate cen\u00e1rio da ind\u00fastria no pa\u00eds"}]},{"@type":"WebSite","@id":"https:\/\/www.fiemg.com.br\/regional-sede\/#website","url":"https:\/\/www.fiemg.com.br\/regional-sede\/","name":"FIEMG","description":"Federa\u00e7\u00e3o das Ind\u00fastrias do Estado de Minas Gerais","publisher":{"@id":"https:\/\/www.fiemg.com.br\/regional-sede\/#organization"},"potentialAction":[{"@type":"SearchAction","target":{"@type":"EntryPoint","urlTemplate":"https:\/\/www.fiemg.com.br\/regional-sede\/?s={search_term_string}"},"query-input":{"@type":"PropertyValueSpecification","valueRequired":true,"valueName":"search_term_string"}}],"inLanguage":"pt-BR"},{"@type":"Organization","@id":"https:\/\/www.fiemg.com.br\/regional-sede\/#organization","name":"FIEMG","url":"https:\/\/www.fiemg.com.br\/regional-sede\/","logo":{"@type":"ImageObject","inLanguage":"pt-BR","@id":"https:\/\/www.fiemg.com.br\/regional-sede\/#\/schema\/logo\/image\/","url":"https:\/\/www.fiemg.com.br\/regional-sede\/wp-content\/uploads\/sites\/21\/2023\/02\/Ativo-1.png","contentUrl":"https:\/\/www.fiemg.com.br\/regional-sede\/wp-content\/uploads\/sites\/21\/2023\/02\/Ativo-1.png","width":563,"height":149,"caption":"FIEMG"},"image":{"@id":"https:\/\/www.fiemg.com.br\/regional-sede\/#\/schema\/logo\/image\/"}}]}},"_links":{"self":[{"href":"https:\/\/www.fiemg.com.br\/regional-sede\/wp-json\/wp\/v2\/noticias\/2758","targetHints":{"allow":["GET"]}}],"collection":[{"href":"https:\/\/www.fiemg.com.br\/regional-sede\/wp-json\/wp\/v2\/noticias"}],"about":[{"href":"https:\/\/www.fiemg.com.br\/regional-sede\/wp-json\/wp\/v2\/types\/noticias"}],"wp:featuredmedia":[{"embeddable":true,"href":"https:\/\/www.fiemg.com.br\/regional-sede\/wp-json\/wp\/v2\/media\/2759"}],"wp:attachment":[{"href":"https:\/\/www.fiemg.com.br\/regional-sede\/wp-json\/wp\/v2\/media?parent=2758"}],"wp:term":[{"taxonomy":"category","embeddable":true,"href":"https:\/\/www.fiemg.com.br\/regional-sede\/wp-json\/wp\/v2\/categories?post=2758"},{"taxonomy":"post_tag","embeddable":true,"href":"https:\/\/www.fiemg.com.br\/regional-sede\/wp-json\/wp\/v2\/tags?post=2758"}],"curies":[{"name":"wp","href":"https:\/\/api.w.org\/{rel}","templated":true}]}}