{"id":2935,"date":"2024-04-18T16:41:07","date_gmt":"2024-04-18T19:41:07","guid":{"rendered":"https:\/\/www.fiemg.com.br\/regional-sede\/noticias\/desfiles-de-moda-infanto-juvenil-marcam-a-31a-edicao-do-minas-trend\/"},"modified":"2024-04-18T16:41:09","modified_gmt":"2024-04-18T19:41:09","slug":"desfiles-de-moda-infanto-juvenil-marcam-a-31a-edicao-do-minas-trend","status":"publish","type":"noticias","link":"https:\/\/www.fiemg.com.br\/regional-sede\/noticias\/desfiles-de-moda-infanto-juvenil-marcam-a-31a-edicao-do-minas-trend\/","title":{"rendered":"Desfiles de moda infanto-juvenil marcam a 31\u00aa edi\u00e7\u00e3o do Minas Trend"},"content":{"rendered":"\n<p><\/p>\n\n\n\n<p>Focada em moda infanto-juvenil, a 31\u00aa edi\u00e7\u00e3o do Minas Trend promoveu 7 desfiles de moda ao longo de todo o evento, que aconteceu entre os dias 16 e 18 de abril, no Minascentro, em Belo Horizonte. Ao todo, 28 marcas de todo o Brasil desfilaram looks, acess\u00f3rios e cal\u00e7ados desenhados para crian\u00e7as e adolescentes das cole\u00e7\u00f5es de primavera-ver\u00e3o 2025, demonstrando uma forte tend\u00eancia para looks coloridos, com brilho e, no caso da moda juvenil, muito preto, jeans e transpar\u00eancia.&nbsp;<\/p>\n\n\n\n<p>Algumas marcas s\u00e3o mais focadas em moda casual tais como a Tribo da Preserva\u00e7\u00e3o, a Bibe, Momi, Precoce e Anim\u00ea e focaram muito em cores em seus desfiles. No caso das pe\u00e7as femininas, a maioria trouxe muitas flores, seja na estampa ou em apliques e detalhes. Dentre essas marcas, a Tribo da Preserva\u00e7\u00e3o e a Bibe tamb\u00e9m desfilaram pe\u00e7as masculinas.<\/p>\n\n\n\n<p>J\u00e1 a Amoreco, a Gabriela Aquarela e a Mio Beb\u00ea apresentaram looks mais sofisticados nas passarelas. No caso da Amoreco, a marca apostou muito em pe\u00e7as com tecidos de couro, enquanto a Gabriela Aquarela destacou o tule em vestidos, saias e mangas, al\u00e9m de acess\u00f3rios como<strong> <\/strong>bolsas e presilhas para cabelo. A Mio Beb\u00ea apresentou um desfile de vestidos de festa em tons suaves e tecidos como cetim, organza e tule.&nbsp; &nbsp; <strong>&nbsp;&nbsp;&nbsp;&nbsp;&nbsp;<\/strong><\/p>\n\n\n\n<p>A MYLU apresentou uma cole\u00e7\u00e3o feminina marcada por vestidos em tons past\u00e9is e tamb\u00e9m alguns conjuntos em jeans com apliques brilhantes. J\u00e1 a Luluzinha desfilou uma cole\u00e7\u00e3o mais moderna e urbana, tamb\u00e9m com muita presen\u00e7a de jeans, preto e brilho &#8211; tend\u00eancias que apareceram muito tamb\u00e9m nos desfiles de moda juvenil.<\/p>\n\n\n\n<p>Fazendo um contraponto aos desfiles de moda para meninas, a Digi levou \u00e0 passarela uma cole\u00e7\u00e3o de pe\u00e7as para os meninos, marcada por camisas de tecido, batas de linho com manga comprida e bermudas listradas ou lisas. Tamb\u00e9m desfilou modelos de camisas e\u00a0bermudas em jeans, inclusive a camisa utilizada sobreposta a uma blusa colorida.\u00a0<\/p>\n\n\n\n<p>A Reserva Mini tamb\u00e9m focou seu desfile na moda masculina, com camisas em linho, T-shirts com a marca aplicada e bermudas em tecido, mas desfilou algumas pe\u00e7as femininas como pe\u00e7as em jeans e T-shirts no comprimento cropped.&nbsp;<\/p>\n\n\n\n<p><strong>Moda adolescente<\/strong><\/p>\n\n\n\n<p>J\u00e1 as marcas Garotada, Pinkx e Authoria levaram \u00e0s passarelas moda para as adolescentes. No primeiro caso, o desfile foi marcado por conjuntos monocrom\u00e1ticos de short e cropped, saia curta e cropped, saia longa e cropped e cal\u00e7a cargo em tecidos leves e cropped em tons de laranja, verde, roxo, azul e cru. Tamb\u00e9m apresentou uma saia jeans curta com grandes bolsos laterais, um vestido com recorte lateral e uma saia curta plissada em verde militar.&nbsp;<\/p>\n\n\n\n<p>A Pinkx, por sua vez, trouxe uma cole\u00e7\u00e3o mais variada, com alguns elementos da marca anterior, tais como a cal\u00e7a cargo em tecido e a saia jeans, por\u00e9m em tamanho midi e com um recorte assim\u00e9trico na lateral. Al\u00e9m disso, trouxe pe\u00e7as mais ousadas e modernas como um conjunto preto de saia em tule com short por baixo e um vestido tamb\u00e9m preto em lurex com a parte de tr\u00e1s da saia mais longa.&nbsp;<\/p>\n\n\n\n<p>E a Authoria fez dois desfiles com muitos looks em jeans e outros apostando no preto e no prateado, apresentando muito brilho na passarela. Tamb\u00e9m desfilou vestidos curtos e midi em tecido, e conjuntos coloridos.<\/p>\n\n\n\n<p>Al\u00e9m das marcas acima, a importadora HAF Sports levou \u00e0 passarela seis marcas ic\u00f4nicas: Nike, Jordan, Converse, Hurley, Levi\u2019s e Huggies, que lan\u00e7a no mundo a sua linha de vestu\u00e1rio. Tamb\u00e9m desfilaram na ocasi\u00e3o a Youccie e a Oliver. A mat\u00e9ria completa do desfile pode ser acessada <a href=\"https:\/\/www.fiemg.com.br\/noticias\/desfile-do-31o-minas-trend-reune-marcas-de-renome-internacional-como-nike-levis-jordan-e-hurley\/\" target=\"_blank\" rel=\"noreferrer noopener\">aqui<\/a>.<\/p>\n\n\n\n<p><strong>Cal\u00e7ados e acess\u00f3rios<\/strong><\/p>\n\n\n\n<p>A Maria Lua desfilou uma cole\u00e7\u00e3o de cal\u00e7ados femininos que trouxe de sand\u00e1lias casuais e t\u00eanis com glitter a sapatos mais elegantes e sofisticados, como sapatos boneca com e sem salto e um slingback branco com fivela prata.<\/p>\n\n\n\n<p>J\u00e1 a Piskuila apresentou uma cole\u00e7\u00e3o de bolsas e mochilas para crian\u00e7as e adolescentes, com v\u00e1rias op\u00e7\u00f5es de modelos e tamanhos e cores variando entre o rosa, preto, marrom, bege, cinza e preto.<\/p>\n\n\n\n<p>Na avalia\u00e7\u00e3o de Taciana Teodoro, diretora da Top Agency, produtora executiva do Minas Trend Kids \u2013 Baby e Teens, essa edi\u00e7\u00e3o do evento foi um sucesso e a expectativa \u00e9 de que a participa\u00e7\u00e3o do segmento kids no Minas Trend j\u00e1 dobre para a pr\u00f3xima. \u201cN\u00f3s estamos hoje aqui com 28 marcas, dentre elas as maiores do pa\u00eds e dentre as maiores do pa\u00eds e, j\u00e1 para a pr\u00f3xima edi\u00e7\u00e3o, a gente quer dobrar o n\u00famero de marcas participantes\u201d, disse. J\u00e1 para 2025, o planejamento \u00e9 expandir e trazer, al\u00e9m de moda, m\u00f3veis, decora\u00e7\u00e3o, acess\u00f3rios para beb\u00eas, tais como chupeta, carrinho, etc.<\/p>\n\n\n\n<p>Ela justificou sua aposta pontuando que o segmento infanto-juvenil representa 20% de todo o setor t\u00eaxtil da moda e cresce, em m\u00e9dia, de 8 a 10% ao ano. \u201cEu sempre digo que as pessoas t\u00eam que olhar de uma forma diferente para o kids porque, diferentemente de n\u00f3s, adultos, que conseguimos usar uma roupa por 10 anos, a crian\u00e7a n\u00e3o. Elas trocam a cada 4 meses. Est\u00e3o sempre renovando o guarda-roupas. E, hoje, com a internet e redes sociais, as crian\u00e7as querem andar na moda e os pais tamb\u00e9m\u201d, destacou.<\/p>\n\n\n\n<p><strong>Marcas&nbsp;<\/strong><\/p>\n\n\n\n<p>Das 28 marcas expositoras do universo Kids, Baby e Teens, mais da metade s\u00e3o do estado de Minas e o restante do Brasil e do exterior. O Minas Trend Kids re\u00fane mais de 100 lojistas compradores de outros estados, mais de 200 de Belo Horizonte e de cidades do interior.&nbsp;<\/p>\n\n\n\n<p>A mostra de moda de zero a 16 anos, atra\u00e7\u00e3o na programa\u00e7\u00e3o do Minas Trend Trend Kids, Baby e Teens, \u00e9 uma realiza\u00e7\u00e3o da FIEMG, produ\u00e7\u00e3o executiva da Top Agency, com apoio da C\u00e2mara da Ind\u00fastria do Vestu\u00e1rio e Acess\u00f3rios da FIEMG e Sindivest-MG.&nbsp;<\/p>\n\n\n\n<p>Essa edi\u00e7\u00e3o do Minas Trend \u00e9 uma realiza\u00e7\u00e3o do SESI, SENAI e FIEMG, com apoio master do Sebrae&nbsp; Minas, patroc\u00ednio da C\u00e2mara de Dirigentes Lojistas de Belo Horizonte (CDL-BH), da Codemge, do SENAC (Sistema Fecom\u00e9rcio) e da Bling. Conta com apoio do Jornal Estado de Minas, UNA, IEL\/MG e Consulado da It\u00e1lia.<\/p>\n\n\n\n<p><strong>Leia tamb\u00e9m:\u00a0<\/strong><br><a href=\"https:\/\/www.fiemg.com.br\/noticias\/minas-trend-kids-na-passarela-um-desfile-de-cores-leveza-e-simpatia\/\" target=\"_blank\" rel=\"noreferrer noopener\">Minas Trend Kids: na passarela, um desfile de cores, leveza e simpatia<\/a><\/p>\n\n\n\n<p><em>Tha\u00eds Mota<\/em><br><strong>Imprensa FIEMG<\/strong><\/p>\n","protected":false},"featured_media":2937,"template":"","categories":[15],"tags":[401,78,321],"class_list":["post-2935","noticias","type-noticias","status-publish","has-post-thumbnail","hentry","category-desenvolvimento-industrial","tag-desfile-minas-trend","tag-fiemg","tag-minas-trend"],"acf":[],"yoast_head":"<!-- This site is optimized with the Yoast SEO plugin v26.2 - https:\/\/yoast.com\/wordpress\/plugins\/seo\/ -->\n<title>Desfiles de moda infanto-juvenil marcam a 31\u00aa edi\u00e7\u00e3o do Minas Trend - FIEMG<\/title>\n<meta name=\"description\" content=\"Ao todo, 28 marcas de todo o Brasil desfilaram looks, acess\u00f3rios e cal\u00e7ados desenhados para crian\u00e7as e adolescentes das cole\u00e7\u00f5es de primavera-ver\u00e3o 2025\" \/>\n<meta name=\"robots\" content=\"index, follow, max-snippet:-1, max-image-preview:large, max-video-preview:-1\" \/>\n<link rel=\"canonical\" href=\"https:\/\/www.fiemg.com.br\/regional-sede\/noticias\/desfiles-de-moda-infanto-juvenil-marcam-a-31a-edicao-do-minas-trend\/\" \/>\n<meta property=\"og:locale\" content=\"pt_BR\" \/>\n<meta property=\"og:type\" content=\"article\" \/>\n<meta property=\"og:title\" content=\"Desfiles de moda infanto-juvenil marcam a 31\u00aa edi\u00e7\u00e3o do Minas Trend - FIEMG\" \/>\n<meta property=\"og:description\" content=\"Ao todo, 28 marcas de todo o Brasil desfilaram looks, acess\u00f3rios e cal\u00e7ados desenhados para crian\u00e7as e adolescentes das cole\u00e7\u00f5es de primavera-ver\u00e3o 2025\" \/>\n<meta property=\"og:url\" content=\"https:\/\/www.fiemg.com.br\/regional-sede\/noticias\/desfiles-de-moda-infanto-juvenil-marcam-a-31a-edicao-do-minas-trend\/\" \/>\n<meta property=\"og:site_name\" content=\"FIEMG\" \/>\n<meta property=\"article:modified_time\" content=\"2024-04-18T19:41:09+00:00\" \/>\n<meta property=\"og:image\" content=\"https:\/\/www.fiemg.com.br\/regional-sede\/wp-content\/uploads\/sites\/21\/2024\/04\/512-x-512-4.jpg\" \/>\n\t<meta property=\"og:image:width\" content=\"512\" \/>\n\t<meta property=\"og:image:height\" content=\"512\" \/>\n\t<meta property=\"og:image:type\" content=\"image\/jpeg\" \/>\n<meta name=\"twitter:card\" content=\"summary_large_image\" \/>\n<meta name=\"twitter:label1\" content=\"Est. tempo de leitura\" \/>\n\t<meta name=\"twitter:data1\" content=\"6 minutos\" \/>\n<script type=\"application\/ld+json\" class=\"yoast-schema-graph\">{\"@context\":\"https:\/\/schema.org\",\"@graph\":[{\"@type\":\"WebPage\",\"@id\":\"https:\/\/www.fiemg.com.br\/regional-sede\/noticias\/desfiles-de-moda-infanto-juvenil-marcam-a-31a-edicao-do-minas-trend\/\",\"url\":\"https:\/\/www.fiemg.com.br\/regional-sede\/noticias\/desfiles-de-moda-infanto-juvenil-marcam-a-31a-edicao-do-minas-trend\/\",\"name\":\"Desfiles de moda infanto-juvenil marcam a 31\u00aa edi\u00e7\u00e3o do Minas Trend - FIEMG\",\"isPartOf\":{\"@id\":\"https:\/\/www.fiemg.com.br\/regional-sede\/#website\"},\"primaryImageOfPage\":{\"@id\":\"https:\/\/www.fiemg.com.br\/regional-sede\/noticias\/desfiles-de-moda-infanto-juvenil-marcam-a-31a-edicao-do-minas-trend\/#primaryimage\"},\"image\":{\"@id\":\"https:\/\/www.fiemg.com.br\/regional-sede\/noticias\/desfiles-de-moda-infanto-juvenil-marcam-a-31a-edicao-do-minas-trend\/#primaryimage\"},\"thumbnailUrl\":\"https:\/\/www.fiemg.com.br\/regional-sede\/wp-content\/uploads\/sites\/21\/2024\/04\/512-x-512-4.jpg\",\"datePublished\":\"2024-04-18T19:41:07+00:00\",\"dateModified\":\"2024-04-18T19:41:09+00:00\",\"description\":\"Ao todo, 28 marcas de todo o Brasil desfilaram looks, acess\u00f3rios e cal\u00e7ados desenhados para crian\u00e7as e adolescentes das cole\u00e7\u00f5es de primavera-ver\u00e3o 2025\",\"breadcrumb\":{\"@id\":\"https:\/\/www.fiemg.com.br\/regional-sede\/noticias\/desfiles-de-moda-infanto-juvenil-marcam-a-31a-edicao-do-minas-trend\/#breadcrumb\"},\"inLanguage\":\"pt-BR\",\"potentialAction\":[{\"@type\":\"ReadAction\",\"target\":[\"https:\/\/www.fiemg.com.br\/regional-sede\/noticias\/desfiles-de-moda-infanto-juvenil-marcam-a-31a-edicao-do-minas-trend\/\"]}]},{\"@type\":\"ImageObject\",\"inLanguage\":\"pt-BR\",\"@id\":\"https:\/\/www.fiemg.com.br\/regional-sede\/noticias\/desfiles-de-moda-infanto-juvenil-marcam-a-31a-edicao-do-minas-trend\/#primaryimage\",\"url\":\"https:\/\/www.fiemg.com.br\/regional-sede\/wp-content\/uploads\/sites\/21\/2024\/04\/512-x-512-4.jpg\",\"contentUrl\":\"https:\/\/www.fiemg.com.br\/regional-sede\/wp-content\/uploads\/sites\/21\/2024\/04\/512-x-512-4.jpg\",\"width\":512,\"height\":512,\"caption\":\"Desfiles de moda infanto-juvenil marcam a 31\u00aa edi\u00e7\u00e3o do Minas Trend\"},{\"@type\":\"BreadcrumbList\",\"@id\":\"https:\/\/www.fiemg.com.br\/regional-sede\/noticias\/desfiles-de-moda-infanto-juvenil-marcam-a-31a-edicao-do-minas-trend\/#breadcrumb\",\"itemListElement\":[{\"@type\":\"ListItem\",\"position\":1,\"name\":\"In\u00edcio\",\"item\":\"https:\/\/www.fiemg.com.br\/regional-sede\/\"},{\"@type\":\"ListItem\",\"position\":2,\"name\":\"Desfiles de moda infanto-juvenil marcam a 31\u00aa edi\u00e7\u00e3o do Minas Trend\"}]},{\"@type\":\"WebSite\",\"@id\":\"https:\/\/www.fiemg.com.br\/regional-sede\/#website\",\"url\":\"https:\/\/www.fiemg.com.br\/regional-sede\/\",\"name\":\"FIEMG\",\"description\":\"Federa\u00e7\u00e3o das Ind\u00fastrias do Estado de Minas Gerais\",\"publisher\":{\"@id\":\"https:\/\/www.fiemg.com.br\/regional-sede\/#organization\"},\"potentialAction\":[{\"@type\":\"SearchAction\",\"target\":{\"@type\":\"EntryPoint\",\"urlTemplate\":\"https:\/\/www.fiemg.com.br\/regional-sede\/?s={search_term_string}\"},\"query-input\":{\"@type\":\"PropertyValueSpecification\",\"valueRequired\":true,\"valueName\":\"search_term_string\"}}],\"inLanguage\":\"pt-BR\"},{\"@type\":\"Organization\",\"@id\":\"https:\/\/www.fiemg.com.br\/regional-sede\/#organization\",\"name\":\"FIEMG\",\"url\":\"https:\/\/www.fiemg.com.br\/regional-sede\/\",\"logo\":{\"@type\":\"ImageObject\",\"inLanguage\":\"pt-BR\",\"@id\":\"https:\/\/www.fiemg.com.br\/regional-sede\/#\/schema\/logo\/image\/\",\"url\":\"https:\/\/www.fiemg.com.br\/regional-sede\/wp-content\/uploads\/sites\/21\/2023\/02\/Ativo-1.png\",\"contentUrl\":\"https:\/\/www.fiemg.com.br\/regional-sede\/wp-content\/uploads\/sites\/21\/2023\/02\/Ativo-1.png\",\"width\":563,\"height\":149,\"caption\":\"FIEMG\"},\"image\":{\"@id\":\"https:\/\/www.fiemg.com.br\/regional-sede\/#\/schema\/logo\/image\/\"}}]}<\/script>\n<!-- \/ Yoast SEO plugin. -->","yoast_head_json":{"title":"Desfiles de moda infanto-juvenil marcam a 31\u00aa edi\u00e7\u00e3o do Minas Trend - FIEMG","description":"Ao todo, 28 marcas de todo o Brasil desfilaram looks, acess\u00f3rios e cal\u00e7ados desenhados para crian\u00e7as e adolescentes das cole\u00e7\u00f5es de primavera-ver\u00e3o 2025","robots":{"index":"index","follow":"follow","max-snippet":"max-snippet:-1","max-image-preview":"max-image-preview:large","max-video-preview":"max-video-preview:-1"},"canonical":"https:\/\/www.fiemg.com.br\/regional-sede\/noticias\/desfiles-de-moda-infanto-juvenil-marcam-a-31a-edicao-do-minas-trend\/","og_locale":"pt_BR","og_type":"article","og_title":"Desfiles de moda infanto-juvenil marcam a 31\u00aa edi\u00e7\u00e3o do Minas Trend - FIEMG","og_description":"Ao todo, 28 marcas de todo o Brasil desfilaram looks, acess\u00f3rios e cal\u00e7ados desenhados para crian\u00e7as e adolescentes das cole\u00e7\u00f5es de primavera-ver\u00e3o 2025","og_url":"https:\/\/www.fiemg.com.br\/regional-sede\/noticias\/desfiles-de-moda-infanto-juvenil-marcam-a-31a-edicao-do-minas-trend\/","og_site_name":"FIEMG","article_modified_time":"2024-04-18T19:41:09+00:00","og_image":[{"width":512,"height":512,"url":"https:\/\/www.fiemg.com.br\/regional-sede\/wp-content\/uploads\/sites\/21\/2024\/04\/512-x-512-4.jpg","type":"image\/jpeg"}],"twitter_card":"summary_large_image","twitter_misc":{"Est. tempo de leitura":"6 minutos"},"schema":{"@context":"https:\/\/schema.org","@graph":[{"@type":"WebPage","@id":"https:\/\/www.fiemg.com.br\/regional-sede\/noticias\/desfiles-de-moda-infanto-juvenil-marcam-a-31a-edicao-do-minas-trend\/","url":"https:\/\/www.fiemg.com.br\/regional-sede\/noticias\/desfiles-de-moda-infanto-juvenil-marcam-a-31a-edicao-do-minas-trend\/","name":"Desfiles de moda infanto-juvenil marcam a 31\u00aa edi\u00e7\u00e3o do Minas Trend - FIEMG","isPartOf":{"@id":"https:\/\/www.fiemg.com.br\/regional-sede\/#website"},"primaryImageOfPage":{"@id":"https:\/\/www.fiemg.com.br\/regional-sede\/noticias\/desfiles-de-moda-infanto-juvenil-marcam-a-31a-edicao-do-minas-trend\/#primaryimage"},"image":{"@id":"https:\/\/www.fiemg.com.br\/regional-sede\/noticias\/desfiles-de-moda-infanto-juvenil-marcam-a-31a-edicao-do-minas-trend\/#primaryimage"},"thumbnailUrl":"https:\/\/www.fiemg.com.br\/regional-sede\/wp-content\/uploads\/sites\/21\/2024\/04\/512-x-512-4.jpg","datePublished":"2024-04-18T19:41:07+00:00","dateModified":"2024-04-18T19:41:09+00:00","description":"Ao todo, 28 marcas de todo o Brasil desfilaram looks, acess\u00f3rios e cal\u00e7ados desenhados para crian\u00e7as e adolescentes das cole\u00e7\u00f5es de primavera-ver\u00e3o 2025","breadcrumb":{"@id":"https:\/\/www.fiemg.com.br\/regional-sede\/noticias\/desfiles-de-moda-infanto-juvenil-marcam-a-31a-edicao-do-minas-trend\/#breadcrumb"},"inLanguage":"pt-BR","potentialAction":[{"@type":"ReadAction","target":["https:\/\/www.fiemg.com.br\/regional-sede\/noticias\/desfiles-de-moda-infanto-juvenil-marcam-a-31a-edicao-do-minas-trend\/"]}]},{"@type":"ImageObject","inLanguage":"pt-BR","@id":"https:\/\/www.fiemg.com.br\/regional-sede\/noticias\/desfiles-de-moda-infanto-juvenil-marcam-a-31a-edicao-do-minas-trend\/#primaryimage","url":"https:\/\/www.fiemg.com.br\/regional-sede\/wp-content\/uploads\/sites\/21\/2024\/04\/512-x-512-4.jpg","contentUrl":"https:\/\/www.fiemg.com.br\/regional-sede\/wp-content\/uploads\/sites\/21\/2024\/04\/512-x-512-4.jpg","width":512,"height":512,"caption":"Desfiles de moda infanto-juvenil marcam a 31\u00aa edi\u00e7\u00e3o do Minas Trend"},{"@type":"BreadcrumbList","@id":"https:\/\/www.fiemg.com.br\/regional-sede\/noticias\/desfiles-de-moda-infanto-juvenil-marcam-a-31a-edicao-do-minas-trend\/#breadcrumb","itemListElement":[{"@type":"ListItem","position":1,"name":"In\u00edcio","item":"https:\/\/www.fiemg.com.br\/regional-sede\/"},{"@type":"ListItem","position":2,"name":"Desfiles de moda infanto-juvenil marcam a 31\u00aa edi\u00e7\u00e3o do Minas Trend"}]},{"@type":"WebSite","@id":"https:\/\/www.fiemg.com.br\/regional-sede\/#website","url":"https:\/\/www.fiemg.com.br\/regional-sede\/","name":"FIEMG","description":"Federa\u00e7\u00e3o das Ind\u00fastrias do Estado de Minas Gerais","publisher":{"@id":"https:\/\/www.fiemg.com.br\/regional-sede\/#organization"},"potentialAction":[{"@type":"SearchAction","target":{"@type":"EntryPoint","urlTemplate":"https:\/\/www.fiemg.com.br\/regional-sede\/?s={search_term_string}"},"query-input":{"@type":"PropertyValueSpecification","valueRequired":true,"valueName":"search_term_string"}}],"inLanguage":"pt-BR"},{"@type":"Organization","@id":"https:\/\/www.fiemg.com.br\/regional-sede\/#organization","name":"FIEMG","url":"https:\/\/www.fiemg.com.br\/regional-sede\/","logo":{"@type":"ImageObject","inLanguage":"pt-BR","@id":"https:\/\/www.fiemg.com.br\/regional-sede\/#\/schema\/logo\/image\/","url":"https:\/\/www.fiemg.com.br\/regional-sede\/wp-content\/uploads\/sites\/21\/2023\/02\/Ativo-1.png","contentUrl":"https:\/\/www.fiemg.com.br\/regional-sede\/wp-content\/uploads\/sites\/21\/2023\/02\/Ativo-1.png","width":563,"height":149,"caption":"FIEMG"},"image":{"@id":"https:\/\/www.fiemg.com.br\/regional-sede\/#\/schema\/logo\/image\/"}}]}},"_links":{"self":[{"href":"https:\/\/www.fiemg.com.br\/regional-sede\/wp-json\/wp\/v2\/noticias\/2935","targetHints":{"allow":["GET"]}}],"collection":[{"href":"https:\/\/www.fiemg.com.br\/regional-sede\/wp-json\/wp\/v2\/noticias"}],"about":[{"href":"https:\/\/www.fiemg.com.br\/regional-sede\/wp-json\/wp\/v2\/types\/noticias"}],"wp:featuredmedia":[{"embeddable":true,"href":"https:\/\/www.fiemg.com.br\/regional-sede\/wp-json\/wp\/v2\/media\/2937"}],"wp:attachment":[{"href":"https:\/\/www.fiemg.com.br\/regional-sede\/wp-json\/wp\/v2\/media?parent=2935"}],"wp:term":[{"taxonomy":"category","embeddable":true,"href":"https:\/\/www.fiemg.com.br\/regional-sede\/wp-json\/wp\/v2\/categories?post=2935"},{"taxonomy":"post_tag","embeddable":true,"href":"https:\/\/www.fiemg.com.br\/regional-sede\/wp-json\/wp\/v2\/tags?post=2935"}],"curies":[{"name":"wp","href":"https:\/\/api.w.org\/{rel}","templated":true}]}}