{"id":2946,"date":"2024-04-19T15:10:33","date_gmt":"2024-04-19T18:10:33","guid":{"rendered":"https:\/\/www.fiemg.com.br\/regional-sede\/noticias\/31o-minas-trend-possibilita-experiencias-praticas-no-mercado-da-moda-com-a-promocao-de-quatro-oficinas-gratuitas\/"},"modified":"2024-04-22T15:16:13","modified_gmt":"2024-04-22T18:16:13","slug":"31o-minas-trend-possibilita-experiencias-praticas-no-mercado-da-moda-com-a-promocao-de-quatro-oficinas-gratuitas","status":"publish","type":"noticias","link":"https:\/\/www.fiemg.com.br\/regional-sede\/noticias\/31o-minas-trend-possibilita-experiencias-praticas-no-mercado-da-moda-com-a-promocao-de-quatro-oficinas-gratuitas\/","title":{"rendered":"31\u00ba Minas Trend possibilita experi\u00eancias pr\u00e1ticas no mercado da moda, com a promo\u00e7\u00e3o de quatro oficinas gratuitas"},"content":{"rendered":"\n<p>Paralelamente aos desfiles, palestras e sal\u00e3o de neg\u00f3cios, o 31\u00ba Minas Trend promoveu quatro oficinas de produ\u00e7\u00e3o de moda ao longo dos tr\u00eas dias de evento, refor\u00e7ando a tem\u00e1tica desta edi\u00e7\u00e3o: \u201cOnde a Moda Movimenta o Mercado\u201d. As capacita\u00e7\u00f5es gratuitas, realizadas em parceria com o SENAI, versaram sobre t\u00e9cnicas de modelagem e acabamento, manuten\u00e7\u00e3o de equipamentos e desenhos t\u00e9cnicos. Cada uma teve tr\u00eas sess\u00f5es, em diferentes dias e hor\u00e1rios, e reuniu cerca de 20 a 35 alunos, como estudantes de Moda, costureiros e donos de ateli\u00ea.<\/p>\n\n\n\n<p>O ic\u00f4nico edif\u00edcio do Museu da Moda (Mumo), a poucos quadras de caminhada do Minascentro, sediou dois workshops. \u00c2ngelo Gabriel, instrutor de forma\u00e7\u00e3o profissional do SENAI Modatec, trabalhou moda praia com os alunos na \u201cOficina de Moulage\u201d, m\u00e9todo em que a constru\u00e7\u00e3o do modelo do vestu\u00e1rio \u00e9 feita diretamente sobre o manequim. \u201cA t\u00e9cnica permite visualizar o volume e a elasticidade do tecido, bem como o seu caimento, antes da confec\u00e7\u00e3o propriamente dita. A partir deste desenho, o molde do mai\u00f4 ou biqu\u00edni j\u00e1 saem praticamente prontos. A moulage \u00e9 uma metodologia antigu\u00edssima: foi a partir dela que chegamos \u00e0 modelagem plana\u201d, descreve.<\/p>\n\n\n\n<p>J\u00e1 a designer de moda Milca Alves, instrutora do curso de Vestu\u00e1rio do SENAI, ministrou a oficina \u201cDesenho T\u00e9cnico Manual\u201d, tamb\u00e9m no Mumo. \u201cFizemos uma habilita\u00e7\u00e3o introdut\u00f3ria sobre o processo de cria\u00e7\u00e3o a partir do desenho, mas pensando na fabrica\u00e7\u00e3o e n\u00e3o no conceito art\u00edstico: o desenho t\u00e9cnico vem depois do croqui, junto com a ficha t\u00e9cnica, para se comunicar com a produ\u00e7\u00e3o, seja industrial ou artesanal, e \u00e9 essencial para deixar claras as caracter\u00edsticas daquela pe\u00e7a, como, por exemplo, se o fechamento ser\u00e1 com z\u00edper ou el\u00e1stico\u201d, explica. A profissional trabalhou com padr\u00f5es de modelos femininos de blusa, cal\u00e7a e saia, mas tamb\u00e9m abriu a possibilidade para marca\u00e7\u00f5es masculinas.<\/p>\n\n\n\n<p>O SENAI Horto, o maior complexo de educa\u00e7\u00e3o profissional da Am\u00e9rica Latina, tamb\u00e9m sediou dois workshops. \u201cTratamos de temas como os principais tipos de lubrifica\u00e7\u00e3o, o tempo de troca de \u00f3leo e filtro \u2013 de seis em seis meses, no caso das ind\u00fastrias, e uma vez ao ano, nas confec\u00e7\u00f5es caseiras \u2013, a import\u00e2ncia da limpeza frequente do equipamento, para evitar problemas em sua execu\u00e7\u00e3o, os principais tipos de pontas de agulhas e as diferentes aplica\u00e7\u00f5es em tecido e couro\u201d, relata o instrutor de Mec\u00e2nica de M\u00e1quina de Costura do Senai, Fernando dos Reis, que apresentou a oficina \u201cManuten\u00e7\u00e3o em Equipamento &#8211; M\u00e1quina de Costura\u201d.<\/p>\n\n\n\n<p>Ainda dentro deste segmento, o SENAI Horto tamb\u00e9m disponibilizou a capacita\u00e7\u00e3o \u201cAcabamento em Costura\u201d, ministrada pela instrutoras de Costura e Modelagem, Lucimar Machado, e T\u00e9cnica Industrial, Simone Teixeira. \u201cAs t\u00e9cnicas de costuras s\u00e3o a base fundamental para obter acabamentos perfeitos e qualidade nas produ\u00e7\u00f5es de diversos modelos de roupas. Os participantes puderam conhecer os principais tipos de acabamento malfeito e suas solu\u00e7\u00f5es, aprender as principais t\u00e9cnicas de finaliza\u00e7\u00e3o e entender a import\u00e2ncia de sua qualidade\u201d, conta Lucimar.<\/p>\n\n\n\n<p>Luciana Fran\u00e7a, propriet\u00e1ria de uma confec\u00e7\u00e3o de roupas infantis, foi figurinha carimbada, tanto no Mumo quanto no SENAI Horto. \u201cParticipei de tr\u00eas oficinas, algumas delas mais de uma vez. Foram muito pr\u00e1ticas, m\u00e3o na massa, e os professores t\u00eam muita did\u00e1tica. Amei as aulas de moulage e desenho t\u00e9cnico. Senti seguran\u00e7a na evolu\u00e7\u00e3o dos processos\u201d, conta.<\/p>\n\n\n\n<p>A adolescente Lara Capanema ainda cursa o ensino m\u00e9dio, mas planeja cursar a faculdade de Moda. Ela tamb\u00e9m aproveitou as oficinas gratuitas para antecipar o aprendizado e marcou presen\u00e7a em tr\u00eas delas. \u201cO Minas Trend possibilita uma oportunidade incr\u00edvel de vivenciar experi\u00eancias e para conhecer melhor o trabalho profissional. Achei incr\u00edvel a t\u00e9cnica de moulage, nunca tinha tido a oportunidade de pratic\u00e1-la,\u201d diz.<\/p>\n\n\n\n<p>Acesse <a href=\"https:\/\/www.flickr.com\/photos\/sistemafiemg\/albums\/\" target=\"_blank\" rel=\"noreferrer noopener\">aqui<\/a> para ver mais fotos do evento.<\/p>\n\n\n\n<p>Esta edi\u00e7\u00e3o do Minas Trend \u00e9 uma realiza\u00e7\u00e3o do SESI, do SENAI e da FIEMG, com apoio m\u00e1ster do Sebrae-MG, patroc\u00ednio da C\u00e2mara de Dirigentes Lojistas de Belo Horizonte (CDL-BH), da Codemge, do Senac (Sistema Fecom\u00e9rcio) e da Bling e conta com apoio do Jornal Estado de Minas, UNA, IEL-MG e Consulado da It\u00e1lia.<\/p>\n\n\n\n<p><strong><u>Servi\u00e7o:<\/u><\/strong><\/p>\n\n\n\n<p><strong>31\u00ba Minas Trend \u2013 Onde a Moda Movimenta o Mercado<\/strong><br>De 16 a 18 de abril, no Minascentro, em Belo Horizonte<\/p>\n","protected":false},"featured_media":2947,"template":"","categories":[15],"tags":[],"class_list":["post-2946","noticias","type-noticias","status-publish","has-post-thumbnail","hentry","category-desenvolvimento-industrial"],"acf":[],"yoast_head":"<!-- This site is optimized with the Yoast SEO plugin v26.2 - https:\/\/yoast.com\/wordpress\/plugins\/seo\/ -->\n<title>31\u00ba Minas Trend possibilita experi\u00eancias pr\u00e1ticas no mercado da moda, com a promo\u00e7\u00e3o de quatro oficinas gratuitas - FIEMG<\/title>\n<meta name=\"robots\" content=\"index, follow, max-snippet:-1, max-image-preview:large, max-video-preview:-1\" \/>\n<link rel=\"canonical\" href=\"https:\/\/www.fiemg.com.br\/regional-sede\/noticias\/31o-minas-trend-possibilita-experiencias-praticas-no-mercado-da-moda-com-a-promocao-de-quatro-oficinas-gratuitas\/\" \/>\n<meta property=\"og:locale\" content=\"pt_BR\" \/>\n<meta property=\"og:type\" content=\"article\" \/>\n<meta property=\"og:title\" content=\"31\u00ba Minas Trend possibilita experi\u00eancias pr\u00e1ticas no mercado da moda, com a promo\u00e7\u00e3o de quatro oficinas gratuitas - FIEMG\" \/>\n<meta property=\"og:description\" content=\"Paralelamente aos desfiles, palestras e sal\u00e3o de neg\u00f3cios, o 31\u00ba Minas Trend promoveu quatro oficinas de produ\u00e7\u00e3o de moda ao longo dos tr\u00eas dias de evento, refor\u00e7ando a tem\u00e1tica desta edi\u00e7\u00e3o: \u201cOnde a Moda Movimenta o Mercado\u201d. As capacita\u00e7\u00f5es gratuitas, realizadas em parceria com o SENAI, versaram sobre t\u00e9cnicas de modelagem e acabamento, manuten\u00e7\u00e3o de [&hellip;]\" \/>\n<meta property=\"og:url\" content=\"https:\/\/www.fiemg.com.br\/regional-sede\/noticias\/31o-minas-trend-possibilita-experiencias-praticas-no-mercado-da-moda-com-a-promocao-de-quatro-oficinas-gratuitas\/\" \/>\n<meta property=\"og:site_name\" content=\"FIEMG\" \/>\n<meta property=\"article:modified_time\" content=\"2024-04-22T18:16:13+00:00\" \/>\n<meta property=\"og:image\" content=\"https:\/\/www.fiemg.com.br\/regional-sede\/wp-content\/uploads\/sites\/21\/2024\/04\/Thumb-FIEMG-9.jpg\" \/>\n\t<meta property=\"og:image:width\" content=\"512\" \/>\n\t<meta property=\"og:image:height\" content=\"512\" \/>\n\t<meta property=\"og:image:type\" content=\"image\/jpeg\" \/>\n<meta name=\"twitter:card\" content=\"summary_large_image\" \/>\n<meta name=\"twitter:label1\" content=\"Est. tempo de leitura\" \/>\n\t<meta name=\"twitter:data1\" content=\"4 minutos\" \/>\n<script type=\"application\/ld+json\" class=\"yoast-schema-graph\">{\"@context\":\"https:\/\/schema.org\",\"@graph\":[{\"@type\":\"WebPage\",\"@id\":\"https:\/\/www.fiemg.com.br\/regional-sede\/noticias\/31o-minas-trend-possibilita-experiencias-praticas-no-mercado-da-moda-com-a-promocao-de-quatro-oficinas-gratuitas\/\",\"url\":\"https:\/\/www.fiemg.com.br\/regional-sede\/noticias\/31o-minas-trend-possibilita-experiencias-praticas-no-mercado-da-moda-com-a-promocao-de-quatro-oficinas-gratuitas\/\",\"name\":\"31\u00ba Minas Trend possibilita experi\u00eancias pr\u00e1ticas no mercado da moda, com a promo\u00e7\u00e3o de quatro oficinas gratuitas - FIEMG\",\"isPartOf\":{\"@id\":\"https:\/\/www.fiemg.com.br\/regional-sede\/#website\"},\"primaryImageOfPage\":{\"@id\":\"https:\/\/www.fiemg.com.br\/regional-sede\/noticias\/31o-minas-trend-possibilita-experiencias-praticas-no-mercado-da-moda-com-a-promocao-de-quatro-oficinas-gratuitas\/#primaryimage\"},\"image\":{\"@id\":\"https:\/\/www.fiemg.com.br\/regional-sede\/noticias\/31o-minas-trend-possibilita-experiencias-praticas-no-mercado-da-moda-com-a-promocao-de-quatro-oficinas-gratuitas\/#primaryimage\"},\"thumbnailUrl\":\"https:\/\/www.fiemg.com.br\/regional-sede\/wp-content\/uploads\/sites\/21\/2024\/04\/Thumb-FIEMG-9.jpg\",\"datePublished\":\"2024-04-19T18:10:33+00:00\",\"dateModified\":\"2024-04-22T18:16:13+00:00\",\"breadcrumb\":{\"@id\":\"https:\/\/www.fiemg.com.br\/regional-sede\/noticias\/31o-minas-trend-possibilita-experiencias-praticas-no-mercado-da-moda-com-a-promocao-de-quatro-oficinas-gratuitas\/#breadcrumb\"},\"inLanguage\":\"pt-BR\",\"potentialAction\":[{\"@type\":\"ReadAction\",\"target\":[\"https:\/\/www.fiemg.com.br\/regional-sede\/noticias\/31o-minas-trend-possibilita-experiencias-praticas-no-mercado-da-moda-com-a-promocao-de-quatro-oficinas-gratuitas\/\"]}]},{\"@type\":\"ImageObject\",\"inLanguage\":\"pt-BR\",\"@id\":\"https:\/\/www.fiemg.com.br\/regional-sede\/noticias\/31o-minas-trend-possibilita-experiencias-praticas-no-mercado-da-moda-com-a-promocao-de-quatro-oficinas-gratuitas\/#primaryimage\",\"url\":\"https:\/\/www.fiemg.com.br\/regional-sede\/wp-content\/uploads\/sites\/21\/2024\/04\/Thumb-FIEMG-9.jpg\",\"contentUrl\":\"https:\/\/www.fiemg.com.br\/regional-sede\/wp-content\/uploads\/sites\/21\/2024\/04\/Thumb-FIEMG-9.jpg\",\"width\":512,\"height\":512},{\"@type\":\"BreadcrumbList\",\"@id\":\"https:\/\/www.fiemg.com.br\/regional-sede\/noticias\/31o-minas-trend-possibilita-experiencias-praticas-no-mercado-da-moda-com-a-promocao-de-quatro-oficinas-gratuitas\/#breadcrumb\",\"itemListElement\":[{\"@type\":\"ListItem\",\"position\":1,\"name\":\"In\u00edcio\",\"item\":\"https:\/\/www.fiemg.com.br\/regional-sede\/\"},{\"@type\":\"ListItem\",\"position\":2,\"name\":\"31\u00ba Minas Trend possibilita experi\u00eancias pr\u00e1ticas no mercado da moda, com a promo\u00e7\u00e3o de quatro oficinas gratuitas\"}]},{\"@type\":\"WebSite\",\"@id\":\"https:\/\/www.fiemg.com.br\/regional-sede\/#website\",\"url\":\"https:\/\/www.fiemg.com.br\/regional-sede\/\",\"name\":\"FIEMG\",\"description\":\"Federa\u00e7\u00e3o das Ind\u00fastrias do Estado de Minas Gerais\",\"publisher\":{\"@id\":\"https:\/\/www.fiemg.com.br\/regional-sede\/#organization\"},\"potentialAction\":[{\"@type\":\"SearchAction\",\"target\":{\"@type\":\"EntryPoint\",\"urlTemplate\":\"https:\/\/www.fiemg.com.br\/regional-sede\/?s={search_term_string}\"},\"query-input\":{\"@type\":\"PropertyValueSpecification\",\"valueRequired\":true,\"valueName\":\"search_term_string\"}}],\"inLanguage\":\"pt-BR\"},{\"@type\":\"Organization\",\"@id\":\"https:\/\/www.fiemg.com.br\/regional-sede\/#organization\",\"name\":\"FIEMG\",\"url\":\"https:\/\/www.fiemg.com.br\/regional-sede\/\",\"logo\":{\"@type\":\"ImageObject\",\"inLanguage\":\"pt-BR\",\"@id\":\"https:\/\/www.fiemg.com.br\/regional-sede\/#\/schema\/logo\/image\/\",\"url\":\"https:\/\/www.fiemg.com.br\/regional-sede\/wp-content\/uploads\/sites\/21\/2023\/02\/Ativo-1.png\",\"contentUrl\":\"https:\/\/www.fiemg.com.br\/regional-sede\/wp-content\/uploads\/sites\/21\/2023\/02\/Ativo-1.png\",\"width\":563,\"height\":149,\"caption\":\"FIEMG\"},\"image\":{\"@id\":\"https:\/\/www.fiemg.com.br\/regional-sede\/#\/schema\/logo\/image\/\"}}]}<\/script>\n<!-- \/ Yoast SEO plugin. -->","yoast_head_json":{"title":"31\u00ba Minas Trend possibilita experi\u00eancias pr\u00e1ticas no mercado da moda, com a promo\u00e7\u00e3o de quatro oficinas gratuitas - FIEMG","robots":{"index":"index","follow":"follow","max-snippet":"max-snippet:-1","max-image-preview":"max-image-preview:large","max-video-preview":"max-video-preview:-1"},"canonical":"https:\/\/www.fiemg.com.br\/regional-sede\/noticias\/31o-minas-trend-possibilita-experiencias-praticas-no-mercado-da-moda-com-a-promocao-de-quatro-oficinas-gratuitas\/","og_locale":"pt_BR","og_type":"article","og_title":"31\u00ba Minas Trend possibilita experi\u00eancias pr\u00e1ticas no mercado da moda, com a promo\u00e7\u00e3o de quatro oficinas gratuitas - FIEMG","og_description":"Paralelamente aos desfiles, palestras e sal\u00e3o de neg\u00f3cios, o 31\u00ba Minas Trend promoveu quatro oficinas de produ\u00e7\u00e3o de moda ao longo dos tr\u00eas dias de evento, refor\u00e7ando a tem\u00e1tica desta edi\u00e7\u00e3o: \u201cOnde a Moda Movimenta o Mercado\u201d. As capacita\u00e7\u00f5es gratuitas, realizadas em parceria com o SENAI, versaram sobre t\u00e9cnicas de modelagem e acabamento, manuten\u00e7\u00e3o de [&hellip;]","og_url":"https:\/\/www.fiemg.com.br\/regional-sede\/noticias\/31o-minas-trend-possibilita-experiencias-praticas-no-mercado-da-moda-com-a-promocao-de-quatro-oficinas-gratuitas\/","og_site_name":"FIEMG","article_modified_time":"2024-04-22T18:16:13+00:00","og_image":[{"width":512,"height":512,"url":"https:\/\/www.fiemg.com.br\/regional-sede\/wp-content\/uploads\/sites\/21\/2024\/04\/Thumb-FIEMG-9.jpg","type":"image\/jpeg"}],"twitter_card":"summary_large_image","twitter_misc":{"Est. tempo de leitura":"4 minutos"},"schema":{"@context":"https:\/\/schema.org","@graph":[{"@type":"WebPage","@id":"https:\/\/www.fiemg.com.br\/regional-sede\/noticias\/31o-minas-trend-possibilita-experiencias-praticas-no-mercado-da-moda-com-a-promocao-de-quatro-oficinas-gratuitas\/","url":"https:\/\/www.fiemg.com.br\/regional-sede\/noticias\/31o-minas-trend-possibilita-experiencias-praticas-no-mercado-da-moda-com-a-promocao-de-quatro-oficinas-gratuitas\/","name":"31\u00ba Minas Trend possibilita experi\u00eancias pr\u00e1ticas no mercado da moda, com a promo\u00e7\u00e3o de quatro oficinas gratuitas - FIEMG","isPartOf":{"@id":"https:\/\/www.fiemg.com.br\/regional-sede\/#website"},"primaryImageOfPage":{"@id":"https:\/\/www.fiemg.com.br\/regional-sede\/noticias\/31o-minas-trend-possibilita-experiencias-praticas-no-mercado-da-moda-com-a-promocao-de-quatro-oficinas-gratuitas\/#primaryimage"},"image":{"@id":"https:\/\/www.fiemg.com.br\/regional-sede\/noticias\/31o-minas-trend-possibilita-experiencias-praticas-no-mercado-da-moda-com-a-promocao-de-quatro-oficinas-gratuitas\/#primaryimage"},"thumbnailUrl":"https:\/\/www.fiemg.com.br\/regional-sede\/wp-content\/uploads\/sites\/21\/2024\/04\/Thumb-FIEMG-9.jpg","datePublished":"2024-04-19T18:10:33+00:00","dateModified":"2024-04-22T18:16:13+00:00","breadcrumb":{"@id":"https:\/\/www.fiemg.com.br\/regional-sede\/noticias\/31o-minas-trend-possibilita-experiencias-praticas-no-mercado-da-moda-com-a-promocao-de-quatro-oficinas-gratuitas\/#breadcrumb"},"inLanguage":"pt-BR","potentialAction":[{"@type":"ReadAction","target":["https:\/\/www.fiemg.com.br\/regional-sede\/noticias\/31o-minas-trend-possibilita-experiencias-praticas-no-mercado-da-moda-com-a-promocao-de-quatro-oficinas-gratuitas\/"]}]},{"@type":"ImageObject","inLanguage":"pt-BR","@id":"https:\/\/www.fiemg.com.br\/regional-sede\/noticias\/31o-minas-trend-possibilita-experiencias-praticas-no-mercado-da-moda-com-a-promocao-de-quatro-oficinas-gratuitas\/#primaryimage","url":"https:\/\/www.fiemg.com.br\/regional-sede\/wp-content\/uploads\/sites\/21\/2024\/04\/Thumb-FIEMG-9.jpg","contentUrl":"https:\/\/www.fiemg.com.br\/regional-sede\/wp-content\/uploads\/sites\/21\/2024\/04\/Thumb-FIEMG-9.jpg","width":512,"height":512},{"@type":"BreadcrumbList","@id":"https:\/\/www.fiemg.com.br\/regional-sede\/noticias\/31o-minas-trend-possibilita-experiencias-praticas-no-mercado-da-moda-com-a-promocao-de-quatro-oficinas-gratuitas\/#breadcrumb","itemListElement":[{"@type":"ListItem","position":1,"name":"In\u00edcio","item":"https:\/\/www.fiemg.com.br\/regional-sede\/"},{"@type":"ListItem","position":2,"name":"31\u00ba Minas Trend possibilita experi\u00eancias pr\u00e1ticas no mercado da moda, com a promo\u00e7\u00e3o de quatro oficinas gratuitas"}]},{"@type":"WebSite","@id":"https:\/\/www.fiemg.com.br\/regional-sede\/#website","url":"https:\/\/www.fiemg.com.br\/regional-sede\/","name":"FIEMG","description":"Federa\u00e7\u00e3o das Ind\u00fastrias do Estado de Minas Gerais","publisher":{"@id":"https:\/\/www.fiemg.com.br\/regional-sede\/#organization"},"potentialAction":[{"@type":"SearchAction","target":{"@type":"EntryPoint","urlTemplate":"https:\/\/www.fiemg.com.br\/regional-sede\/?s={search_term_string}"},"query-input":{"@type":"PropertyValueSpecification","valueRequired":true,"valueName":"search_term_string"}}],"inLanguage":"pt-BR"},{"@type":"Organization","@id":"https:\/\/www.fiemg.com.br\/regional-sede\/#organization","name":"FIEMG","url":"https:\/\/www.fiemg.com.br\/regional-sede\/","logo":{"@type":"ImageObject","inLanguage":"pt-BR","@id":"https:\/\/www.fiemg.com.br\/regional-sede\/#\/schema\/logo\/image\/","url":"https:\/\/www.fiemg.com.br\/regional-sede\/wp-content\/uploads\/sites\/21\/2023\/02\/Ativo-1.png","contentUrl":"https:\/\/www.fiemg.com.br\/regional-sede\/wp-content\/uploads\/sites\/21\/2023\/02\/Ativo-1.png","width":563,"height":149,"caption":"FIEMG"},"image":{"@id":"https:\/\/www.fiemg.com.br\/regional-sede\/#\/schema\/logo\/image\/"}}]}},"_links":{"self":[{"href":"https:\/\/www.fiemg.com.br\/regional-sede\/wp-json\/wp\/v2\/noticias\/2946","targetHints":{"allow":["GET"]}}],"collection":[{"href":"https:\/\/www.fiemg.com.br\/regional-sede\/wp-json\/wp\/v2\/noticias"}],"about":[{"href":"https:\/\/www.fiemg.com.br\/regional-sede\/wp-json\/wp\/v2\/types\/noticias"}],"wp:featuredmedia":[{"embeddable":true,"href":"https:\/\/www.fiemg.com.br\/regional-sede\/wp-json\/wp\/v2\/media\/2947"}],"wp:attachment":[{"href":"https:\/\/www.fiemg.com.br\/regional-sede\/wp-json\/wp\/v2\/media?parent=2946"}],"wp:term":[{"taxonomy":"category","embeddable":true,"href":"https:\/\/www.fiemg.com.br\/regional-sede\/wp-json\/wp\/v2\/categories?post=2946"},{"taxonomy":"post_tag","embeddable":true,"href":"https:\/\/www.fiemg.com.br\/regional-sede\/wp-json\/wp\/v2\/tags?post=2946"}],"curies":[{"name":"wp","href":"https:\/\/api.w.org\/{rel}","templated":true}]}}