{"id":3035,"date":"2024-05-09T18:22:24","date_gmt":"2024-05-09T21:22:24","guid":{"rendered":"https:\/\/www.fiemg.com.br\/regional-sede\/noticias\/estacao-4-0-conexao-e-inovacao-em-belo-horizonte\/"},"modified":"2024-05-09T18:51:45","modified_gmt":"2024-05-09T21:51:45","slug":"estacao-4-0-conexao-e-inovacao-em-belo-horizonte","status":"publish","type":"noticias","link":"https:\/\/www.fiemg.com.br\/regional-sede\/noticias\/estacao-4-0-conexao-e-inovacao-em-belo-horizonte\/","title":{"rendered":"Esta\u00e7\u00e3o 4.0: conex\u00e3o e inova\u00e7\u00e3o em Belo Horizonte"},"content":{"rendered":"\n<p>Em 8 e 9 de maio, o P7 Criativo, no Centro de Belo Horizonte, recebeu o Esta\u00e7\u00e3o 4.0, um evento organizado pelo FIEMG Lab com o intuito de fortalecer a conex\u00e3o entre startups, ind\u00fastrias e o ecossistema de inova\u00e7\u00e3o. Considerado um dos maiores encontros do setor, o evento contou com a participa\u00e7\u00e3o de representantes de 47 startups de diversos segmentos industriais, que se reuniram em aproximadamente 48 mesas de conex\u00e3o, totalizando 417 encontros de neg\u00f3cios.<\/p>\n\n\n\n<p>Bruna Silva, coordenadora do FIEMG Lab, destacou a import\u00e2ncia do evento para demonstrar que a inova\u00e7\u00e3o vai al\u00e9m do discurso. &#8220;As ind\u00fastrias est\u00e3o realmente aplicando a inova\u00e7\u00e3o em suas opera\u00e7\u00f5es, buscando n\u00e3o apenas novos processos para melhor efici\u00eancia e seguran\u00e7a, mas tamb\u00e9m alinhamento com os conceitos de ESG&#8221;, explicou Bruna. Segundo ela, a Esta\u00e7\u00e3o 4.0 oferece uma plataforma essencial para que as ind\u00fastrias possam encontrar startups que ajudem a enfrentar seus desafios e promovam a implementa\u00e7\u00e3o efetiva da inova\u00e7\u00e3o.<\/p>\n\n\n\n<p>Gustavo Macena, superintendente do Instituto Euvaldo Lodi (IEL) e presidente do P7 Criativo, deu boas-vindas aos representantes das startups participantes e de 30 empresas dos setores farmac\u00eautico, minera\u00e7\u00e3o, metalurgia, engenharia e automobil\u00edstico. Juntas, elas participaram dos Speed Dating, que s\u00e3o rodadas de neg\u00f3cios de cerca de 20 minutos.<\/p>\n\n\n\n<figure class=\"wp-block-image alignleft size-full is-resized\"><img fetchpriority=\"high\" decoding=\"async\" width=\"512\" height=\"512\" src=\"https:\/\/www.fiemg.com.br\/regional-sede\/wp-content\/uploads\/sites\/21\/2024\/05\/macena_interna.jpeg\" alt=\"\" class=\"wp-image-3038\" style=\"width:294px;height:auto\" srcset=\"https:\/\/www.fiemg.com.br\/regional-sede\/wp-content\/uploads\/sites\/21\/2024\/05\/macena_interna.jpeg 512w, https:\/\/www.fiemg.com.br\/regional-sede\/wp-content\/uploads\/sites\/21\/2024\/05\/macena_interna-300x300.jpeg 300w, https:\/\/www.fiemg.com.br\/regional-sede\/wp-content\/uploads\/sites\/21\/2024\/05\/macena_interna-150x150.jpeg 150w\" sizes=\"(max-width: 512px) 100vw, 512px\" \/><\/figure>\n\n\n\n<p>Macena celebrou o crescimento e reconhecimento conquistados pelo FIEMG Lab no mercado. Lan\u00e7ado em 2017, o programa j\u00e1 acelerou mais 300 startups e gerou mais de R$ 110 milh\u00f5es em novos neg\u00f3cios. \u201c\u00c9 por causa de voc\u00eas que o FIEMG Lab est\u00e1 na dianteira por promover de fato uma real conex\u00e3o entre as startups e o desenvolvimento da ind\u00fastria. Se n\u00e3o houver isso, n\u00e3o faz sentido\u201d, disse.<\/p>\n\n\n\n<p>Na mesma dire\u00e7\u00e3o de Gustavo Macena, Mariana Yazbeck, gerente de Inova\u00e7\u00e3o Aberta do IEL, acredita que o n\u00edvel de excel\u00eancia do FIEMG Lab est\u00e1 atrelado, entre outros motivos, \u00e0 participa\u00e7\u00e3o das empresas e startups e ao trabalho da equipe do programa. \u201cPor isso \u00e9 importante a gente seguir ouvindo quais s\u00e3o os desafios do setor industrial que a gente possa continuar mantendo esse programa como refer\u00eancia e inspira\u00e7\u00e3o, apoiando a ind\u00fastria e as startups para cada vez mais agregar valor para o ecossistema de inova\u00e7\u00e3o\u201d.<\/p>\n\n\n\n<p>A programa\u00e7\u00e3o do Esta\u00e7\u00e3o 4.0 contou com as seguintes atra\u00e7\u00f5es: Founders Day, um momento de fomento \u00e0 troca de conhecimentos e fortalecimento da comunidade empreendedora. A Jornada 4.0, que oferece uma experi\u00eancia gamificada de desenvolvimento de habilidades essenciais na ind\u00fastria 4.0, combinando teoria e pr\u00e1tica. O Encontro entre Startups, que criou um espa\u00e7o para intera\u00e7\u00e3o e troca de experi\u00eancias, enquanto o Speed Dating promoveu encontros r\u00e1pidos de 20 minutos para potencializar oportunidades de neg\u00f3cios entre startups e ind\u00fastrias. Juntas, essas atividades propuseram estimular o progresso e a inova\u00e7\u00e3o no cen\u00e1rio industrial brasileiro.<\/p>\n\n\n\n<p>\u201c\u00c9 um evento incr\u00edvel e uma grande oportunidade de fazermos conex\u00f5es com as ind\u00fastrias do futuro que o FIEMG Lab nos apresenta\u201d, ressaltou Junio Magela, CEO da startup ESGscan, pontuando que toda a experi\u00eancia com o FIEMG Lab tem sido uma grata surpresa.<\/p>\n\n\n\n<p>\u201cEstamos fazendo muitas intera\u00e7\u00f5es e o Esta\u00e7\u00e3o 4.0 re\u00fane, em s\u00f3 lugar, inova\u00e7\u00e3o, tecnologia e muita conex\u00e3o\u201d. A ESGscan \u00e9 especializada em relat\u00f3rio de riscos ESG para grandes, pequenas e m\u00e9dias empresas. \u201cMostramos como os empreendimentos podem monitorar toda a sua cadeia de produ\u00e7\u00e3o de acordo com as pol\u00edticas de ESG estabelecidas\u201d, contou.<br><\/p>\n\n\n\n<figure class=\"wp-block-image aligncenter size-large\"><img decoding=\"async\" width=\"1024\" height=\"396\" src=\"https:\/\/www.fiemg.com.br\/regional-sede\/wp-content\/uploads\/sites\/21\/2024\/05\/fiemg-lab_interna_1-1024x396.jpeg\" alt=\"Esta\u00e7\u00e3o 4.0: conex\u00e3o e inova\u00e7\u00e3o em Belo Horizonte\" class=\"wp-image-3037\" srcset=\"https:\/\/www.fiemg.com.br\/regional-sede\/wp-content\/uploads\/sites\/21\/2024\/05\/fiemg-lab_interna_1-1024x396.jpeg 1024w, https:\/\/www.fiemg.com.br\/regional-sede\/wp-content\/uploads\/sites\/21\/2024\/05\/fiemg-lab_interna_1-300x116.jpeg 300w, https:\/\/www.fiemg.com.br\/regional-sede\/wp-content\/uploads\/sites\/21\/2024\/05\/fiemg-lab_interna_1-768x297.jpeg 768w, https:\/\/www.fiemg.com.br\/regional-sede\/wp-content\/uploads\/sites\/21\/2024\/05\/fiemg-lab_interna_1.jpeg 1080w\" sizes=\"(max-width: 1024px) 100vw, 1024px\" \/><\/figure>\n\n\n\n<p>Clique <a href=\"https:\/\/www.flickr.com\/photos\/sistemafiemg\/albums\/72177720316788685\/\" target=\"_blank\" rel=\"noreferrer noopener\"><strong>aqui<\/strong><\/a> e veja mais fotos do evento<\/p>\n\n\n\n<p><em>Denise Luca e Rafael Passos<br><\/em><strong>Imprensa FIEMG<\/strong><\/p>\n","protected":false},"featured_media":3036,"template":"","categories":[15],"tags":[404,119,80,357,121],"class_list":["post-3035","noticias","type-noticias","status-publish","has-post-thumbnail","hentry","category-desenvolvimento-industrial","tag-bh","tag-fiemg-lab","tag-industria","tag-inovacao-2","tag-startup"],"acf":[],"yoast_head":"<!-- This site is optimized with the Yoast SEO plugin v26.2 - https:\/\/yoast.com\/wordpress\/plugins\/seo\/ -->\n<title>Esta\u00e7\u00e3o 4.0: conex\u00e3o e inova\u00e7\u00e3o em Belo Horizonte - FIEMG<\/title>\n<meta name=\"description\" content=\"Evento promovido pelo FIEMG Lab re\u00fane startups e ind\u00fastrias para fomentar a neg\u00f3cios no cora\u00e7\u00e3o da capital mineira\" \/>\n<meta name=\"robots\" content=\"index, follow, max-snippet:-1, max-image-preview:large, max-video-preview:-1\" \/>\n<link rel=\"canonical\" href=\"https:\/\/www.fiemg.com.br\/regional-sede\/noticias\/estacao-4-0-conexao-e-inovacao-em-belo-horizonte\/\" \/>\n<meta property=\"og:locale\" content=\"pt_BR\" \/>\n<meta property=\"og:type\" content=\"article\" \/>\n<meta property=\"og:title\" content=\"Esta\u00e7\u00e3o 4.0: conex\u00e3o e inova\u00e7\u00e3o em Belo Horizonte - FIEMG\" \/>\n<meta property=\"og:description\" content=\"Evento promovido pelo FIEMG Lab re\u00fane startups e ind\u00fastrias para fomentar a neg\u00f3cios no cora\u00e7\u00e3o da capital mineira\" \/>\n<meta property=\"og:url\" content=\"https:\/\/www.fiemg.com.br\/regional-sede\/noticias\/estacao-4-0-conexao-e-inovacao-em-belo-horizonte\/\" \/>\n<meta property=\"og:site_name\" content=\"FIEMG\" \/>\n<meta property=\"article:modified_time\" content=\"2024-05-09T21:51:45+00:00\" \/>\n<meta property=\"og:image\" content=\"https:\/\/www.fiemg.com.br\/regional-sede\/wp-content\/uploads\/sites\/21\/2024\/05\/fiemg-lab_thumb.jpeg\" \/>\n\t<meta property=\"og:image:width\" content=\"512\" \/>\n\t<meta property=\"og:image:height\" content=\"512\" \/>\n\t<meta property=\"og:image:type\" content=\"image\/jpeg\" \/>\n<meta name=\"twitter:card\" content=\"summary_large_image\" \/>\n<meta name=\"twitter:label1\" content=\"Est. tempo de leitura\" \/>\n\t<meta name=\"twitter:data1\" content=\"4 minutos\" \/>\n<script type=\"application\/ld+json\" class=\"yoast-schema-graph\">{\"@context\":\"https:\/\/schema.org\",\"@graph\":[{\"@type\":\"WebPage\",\"@id\":\"https:\/\/www.fiemg.com.br\/regional-sede\/noticias\/estacao-4-0-conexao-e-inovacao-em-belo-horizonte\/\",\"url\":\"https:\/\/www.fiemg.com.br\/regional-sede\/noticias\/estacao-4-0-conexao-e-inovacao-em-belo-horizonte\/\",\"name\":\"Esta\u00e7\u00e3o 4.0: conex\u00e3o e inova\u00e7\u00e3o em Belo Horizonte - FIEMG\",\"isPartOf\":{\"@id\":\"https:\/\/www.fiemg.com.br\/regional-sede\/#website\"},\"primaryImageOfPage\":{\"@id\":\"https:\/\/www.fiemg.com.br\/regional-sede\/noticias\/estacao-4-0-conexao-e-inovacao-em-belo-horizonte\/#primaryimage\"},\"image\":{\"@id\":\"https:\/\/www.fiemg.com.br\/regional-sede\/noticias\/estacao-4-0-conexao-e-inovacao-em-belo-horizonte\/#primaryimage\"},\"thumbnailUrl\":\"https:\/\/www.fiemg.com.br\/regional-sede\/wp-content\/uploads\/sites\/21\/2024\/05\/fiemg-lab_thumb.jpeg\",\"datePublished\":\"2024-05-09T21:22:24+00:00\",\"dateModified\":\"2024-05-09T21:51:45+00:00\",\"description\":\"Evento promovido pelo FIEMG Lab re\u00fane startups e ind\u00fastrias para fomentar a neg\u00f3cios no cora\u00e7\u00e3o da capital mineira\",\"breadcrumb\":{\"@id\":\"https:\/\/www.fiemg.com.br\/regional-sede\/noticias\/estacao-4-0-conexao-e-inovacao-em-belo-horizonte\/#breadcrumb\"},\"inLanguage\":\"pt-BR\",\"potentialAction\":[{\"@type\":\"ReadAction\",\"target\":[\"https:\/\/www.fiemg.com.br\/regional-sede\/noticias\/estacao-4-0-conexao-e-inovacao-em-belo-horizonte\/\"]}]},{\"@type\":\"ImageObject\",\"inLanguage\":\"pt-BR\",\"@id\":\"https:\/\/www.fiemg.com.br\/regional-sede\/noticias\/estacao-4-0-conexao-e-inovacao-em-belo-horizonte\/#primaryimage\",\"url\":\"https:\/\/www.fiemg.com.br\/regional-sede\/wp-content\/uploads\/sites\/21\/2024\/05\/fiemg-lab_thumb.jpeg\",\"contentUrl\":\"https:\/\/www.fiemg.com.br\/regional-sede\/wp-content\/uploads\/sites\/21\/2024\/05\/fiemg-lab_thumb.jpeg\",\"width\":512,\"height\":512,\"caption\":\"Esta\u00e7\u00e3o 4.0: conex\u00e3o e inova\u00e7\u00e3o em Belo Horizonte\"},{\"@type\":\"BreadcrumbList\",\"@id\":\"https:\/\/www.fiemg.com.br\/regional-sede\/noticias\/estacao-4-0-conexao-e-inovacao-em-belo-horizonte\/#breadcrumb\",\"itemListElement\":[{\"@type\":\"ListItem\",\"position\":1,\"name\":\"In\u00edcio\",\"item\":\"https:\/\/www.fiemg.com.br\/regional-sede\/\"},{\"@type\":\"ListItem\",\"position\":2,\"name\":\"Esta\u00e7\u00e3o 4.0: conex\u00e3o e inova\u00e7\u00e3o em Belo Horizonte\"}]},{\"@type\":\"WebSite\",\"@id\":\"https:\/\/www.fiemg.com.br\/regional-sede\/#website\",\"url\":\"https:\/\/www.fiemg.com.br\/regional-sede\/\",\"name\":\"FIEMG\",\"description\":\"Federa\u00e7\u00e3o das Ind\u00fastrias do Estado de Minas Gerais\",\"publisher\":{\"@id\":\"https:\/\/www.fiemg.com.br\/regional-sede\/#organization\"},\"potentialAction\":[{\"@type\":\"SearchAction\",\"target\":{\"@type\":\"EntryPoint\",\"urlTemplate\":\"https:\/\/www.fiemg.com.br\/regional-sede\/?s={search_term_string}\"},\"query-input\":{\"@type\":\"PropertyValueSpecification\",\"valueRequired\":true,\"valueName\":\"search_term_string\"}}],\"inLanguage\":\"pt-BR\"},{\"@type\":\"Organization\",\"@id\":\"https:\/\/www.fiemg.com.br\/regional-sede\/#organization\",\"name\":\"FIEMG\",\"url\":\"https:\/\/www.fiemg.com.br\/regional-sede\/\",\"logo\":{\"@type\":\"ImageObject\",\"inLanguage\":\"pt-BR\",\"@id\":\"https:\/\/www.fiemg.com.br\/regional-sede\/#\/schema\/logo\/image\/\",\"url\":\"https:\/\/www.fiemg.com.br\/regional-sede\/wp-content\/uploads\/sites\/21\/2023\/02\/Ativo-1.png\",\"contentUrl\":\"https:\/\/www.fiemg.com.br\/regional-sede\/wp-content\/uploads\/sites\/21\/2023\/02\/Ativo-1.png\",\"width\":563,\"height\":149,\"caption\":\"FIEMG\"},\"image\":{\"@id\":\"https:\/\/www.fiemg.com.br\/regional-sede\/#\/schema\/logo\/image\/\"}}]}<\/script>\n<!-- \/ Yoast SEO plugin. -->","yoast_head_json":{"title":"Esta\u00e7\u00e3o 4.0: conex\u00e3o e inova\u00e7\u00e3o em Belo Horizonte - FIEMG","description":"Evento promovido pelo FIEMG Lab re\u00fane startups e ind\u00fastrias para fomentar a neg\u00f3cios no cora\u00e7\u00e3o da capital mineira","robots":{"index":"index","follow":"follow","max-snippet":"max-snippet:-1","max-image-preview":"max-image-preview:large","max-video-preview":"max-video-preview:-1"},"canonical":"https:\/\/www.fiemg.com.br\/regional-sede\/noticias\/estacao-4-0-conexao-e-inovacao-em-belo-horizonte\/","og_locale":"pt_BR","og_type":"article","og_title":"Esta\u00e7\u00e3o 4.0: conex\u00e3o e inova\u00e7\u00e3o em Belo Horizonte - FIEMG","og_description":"Evento promovido pelo FIEMG Lab re\u00fane startups e ind\u00fastrias para fomentar a neg\u00f3cios no cora\u00e7\u00e3o da capital mineira","og_url":"https:\/\/www.fiemg.com.br\/regional-sede\/noticias\/estacao-4-0-conexao-e-inovacao-em-belo-horizonte\/","og_site_name":"FIEMG","article_modified_time":"2024-05-09T21:51:45+00:00","og_image":[{"width":512,"height":512,"url":"https:\/\/www.fiemg.com.br\/regional-sede\/wp-content\/uploads\/sites\/21\/2024\/05\/fiemg-lab_thumb.jpeg","type":"image\/jpeg"}],"twitter_card":"summary_large_image","twitter_misc":{"Est. tempo de leitura":"4 minutos"},"schema":{"@context":"https:\/\/schema.org","@graph":[{"@type":"WebPage","@id":"https:\/\/www.fiemg.com.br\/regional-sede\/noticias\/estacao-4-0-conexao-e-inovacao-em-belo-horizonte\/","url":"https:\/\/www.fiemg.com.br\/regional-sede\/noticias\/estacao-4-0-conexao-e-inovacao-em-belo-horizonte\/","name":"Esta\u00e7\u00e3o 4.0: conex\u00e3o e inova\u00e7\u00e3o em Belo Horizonte - FIEMG","isPartOf":{"@id":"https:\/\/www.fiemg.com.br\/regional-sede\/#website"},"primaryImageOfPage":{"@id":"https:\/\/www.fiemg.com.br\/regional-sede\/noticias\/estacao-4-0-conexao-e-inovacao-em-belo-horizonte\/#primaryimage"},"image":{"@id":"https:\/\/www.fiemg.com.br\/regional-sede\/noticias\/estacao-4-0-conexao-e-inovacao-em-belo-horizonte\/#primaryimage"},"thumbnailUrl":"https:\/\/www.fiemg.com.br\/regional-sede\/wp-content\/uploads\/sites\/21\/2024\/05\/fiemg-lab_thumb.jpeg","datePublished":"2024-05-09T21:22:24+00:00","dateModified":"2024-05-09T21:51:45+00:00","description":"Evento promovido pelo FIEMG Lab re\u00fane startups e ind\u00fastrias para fomentar a neg\u00f3cios no cora\u00e7\u00e3o da capital mineira","breadcrumb":{"@id":"https:\/\/www.fiemg.com.br\/regional-sede\/noticias\/estacao-4-0-conexao-e-inovacao-em-belo-horizonte\/#breadcrumb"},"inLanguage":"pt-BR","potentialAction":[{"@type":"ReadAction","target":["https:\/\/www.fiemg.com.br\/regional-sede\/noticias\/estacao-4-0-conexao-e-inovacao-em-belo-horizonte\/"]}]},{"@type":"ImageObject","inLanguage":"pt-BR","@id":"https:\/\/www.fiemg.com.br\/regional-sede\/noticias\/estacao-4-0-conexao-e-inovacao-em-belo-horizonte\/#primaryimage","url":"https:\/\/www.fiemg.com.br\/regional-sede\/wp-content\/uploads\/sites\/21\/2024\/05\/fiemg-lab_thumb.jpeg","contentUrl":"https:\/\/www.fiemg.com.br\/regional-sede\/wp-content\/uploads\/sites\/21\/2024\/05\/fiemg-lab_thumb.jpeg","width":512,"height":512,"caption":"Esta\u00e7\u00e3o 4.0: conex\u00e3o e inova\u00e7\u00e3o em Belo Horizonte"},{"@type":"BreadcrumbList","@id":"https:\/\/www.fiemg.com.br\/regional-sede\/noticias\/estacao-4-0-conexao-e-inovacao-em-belo-horizonte\/#breadcrumb","itemListElement":[{"@type":"ListItem","position":1,"name":"In\u00edcio","item":"https:\/\/www.fiemg.com.br\/regional-sede\/"},{"@type":"ListItem","position":2,"name":"Esta\u00e7\u00e3o 4.0: conex\u00e3o e inova\u00e7\u00e3o em Belo Horizonte"}]},{"@type":"WebSite","@id":"https:\/\/www.fiemg.com.br\/regional-sede\/#website","url":"https:\/\/www.fiemg.com.br\/regional-sede\/","name":"FIEMG","description":"Federa\u00e7\u00e3o das Ind\u00fastrias do Estado de Minas Gerais","publisher":{"@id":"https:\/\/www.fiemg.com.br\/regional-sede\/#organization"},"potentialAction":[{"@type":"SearchAction","target":{"@type":"EntryPoint","urlTemplate":"https:\/\/www.fiemg.com.br\/regional-sede\/?s={search_term_string}"},"query-input":{"@type":"PropertyValueSpecification","valueRequired":true,"valueName":"search_term_string"}}],"inLanguage":"pt-BR"},{"@type":"Organization","@id":"https:\/\/www.fiemg.com.br\/regional-sede\/#organization","name":"FIEMG","url":"https:\/\/www.fiemg.com.br\/regional-sede\/","logo":{"@type":"ImageObject","inLanguage":"pt-BR","@id":"https:\/\/www.fiemg.com.br\/regional-sede\/#\/schema\/logo\/image\/","url":"https:\/\/www.fiemg.com.br\/regional-sede\/wp-content\/uploads\/sites\/21\/2023\/02\/Ativo-1.png","contentUrl":"https:\/\/www.fiemg.com.br\/regional-sede\/wp-content\/uploads\/sites\/21\/2023\/02\/Ativo-1.png","width":563,"height":149,"caption":"FIEMG"},"image":{"@id":"https:\/\/www.fiemg.com.br\/regional-sede\/#\/schema\/logo\/image\/"}}]}},"_links":{"self":[{"href":"https:\/\/www.fiemg.com.br\/regional-sede\/wp-json\/wp\/v2\/noticias\/3035","targetHints":{"allow":["GET"]}}],"collection":[{"href":"https:\/\/www.fiemg.com.br\/regional-sede\/wp-json\/wp\/v2\/noticias"}],"about":[{"href":"https:\/\/www.fiemg.com.br\/regional-sede\/wp-json\/wp\/v2\/types\/noticias"}],"wp:featuredmedia":[{"embeddable":true,"href":"https:\/\/www.fiemg.com.br\/regional-sede\/wp-json\/wp\/v2\/media\/3036"}],"wp:attachment":[{"href":"https:\/\/www.fiemg.com.br\/regional-sede\/wp-json\/wp\/v2\/media?parent=3035"}],"wp:term":[{"taxonomy":"category","embeddable":true,"href":"https:\/\/www.fiemg.com.br\/regional-sede\/wp-json\/wp\/v2\/categories?post=3035"},{"taxonomy":"post_tag","embeddable":true,"href":"https:\/\/www.fiemg.com.br\/regional-sede\/wp-json\/wp\/v2\/tags?post=3035"}],"curies":[{"name":"wp","href":"https:\/\/api.w.org\/{rel}","templated":true}]}}