{"id":3115,"date":"2024-05-24T16:17:45","date_gmt":"2024-05-24T19:17:45","guid":{"rendered":"https:\/\/www.fiemg.com.br\/regional-sede\/noticias\/conselho-tributario-discute-propostas-para-regulamentacao-da-reforma-tributaria\/"},"modified":"2024-05-24T16:20:19","modified_gmt":"2024-05-24T19:20:19","slug":"conselho-tributario-discute-propostas-para-regulamentacao-da-reforma-tributaria","status":"publish","type":"noticias","link":"https:\/\/www.fiemg.com.br\/regional-sede\/noticias\/conselho-tributario-discute-propostas-para-regulamentacao-da-reforma-tributaria\/","title":{"rendered":"Conselho discute propostas para regulamenta\u00e7\u00e3o da Reforma Tribut\u00e1ria"},"content":{"rendered":"\n<p><\/p>\n\n\n\n<p>Em reuni\u00e3o extraordin\u00e1ria realizada na \u00faltima quinta-feira (23\/05), o Conselho Tribut\u00e1rio da FIEMG debateu o Projeto de Lei Complementar n\u00b0 68\/2024, que regulamenta a Reforma Tribut\u00e1ria aprovada no final do ano passado, e as sugest\u00f5es apresentadas pelos grupos de trabalho do colegiado de mudan\u00e7as no texto em tramita\u00e7\u00e3o no Congresso Nacional.<\/p>\n\n\n\n<p>Desde a entrega do PLC 68\/2024 pelo Executivo ao Legislativo, o Conselho Tribut\u00e1rio da FIEMG est\u00e1 se debru\u00e7ando sobre o texto no sentido de analisar as propostas, identificar problemas e propor altera\u00e7\u00f5es no texto para debate na C\u00e2mara dos Deputados.<\/p>\n\n\n\n<p>Al\u00e9m disso, a reuni\u00e3o tratou ainda da Medida Provis\u00f3ria 1.202\/2023, que alterou o artigo 74-A da Lei n\u00ba 9.430\/96, incluindo algumas travas no aproveitamento de cr\u00e9ditos decorrentes de a\u00e7\u00f5es judiciais; e tamb\u00e9m a incid\u00eancia de ICMS nas opera\u00e7\u00f5es de transfer\u00eancias.<\/p>\n\n\n\n<p><em>Tha\u00eds Mota<\/em><br><strong>Imprensa FIEMG<\/strong><\/p>\n","protected":false},"featured_media":3116,"template":"","categories":[299],"tags":[],"class_list":["post-3115","noticias","type-noticias","status-publish","has-post-thumbnail","hentry","category-associativismo"],"acf":[],"yoast_head":"<!-- This site is optimized with the Yoast SEO plugin v26.2 - https:\/\/yoast.com\/wordpress\/plugins\/seo\/ -->\n<title>Conselho discute propostas para regulamenta\u00e7\u00e3o da Reforma Tribut\u00e1ria - FIEMG<\/title>\n<meta name=\"description\" content=\"Colegiado criou grupos de trabalho para analisar o Projeto de Lei Complementar n\u00b0 68\/2024, de autoria do Executivo\" \/>\n<meta name=\"robots\" content=\"index, follow, max-snippet:-1, max-image-preview:large, max-video-preview:-1\" \/>\n<link rel=\"canonical\" href=\"https:\/\/www.fiemg.com.br\/regional-sede\/noticias\/conselho-tributario-discute-propostas-para-regulamentacao-da-reforma-tributaria\/\" \/>\n<meta property=\"og:locale\" content=\"pt_BR\" \/>\n<meta property=\"og:type\" content=\"article\" \/>\n<meta property=\"og:title\" content=\"Conselho discute propostas para regulamenta\u00e7\u00e3o da Reforma Tribut\u00e1ria - FIEMG\" \/>\n<meta property=\"og:description\" content=\"Colegiado criou grupos de trabalho para analisar o Projeto de Lei Complementar n\u00b0 68\/2024, de autoria do Executivo\" \/>\n<meta property=\"og:url\" content=\"https:\/\/www.fiemg.com.br\/regional-sede\/noticias\/conselho-tributario-discute-propostas-para-regulamentacao-da-reforma-tributaria\/\" \/>\n<meta property=\"og:site_name\" content=\"FIEMG\" \/>\n<meta property=\"article:modified_time\" content=\"2024-05-24T19:20:19+00:00\" \/>\n<meta property=\"og:image\" content=\"https:\/\/www.fiemg.com.br\/regional-sede\/wp-content\/uploads\/sites\/21\/2024\/05\/Conselho-Tributario-maio-2024-1.jpg\" \/>\n\t<meta property=\"og:image:width\" content=\"512\" \/>\n\t<meta property=\"og:image:height\" content=\"512\" \/>\n\t<meta property=\"og:image:type\" content=\"image\/jpeg\" \/>\n<meta name=\"twitter:card\" content=\"summary_large_image\" \/>\n<meta name=\"twitter:label1\" content=\"Est. tempo de leitura\" \/>\n\t<meta name=\"twitter:data1\" content=\"1 minuto\" \/>\n<script type=\"application\/ld+json\" class=\"yoast-schema-graph\">{\"@context\":\"https:\/\/schema.org\",\"@graph\":[{\"@type\":\"WebPage\",\"@id\":\"https:\/\/www.fiemg.com.br\/regional-sede\/noticias\/conselho-tributario-discute-propostas-para-regulamentacao-da-reforma-tributaria\/\",\"url\":\"https:\/\/www.fiemg.com.br\/regional-sede\/noticias\/conselho-tributario-discute-propostas-para-regulamentacao-da-reforma-tributaria\/\",\"name\":\"Conselho discute propostas para regulamenta\u00e7\u00e3o da Reforma Tribut\u00e1ria - FIEMG\",\"isPartOf\":{\"@id\":\"https:\/\/www.fiemg.com.br\/regional-sede\/#website\"},\"primaryImageOfPage\":{\"@id\":\"https:\/\/www.fiemg.com.br\/regional-sede\/noticias\/conselho-tributario-discute-propostas-para-regulamentacao-da-reforma-tributaria\/#primaryimage\"},\"image\":{\"@id\":\"https:\/\/www.fiemg.com.br\/regional-sede\/noticias\/conselho-tributario-discute-propostas-para-regulamentacao-da-reforma-tributaria\/#primaryimage\"},\"thumbnailUrl\":\"https:\/\/www.fiemg.com.br\/regional-sede\/wp-content\/uploads\/sites\/21\/2024\/05\/Conselho-Tributario-maio-2024-1.jpg\",\"datePublished\":\"2024-05-24T19:17:45+00:00\",\"dateModified\":\"2024-05-24T19:20:19+00:00\",\"description\":\"Colegiado criou grupos de trabalho para analisar o Projeto de Lei Complementar n\u00b0 68\/2024, de autoria do Executivo\",\"breadcrumb\":{\"@id\":\"https:\/\/www.fiemg.com.br\/regional-sede\/noticias\/conselho-tributario-discute-propostas-para-regulamentacao-da-reforma-tributaria\/#breadcrumb\"},\"inLanguage\":\"pt-BR\",\"potentialAction\":[{\"@type\":\"ReadAction\",\"target\":[\"https:\/\/www.fiemg.com.br\/regional-sede\/noticias\/conselho-tributario-discute-propostas-para-regulamentacao-da-reforma-tributaria\/\"]}]},{\"@type\":\"ImageObject\",\"inLanguage\":\"pt-BR\",\"@id\":\"https:\/\/www.fiemg.com.br\/regional-sede\/noticias\/conselho-tributario-discute-propostas-para-regulamentacao-da-reforma-tributaria\/#primaryimage\",\"url\":\"https:\/\/www.fiemg.com.br\/regional-sede\/wp-content\/uploads\/sites\/21\/2024\/05\/Conselho-Tributario-maio-2024-1.jpg\",\"contentUrl\":\"https:\/\/www.fiemg.com.br\/regional-sede\/wp-content\/uploads\/sites\/21\/2024\/05\/Conselho-Tributario-maio-2024-1.jpg\",\"width\":512,\"height\":512},{\"@type\":\"BreadcrumbList\",\"@id\":\"https:\/\/www.fiemg.com.br\/regional-sede\/noticias\/conselho-tributario-discute-propostas-para-regulamentacao-da-reforma-tributaria\/#breadcrumb\",\"itemListElement\":[{\"@type\":\"ListItem\",\"position\":1,\"name\":\"In\u00edcio\",\"item\":\"https:\/\/www.fiemg.com.br\/regional-sede\/\"},{\"@type\":\"ListItem\",\"position\":2,\"name\":\"Conselho discute propostas para regulamenta\u00e7\u00e3o da Reforma Tribut\u00e1ria\"}]},{\"@type\":\"WebSite\",\"@id\":\"https:\/\/www.fiemg.com.br\/regional-sede\/#website\",\"url\":\"https:\/\/www.fiemg.com.br\/regional-sede\/\",\"name\":\"FIEMG\",\"description\":\"Federa\u00e7\u00e3o das Ind\u00fastrias do Estado de Minas Gerais\",\"publisher\":{\"@id\":\"https:\/\/www.fiemg.com.br\/regional-sede\/#organization\"},\"potentialAction\":[{\"@type\":\"SearchAction\",\"target\":{\"@type\":\"EntryPoint\",\"urlTemplate\":\"https:\/\/www.fiemg.com.br\/regional-sede\/?s={search_term_string}\"},\"query-input\":{\"@type\":\"PropertyValueSpecification\",\"valueRequired\":true,\"valueName\":\"search_term_string\"}}],\"inLanguage\":\"pt-BR\"},{\"@type\":\"Organization\",\"@id\":\"https:\/\/www.fiemg.com.br\/regional-sede\/#organization\",\"name\":\"FIEMG\",\"url\":\"https:\/\/www.fiemg.com.br\/regional-sede\/\",\"logo\":{\"@type\":\"ImageObject\",\"inLanguage\":\"pt-BR\",\"@id\":\"https:\/\/www.fiemg.com.br\/regional-sede\/#\/schema\/logo\/image\/\",\"url\":\"https:\/\/www.fiemg.com.br\/regional-sede\/wp-content\/uploads\/sites\/21\/2023\/02\/Ativo-1.png\",\"contentUrl\":\"https:\/\/www.fiemg.com.br\/regional-sede\/wp-content\/uploads\/sites\/21\/2023\/02\/Ativo-1.png\",\"width\":563,\"height\":149,\"caption\":\"FIEMG\"},\"image\":{\"@id\":\"https:\/\/www.fiemg.com.br\/regional-sede\/#\/schema\/logo\/image\/\"}}]}<\/script>\n<!-- \/ Yoast SEO plugin. -->","yoast_head_json":{"title":"Conselho discute propostas para regulamenta\u00e7\u00e3o da Reforma Tribut\u00e1ria - FIEMG","description":"Colegiado criou grupos de trabalho para analisar o Projeto de Lei Complementar n\u00b0 68\/2024, de autoria do Executivo","robots":{"index":"index","follow":"follow","max-snippet":"max-snippet:-1","max-image-preview":"max-image-preview:large","max-video-preview":"max-video-preview:-1"},"canonical":"https:\/\/www.fiemg.com.br\/regional-sede\/noticias\/conselho-tributario-discute-propostas-para-regulamentacao-da-reforma-tributaria\/","og_locale":"pt_BR","og_type":"article","og_title":"Conselho discute propostas para regulamenta\u00e7\u00e3o da Reforma Tribut\u00e1ria - FIEMG","og_description":"Colegiado criou grupos de trabalho para analisar o Projeto de Lei Complementar n\u00b0 68\/2024, de autoria do Executivo","og_url":"https:\/\/www.fiemg.com.br\/regional-sede\/noticias\/conselho-tributario-discute-propostas-para-regulamentacao-da-reforma-tributaria\/","og_site_name":"FIEMG","article_modified_time":"2024-05-24T19:20:19+00:00","og_image":[{"width":512,"height":512,"url":"https:\/\/www.fiemg.com.br\/regional-sede\/wp-content\/uploads\/sites\/21\/2024\/05\/Conselho-Tributario-maio-2024-1.jpg","type":"image\/jpeg"}],"twitter_card":"summary_large_image","twitter_misc":{"Est. tempo de leitura":"1 minuto"},"schema":{"@context":"https:\/\/schema.org","@graph":[{"@type":"WebPage","@id":"https:\/\/www.fiemg.com.br\/regional-sede\/noticias\/conselho-tributario-discute-propostas-para-regulamentacao-da-reforma-tributaria\/","url":"https:\/\/www.fiemg.com.br\/regional-sede\/noticias\/conselho-tributario-discute-propostas-para-regulamentacao-da-reforma-tributaria\/","name":"Conselho discute propostas para regulamenta\u00e7\u00e3o da Reforma Tribut\u00e1ria - FIEMG","isPartOf":{"@id":"https:\/\/www.fiemg.com.br\/regional-sede\/#website"},"primaryImageOfPage":{"@id":"https:\/\/www.fiemg.com.br\/regional-sede\/noticias\/conselho-tributario-discute-propostas-para-regulamentacao-da-reforma-tributaria\/#primaryimage"},"image":{"@id":"https:\/\/www.fiemg.com.br\/regional-sede\/noticias\/conselho-tributario-discute-propostas-para-regulamentacao-da-reforma-tributaria\/#primaryimage"},"thumbnailUrl":"https:\/\/www.fiemg.com.br\/regional-sede\/wp-content\/uploads\/sites\/21\/2024\/05\/Conselho-Tributario-maio-2024-1.jpg","datePublished":"2024-05-24T19:17:45+00:00","dateModified":"2024-05-24T19:20:19+00:00","description":"Colegiado criou grupos de trabalho para analisar o Projeto de Lei Complementar n\u00b0 68\/2024, de autoria do Executivo","breadcrumb":{"@id":"https:\/\/www.fiemg.com.br\/regional-sede\/noticias\/conselho-tributario-discute-propostas-para-regulamentacao-da-reforma-tributaria\/#breadcrumb"},"inLanguage":"pt-BR","potentialAction":[{"@type":"ReadAction","target":["https:\/\/www.fiemg.com.br\/regional-sede\/noticias\/conselho-tributario-discute-propostas-para-regulamentacao-da-reforma-tributaria\/"]}]},{"@type":"ImageObject","inLanguage":"pt-BR","@id":"https:\/\/www.fiemg.com.br\/regional-sede\/noticias\/conselho-tributario-discute-propostas-para-regulamentacao-da-reforma-tributaria\/#primaryimage","url":"https:\/\/www.fiemg.com.br\/regional-sede\/wp-content\/uploads\/sites\/21\/2024\/05\/Conselho-Tributario-maio-2024-1.jpg","contentUrl":"https:\/\/www.fiemg.com.br\/regional-sede\/wp-content\/uploads\/sites\/21\/2024\/05\/Conselho-Tributario-maio-2024-1.jpg","width":512,"height":512},{"@type":"BreadcrumbList","@id":"https:\/\/www.fiemg.com.br\/regional-sede\/noticias\/conselho-tributario-discute-propostas-para-regulamentacao-da-reforma-tributaria\/#breadcrumb","itemListElement":[{"@type":"ListItem","position":1,"name":"In\u00edcio","item":"https:\/\/www.fiemg.com.br\/regional-sede\/"},{"@type":"ListItem","position":2,"name":"Conselho discute propostas para regulamenta\u00e7\u00e3o da Reforma Tribut\u00e1ria"}]},{"@type":"WebSite","@id":"https:\/\/www.fiemg.com.br\/regional-sede\/#website","url":"https:\/\/www.fiemg.com.br\/regional-sede\/","name":"FIEMG","description":"Federa\u00e7\u00e3o das Ind\u00fastrias do Estado de Minas Gerais","publisher":{"@id":"https:\/\/www.fiemg.com.br\/regional-sede\/#organization"},"potentialAction":[{"@type":"SearchAction","target":{"@type":"EntryPoint","urlTemplate":"https:\/\/www.fiemg.com.br\/regional-sede\/?s={search_term_string}"},"query-input":{"@type":"PropertyValueSpecification","valueRequired":true,"valueName":"search_term_string"}}],"inLanguage":"pt-BR"},{"@type":"Organization","@id":"https:\/\/www.fiemg.com.br\/regional-sede\/#organization","name":"FIEMG","url":"https:\/\/www.fiemg.com.br\/regional-sede\/","logo":{"@type":"ImageObject","inLanguage":"pt-BR","@id":"https:\/\/www.fiemg.com.br\/regional-sede\/#\/schema\/logo\/image\/","url":"https:\/\/www.fiemg.com.br\/regional-sede\/wp-content\/uploads\/sites\/21\/2023\/02\/Ativo-1.png","contentUrl":"https:\/\/www.fiemg.com.br\/regional-sede\/wp-content\/uploads\/sites\/21\/2023\/02\/Ativo-1.png","width":563,"height":149,"caption":"FIEMG"},"image":{"@id":"https:\/\/www.fiemg.com.br\/regional-sede\/#\/schema\/logo\/image\/"}}]}},"_links":{"self":[{"href":"https:\/\/www.fiemg.com.br\/regional-sede\/wp-json\/wp\/v2\/noticias\/3115","targetHints":{"allow":["GET"]}}],"collection":[{"href":"https:\/\/www.fiemg.com.br\/regional-sede\/wp-json\/wp\/v2\/noticias"}],"about":[{"href":"https:\/\/www.fiemg.com.br\/regional-sede\/wp-json\/wp\/v2\/types\/noticias"}],"wp:featuredmedia":[{"embeddable":true,"href":"https:\/\/www.fiemg.com.br\/regional-sede\/wp-json\/wp\/v2\/media\/3116"}],"wp:attachment":[{"href":"https:\/\/www.fiemg.com.br\/regional-sede\/wp-json\/wp\/v2\/media?parent=3115"}],"wp:term":[{"taxonomy":"category","embeddable":true,"href":"https:\/\/www.fiemg.com.br\/regional-sede\/wp-json\/wp\/v2\/categories?post=3115"},{"taxonomy":"post_tag","embeddable":true,"href":"https:\/\/www.fiemg.com.br\/regional-sede\/wp-json\/wp\/v2\/tags?post=3115"}],"curies":[{"name":"wp","href":"https:\/\/api.w.org\/{rel}","templated":true}]}}