{"id":3200,"date":"2024-06-07T10:27:12","date_gmt":"2024-06-07T13:27:12","guid":{"rendered":"https:\/\/www.fiemg.com.br\/regional-sede\/noticias\/em-parceria-com-a-entidade-as-unidades-restaurante-popular-i-e-o-refeitorio-popular-joao-bosco-murta-lages-serviram-cerca-de-3-500-no-dia-5-de-junho\/"},"modified":"2024-06-07T10:29:03","modified_gmt":"2024-06-07T13:29:03","slug":"em-parceria-com-a-entidade-as-unidades-restaurante-popular-i-e-o-refeitorio-popular-joao-bosco-murta-lages-serviram-cerca-de-3-500-no-dia-5-de-junho","status":"publish","type":"noticias","link":"https:\/\/www.fiemg.com.br\/regional-sede\/noticias\/em-parceria-com-a-entidade-as-unidades-restaurante-popular-i-e-o-refeitorio-popular-joao-bosco-murta-lages-serviram-cerca-de-3-500-no-dia-5-de-junho\/","title":{"rendered":"Silemg celebra Dia do Leite com a\u00e7\u00e3o no Restaurante Popular"},"content":{"rendered":"\n<figure class=\"wp-block-image alignleft size-large is-resized\"><img fetchpriority=\"high\" decoding=\"async\" width=\"1024\" height=\"683\" src=\"https:\/\/www.fiemg.com.br\/regional-sede\/wp-content\/uploads\/sites\/21\/2024\/06\/53771717361_abc7f72465_k-1024x683.jpg\" alt=\"\" class=\"wp-image-3202\" style=\"width:435px;height:auto\" srcset=\"https:\/\/www.fiemg.com.br\/regional-sede\/wp-content\/uploads\/sites\/21\/2024\/06\/53771717361_abc7f72465_k-1024x683.jpg 1024w, https:\/\/www.fiemg.com.br\/regional-sede\/wp-content\/uploads\/sites\/21\/2024\/06\/53771717361_abc7f72465_k-300x200.jpg 300w, https:\/\/www.fiemg.com.br\/regional-sede\/wp-content\/uploads\/sites\/21\/2024\/06\/53771717361_abc7f72465_k-768x512.jpg 768w, https:\/\/www.fiemg.com.br\/regional-sede\/wp-content\/uploads\/sites\/21\/2024\/06\/53771717361_abc7f72465_k-1536x1024.jpg 1536w, https:\/\/www.fiemg.com.br\/regional-sede\/wp-content\/uploads\/sites\/21\/2024\/06\/53771717361_abc7f72465_k.jpg 2048w\" sizes=\"(max-width: 1024px) 100vw, 1024px\" \/><\/figure>\n\n\n\n<p>Macarr\u00e3o mineiro ao molho branco, iogurtes tradicionais com e sem a\u00e7\u00facar, o almo\u00e7o no Restaurante Popular de Belo Horizonte foi diferente no dia 5 de junho. Em uma a\u00e7\u00e3o de conscientiza\u00e7\u00e3o da import\u00e2ncia do leite na alimenta\u00e7\u00e3o, o Sindicato da Ind\u00fastria de Latic\u00ednios do Estado de Minas Gerais (Silemg) deu um toque especial no card\u00e1pio de duas unidades do restaurante: Restaurante Popular I e o Refeit\u00f3rio Popular Jo\u00e3o Bosco Murta Lages.<br><br>\u201cEm parceria com nossos associados, doamos produtos derivados do leite, como manteiga, creme de leite e queijo mu\u00e7arela\u201d, explicou Guilherme Abrantes, presidente da entidade, lembrando que no dia 1\u00b0 de junho foi celebrado o Dia Mundial do Leite. \u201cA data, criada pela Organiza\u00e7\u00e3o das Na\u00e7\u00f5es Unidas (ONU) em 2001, tem o objetivo de incentivar o consumo de l\u00e1cteos pela popula\u00e7\u00e3o mundial\u201d, esclareceu Abrantes, pontuando que o leite \u00e9 o primeiro alimento de nossas vidas e que o produto e seus derivados est\u00e3o, diariamente, nas mesas dos brasileiros.<br><br>\u201cO leite est\u00e1 no DNA dos mineiros e em todos os munic\u00edpios do estado h\u00e1 produ\u00e7\u00e3o de leite. E as ind\u00fastrias n\u00e3o ficam para tr\u00e1s: est\u00e3o em toda Minas Gerais, investindo no crescimento e fortalecimento de toda cadeia, ressaltando que o setor de latic\u00ednios trabalha com foco em qualidade, saudabilidade e versatilidade de seus produtos\u201d.<\/p>\n\n\n\n<p>\u201cO leite \u00e9 um alimento completo, rico em nutrientes, prote\u00ednas, lip\u00eddios, carboidratos, vitamina, sais minerais, c\u00e1lcio e vitamina D. Ele favorece o crescimento e previne doen\u00e7as, nos acompanha desde o nascimento, ap\u00f3s o desmame, at\u00e9 a velhice\u201d, comentou Marilsa Ferreira de Jesus, nutricionista e coordenadora do Restaurante Popular II.<\/p>\n\n\n\n<p>A coordenadora tamb\u00e9m ressaltou a import\u00e2ncia de parcerias como a do Restaurante Popular de Belo Horizonte com o Silemg. \u201cSomos uma institui\u00e7\u00e3o sem fins lucrativos, que trabalha em prol da comunidade. Um equipamento p\u00fablico que visa atender a popula\u00e7\u00e3o em geral e pessoas em situa\u00e7\u00e3o de risco, por isso trabalhamos pensando em uma alimenta\u00e7\u00e3o nutricionalmente equilibrada. Quando temos parcerias, como a do Silemg, conseguimos oferecer alimentos diversificados, como o iogurte e o queijo, que s\u00e3o t\u00e3o saud\u00e1veis e queridos pelos mineiros\u201d, afirmou.<\/p>\n\n\n\n<p>Ao todo, foram servidas 3.500 refei\u00e7\u00f5es e a iniciativa foi aprovada pelos frequentadores do Restaurante Popular. \u201cA comida estava deliciosa e diferente do que \u00e9 servido normalmente\u201d, disse Bruno Cesar de Jesus. O eletricista faz suas refei\u00e7\u00f5es com frequ\u00eancia no Restaurante Popular e comemora a iniciativa. \u201cConsumo leite em meu dia a dia e \u00e9 bom saber que uma entidade como o Silemg est\u00e1 envolvida em projetos voltados \u00e0 popula\u00e7\u00e3o\u201d, complementou.&nbsp;<\/p>\n\n\n\n<p><strong>Estado leiteiro &#8211;<\/strong>\u00a0 Em Minas Gerais, o leite desempenha um papel econ\u00f4mico e social crucial, sendo que o setor \u00e9 respons\u00e1vel pela gera\u00e7\u00e3o de mais de 1 milh\u00e3o de empregos em toda a sua cadeia produtiva. \u201cS\u00e3o mais de 9 bilh\u00f5es de litros por ano, representando 24% da produ\u00e7\u00e3o nacional. Ao todo, o estado tem mais de mil estabelecimentos industriais e 216 mil fazendas produtoras. Se Minas Gerais fosse um pa\u00eds, ocuparia o 16\u00ba lugar no ranking mundial de produ\u00e7\u00e3o leiteira\u201d, esclarece Celso Costa Moreira, diretor executivo do Silemg.<\/p>\n\n\n\n<p>A a\u00e7\u00e3o em celebra\u00e7\u00e3o ao Dia do Leite foi uma realiza\u00e7\u00e3o do Silemg em parceria com o Restaurante Popular de Belo Horizonte e foi realizada no Restaurante Popular I e no Refeit\u00f3rio Popular Jo\u00e3o Bosco Murta Lages.<\/p>\n\n\n\n<p>Confira abaixo as fotos do evento:<\/p>\n\n\n\n<p><\/p>\n\n\n\n<figure class=\"wp-block-embed is-type-rich is-provider-flickr wp-block-embed-flickr\"><div class=\"wp-block-embed__wrapper\">\n<a data-flickr-embed='true' href='https:\/\/www.flickr.com\/photos\/sistemafiemg\/albums\/72177720317631487' title='050624 - Dia Mundial do Leite no Restaurante Popular | SILEMG by FIEMGoficial, on Flickr'><img src='https:\/\/live.staticflickr.com\/65535\/53771717361_2908aeaea9_c.jpg' width='800' height='600' alt='LN_DIA MUNDIAL DO LEITE_SILEMG_JUN24_Foto 11'><\/a><script async src='https:\/\/embedr.flickr.com\/assets\/client-code.js' charset='utf-8'><\/script>\n<\/div><\/figure>\n\n\n\n<p><em>Denise Lucas<\/em><br><strong>Imprensa FIEMG<\/strong><\/p>\n","protected":false},"featured_media":3201,"template":"","categories":[],"tags":[],"class_list":["post-3200","noticias","type-noticias","status-publish","has-post-thumbnail","hentry"],"acf":[],"yoast_head":"<!-- This site is optimized with the Yoast SEO plugin v26.2 - https:\/\/yoast.com\/wordpress\/plugins\/seo\/ -->\n<title>Silemg celebra Dia do Leite com a\u00e7\u00e3o no Restaurante Popular - FIEMG<\/title>\n<meta name=\"description\" content=\"Em parceria com a entidade, as unidades Restaurante Popular I e o Refeit\u00f3rio Popular Jo\u00e3o Bosco Murta Lages serviram cerca de 3.500 no dia 5 de junho\" \/>\n<meta name=\"robots\" content=\"index, follow, max-snippet:-1, max-image-preview:large, max-video-preview:-1\" \/>\n<link rel=\"canonical\" href=\"https:\/\/www.fiemg.com.br\/regional-sede\/noticias\/em-parceria-com-a-entidade-as-unidades-restaurante-popular-i-e-o-refeitorio-popular-joao-bosco-murta-lages-serviram-cerca-de-3-500-no-dia-5-de-junho\/\" \/>\n<meta property=\"og:locale\" content=\"pt_BR\" \/>\n<meta property=\"og:type\" content=\"article\" \/>\n<meta property=\"og:title\" content=\"Silemg celebra Dia do Leite com a\u00e7\u00e3o no Restaurante Popular - FIEMG\" \/>\n<meta property=\"og:description\" content=\"Em parceria com a entidade, as unidades Restaurante Popular I e o Refeit\u00f3rio Popular Jo\u00e3o Bosco Murta Lages serviram cerca de 3.500 no dia 5 de junho\" \/>\n<meta property=\"og:url\" content=\"https:\/\/www.fiemg.com.br\/regional-sede\/noticias\/em-parceria-com-a-entidade-as-unidades-restaurante-popular-i-e-o-refeitorio-popular-joao-bosco-murta-lages-serviram-cerca-de-3-500-no-dia-5-de-junho\/\" \/>\n<meta property=\"og:site_name\" content=\"FIEMG\" \/>\n<meta property=\"article:modified_time\" content=\"2024-06-07T13:29:03+00:00\" \/>\n<meta property=\"og:image\" content=\"https:\/\/www.fiemg.com.br\/regional-sede\/wp-content\/uploads\/sites\/21\/2024\/06\/53771717361_abc7f72465_k-1.jpg\" \/>\n\t<meta property=\"og:image:width\" content=\"2048\" \/>\n\t<meta property=\"og:image:height\" content=\"1365\" \/>\n\t<meta property=\"og:image:type\" content=\"image\/jpeg\" \/>\n<meta name=\"twitter:card\" content=\"summary_large_image\" \/>\n<meta name=\"twitter:label1\" content=\"Est. tempo de leitura\" \/>\n\t<meta name=\"twitter:data1\" content=\"4 minutos\" \/>\n<script type=\"application\/ld+json\" class=\"yoast-schema-graph\">{\"@context\":\"https:\/\/schema.org\",\"@graph\":[{\"@type\":\"WebPage\",\"@id\":\"https:\/\/www.fiemg.com.br\/regional-sede\/noticias\/em-parceria-com-a-entidade-as-unidades-restaurante-popular-i-e-o-refeitorio-popular-joao-bosco-murta-lages-serviram-cerca-de-3-500-no-dia-5-de-junho\/\",\"url\":\"https:\/\/www.fiemg.com.br\/regional-sede\/noticias\/em-parceria-com-a-entidade-as-unidades-restaurante-popular-i-e-o-refeitorio-popular-joao-bosco-murta-lages-serviram-cerca-de-3-500-no-dia-5-de-junho\/\",\"name\":\"Silemg celebra Dia do Leite com a\u00e7\u00e3o no Restaurante Popular - FIEMG\",\"isPartOf\":{\"@id\":\"https:\/\/www.fiemg.com.br\/regional-sede\/#website\"},\"primaryImageOfPage\":{\"@id\":\"https:\/\/www.fiemg.com.br\/regional-sede\/noticias\/em-parceria-com-a-entidade-as-unidades-restaurante-popular-i-e-o-refeitorio-popular-joao-bosco-murta-lages-serviram-cerca-de-3-500-no-dia-5-de-junho\/#primaryimage\"},\"image\":{\"@id\":\"https:\/\/www.fiemg.com.br\/regional-sede\/noticias\/em-parceria-com-a-entidade-as-unidades-restaurante-popular-i-e-o-refeitorio-popular-joao-bosco-murta-lages-serviram-cerca-de-3-500-no-dia-5-de-junho\/#primaryimage\"},\"thumbnailUrl\":\"https:\/\/www.fiemg.com.br\/regional-sede\/wp-content\/uploads\/sites\/21\/2024\/06\/53771717361_abc7f72465_k-1.jpg\",\"datePublished\":\"2024-06-07T13:27:12+00:00\",\"dateModified\":\"2024-06-07T13:29:03+00:00\",\"description\":\"Em parceria com a entidade, as unidades Restaurante Popular I e o Refeit\u00f3rio Popular Jo\u00e3o Bosco Murta Lages serviram cerca de 3.500 no dia 5 de junho\",\"breadcrumb\":{\"@id\":\"https:\/\/www.fiemg.com.br\/regional-sede\/noticias\/em-parceria-com-a-entidade-as-unidades-restaurante-popular-i-e-o-refeitorio-popular-joao-bosco-murta-lages-serviram-cerca-de-3-500-no-dia-5-de-junho\/#breadcrumb\"},\"inLanguage\":\"pt-BR\",\"potentialAction\":[{\"@type\":\"ReadAction\",\"target\":[\"https:\/\/www.fiemg.com.br\/regional-sede\/noticias\/em-parceria-com-a-entidade-as-unidades-restaurante-popular-i-e-o-refeitorio-popular-joao-bosco-murta-lages-serviram-cerca-de-3-500-no-dia-5-de-junho\/\"]}]},{\"@type\":\"ImageObject\",\"inLanguage\":\"pt-BR\",\"@id\":\"https:\/\/www.fiemg.com.br\/regional-sede\/noticias\/em-parceria-com-a-entidade-as-unidades-restaurante-popular-i-e-o-refeitorio-popular-joao-bosco-murta-lages-serviram-cerca-de-3-500-no-dia-5-de-junho\/#primaryimage\",\"url\":\"https:\/\/www.fiemg.com.br\/regional-sede\/wp-content\/uploads\/sites\/21\/2024\/06\/53771717361_abc7f72465_k-1.jpg\",\"contentUrl\":\"https:\/\/www.fiemg.com.br\/regional-sede\/wp-content\/uploads\/sites\/21\/2024\/06\/53771717361_abc7f72465_k-1.jpg\",\"width\":2048,\"height\":1365},{\"@type\":\"BreadcrumbList\",\"@id\":\"https:\/\/www.fiemg.com.br\/regional-sede\/noticias\/em-parceria-com-a-entidade-as-unidades-restaurante-popular-i-e-o-refeitorio-popular-joao-bosco-murta-lages-serviram-cerca-de-3-500-no-dia-5-de-junho\/#breadcrumb\",\"itemListElement\":[{\"@type\":\"ListItem\",\"position\":1,\"name\":\"In\u00edcio\",\"item\":\"https:\/\/www.fiemg.com.br\/regional-sede\/\"},{\"@type\":\"ListItem\",\"position\":2,\"name\":\"Silemg celebra Dia do Leite com a\u00e7\u00e3o no Restaurante Popular\"}]},{\"@type\":\"WebSite\",\"@id\":\"https:\/\/www.fiemg.com.br\/regional-sede\/#website\",\"url\":\"https:\/\/www.fiemg.com.br\/regional-sede\/\",\"name\":\"FIEMG\",\"description\":\"Federa\u00e7\u00e3o das Ind\u00fastrias do Estado de Minas Gerais\",\"publisher\":{\"@id\":\"https:\/\/www.fiemg.com.br\/regional-sede\/#organization\"},\"potentialAction\":[{\"@type\":\"SearchAction\",\"target\":{\"@type\":\"EntryPoint\",\"urlTemplate\":\"https:\/\/www.fiemg.com.br\/regional-sede\/?s={search_term_string}\"},\"query-input\":{\"@type\":\"PropertyValueSpecification\",\"valueRequired\":true,\"valueName\":\"search_term_string\"}}],\"inLanguage\":\"pt-BR\"},{\"@type\":\"Organization\",\"@id\":\"https:\/\/www.fiemg.com.br\/regional-sede\/#organization\",\"name\":\"FIEMG\",\"url\":\"https:\/\/www.fiemg.com.br\/regional-sede\/\",\"logo\":{\"@type\":\"ImageObject\",\"inLanguage\":\"pt-BR\",\"@id\":\"https:\/\/www.fiemg.com.br\/regional-sede\/#\/schema\/logo\/image\/\",\"url\":\"https:\/\/www.fiemg.com.br\/regional-sede\/wp-content\/uploads\/sites\/21\/2023\/02\/Ativo-1.png\",\"contentUrl\":\"https:\/\/www.fiemg.com.br\/regional-sede\/wp-content\/uploads\/sites\/21\/2023\/02\/Ativo-1.png\",\"width\":563,\"height\":149,\"caption\":\"FIEMG\"},\"image\":{\"@id\":\"https:\/\/www.fiemg.com.br\/regional-sede\/#\/schema\/logo\/image\/\"}}]}<\/script>\n<!-- \/ Yoast SEO plugin. -->","yoast_head_json":{"title":"Silemg celebra Dia do Leite com a\u00e7\u00e3o no Restaurante Popular - FIEMG","description":"Em parceria com a entidade, as unidades Restaurante Popular I e o Refeit\u00f3rio Popular Jo\u00e3o Bosco Murta Lages serviram cerca de 3.500 no dia 5 de junho","robots":{"index":"index","follow":"follow","max-snippet":"max-snippet:-1","max-image-preview":"max-image-preview:large","max-video-preview":"max-video-preview:-1"},"canonical":"https:\/\/www.fiemg.com.br\/regional-sede\/noticias\/em-parceria-com-a-entidade-as-unidades-restaurante-popular-i-e-o-refeitorio-popular-joao-bosco-murta-lages-serviram-cerca-de-3-500-no-dia-5-de-junho\/","og_locale":"pt_BR","og_type":"article","og_title":"Silemg celebra Dia do Leite com a\u00e7\u00e3o no Restaurante Popular - FIEMG","og_description":"Em parceria com a entidade, as unidades Restaurante Popular I e o Refeit\u00f3rio Popular Jo\u00e3o Bosco Murta Lages serviram cerca de 3.500 no dia 5 de junho","og_url":"https:\/\/www.fiemg.com.br\/regional-sede\/noticias\/em-parceria-com-a-entidade-as-unidades-restaurante-popular-i-e-o-refeitorio-popular-joao-bosco-murta-lages-serviram-cerca-de-3-500-no-dia-5-de-junho\/","og_site_name":"FIEMG","article_modified_time":"2024-06-07T13:29:03+00:00","og_image":[{"width":2048,"height":1365,"url":"https:\/\/www.fiemg.com.br\/regional-sede\/wp-content\/uploads\/sites\/21\/2024\/06\/53771717361_abc7f72465_k-1.jpg","type":"image\/jpeg"}],"twitter_card":"summary_large_image","twitter_misc":{"Est. tempo de leitura":"4 minutos"},"schema":{"@context":"https:\/\/schema.org","@graph":[{"@type":"WebPage","@id":"https:\/\/www.fiemg.com.br\/regional-sede\/noticias\/em-parceria-com-a-entidade-as-unidades-restaurante-popular-i-e-o-refeitorio-popular-joao-bosco-murta-lages-serviram-cerca-de-3-500-no-dia-5-de-junho\/","url":"https:\/\/www.fiemg.com.br\/regional-sede\/noticias\/em-parceria-com-a-entidade-as-unidades-restaurante-popular-i-e-o-refeitorio-popular-joao-bosco-murta-lages-serviram-cerca-de-3-500-no-dia-5-de-junho\/","name":"Silemg celebra Dia do Leite com a\u00e7\u00e3o no Restaurante Popular - FIEMG","isPartOf":{"@id":"https:\/\/www.fiemg.com.br\/regional-sede\/#website"},"primaryImageOfPage":{"@id":"https:\/\/www.fiemg.com.br\/regional-sede\/noticias\/em-parceria-com-a-entidade-as-unidades-restaurante-popular-i-e-o-refeitorio-popular-joao-bosco-murta-lages-serviram-cerca-de-3-500-no-dia-5-de-junho\/#primaryimage"},"image":{"@id":"https:\/\/www.fiemg.com.br\/regional-sede\/noticias\/em-parceria-com-a-entidade-as-unidades-restaurante-popular-i-e-o-refeitorio-popular-joao-bosco-murta-lages-serviram-cerca-de-3-500-no-dia-5-de-junho\/#primaryimage"},"thumbnailUrl":"https:\/\/www.fiemg.com.br\/regional-sede\/wp-content\/uploads\/sites\/21\/2024\/06\/53771717361_abc7f72465_k-1.jpg","datePublished":"2024-06-07T13:27:12+00:00","dateModified":"2024-06-07T13:29:03+00:00","description":"Em parceria com a entidade, as unidades Restaurante Popular I e o Refeit\u00f3rio Popular Jo\u00e3o Bosco Murta Lages serviram cerca de 3.500 no dia 5 de junho","breadcrumb":{"@id":"https:\/\/www.fiemg.com.br\/regional-sede\/noticias\/em-parceria-com-a-entidade-as-unidades-restaurante-popular-i-e-o-refeitorio-popular-joao-bosco-murta-lages-serviram-cerca-de-3-500-no-dia-5-de-junho\/#breadcrumb"},"inLanguage":"pt-BR","potentialAction":[{"@type":"ReadAction","target":["https:\/\/www.fiemg.com.br\/regional-sede\/noticias\/em-parceria-com-a-entidade-as-unidades-restaurante-popular-i-e-o-refeitorio-popular-joao-bosco-murta-lages-serviram-cerca-de-3-500-no-dia-5-de-junho\/"]}]},{"@type":"ImageObject","inLanguage":"pt-BR","@id":"https:\/\/www.fiemg.com.br\/regional-sede\/noticias\/em-parceria-com-a-entidade-as-unidades-restaurante-popular-i-e-o-refeitorio-popular-joao-bosco-murta-lages-serviram-cerca-de-3-500-no-dia-5-de-junho\/#primaryimage","url":"https:\/\/www.fiemg.com.br\/regional-sede\/wp-content\/uploads\/sites\/21\/2024\/06\/53771717361_abc7f72465_k-1.jpg","contentUrl":"https:\/\/www.fiemg.com.br\/regional-sede\/wp-content\/uploads\/sites\/21\/2024\/06\/53771717361_abc7f72465_k-1.jpg","width":2048,"height":1365},{"@type":"BreadcrumbList","@id":"https:\/\/www.fiemg.com.br\/regional-sede\/noticias\/em-parceria-com-a-entidade-as-unidades-restaurante-popular-i-e-o-refeitorio-popular-joao-bosco-murta-lages-serviram-cerca-de-3-500-no-dia-5-de-junho\/#breadcrumb","itemListElement":[{"@type":"ListItem","position":1,"name":"In\u00edcio","item":"https:\/\/www.fiemg.com.br\/regional-sede\/"},{"@type":"ListItem","position":2,"name":"Silemg celebra Dia do Leite com a\u00e7\u00e3o no Restaurante Popular"}]},{"@type":"WebSite","@id":"https:\/\/www.fiemg.com.br\/regional-sede\/#website","url":"https:\/\/www.fiemg.com.br\/regional-sede\/","name":"FIEMG","description":"Federa\u00e7\u00e3o das Ind\u00fastrias do Estado de Minas Gerais","publisher":{"@id":"https:\/\/www.fiemg.com.br\/regional-sede\/#organization"},"potentialAction":[{"@type":"SearchAction","target":{"@type":"EntryPoint","urlTemplate":"https:\/\/www.fiemg.com.br\/regional-sede\/?s={search_term_string}"},"query-input":{"@type":"PropertyValueSpecification","valueRequired":true,"valueName":"search_term_string"}}],"inLanguage":"pt-BR"},{"@type":"Organization","@id":"https:\/\/www.fiemg.com.br\/regional-sede\/#organization","name":"FIEMG","url":"https:\/\/www.fiemg.com.br\/regional-sede\/","logo":{"@type":"ImageObject","inLanguage":"pt-BR","@id":"https:\/\/www.fiemg.com.br\/regional-sede\/#\/schema\/logo\/image\/","url":"https:\/\/www.fiemg.com.br\/regional-sede\/wp-content\/uploads\/sites\/21\/2023\/02\/Ativo-1.png","contentUrl":"https:\/\/www.fiemg.com.br\/regional-sede\/wp-content\/uploads\/sites\/21\/2023\/02\/Ativo-1.png","width":563,"height":149,"caption":"FIEMG"},"image":{"@id":"https:\/\/www.fiemg.com.br\/regional-sede\/#\/schema\/logo\/image\/"}}]}},"_links":{"self":[{"href":"https:\/\/www.fiemg.com.br\/regional-sede\/wp-json\/wp\/v2\/noticias\/3200","targetHints":{"allow":["GET"]}}],"collection":[{"href":"https:\/\/www.fiemg.com.br\/regional-sede\/wp-json\/wp\/v2\/noticias"}],"about":[{"href":"https:\/\/www.fiemg.com.br\/regional-sede\/wp-json\/wp\/v2\/types\/noticias"}],"wp:featuredmedia":[{"embeddable":true,"href":"https:\/\/www.fiemg.com.br\/regional-sede\/wp-json\/wp\/v2\/media\/3201"}],"wp:attachment":[{"href":"https:\/\/www.fiemg.com.br\/regional-sede\/wp-json\/wp\/v2\/media?parent=3200"}],"wp:term":[{"taxonomy":"category","embeddable":true,"href":"https:\/\/www.fiemg.com.br\/regional-sede\/wp-json\/wp\/v2\/categories?post=3200"},{"taxonomy":"post_tag","embeddable":true,"href":"https:\/\/www.fiemg.com.br\/regional-sede\/wp-json\/wp\/v2\/tags?post=3200"}],"curies":[{"name":"wp","href":"https:\/\/api.w.org\/{rel}","templated":true}]}}