{"id":3239,"date":"2024-06-17T11:59:27","date_gmt":"2024-06-17T14:59:27","guid":{"rendered":"https:\/\/www.fiemg.com.br\/regional-sede\/noticias\/evento-promove-capacitacao-e-inspiracao-para-profissionais-do-audiovisual-brasileiro\/"},"modified":"2024-06-19T10:47:36","modified_gmt":"2024-06-19T13:47:36","slug":"evento-promove-capacitacao-e-inspiracao-para-profissionais-do-audiovisual-brasileiro","status":"publish","type":"noticias","link":"https:\/\/www.fiemg.com.br\/regional-sede\/noticias\/evento-promove-capacitacao-e-inspiracao-para-profissionais-do-audiovisual-brasileiro\/","title":{"rendered":"FIEMG sedia o 2\u00ba Semin\u00e1rio da Escola SENAI de Audiovisual"},"content":{"rendered":"\n<h3 class=\"wp-block-heading\"><strong><br><\/strong><\/h3>\n\n\n\n<figure class=\"wp-block-image alignleft size-full is-resized\"><img fetchpriority=\"high\" decoding=\"async\" width=\"563\" height=\"615\" src=\"https:\/\/www.fiemg.com.br\/regional-sede\/wp-content\/uploads\/sites\/21\/2024\/06\/audiovisual.jpg\" alt=\"\" class=\"wp-image-3243\" style=\"width:450px\" srcset=\"https:\/\/www.fiemg.com.br\/regional-sede\/wp-content\/uploads\/sites\/21\/2024\/06\/audiovisual.jpg 563w, https:\/\/www.fiemg.com.br\/regional-sede\/wp-content\/uploads\/sites\/21\/2024\/06\/audiovisual-275x300.jpg 275w\" sizes=\"(max-width: 563px) 100vw, 563px\" \/><\/figure>\n\n\n\n<p>No dia 17 de junho, a sede da FIEMG, em Belo Horizonte, recebeu o 2\u00ba Semin\u00e1rio da Escola SENAI de Audiovisual, realizado pelo Servi\u00e7o Social da Ind\u00fastria (SESI) em parceria com o Minist\u00e9rio da Cultura. O evento, que conta com o patroc\u00ednio do Sicoob e da J. Mendes, por meio da Lei Federal de Incentivo \u00e0 Cultura, reuniu profissionais e entusiastas do setor audiovisual para uma jornada de conhecimento e desenvolvimento. O evento contou com o apresentador Elias Santos como mestre de cerim\u00f4nias.<\/p>\n\n\n\n<p>Rodrigo Fernandes, presidente da C\u00e2mara da Ind\u00fastria da Comunica\u00e7\u00e3o e do Audiovisual da FIEMG, deu as boas-vindas aos presentes destacando o trabalho que a Federa\u00e7\u00e3o mineira realiza. \u201cRepresentamos o&nbsp; setor industrial do estado de Minas Gerais e atuamos na defesa de seus interesses local e nacionalmente. Trabalhamos para que a ind\u00fastria mineira se torne cada vez mais competitiva, inovadora e sustent\u00e1vel\u201d, disse, pontuando que a institui\u00e7\u00e3o fomenta neg\u00f3cios que t\u00eam como base a inova\u00e7\u00e3o e o conhecimento como ingredientes fundamentais para a gera\u00e7\u00e3o de valor. \u201cS\u00e3o in\u00fameras as a\u00e7\u00f5es de valoriza\u00e7\u00e3o dos setores que comp\u00f5em a Economia Criativa, como o Minas Trend, o FIEMG Lab e o P7 Criativo, que age como um facilitador e um conector, criando sinergias entre empresas, estimulando o surgimento de ideias e favorecendo as intera\u00e7\u00f5es profissionais\u201d, afirmou.<br><br>\u201cEm todo o mundo o audiovisual \u00e9 um dos setores que mais cresce. Na economia brasileira, a gera\u00e7\u00e3o de receitas chegou a R$ 32,5 bilh\u00f5es em 2023. Todos os anos s\u00e3o gerados mais de 650 mil empregos diretos e 3,4 bilh\u00f5es em impostos\u201d, esclareceu.<\/p>\n\n\n\n<p>Para o painel &#8220;A Forma\u00e7\u00e3o e a Inclus\u00e3o S\u00f3cio-Produtiva &#8211; O Papel da Ind\u00fastria no Desenvolvimento do Audiovisual Brasileiro&#8221;, realizado na parte da manh\u00e3, foram convidados Leonardo Edde, produtor e diretor com mais de 25 anos de experi\u00eancia, incluindo filmes como &#8220;Tropa de Elite 2&#8221; e Juca Ferreira, soci\u00f3logo, ex-ministro da Cultura e assessor da presid\u00eancia do Banco Nacional de Desenvolvimento Social (BNDES).O mediador do painel foi Helder Queiroga, diretor e produtor de cinema.<\/p>\n\n\n\n<figure class=\"wp-block-image alignright size-full is-resized\"><img decoding=\"async\" width=\"690\" height=\"524\" src=\"https:\/\/www.fiemg.com.br\/regional-sede\/wp-content\/uploads\/sites\/21\/2024\/06\/audiovisual2.jpg\" alt=\"\" class=\"wp-image-3242\" style=\"width:500px\" srcset=\"https:\/\/www.fiemg.com.br\/regional-sede\/wp-content\/uploads\/sites\/21\/2024\/06\/audiovisual2.jpg 690w, https:\/\/www.fiemg.com.br\/regional-sede\/wp-content\/uploads\/sites\/21\/2024\/06\/audiovisual2-300x228.jpg 300w\" sizes=\"(max-width: 690px) 100vw, 690px\" \/><\/figure>\n\n\n\n<p>&#8220;A forma\u00e7\u00e3o profissional \u00e9 fundamental para o setor audiovisual e para a ind\u00fastria criativa, que s\u00e3o grandes empregadores de jovens de at\u00e9 29 anos e uma for\u00e7a poderosa em termos de soft power&#8221;, afirmou Edde, que tamb\u00e9m \u00e9 vice-presidente da Federa\u00e7\u00e3o das Ind\u00fastrias do Rio de Janeiro (FIRJAN). Ele mencionou a Fran\u00e7a, com sua gastronomia, a Coreia do Sul, com seus doramas e kpop, e os Estados Unidos, com Hollywood, como exemplos. \u201cSoft Power \u00e9 cultura, \u00e9 desenvolvimento e \u00e9 impacto na economia\u201d.&nbsp;&nbsp;<\/p>\n\n\n\n<p>J\u00e1 Ferreira, destacou que a economia criativa \u00e9 um dos temas mais importantes para o nosso pa\u00eds, tanto economicamente quanto culturalmente. \u201cElas est\u00e3o no centro da transforma\u00e7\u00e3o do Brasil, ajudando-o a deixar de ser apenas um exportador agr\u00edcola. As economias criativas englobam setores como audiovisual, moda, design, m\u00fasica e tecnologia, que t\u00eam um enorme potencial de gerar emprego e renda, al\u00e9m de promover a imagem do Brasil no exterior\u201d, disse, ressaltando que o investimento neste setor pode impulsionar a inova\u00e7\u00e3o, atrair investimentos internacionais e diversificar a economia,\u00a0 a tornando mais resiliente e competitiva no cen\u00e1rio global.<br><br>A Escola SENAI de Audiovisual \u00e9 um projeto viabilizado atrav\u00e9s da Lei Federal de Incentivo \u00e0 Cultura por meio do patroc\u00ednio da SICOOB e J.Mendes.<\/p>\n\n\n\n<p><br><br><br><br><\/p>\n\n\n\n<p><\/p>\n\n\n\n<p><\/p>\n\n\n\n<figure class=\"wp-block-image alignleft size-full is-resized\"><img decoding=\"async\" width=\"440\" height=\"311\" src=\"https:\/\/www.fiemg.com.br\/regional-sede\/wp-content\/uploads\/sites\/21\/2024\/06\/audiovisual3.jpg\" alt=\"\" class=\"wp-image-3241\" style=\"width:366px;height:auto\" srcset=\"https:\/\/www.fiemg.com.br\/regional-sede\/wp-content\/uploads\/sites\/21\/2024\/06\/audiovisual3.jpg 440w, https:\/\/www.fiemg.com.br\/regional-sede\/wp-content\/uploads\/sites\/21\/2024\/06\/audiovisual3-300x212.jpg 300w\" sizes=\"(max-width: 440px) 100vw, 440px\" \/><\/figure>\n\n\n\n<p>.<\/p>\n\n\n\n<p><\/p>\n\n\n\n<p><\/p>\n\n\n\n<p><strong>Um espa\u00e7o de cria\u00e7\u00e3o<\/strong> &#8211; Inaugurada em 2020, a Escola SENAI do Audiovisual&nbsp; \u00e9 um espa\u00e7o educativo, profissionalizante e de apoio ao mercado audiovisual em Minas Gerais, oferecendo uma qualificada trilha de conhecimentos com cursos, oficinas, debates e palestras tendo o p\u00fablico jovem seu foco principal. S\u00e3o mais de 400 alunos capacitados e que j\u00e1 est\u00e3o no mercado de trabalho.<\/p>\n\n\n\n<p><br><br><br><br><br><br><br><br><em>Denise Lucas<\/em><strong><br>Imprensa FIEMG<\/strong><\/p>\n","protected":false},"featured_media":3240,"template":"","categories":[16],"tags":[78,101,88],"class_list":["post-3239","noticias","type-noticias","status-publish","has-post-thumbnail","hentry","category-educacao","tag-fiemg","tag-senai","tag-sesi"],"acf":[],"yoast_head":"<!-- This site is optimized with the Yoast SEO plugin v26.2 - https:\/\/yoast.com\/wordpress\/plugins\/seo\/ -->\n<title>FIEMG sedia o 2\u00ba Semin\u00e1rio da Escola SENAI de Audiovisual - FIEMG<\/title>\n<meta name=\"description\" content=\"Evento promove capacita\u00e7\u00e3o e inspira\u00e7\u00e3o para profissionais do audiovisual brasileiro\" \/>\n<meta name=\"robots\" content=\"index, follow, max-snippet:-1, max-image-preview:large, max-video-preview:-1\" \/>\n<link rel=\"canonical\" href=\"https:\/\/www.fiemg.com.br\/regional-sede\/noticias\/evento-promove-capacitacao-e-inspiracao-para-profissionais-do-audiovisual-brasileiro\/\" \/>\n<meta property=\"og:locale\" content=\"pt_BR\" \/>\n<meta property=\"og:type\" content=\"article\" \/>\n<meta property=\"og:title\" content=\"FIEMG sedia o 2\u00ba Semin\u00e1rio da Escola SENAI de Audiovisual - FIEMG\" \/>\n<meta property=\"og:description\" content=\"Evento promove capacita\u00e7\u00e3o e inspira\u00e7\u00e3o para profissionais do audiovisual brasileiro\" \/>\n<meta property=\"og:url\" content=\"https:\/\/www.fiemg.com.br\/regional-sede\/noticias\/evento-promove-capacitacao-e-inspiracao-para-profissionais-do-audiovisual-brasileiro\/\" \/>\n<meta property=\"og:site_name\" content=\"FIEMG\" \/>\n<meta property=\"article:modified_time\" content=\"2024-06-19T13:47:36+00:00\" \/>\n<meta property=\"og:image\" content=\"https:\/\/www.fiemg.com.br\/regional-sede\/wp-content\/uploads\/sites\/21\/2024\/06\/audiovisual4.jpg\" \/>\n\t<meta property=\"og:image:width\" content=\"361\" \/>\n\t<meta property=\"og:image:height\" content=\"318\" \/>\n\t<meta property=\"og:image:type\" content=\"image\/jpeg\" \/>\n<meta name=\"twitter:card\" content=\"summary_large_image\" \/>\n<meta name=\"twitter:label1\" content=\"Est. tempo de leitura\" \/>\n\t<meta name=\"twitter:data1\" content=\"4 minutos\" \/>\n<script type=\"application\/ld+json\" class=\"yoast-schema-graph\">{\"@context\":\"https:\/\/schema.org\",\"@graph\":[{\"@type\":\"WebPage\",\"@id\":\"https:\/\/www.fiemg.com.br\/regional-sede\/noticias\/evento-promove-capacitacao-e-inspiracao-para-profissionais-do-audiovisual-brasileiro\/\",\"url\":\"https:\/\/www.fiemg.com.br\/regional-sede\/noticias\/evento-promove-capacitacao-e-inspiracao-para-profissionais-do-audiovisual-brasileiro\/\",\"name\":\"FIEMG sedia o 2\u00ba Semin\u00e1rio da Escola SENAI de Audiovisual - FIEMG\",\"isPartOf\":{\"@id\":\"https:\/\/www.fiemg.com.br\/regional-sede\/#website\"},\"primaryImageOfPage\":{\"@id\":\"https:\/\/www.fiemg.com.br\/regional-sede\/noticias\/evento-promove-capacitacao-e-inspiracao-para-profissionais-do-audiovisual-brasileiro\/#primaryimage\"},\"image\":{\"@id\":\"https:\/\/www.fiemg.com.br\/regional-sede\/noticias\/evento-promove-capacitacao-e-inspiracao-para-profissionais-do-audiovisual-brasileiro\/#primaryimage\"},\"thumbnailUrl\":\"https:\/\/www.fiemg.com.br\/regional-sede\/wp-content\/uploads\/sites\/21\/2024\/06\/audiovisual4.jpg\",\"datePublished\":\"2024-06-17T14:59:27+00:00\",\"dateModified\":\"2024-06-19T13:47:36+00:00\",\"description\":\"Evento promove capacita\u00e7\u00e3o e inspira\u00e7\u00e3o para profissionais do audiovisual brasileiro\",\"breadcrumb\":{\"@id\":\"https:\/\/www.fiemg.com.br\/regional-sede\/noticias\/evento-promove-capacitacao-e-inspiracao-para-profissionais-do-audiovisual-brasileiro\/#breadcrumb\"},\"inLanguage\":\"pt-BR\",\"potentialAction\":[{\"@type\":\"ReadAction\",\"target\":[\"https:\/\/www.fiemg.com.br\/regional-sede\/noticias\/evento-promove-capacitacao-e-inspiracao-para-profissionais-do-audiovisual-brasileiro\/\"]}]},{\"@type\":\"ImageObject\",\"inLanguage\":\"pt-BR\",\"@id\":\"https:\/\/www.fiemg.com.br\/regional-sede\/noticias\/evento-promove-capacitacao-e-inspiracao-para-profissionais-do-audiovisual-brasileiro\/#primaryimage\",\"url\":\"https:\/\/www.fiemg.com.br\/regional-sede\/wp-content\/uploads\/sites\/21\/2024\/06\/audiovisual4.jpg\",\"contentUrl\":\"https:\/\/www.fiemg.com.br\/regional-sede\/wp-content\/uploads\/sites\/21\/2024\/06\/audiovisual4.jpg\",\"width\":361,\"height\":318},{\"@type\":\"BreadcrumbList\",\"@id\":\"https:\/\/www.fiemg.com.br\/regional-sede\/noticias\/evento-promove-capacitacao-e-inspiracao-para-profissionais-do-audiovisual-brasileiro\/#breadcrumb\",\"itemListElement\":[{\"@type\":\"ListItem\",\"position\":1,\"name\":\"In\u00edcio\",\"item\":\"https:\/\/www.fiemg.com.br\/regional-sede\/\"},{\"@type\":\"ListItem\",\"position\":2,\"name\":\"FIEMG sedia o 2\u00ba Semin\u00e1rio da Escola SENAI de Audiovisual\"}]},{\"@type\":\"WebSite\",\"@id\":\"https:\/\/www.fiemg.com.br\/regional-sede\/#website\",\"url\":\"https:\/\/www.fiemg.com.br\/regional-sede\/\",\"name\":\"FIEMG\",\"description\":\"Federa\u00e7\u00e3o das Ind\u00fastrias do Estado de Minas Gerais\",\"publisher\":{\"@id\":\"https:\/\/www.fiemg.com.br\/regional-sede\/#organization\"},\"potentialAction\":[{\"@type\":\"SearchAction\",\"target\":{\"@type\":\"EntryPoint\",\"urlTemplate\":\"https:\/\/www.fiemg.com.br\/regional-sede\/?s={search_term_string}\"},\"query-input\":{\"@type\":\"PropertyValueSpecification\",\"valueRequired\":true,\"valueName\":\"search_term_string\"}}],\"inLanguage\":\"pt-BR\"},{\"@type\":\"Organization\",\"@id\":\"https:\/\/www.fiemg.com.br\/regional-sede\/#organization\",\"name\":\"FIEMG\",\"url\":\"https:\/\/www.fiemg.com.br\/regional-sede\/\",\"logo\":{\"@type\":\"ImageObject\",\"inLanguage\":\"pt-BR\",\"@id\":\"https:\/\/www.fiemg.com.br\/regional-sede\/#\/schema\/logo\/image\/\",\"url\":\"https:\/\/www.fiemg.com.br\/regional-sede\/wp-content\/uploads\/sites\/21\/2023\/02\/Ativo-1.png\",\"contentUrl\":\"https:\/\/www.fiemg.com.br\/regional-sede\/wp-content\/uploads\/sites\/21\/2023\/02\/Ativo-1.png\",\"width\":563,\"height\":149,\"caption\":\"FIEMG\"},\"image\":{\"@id\":\"https:\/\/www.fiemg.com.br\/regional-sede\/#\/schema\/logo\/image\/\"}}]}<\/script>\n<!-- \/ Yoast SEO plugin. -->","yoast_head_json":{"title":"FIEMG sedia o 2\u00ba Semin\u00e1rio da Escola SENAI de Audiovisual - FIEMG","description":"Evento promove capacita\u00e7\u00e3o e inspira\u00e7\u00e3o para profissionais do audiovisual brasileiro","robots":{"index":"index","follow":"follow","max-snippet":"max-snippet:-1","max-image-preview":"max-image-preview:large","max-video-preview":"max-video-preview:-1"},"canonical":"https:\/\/www.fiemg.com.br\/regional-sede\/noticias\/evento-promove-capacitacao-e-inspiracao-para-profissionais-do-audiovisual-brasileiro\/","og_locale":"pt_BR","og_type":"article","og_title":"FIEMG sedia o 2\u00ba Semin\u00e1rio da Escola SENAI de Audiovisual - FIEMG","og_description":"Evento promove capacita\u00e7\u00e3o e inspira\u00e7\u00e3o para profissionais do audiovisual brasileiro","og_url":"https:\/\/www.fiemg.com.br\/regional-sede\/noticias\/evento-promove-capacitacao-e-inspiracao-para-profissionais-do-audiovisual-brasileiro\/","og_site_name":"FIEMG","article_modified_time":"2024-06-19T13:47:36+00:00","og_image":[{"width":361,"height":318,"url":"https:\/\/www.fiemg.com.br\/regional-sede\/wp-content\/uploads\/sites\/21\/2024\/06\/audiovisual4.jpg","type":"image\/jpeg"}],"twitter_card":"summary_large_image","twitter_misc":{"Est. tempo de leitura":"4 minutos"},"schema":{"@context":"https:\/\/schema.org","@graph":[{"@type":"WebPage","@id":"https:\/\/www.fiemg.com.br\/regional-sede\/noticias\/evento-promove-capacitacao-e-inspiracao-para-profissionais-do-audiovisual-brasileiro\/","url":"https:\/\/www.fiemg.com.br\/regional-sede\/noticias\/evento-promove-capacitacao-e-inspiracao-para-profissionais-do-audiovisual-brasileiro\/","name":"FIEMG sedia o 2\u00ba Semin\u00e1rio da Escola SENAI de Audiovisual - FIEMG","isPartOf":{"@id":"https:\/\/www.fiemg.com.br\/regional-sede\/#website"},"primaryImageOfPage":{"@id":"https:\/\/www.fiemg.com.br\/regional-sede\/noticias\/evento-promove-capacitacao-e-inspiracao-para-profissionais-do-audiovisual-brasileiro\/#primaryimage"},"image":{"@id":"https:\/\/www.fiemg.com.br\/regional-sede\/noticias\/evento-promove-capacitacao-e-inspiracao-para-profissionais-do-audiovisual-brasileiro\/#primaryimage"},"thumbnailUrl":"https:\/\/www.fiemg.com.br\/regional-sede\/wp-content\/uploads\/sites\/21\/2024\/06\/audiovisual4.jpg","datePublished":"2024-06-17T14:59:27+00:00","dateModified":"2024-06-19T13:47:36+00:00","description":"Evento promove capacita\u00e7\u00e3o e inspira\u00e7\u00e3o para profissionais do audiovisual brasileiro","breadcrumb":{"@id":"https:\/\/www.fiemg.com.br\/regional-sede\/noticias\/evento-promove-capacitacao-e-inspiracao-para-profissionais-do-audiovisual-brasileiro\/#breadcrumb"},"inLanguage":"pt-BR","potentialAction":[{"@type":"ReadAction","target":["https:\/\/www.fiemg.com.br\/regional-sede\/noticias\/evento-promove-capacitacao-e-inspiracao-para-profissionais-do-audiovisual-brasileiro\/"]}]},{"@type":"ImageObject","inLanguage":"pt-BR","@id":"https:\/\/www.fiemg.com.br\/regional-sede\/noticias\/evento-promove-capacitacao-e-inspiracao-para-profissionais-do-audiovisual-brasileiro\/#primaryimage","url":"https:\/\/www.fiemg.com.br\/regional-sede\/wp-content\/uploads\/sites\/21\/2024\/06\/audiovisual4.jpg","contentUrl":"https:\/\/www.fiemg.com.br\/regional-sede\/wp-content\/uploads\/sites\/21\/2024\/06\/audiovisual4.jpg","width":361,"height":318},{"@type":"BreadcrumbList","@id":"https:\/\/www.fiemg.com.br\/regional-sede\/noticias\/evento-promove-capacitacao-e-inspiracao-para-profissionais-do-audiovisual-brasileiro\/#breadcrumb","itemListElement":[{"@type":"ListItem","position":1,"name":"In\u00edcio","item":"https:\/\/www.fiemg.com.br\/regional-sede\/"},{"@type":"ListItem","position":2,"name":"FIEMG sedia o 2\u00ba Semin\u00e1rio da Escola SENAI de Audiovisual"}]},{"@type":"WebSite","@id":"https:\/\/www.fiemg.com.br\/regional-sede\/#website","url":"https:\/\/www.fiemg.com.br\/regional-sede\/","name":"FIEMG","description":"Federa\u00e7\u00e3o das Ind\u00fastrias do Estado de Minas Gerais","publisher":{"@id":"https:\/\/www.fiemg.com.br\/regional-sede\/#organization"},"potentialAction":[{"@type":"SearchAction","target":{"@type":"EntryPoint","urlTemplate":"https:\/\/www.fiemg.com.br\/regional-sede\/?s={search_term_string}"},"query-input":{"@type":"PropertyValueSpecification","valueRequired":true,"valueName":"search_term_string"}}],"inLanguage":"pt-BR"},{"@type":"Organization","@id":"https:\/\/www.fiemg.com.br\/regional-sede\/#organization","name":"FIEMG","url":"https:\/\/www.fiemg.com.br\/regional-sede\/","logo":{"@type":"ImageObject","inLanguage":"pt-BR","@id":"https:\/\/www.fiemg.com.br\/regional-sede\/#\/schema\/logo\/image\/","url":"https:\/\/www.fiemg.com.br\/regional-sede\/wp-content\/uploads\/sites\/21\/2023\/02\/Ativo-1.png","contentUrl":"https:\/\/www.fiemg.com.br\/regional-sede\/wp-content\/uploads\/sites\/21\/2023\/02\/Ativo-1.png","width":563,"height":149,"caption":"FIEMG"},"image":{"@id":"https:\/\/www.fiemg.com.br\/regional-sede\/#\/schema\/logo\/image\/"}}]}},"_links":{"self":[{"href":"https:\/\/www.fiemg.com.br\/regional-sede\/wp-json\/wp\/v2\/noticias\/3239","targetHints":{"allow":["GET"]}}],"collection":[{"href":"https:\/\/www.fiemg.com.br\/regional-sede\/wp-json\/wp\/v2\/noticias"}],"about":[{"href":"https:\/\/www.fiemg.com.br\/regional-sede\/wp-json\/wp\/v2\/types\/noticias"}],"wp:featuredmedia":[{"embeddable":true,"href":"https:\/\/www.fiemg.com.br\/regional-sede\/wp-json\/wp\/v2\/media\/3240"}],"wp:attachment":[{"href":"https:\/\/www.fiemg.com.br\/regional-sede\/wp-json\/wp\/v2\/media?parent=3239"}],"wp:term":[{"taxonomy":"category","embeddable":true,"href":"https:\/\/www.fiemg.com.br\/regional-sede\/wp-json\/wp\/v2\/categories?post=3239"},{"taxonomy":"post_tag","embeddable":true,"href":"https:\/\/www.fiemg.com.br\/regional-sede\/wp-json\/wp\/v2\/tags?post=3239"}],"curies":[{"name":"wp","href":"https:\/\/api.w.org\/{rel}","templated":true}]}}