{"id":3391,"date":"2024-08-01T11:27:33","date_gmt":"2024-08-01T14:27:33","guid":{"rendered":"https:\/\/www.fiemg.com.br\/regional-sede\/noticias\/evento-discute-tecnologias-e-estrategias-para-transporte-e-armazenamento-de-cargas-especiais\/"},"modified":"2024-08-01T11:27:33","modified_gmt":"2024-08-01T14:27:33","slug":"evento-discute-tecnologias-e-estrategias-para-transporte-e-armazenamento-de-cargas-especiais","status":"publish","type":"noticias","link":"https:\/\/www.fiemg.com.br\/regional-sede\/noticias\/evento-discute-tecnologias-e-estrategias-para-transporte-e-armazenamento-de-cargas-especiais\/","title":{"rendered":"Caf\u00e9 Empresarial aborda desafios e solu\u00e7\u00f5es em opera\u00e7\u00f5es log\u00edsticas de cargas sens\u00edveis"},"content":{"rendered":"\n<figure class=\"wp-block-image aligncenter size-large\"><img fetchpriority=\"high\" decoding=\"async\" width=\"1024\" height=\"396\" src=\"https:\/\/www.fiemg.com.br\/regional-sede\/wp-content\/uploads\/sites\/21\/2024\/08\/CE000824E_CAFE_EMPRESARIAL_DIVERSIDADE_MATERIA-1024x396.jpg\" alt=\"\" class=\"wp-image-3392\" srcset=\"https:\/\/www.fiemg.com.br\/regional-sede\/wp-content\/uploads\/sites\/21\/2024\/08\/CE000824E_CAFE_EMPRESARIAL_DIVERSIDADE_MATERIA-1024x396.jpg 1024w, https:\/\/www.fiemg.com.br\/regional-sede\/wp-content\/uploads\/sites\/21\/2024\/08\/CE000824E_CAFE_EMPRESARIAL_DIVERSIDADE_MATERIA-300x116.jpg 300w, https:\/\/www.fiemg.com.br\/regional-sede\/wp-content\/uploads\/sites\/21\/2024\/08\/CE000824E_CAFE_EMPRESARIAL_DIVERSIDADE_MATERIA-768x297.jpg 768w, https:\/\/www.fiemg.com.br\/regional-sede\/wp-content\/uploads\/sites\/21\/2024\/08\/CE000824E_CAFE_EMPRESARIAL_DIVERSIDADE_MATERIA.jpg 1080w\" sizes=\"(max-width: 1024px) 100vw, 1024px\" \/><\/figure>\n\n\n\n<p><\/p>\n\n\n\n<p><\/p>\n\n\n\n<p>No dia 22 de agosto de 2024, \u00e0s 9h, o CIEMG promover\u00e1 um Caf\u00e9 Empresarial dedicado \u00e0s opera\u00e7\u00f5es log\u00edsticas de cargas sens\u00edveis. O evento ser\u00e1 realizado na sede do CIEMG, em Contagem,&nbsp; e reunir\u00e1 especialistas do setor para debater os principais desafios, inova\u00e7\u00f5es e melhores pr\u00e1ticas no transporte e armazenamento de cargas que exigem cuidados especiais.<br><br>O bate-papo ser\u00e1 conduzido por Frederico Antonio Lacerda Marinho,&nbsp; diretor Jur\u00eddico e Rela\u00e7\u00f5es Institucionais da Biotech Log\u00edstica. Entre os temas abordados, estar\u00e3o as novas tecnologias aplicadas \u00e0 log\u00edstica, estrat\u00e9gias para minimizar riscos e otimizar processos, e cases de sucesso que ilustram a efic\u00e1cia das melhores pr\u00e1ticas no setor. Os participantes ter\u00e3o a oportunidade de trocar experi\u00eancias e ampliar seu conhecimento sobre o assunto, contribuindo para a melhoria cont\u00ednua de suas opera\u00e7\u00f5es.<\/p>\n\n\n\n<p>O evento \u00e9 gratuito e voltado para empres\u00e1rios, gestores e profissionais da \u00e1rea de log\u00edstica. As inscri\u00e7\u00f5es podem ser feitas pelo site do CIEMG.<\/p>\n\n\n\n<p><strong>Servi\u00e7o:<\/strong><strong><br><\/strong><strong>Evento:<\/strong> Caf\u00e9 Empresarial \u2013 Opera\u00e7\u00f5es Log\u00edsticas de Cargas Sens\u00edveis<br><strong>Data:<\/strong> 22 de agosto de 2024<br><strong>Hora:<\/strong> 9h<br><strong>Local:<\/strong> Sede do CIEMG<br><strong>Inscri\u00e7\u00f5es:<\/strong> Gratuitas, dispon\u00edveis no site do CIEMGPara mais informa\u00e7\u00f5es e inscri\u00e7\u00f5es, visite<a href=\"https:\/\/ciemg.apprbs.com.br\/cafeempresarial-operacoeslogisticasdecargassensiveis-08\/2024\"> o site do evento<\/a>.<\/p>\n","protected":false},"featured_media":3393,"template":"","categories":[15],"tags":[544,78],"class_list":["post-3391","noticias","type-noticias","status-publish","has-post-thumbnail","hentry","category-desenvolvimento-industrial","tag-ciemg","tag-fiemg"],"acf":[],"yoast_head":"<!-- This site is optimized with the Yoast SEO plugin v26.2 - https:\/\/yoast.com\/wordpress\/plugins\/seo\/ -->\n<title>Caf\u00e9 Empresarial aborda desafios e solu\u00e7\u00f5es em opera\u00e7\u00f5es log\u00edsticas de cargas sens\u00edveis - FIEMG<\/title>\n<meta name=\"description\" content=\"Evento discute tecnologias e estrat\u00e9gias para transporte e armazenamento de cargas especiais\" \/>\n<meta name=\"robots\" content=\"index, follow, max-snippet:-1, max-image-preview:large, max-video-preview:-1\" \/>\n<link rel=\"canonical\" href=\"https:\/\/www.fiemg.com.br\/regional-sede\/noticias\/evento-discute-tecnologias-e-estrategias-para-transporte-e-armazenamento-de-cargas-especiais\/\" \/>\n<meta property=\"og:locale\" content=\"pt_BR\" \/>\n<meta property=\"og:type\" content=\"article\" \/>\n<meta property=\"og:title\" content=\"Caf\u00e9 Empresarial aborda desafios e solu\u00e7\u00f5es em opera\u00e7\u00f5es log\u00edsticas de cargas sens\u00edveis - FIEMG\" \/>\n<meta property=\"og:description\" content=\"Evento discute tecnologias e estrat\u00e9gias para transporte e armazenamento de cargas especiais\" \/>\n<meta property=\"og:url\" content=\"https:\/\/www.fiemg.com.br\/regional-sede\/noticias\/evento-discute-tecnologias-e-estrategias-para-transporte-e-armazenamento-de-cargas-especiais\/\" \/>\n<meta property=\"og:site_name\" content=\"FIEMG\" \/>\n<meta property=\"og:image\" content=\"https:\/\/www.fiemg.com.br\/regional-sede\/wp-content\/uploads\/sites\/21\/2024\/08\/CE000824E_CAFE_EMPRESARIAL_DIVERSIDADE_banner.jpg\" \/>\n\t<meta property=\"og:image:width\" content=\"652\" \/>\n\t<meta property=\"og:image:height\" content=\"442\" \/>\n\t<meta property=\"og:image:type\" content=\"image\/jpeg\" \/>\n<meta name=\"twitter:card\" content=\"summary_large_image\" \/>\n<meta name=\"twitter:label1\" content=\"Est. tempo de leitura\" \/>\n\t<meta name=\"twitter:data1\" content=\"2 minutos\" \/>\n<script type=\"application\/ld+json\" class=\"yoast-schema-graph\">{\"@context\":\"https:\/\/schema.org\",\"@graph\":[{\"@type\":\"WebPage\",\"@id\":\"https:\/\/www.fiemg.com.br\/regional-sede\/noticias\/evento-discute-tecnologias-e-estrategias-para-transporte-e-armazenamento-de-cargas-especiais\/\",\"url\":\"https:\/\/www.fiemg.com.br\/regional-sede\/noticias\/evento-discute-tecnologias-e-estrategias-para-transporte-e-armazenamento-de-cargas-especiais\/\",\"name\":\"Caf\u00e9 Empresarial aborda desafios e solu\u00e7\u00f5es em opera\u00e7\u00f5es log\u00edsticas de cargas sens\u00edveis - FIEMG\",\"isPartOf\":{\"@id\":\"https:\/\/www.fiemg.com.br\/regional-sede\/#website\"},\"primaryImageOfPage\":{\"@id\":\"https:\/\/www.fiemg.com.br\/regional-sede\/noticias\/evento-discute-tecnologias-e-estrategias-para-transporte-e-armazenamento-de-cargas-especiais\/#primaryimage\"},\"image\":{\"@id\":\"https:\/\/www.fiemg.com.br\/regional-sede\/noticias\/evento-discute-tecnologias-e-estrategias-para-transporte-e-armazenamento-de-cargas-especiais\/#primaryimage\"},\"thumbnailUrl\":\"https:\/\/www.fiemg.com.br\/regional-sede\/wp-content\/uploads\/sites\/21\/2024\/08\/CE000824E_CAFE_EMPRESARIAL_DIVERSIDADE_banner.jpg\",\"datePublished\":\"2024-08-01T14:27:33+00:00\",\"description\":\"Evento discute tecnologias e estrat\u00e9gias para transporte e armazenamento de cargas especiais\",\"breadcrumb\":{\"@id\":\"https:\/\/www.fiemg.com.br\/regional-sede\/noticias\/evento-discute-tecnologias-e-estrategias-para-transporte-e-armazenamento-de-cargas-especiais\/#breadcrumb\"},\"inLanguage\":\"pt-BR\",\"potentialAction\":[{\"@type\":\"ReadAction\",\"target\":[\"https:\/\/www.fiemg.com.br\/regional-sede\/noticias\/evento-discute-tecnologias-e-estrategias-para-transporte-e-armazenamento-de-cargas-especiais\/\"]}]},{\"@type\":\"ImageObject\",\"inLanguage\":\"pt-BR\",\"@id\":\"https:\/\/www.fiemg.com.br\/regional-sede\/noticias\/evento-discute-tecnologias-e-estrategias-para-transporte-e-armazenamento-de-cargas-especiais\/#primaryimage\",\"url\":\"https:\/\/www.fiemg.com.br\/regional-sede\/wp-content\/uploads\/sites\/21\/2024\/08\/CE000824E_CAFE_EMPRESARIAL_DIVERSIDADE_banner.jpg\",\"contentUrl\":\"https:\/\/www.fiemg.com.br\/regional-sede\/wp-content\/uploads\/sites\/21\/2024\/08\/CE000824E_CAFE_EMPRESARIAL_DIVERSIDADE_banner.jpg\",\"width\":652,\"height\":442},{\"@type\":\"BreadcrumbList\",\"@id\":\"https:\/\/www.fiemg.com.br\/regional-sede\/noticias\/evento-discute-tecnologias-e-estrategias-para-transporte-e-armazenamento-de-cargas-especiais\/#breadcrumb\",\"itemListElement\":[{\"@type\":\"ListItem\",\"position\":1,\"name\":\"In\u00edcio\",\"item\":\"https:\/\/www.fiemg.com.br\/regional-sede\/\"},{\"@type\":\"ListItem\",\"position\":2,\"name\":\"Caf\u00e9 Empresarial aborda desafios e solu\u00e7\u00f5es em opera\u00e7\u00f5es log\u00edsticas de cargas sens\u00edveis\"}]},{\"@type\":\"WebSite\",\"@id\":\"https:\/\/www.fiemg.com.br\/regional-sede\/#website\",\"url\":\"https:\/\/www.fiemg.com.br\/regional-sede\/\",\"name\":\"FIEMG\",\"description\":\"Federa\u00e7\u00e3o das Ind\u00fastrias do Estado de Minas Gerais\",\"publisher\":{\"@id\":\"https:\/\/www.fiemg.com.br\/regional-sede\/#organization\"},\"potentialAction\":[{\"@type\":\"SearchAction\",\"target\":{\"@type\":\"EntryPoint\",\"urlTemplate\":\"https:\/\/www.fiemg.com.br\/regional-sede\/?s={search_term_string}\"},\"query-input\":{\"@type\":\"PropertyValueSpecification\",\"valueRequired\":true,\"valueName\":\"search_term_string\"}}],\"inLanguage\":\"pt-BR\"},{\"@type\":\"Organization\",\"@id\":\"https:\/\/www.fiemg.com.br\/regional-sede\/#organization\",\"name\":\"FIEMG\",\"url\":\"https:\/\/www.fiemg.com.br\/regional-sede\/\",\"logo\":{\"@type\":\"ImageObject\",\"inLanguage\":\"pt-BR\",\"@id\":\"https:\/\/www.fiemg.com.br\/regional-sede\/#\/schema\/logo\/image\/\",\"url\":\"https:\/\/www.fiemg.com.br\/regional-sede\/wp-content\/uploads\/sites\/21\/2023\/02\/Ativo-1.png\",\"contentUrl\":\"https:\/\/www.fiemg.com.br\/regional-sede\/wp-content\/uploads\/sites\/21\/2023\/02\/Ativo-1.png\",\"width\":563,\"height\":149,\"caption\":\"FIEMG\"},\"image\":{\"@id\":\"https:\/\/www.fiemg.com.br\/regional-sede\/#\/schema\/logo\/image\/\"}}]}<\/script>\n<!-- \/ Yoast SEO plugin. -->","yoast_head_json":{"title":"Caf\u00e9 Empresarial aborda desafios e solu\u00e7\u00f5es em opera\u00e7\u00f5es log\u00edsticas de cargas sens\u00edveis - FIEMG","description":"Evento discute tecnologias e estrat\u00e9gias para transporte e armazenamento de cargas especiais","robots":{"index":"index","follow":"follow","max-snippet":"max-snippet:-1","max-image-preview":"max-image-preview:large","max-video-preview":"max-video-preview:-1"},"canonical":"https:\/\/www.fiemg.com.br\/regional-sede\/noticias\/evento-discute-tecnologias-e-estrategias-para-transporte-e-armazenamento-de-cargas-especiais\/","og_locale":"pt_BR","og_type":"article","og_title":"Caf\u00e9 Empresarial aborda desafios e solu\u00e7\u00f5es em opera\u00e7\u00f5es log\u00edsticas de cargas sens\u00edveis - FIEMG","og_description":"Evento discute tecnologias e estrat\u00e9gias para transporte e armazenamento de cargas especiais","og_url":"https:\/\/www.fiemg.com.br\/regional-sede\/noticias\/evento-discute-tecnologias-e-estrategias-para-transporte-e-armazenamento-de-cargas-especiais\/","og_site_name":"FIEMG","og_image":[{"width":652,"height":442,"url":"https:\/\/www.fiemg.com.br\/regional-sede\/wp-content\/uploads\/sites\/21\/2024\/08\/CE000824E_CAFE_EMPRESARIAL_DIVERSIDADE_banner.jpg","type":"image\/jpeg"}],"twitter_card":"summary_large_image","twitter_misc":{"Est. tempo de leitura":"2 minutos"},"schema":{"@context":"https:\/\/schema.org","@graph":[{"@type":"WebPage","@id":"https:\/\/www.fiemg.com.br\/regional-sede\/noticias\/evento-discute-tecnologias-e-estrategias-para-transporte-e-armazenamento-de-cargas-especiais\/","url":"https:\/\/www.fiemg.com.br\/regional-sede\/noticias\/evento-discute-tecnologias-e-estrategias-para-transporte-e-armazenamento-de-cargas-especiais\/","name":"Caf\u00e9 Empresarial aborda desafios e solu\u00e7\u00f5es em opera\u00e7\u00f5es log\u00edsticas de cargas sens\u00edveis - FIEMG","isPartOf":{"@id":"https:\/\/www.fiemg.com.br\/regional-sede\/#website"},"primaryImageOfPage":{"@id":"https:\/\/www.fiemg.com.br\/regional-sede\/noticias\/evento-discute-tecnologias-e-estrategias-para-transporte-e-armazenamento-de-cargas-especiais\/#primaryimage"},"image":{"@id":"https:\/\/www.fiemg.com.br\/regional-sede\/noticias\/evento-discute-tecnologias-e-estrategias-para-transporte-e-armazenamento-de-cargas-especiais\/#primaryimage"},"thumbnailUrl":"https:\/\/www.fiemg.com.br\/regional-sede\/wp-content\/uploads\/sites\/21\/2024\/08\/CE000824E_CAFE_EMPRESARIAL_DIVERSIDADE_banner.jpg","datePublished":"2024-08-01T14:27:33+00:00","description":"Evento discute tecnologias e estrat\u00e9gias para transporte e armazenamento de cargas especiais","breadcrumb":{"@id":"https:\/\/www.fiemg.com.br\/regional-sede\/noticias\/evento-discute-tecnologias-e-estrategias-para-transporte-e-armazenamento-de-cargas-especiais\/#breadcrumb"},"inLanguage":"pt-BR","potentialAction":[{"@type":"ReadAction","target":["https:\/\/www.fiemg.com.br\/regional-sede\/noticias\/evento-discute-tecnologias-e-estrategias-para-transporte-e-armazenamento-de-cargas-especiais\/"]}]},{"@type":"ImageObject","inLanguage":"pt-BR","@id":"https:\/\/www.fiemg.com.br\/regional-sede\/noticias\/evento-discute-tecnologias-e-estrategias-para-transporte-e-armazenamento-de-cargas-especiais\/#primaryimage","url":"https:\/\/www.fiemg.com.br\/regional-sede\/wp-content\/uploads\/sites\/21\/2024\/08\/CE000824E_CAFE_EMPRESARIAL_DIVERSIDADE_banner.jpg","contentUrl":"https:\/\/www.fiemg.com.br\/regional-sede\/wp-content\/uploads\/sites\/21\/2024\/08\/CE000824E_CAFE_EMPRESARIAL_DIVERSIDADE_banner.jpg","width":652,"height":442},{"@type":"BreadcrumbList","@id":"https:\/\/www.fiemg.com.br\/regional-sede\/noticias\/evento-discute-tecnologias-e-estrategias-para-transporte-e-armazenamento-de-cargas-especiais\/#breadcrumb","itemListElement":[{"@type":"ListItem","position":1,"name":"In\u00edcio","item":"https:\/\/www.fiemg.com.br\/regional-sede\/"},{"@type":"ListItem","position":2,"name":"Caf\u00e9 Empresarial aborda desafios e solu\u00e7\u00f5es em opera\u00e7\u00f5es log\u00edsticas de cargas sens\u00edveis"}]},{"@type":"WebSite","@id":"https:\/\/www.fiemg.com.br\/regional-sede\/#website","url":"https:\/\/www.fiemg.com.br\/regional-sede\/","name":"FIEMG","description":"Federa\u00e7\u00e3o das Ind\u00fastrias do Estado de Minas Gerais","publisher":{"@id":"https:\/\/www.fiemg.com.br\/regional-sede\/#organization"},"potentialAction":[{"@type":"SearchAction","target":{"@type":"EntryPoint","urlTemplate":"https:\/\/www.fiemg.com.br\/regional-sede\/?s={search_term_string}"},"query-input":{"@type":"PropertyValueSpecification","valueRequired":true,"valueName":"search_term_string"}}],"inLanguage":"pt-BR"},{"@type":"Organization","@id":"https:\/\/www.fiemg.com.br\/regional-sede\/#organization","name":"FIEMG","url":"https:\/\/www.fiemg.com.br\/regional-sede\/","logo":{"@type":"ImageObject","inLanguage":"pt-BR","@id":"https:\/\/www.fiemg.com.br\/regional-sede\/#\/schema\/logo\/image\/","url":"https:\/\/www.fiemg.com.br\/regional-sede\/wp-content\/uploads\/sites\/21\/2023\/02\/Ativo-1.png","contentUrl":"https:\/\/www.fiemg.com.br\/regional-sede\/wp-content\/uploads\/sites\/21\/2023\/02\/Ativo-1.png","width":563,"height":149,"caption":"FIEMG"},"image":{"@id":"https:\/\/www.fiemg.com.br\/regional-sede\/#\/schema\/logo\/image\/"}}]}},"_links":{"self":[{"href":"https:\/\/www.fiemg.com.br\/regional-sede\/wp-json\/wp\/v2\/noticias\/3391","targetHints":{"allow":["GET"]}}],"collection":[{"href":"https:\/\/www.fiemg.com.br\/regional-sede\/wp-json\/wp\/v2\/noticias"}],"about":[{"href":"https:\/\/www.fiemg.com.br\/regional-sede\/wp-json\/wp\/v2\/types\/noticias"}],"wp:featuredmedia":[{"embeddable":true,"href":"https:\/\/www.fiemg.com.br\/regional-sede\/wp-json\/wp\/v2\/media\/3393"}],"wp:attachment":[{"href":"https:\/\/www.fiemg.com.br\/regional-sede\/wp-json\/wp\/v2\/media?parent=3391"}],"wp:term":[{"taxonomy":"category","embeddable":true,"href":"https:\/\/www.fiemg.com.br\/regional-sede\/wp-json\/wp\/v2\/categories?post=3391"},{"taxonomy":"post_tag","embeddable":true,"href":"https:\/\/www.fiemg.com.br\/regional-sede\/wp-json\/wp\/v2\/tags?post=3391"}],"curies":[{"name":"wp","href":"https:\/\/api.w.org\/{rel}","templated":true}]}}