{"id":3403,"date":"2024-08-06T09:47:53","date_gmt":"2024-08-06T12:47:53","guid":{"rendered":"https:\/\/www.fiemg.com.br\/regional-sede\/noticias\/participe-do-maior-evento-global-da-industria-automotiva\/"},"modified":"2024-08-27T16:00:09","modified_gmt":"2024-08-27T19:00:09","slug":"participe-do-maior-evento-global-da-industria-automotiva","status":"publish","type":"noticias","link":"https:\/\/www.fiemg.com.br\/regional-sede\/noticias\/participe-do-maior-evento-global-da-industria-automotiva\/","title":{"rendered":"Miss\u00e3o Prospectiva \u00e0s Feiras SEMA Show e AAPEX"},"content":{"rendered":"\n<figure class=\"wp-block-image aligncenter size-large\"><img fetchpriority=\"high\" decoding=\"async\" width=\"1024\" height=\"397\" src=\"https:\/\/www.fiemg.com.br\/regional-sede\/wp-content\/uploads\/sites\/21\/2024\/08\/CN003124B_FEIRASAUTOMOTIVAS_CIN_BANNERSDIGITAIS_BANNERNOTICIA-1024x397.png\" alt=\"\" class=\"wp-image-3405\" srcset=\"https:\/\/www.fiemg.com.br\/regional-sede\/wp-content\/uploads\/sites\/21\/2024\/08\/CN003124B_FEIRASAUTOMOTIVAS_CIN_BANNERSDIGITAIS_BANNERNOTICIA-1024x397.png 1024w, https:\/\/www.fiemg.com.br\/regional-sede\/wp-content\/uploads\/sites\/21\/2024\/08\/CN003124B_FEIRASAUTOMOTIVAS_CIN_BANNERSDIGITAIS_BANNERNOTICIA-300x116.png 300w, https:\/\/www.fiemg.com.br\/regional-sede\/wp-content\/uploads\/sites\/21\/2024\/08\/CN003124B_FEIRASAUTOMOTIVAS_CIN_BANNERSDIGITAIS_BANNERNOTICIA-768x298.png 768w, https:\/\/www.fiemg.com.br\/regional-sede\/wp-content\/uploads\/sites\/21\/2024\/08\/CN003124B_FEIRASAUTOMOTIVAS_CIN_BANNERSDIGITAIS_BANNERNOTICIA.png 1081w\" sizes=\"(max-width: 1024px) 100vw, 1024px\" \/><\/figure>\n\n\n\n<p><\/p>\n\n\n\n<p>De 4 a 8 de novembro, em Las Vegas, EUA, ser\u00e1 realizada a Miss\u00e3o Prospectiva \u00e0s Feiras SEMA Show e AAPEX 2024. \u00c9 a sua oportunidade de estar no centro das inova\u00e7\u00f5es da ind\u00fastria automotiva global. Prepare-se para ter acesso exclusivo a mais de 3.000 novos produtos e 2.400 expositores, descobrindo as principais tend\u00eancias e tecnologias da ind\u00fastria. Os participantes ter\u00e3o acesso a circuitos guiados exclusivos, visitando estandes com uma equipe t\u00e9cnica especializada, garantindo uma experi\u00eancia \u00fanica e focada no seu neg\u00f3cio. Al\u00e9m disso, haver\u00e1 visitas t\u00e9cnicas a ind\u00fastrias e centros de inova\u00e7\u00e3o, proporcionando a oportunidade de aprofundar seus conhecimentos e ampliar sua rede de contatos com l\u00edderes do setor.<\/p>\n\n\n\n<p>Uma a\u00e7\u00e3o do conv\u00eanio da Rede CIN\/CNI e Apex Brasil e articula\u00e7\u00e3o FIEMG, contando com o apoio do Servi\u00e7o Comercial dos EUA e Sindirepa Brasil &#8211; Sindicato da Ind\u00fastria de Repara\u00e7\u00e3o de Ve\u00edculos. A Miss\u00e3o tem o objetivo de apresentar um mercado potencial para a ind\u00fastria mineira, prospectar novos clientes para neg\u00f3cios e parcerias, promover imers\u00e3o em ambientes de tecnologia e inova\u00e7\u00e3o, vivenciar uma cultura de neg\u00f3cios diferente, e promover networking entre empres\u00e1rios mineiros e americanos do setor automotivo.<\/p>\n\n\n\n<p> <a href=\"https:\/\/sphinxweb.com.br\/cni\/v20\/fluxo\/index\/2024__missao_prospectiva_as_feiras_sema_show_e_aapex\">Fa\u00e7a a sua inscri\u00e7\u00e3o neste link<\/a>.<\/p>\n\n\n\n<p><strong>SERVI\u00c7O<\/strong><br><strong>Data:<\/strong> 4 a 8 de novembro<br><strong>Local:<\/strong> Las Vegas, EUA<br><strong>Inscri\u00e7\u00e3o:<\/strong> Inscreva-se, <a href=\"https:\/\/sphinxweb.com.br\/cni\/v20\/fluxo\/index\/2024__missao_prospectiva_as_feiras_sema_show_e_aapex\">neste link<\/a>, at\u00e9 10 de setembro e garanta sua participa\u00e7\u00e3o nesta experi\u00eancia imperd\u00edvel. Para mais informa\u00e7\u00f5es, entre em contato pelo telefone (31) 3263.4722 ou pelo e-mail pcomercial@fiemg.com.br.<\/p>\n","protected":false},"featured_media":3404,"template":"","categories":[15],"tags":[103,78],"class_list":["post-3403","noticias","type-noticias","status-publish","has-post-thumbnail","hentry","category-desenvolvimento-industrial","tag-cin","tag-fiemg"],"acf":[],"yoast_head":"<!-- This site is optimized with the Yoast SEO plugin v26.2 - https:\/\/yoast.com\/wordpress\/plugins\/seo\/ -->\n<title>Miss\u00e3o Prospectiva \u00e0s Feiras SEMA Show e AAPEX - FIEMG<\/title>\n<meta name=\"description\" content=\"Participe do maior evento global da ind\u00fastria automotiva\" \/>\n<meta name=\"robots\" content=\"index, follow, max-snippet:-1, max-image-preview:large, max-video-preview:-1\" \/>\n<link rel=\"canonical\" href=\"https:\/\/www.fiemg.com.br\/regional-sede\/noticias\/participe-do-maior-evento-global-da-industria-automotiva\/\" \/>\n<meta property=\"og:locale\" content=\"pt_BR\" \/>\n<meta property=\"og:type\" content=\"article\" \/>\n<meta property=\"og:title\" content=\"Miss\u00e3o Prospectiva \u00e0s Feiras SEMA Show e AAPEX - FIEMG\" \/>\n<meta property=\"og:description\" content=\"Participe do maior evento global da ind\u00fastria automotiva\" \/>\n<meta property=\"og:url\" content=\"https:\/\/www.fiemg.com.br\/regional-sede\/noticias\/participe-do-maior-evento-global-da-industria-automotiva\/\" \/>\n<meta property=\"og:site_name\" content=\"FIEMG\" \/>\n<meta property=\"article:modified_time\" content=\"2024-08-27T19:00:09+00:00\" \/>\n<meta property=\"og:image\" content=\"https:\/\/www.fiemg.com.br\/regional-sede\/wp-content\/uploads\/sites\/21\/2024\/08\/CN003124B_FEIRASAUTOMOTIVAS_CIN_BANNERSDIGITAIS_THUMBNOTICIA.png\" \/>\n\t<meta property=\"og:image:width\" content=\"513\" \/>\n\t<meta property=\"og:image:height\" content=\"513\" \/>\n\t<meta property=\"og:image:type\" content=\"image\/png\" \/>\n<meta name=\"twitter:card\" content=\"summary_large_image\" \/>\n<meta name=\"twitter:label1\" content=\"Est. tempo de leitura\" \/>\n\t<meta name=\"twitter:data1\" content=\"2 minutos\" \/>\n<script type=\"application\/ld+json\" class=\"yoast-schema-graph\">{\"@context\":\"https:\/\/schema.org\",\"@graph\":[{\"@type\":\"WebPage\",\"@id\":\"https:\/\/www.fiemg.com.br\/regional-sede\/noticias\/participe-do-maior-evento-global-da-industria-automotiva\/\",\"url\":\"https:\/\/www.fiemg.com.br\/regional-sede\/noticias\/participe-do-maior-evento-global-da-industria-automotiva\/\",\"name\":\"Miss\u00e3o Prospectiva \u00e0s Feiras SEMA Show e AAPEX - FIEMG\",\"isPartOf\":{\"@id\":\"https:\/\/www.fiemg.com.br\/regional-sede\/#website\"},\"primaryImageOfPage\":{\"@id\":\"https:\/\/www.fiemg.com.br\/regional-sede\/noticias\/participe-do-maior-evento-global-da-industria-automotiva\/#primaryimage\"},\"image\":{\"@id\":\"https:\/\/www.fiemg.com.br\/regional-sede\/noticias\/participe-do-maior-evento-global-da-industria-automotiva\/#primaryimage\"},\"thumbnailUrl\":\"https:\/\/www.fiemg.com.br\/regional-sede\/wp-content\/uploads\/sites\/21\/2024\/08\/CN003124B_FEIRASAUTOMOTIVAS_CIN_BANNERSDIGITAIS_THUMBNOTICIA.png\",\"datePublished\":\"2024-08-06T12:47:53+00:00\",\"dateModified\":\"2024-08-27T19:00:09+00:00\",\"description\":\"Participe do maior evento global da ind\u00fastria automotiva\",\"breadcrumb\":{\"@id\":\"https:\/\/www.fiemg.com.br\/regional-sede\/noticias\/participe-do-maior-evento-global-da-industria-automotiva\/#breadcrumb\"},\"inLanguage\":\"pt-BR\",\"potentialAction\":[{\"@type\":\"ReadAction\",\"target\":[\"https:\/\/www.fiemg.com.br\/regional-sede\/noticias\/participe-do-maior-evento-global-da-industria-automotiva\/\"]}]},{\"@type\":\"ImageObject\",\"inLanguage\":\"pt-BR\",\"@id\":\"https:\/\/www.fiemg.com.br\/regional-sede\/noticias\/participe-do-maior-evento-global-da-industria-automotiva\/#primaryimage\",\"url\":\"https:\/\/www.fiemg.com.br\/regional-sede\/wp-content\/uploads\/sites\/21\/2024\/08\/CN003124B_FEIRASAUTOMOTIVAS_CIN_BANNERSDIGITAIS_THUMBNOTICIA.png\",\"contentUrl\":\"https:\/\/www.fiemg.com.br\/regional-sede\/wp-content\/uploads\/sites\/21\/2024\/08\/CN003124B_FEIRASAUTOMOTIVAS_CIN_BANNERSDIGITAIS_THUMBNOTICIA.png\",\"width\":513,\"height\":513},{\"@type\":\"BreadcrumbList\",\"@id\":\"https:\/\/www.fiemg.com.br\/regional-sede\/noticias\/participe-do-maior-evento-global-da-industria-automotiva\/#breadcrumb\",\"itemListElement\":[{\"@type\":\"ListItem\",\"position\":1,\"name\":\"In\u00edcio\",\"item\":\"https:\/\/www.fiemg.com.br\/regional-sede\/\"},{\"@type\":\"ListItem\",\"position\":2,\"name\":\"Miss\u00e3o Prospectiva \u00e0s Feiras SEMA Show e AAPEX\"}]},{\"@type\":\"WebSite\",\"@id\":\"https:\/\/www.fiemg.com.br\/regional-sede\/#website\",\"url\":\"https:\/\/www.fiemg.com.br\/regional-sede\/\",\"name\":\"FIEMG\",\"description\":\"Federa\u00e7\u00e3o das Ind\u00fastrias do Estado de Minas Gerais\",\"publisher\":{\"@id\":\"https:\/\/www.fiemg.com.br\/regional-sede\/#organization\"},\"potentialAction\":[{\"@type\":\"SearchAction\",\"target\":{\"@type\":\"EntryPoint\",\"urlTemplate\":\"https:\/\/www.fiemg.com.br\/regional-sede\/?s={search_term_string}\"},\"query-input\":{\"@type\":\"PropertyValueSpecification\",\"valueRequired\":true,\"valueName\":\"search_term_string\"}}],\"inLanguage\":\"pt-BR\"},{\"@type\":\"Organization\",\"@id\":\"https:\/\/www.fiemg.com.br\/regional-sede\/#organization\",\"name\":\"FIEMG\",\"url\":\"https:\/\/www.fiemg.com.br\/regional-sede\/\",\"logo\":{\"@type\":\"ImageObject\",\"inLanguage\":\"pt-BR\",\"@id\":\"https:\/\/www.fiemg.com.br\/regional-sede\/#\/schema\/logo\/image\/\",\"url\":\"https:\/\/www.fiemg.com.br\/regional-sede\/wp-content\/uploads\/sites\/21\/2023\/02\/Ativo-1.png\",\"contentUrl\":\"https:\/\/www.fiemg.com.br\/regional-sede\/wp-content\/uploads\/sites\/21\/2023\/02\/Ativo-1.png\",\"width\":563,\"height\":149,\"caption\":\"FIEMG\"},\"image\":{\"@id\":\"https:\/\/www.fiemg.com.br\/regional-sede\/#\/schema\/logo\/image\/\"}}]}<\/script>\n<!-- \/ Yoast SEO plugin. -->","yoast_head_json":{"title":"Miss\u00e3o Prospectiva \u00e0s Feiras SEMA Show e AAPEX - FIEMG","description":"Participe do maior evento global da ind\u00fastria automotiva","robots":{"index":"index","follow":"follow","max-snippet":"max-snippet:-1","max-image-preview":"max-image-preview:large","max-video-preview":"max-video-preview:-1"},"canonical":"https:\/\/www.fiemg.com.br\/regional-sede\/noticias\/participe-do-maior-evento-global-da-industria-automotiva\/","og_locale":"pt_BR","og_type":"article","og_title":"Miss\u00e3o Prospectiva \u00e0s Feiras SEMA Show e AAPEX - FIEMG","og_description":"Participe do maior evento global da ind\u00fastria automotiva","og_url":"https:\/\/www.fiemg.com.br\/regional-sede\/noticias\/participe-do-maior-evento-global-da-industria-automotiva\/","og_site_name":"FIEMG","article_modified_time":"2024-08-27T19:00:09+00:00","og_image":[{"width":513,"height":513,"url":"https:\/\/www.fiemg.com.br\/regional-sede\/wp-content\/uploads\/sites\/21\/2024\/08\/CN003124B_FEIRASAUTOMOTIVAS_CIN_BANNERSDIGITAIS_THUMBNOTICIA.png","type":"image\/png"}],"twitter_card":"summary_large_image","twitter_misc":{"Est. tempo de leitura":"2 minutos"},"schema":{"@context":"https:\/\/schema.org","@graph":[{"@type":"WebPage","@id":"https:\/\/www.fiemg.com.br\/regional-sede\/noticias\/participe-do-maior-evento-global-da-industria-automotiva\/","url":"https:\/\/www.fiemg.com.br\/regional-sede\/noticias\/participe-do-maior-evento-global-da-industria-automotiva\/","name":"Miss\u00e3o Prospectiva \u00e0s Feiras SEMA Show e AAPEX - FIEMG","isPartOf":{"@id":"https:\/\/www.fiemg.com.br\/regional-sede\/#website"},"primaryImageOfPage":{"@id":"https:\/\/www.fiemg.com.br\/regional-sede\/noticias\/participe-do-maior-evento-global-da-industria-automotiva\/#primaryimage"},"image":{"@id":"https:\/\/www.fiemg.com.br\/regional-sede\/noticias\/participe-do-maior-evento-global-da-industria-automotiva\/#primaryimage"},"thumbnailUrl":"https:\/\/www.fiemg.com.br\/regional-sede\/wp-content\/uploads\/sites\/21\/2024\/08\/CN003124B_FEIRASAUTOMOTIVAS_CIN_BANNERSDIGITAIS_THUMBNOTICIA.png","datePublished":"2024-08-06T12:47:53+00:00","dateModified":"2024-08-27T19:00:09+00:00","description":"Participe do maior evento global da ind\u00fastria automotiva","breadcrumb":{"@id":"https:\/\/www.fiemg.com.br\/regional-sede\/noticias\/participe-do-maior-evento-global-da-industria-automotiva\/#breadcrumb"},"inLanguage":"pt-BR","potentialAction":[{"@type":"ReadAction","target":["https:\/\/www.fiemg.com.br\/regional-sede\/noticias\/participe-do-maior-evento-global-da-industria-automotiva\/"]}]},{"@type":"ImageObject","inLanguage":"pt-BR","@id":"https:\/\/www.fiemg.com.br\/regional-sede\/noticias\/participe-do-maior-evento-global-da-industria-automotiva\/#primaryimage","url":"https:\/\/www.fiemg.com.br\/regional-sede\/wp-content\/uploads\/sites\/21\/2024\/08\/CN003124B_FEIRASAUTOMOTIVAS_CIN_BANNERSDIGITAIS_THUMBNOTICIA.png","contentUrl":"https:\/\/www.fiemg.com.br\/regional-sede\/wp-content\/uploads\/sites\/21\/2024\/08\/CN003124B_FEIRASAUTOMOTIVAS_CIN_BANNERSDIGITAIS_THUMBNOTICIA.png","width":513,"height":513},{"@type":"BreadcrumbList","@id":"https:\/\/www.fiemg.com.br\/regional-sede\/noticias\/participe-do-maior-evento-global-da-industria-automotiva\/#breadcrumb","itemListElement":[{"@type":"ListItem","position":1,"name":"In\u00edcio","item":"https:\/\/www.fiemg.com.br\/regional-sede\/"},{"@type":"ListItem","position":2,"name":"Miss\u00e3o Prospectiva \u00e0s Feiras SEMA Show e AAPEX"}]},{"@type":"WebSite","@id":"https:\/\/www.fiemg.com.br\/regional-sede\/#website","url":"https:\/\/www.fiemg.com.br\/regional-sede\/","name":"FIEMG","description":"Federa\u00e7\u00e3o das Ind\u00fastrias do Estado de Minas Gerais","publisher":{"@id":"https:\/\/www.fiemg.com.br\/regional-sede\/#organization"},"potentialAction":[{"@type":"SearchAction","target":{"@type":"EntryPoint","urlTemplate":"https:\/\/www.fiemg.com.br\/regional-sede\/?s={search_term_string}"},"query-input":{"@type":"PropertyValueSpecification","valueRequired":true,"valueName":"search_term_string"}}],"inLanguage":"pt-BR"},{"@type":"Organization","@id":"https:\/\/www.fiemg.com.br\/regional-sede\/#organization","name":"FIEMG","url":"https:\/\/www.fiemg.com.br\/regional-sede\/","logo":{"@type":"ImageObject","inLanguage":"pt-BR","@id":"https:\/\/www.fiemg.com.br\/regional-sede\/#\/schema\/logo\/image\/","url":"https:\/\/www.fiemg.com.br\/regional-sede\/wp-content\/uploads\/sites\/21\/2023\/02\/Ativo-1.png","contentUrl":"https:\/\/www.fiemg.com.br\/regional-sede\/wp-content\/uploads\/sites\/21\/2023\/02\/Ativo-1.png","width":563,"height":149,"caption":"FIEMG"},"image":{"@id":"https:\/\/www.fiemg.com.br\/regional-sede\/#\/schema\/logo\/image\/"}}]}},"_links":{"self":[{"href":"https:\/\/www.fiemg.com.br\/regional-sede\/wp-json\/wp\/v2\/noticias\/3403","targetHints":{"allow":["GET"]}}],"collection":[{"href":"https:\/\/www.fiemg.com.br\/regional-sede\/wp-json\/wp\/v2\/noticias"}],"about":[{"href":"https:\/\/www.fiemg.com.br\/regional-sede\/wp-json\/wp\/v2\/types\/noticias"}],"wp:featuredmedia":[{"embeddable":true,"href":"https:\/\/www.fiemg.com.br\/regional-sede\/wp-json\/wp\/v2\/media\/3404"}],"wp:attachment":[{"href":"https:\/\/www.fiemg.com.br\/regional-sede\/wp-json\/wp\/v2\/media?parent=3403"}],"wp:term":[{"taxonomy":"category","embeddable":true,"href":"https:\/\/www.fiemg.com.br\/regional-sede\/wp-json\/wp\/v2\/categories?post=3403"},{"taxonomy":"post_tag","embeddable":true,"href":"https:\/\/www.fiemg.com.br\/regional-sede\/wp-json\/wp\/v2\/tags?post=3403"}],"curies":[{"name":"wp","href":"https:\/\/api.w.org\/{rel}","templated":true}]}}