{"id":3419,"date":"2024-08-07T11:03:56","date_gmt":"2024-08-07T14:03:56","guid":{"rendered":"https:\/\/www.fiemg.com.br\/regional-sede\/noticias\/evento-reuniu-compradores-internacionais-de-paises-islamicos-em-sao-paulo\/"},"modified":"2024-08-07T11:12:46","modified_gmt":"2024-08-07T14:12:46","slug":"evento-reuniu-compradores-internacionais-de-paises-islamicos-em-sao-paulo","status":"publish","type":"noticias","link":"https:\/\/www.fiemg.com.br\/regional-sede\/noticias\/evento-reuniu-compradores-internacionais-de-paises-islamicos-em-sao-paulo\/","title":{"rendered":"CCAB promove semin\u00e1rio sobre oportunidades de neg\u00f3cios no setor de alimentos e bebidas"},"content":{"rendered":"\n<figure class=\"wp-block-image aligncenter size-large\"><img fetchpriority=\"high\" decoding=\"async\" width=\"1024\" height=\"332\" src=\"https:\/\/www.fiemg.com.br\/regional-sede\/wp-content\/uploads\/sites\/21\/2024\/08\/winicius-dantas-1024x332.jpg\" alt=\"\" class=\"wp-image-3421\" srcset=\"https:\/\/www.fiemg.com.br\/regional-sede\/wp-content\/uploads\/sites\/21\/2024\/08\/winicius-dantas-1024x332.jpg 1024w, https:\/\/www.fiemg.com.br\/regional-sede\/wp-content\/uploads\/sites\/21\/2024\/08\/winicius-dantas-300x97.jpg 300w, https:\/\/www.fiemg.com.br\/regional-sede\/wp-content\/uploads\/sites\/21\/2024\/08\/winicius-dantas-768x249.jpg 768w, https:\/\/www.fiemg.com.br\/regional-sede\/wp-content\/uploads\/sites\/21\/2024\/08\/winicius-dantas.jpg 1399w\" sizes=\"(max-width: 1024px) 100vw, 1024px\" \/><\/figure>\n\n\n\n<h3 class=\"wp-block-heading\"><\/h3>\n\n\n\n<p><br>No dia 07 de agosto, a C\u00e2mara de Com\u00e9rcio \u00c1rabe Brasileira (CCAB) sediou o Semin\u00e1rio &#8220;Oportunidades de Neg\u00f3cios&#8221; focado no setor de alimentos e bebidas, em S\u00e3o Paulo. O evento contou com a presen\u00e7a de compradores internacionais provenientes de pa\u00edses isl\u00e2micos como Emirados \u00c1rabes, Egito, L\u00edbano, Jord\u00e2nia, Tun\u00edsia e Mal\u00e1sia, que participaram de rodadas de neg\u00f3cios com empresas brasileiras.<\/p>\n\n\n\n<p>Com um n\u00famero significativo de empresas de Minas Gerais participando dessas rodadas, a CCAB solicitou a participa\u00e7\u00e3o da FIEMG no evento para destacar os diferenciais competitivos das ind\u00fastrias do Estado. Representando a FIEMG, o presidente da C\u00e2mara da Ind\u00fastria de Alimentos e Bebidas, Winicius Segantine Dantas, realizou uma apresenta\u00e7\u00e3o sobre o tema.<\/p>\n\n\n\n<p><strong>A casa da ind\u00fastria<\/strong> &#8211; Ele come\u00e7ou sua fala apresentando a FIEMG. A institui\u00e7\u00e3o, com 91 anos de hist\u00f3ria, representa a ind\u00fastria de Minas Gerais, dedicada a defender os interesses do setor industrial e prestar servi\u00e7os de apoio \u00e0s empresas. \u201cS\u00e3o mais de 7.000 funcion\u00e1rios, 126 sindicatos e mais de 60.000 ind\u00fastrias em nossa base, sendo mais de 7.000 ind\u00fastrias associadas. Com 11 escrit\u00f3rios regionais espalhados por todo o estado, atendemos a mais de 5 mil empresas. A entidade oferece suporte \u00e0s empresas em diversas \u00e1reas, incluindo meio ambiente, rela\u00e7\u00f5es trabalhistas, tributa\u00e7\u00e3o, economia, com\u00e9rcio exterior, investimentos externos e acesso a mercados&#8217;, destacou Dantas.<\/p>\n\n\n\n<p><strong>CIN<\/strong> &#8211; O presidente da C\u00e2mara da Ind\u00fastria de Alimentos e Bebidas tamb\u00e9m apresentou o Centro Internacional de Neg\u00f3cios da FIEMG, que foi criado em 1998 e integra a Rede de Centros Internacionais de Neg\u00f3cios no Brasil. \u00c9 respons\u00e1vel por promover a internacionaliza\u00e7\u00e3o da ind\u00fastria de minera\u00e7\u00e3o e por promover Minas Gerais internacionalmente, possibilitando neg\u00f3cios, parcerias e interc\u00e2mbio de experi\u00eancias no mercado internacional. O Centro visa o aumento do volume de exporta\u00e7\u00f5es, a diversifica\u00e7\u00e3o de mercados e a agenda de exporta\u00e7\u00f5es da ind\u00fastria de Minas Gerais.<\/p>\n\n\n\n<p><strong>Minas Gerais<\/strong> &#8211; Segundo Dantas, em 2023, 77% das exporta\u00e7\u00f5es do estado vieram do setor industrial, com 42,5% provenientes da ind\u00fastria de transforma\u00e7\u00e3o, ocupando o terceiro lugar em exporta\u00e7\u00f5es industriais, totalizando US$ 31,1 bilh\u00f5es. Minas possui o maior n\u00famero de munic\u00edpios do Brasil, com 853, e a segunda maior popula\u00e7\u00e3o, com 21,5 milh\u00f5es de habitantes. Em termos econ\u00f4micos, alcan\u00e7ou um PIB de R$ 754,1 bilh\u00f5es, com a participa\u00e7\u00e3o da ind\u00fastria representando 34,3% desse total em 2021. Al\u00e9m disso, conta com 1.240.425 trabalhadores industriais, o segundo maior n\u00famero do pa\u00eds, representando 12% da for\u00e7a de trabalho brasileira em 2021. Tamb\u00e9m abriga 63.951 ind\u00fastrias, sendo a segunda maior concentra\u00e7\u00e3o do Brasil, representando 13% da ind\u00fastria nacional em 2021.<\/p>\n\n\n\n<p><strong>Setor de alimentos<\/strong> &#8211; As oportunidades no setor aliment\u00edcio em Minas Gerais entre 2019 e 2023 incluem v\u00e1rios destaques importantes. Minas Gerais exportou mais de 200 mil toneladas de \u00f3leos vegetais e posicionou-se como o 5\u00ba estado em exporta\u00e7\u00f5es de especiarias, com destaque para canela, cravo, noz-moscada, sementes de anis e pimenta. O estado tamb\u00e9m se destacou na exporta\u00e7\u00e3o de mel, representando 10% das exporta\u00e7\u00f5es brasileiras, sendo o 5\u00ba estado em exporta\u00e7\u00f5es desse produto.<\/p>\n\n\n\n<p>Em rela\u00e7\u00e3o aos cereais, Minas Gerais exportou mais de 2 milh\u00f5es de toneladas, com a Mal\u00e1sia e o Kuwait como destinos relevantes. Na categoria de biscoitos, o estado foi respons\u00e1vel por 5% das exporta\u00e7\u00f5es brasileiras, ocupando a 3\u00aa posi\u00e7\u00e3o no ranking de estados exportadores. \u201cA exporta\u00e7\u00e3o de queijos tamb\u00e9m foi significativa, com mais de 698 mil toneladas, representando 44,27% das exporta\u00e7\u00f5es brasileiras e posicionando Minas Gerais como o 1\u00ba estado em exporta\u00e7\u00f5es de queijos\u201d, afirmou Dantas.<\/p>\n\n\n\n<p>O gestor tamb\u00e9m afirmou que o estado contribuiu com 30,25% das exporta\u00e7\u00f5es brasileiras de chocolate e registrou um crescimento de 10,61% nas exporta\u00e7\u00f5es de massas, incluindo destinos como os Emirados \u00c1rabes Unidos. \u201cAl\u00e9m disso, Minas Gerais foi o 4\u00ba estado em exporta\u00e7\u00f5es de carne bovina e exportou 700 mil toneladas de aves. Por fim, o estado ocupou a 3\u00aa posi\u00e7\u00e3o em exporta\u00e7\u00f5es de molhos e condimentos\u201d, esclareceu.<br><br><strong>Governo do Estado<\/strong>&#8211; Minas Gerais tamb\u00e9m foi representado por La\u00eds Ione Ara\u00fajo Fagundes, diretora de Promo\u00e7\u00e3o de Exporta\u00e7\u00f5es da Secretaria de Estado de Desenvolvimento Econ\u00f4mico. Em sua apresenta\u00e7\u00e3o, La\u00eds destacou as diversas potencialidades de neg\u00f3cios que o estado oferece.<\/p>\n\n\n\n<p><em>Denise Lucas<\/em><br><strong>Imprensa FIEMG<\/strong><\/p>\n","protected":false},"featured_media":3420,"template":"","categories":[15],"tags":[78],"class_list":["post-3419","noticias","type-noticias","status-publish","has-post-thumbnail","hentry","category-desenvolvimento-industrial","tag-fiemg"],"acf":[],"yoast_head":"<!-- This site is optimized with the Yoast SEO plugin v26.2 - https:\/\/yoast.com\/wordpress\/plugins\/seo\/ -->\n<title>CCAB promove semin\u00e1rio sobre oportunidades de neg\u00f3cios no setor de alimentos e bebidas - FIEMG<\/title>\n<meta name=\"description\" content=\"Evento reuniu compradores internacionais de pa\u00edses isl\u00e2micos em S\u00e3o Paulo\" \/>\n<meta name=\"robots\" content=\"index, follow, max-snippet:-1, max-image-preview:large, max-video-preview:-1\" \/>\n<link rel=\"canonical\" href=\"https:\/\/www.fiemg.com.br\/regional-sede\/noticias\/evento-reuniu-compradores-internacionais-de-paises-islamicos-em-sao-paulo\/\" \/>\n<meta property=\"og:locale\" content=\"pt_BR\" \/>\n<meta property=\"og:type\" content=\"article\" \/>\n<meta property=\"og:title\" content=\"CCAB promove semin\u00e1rio sobre oportunidades de neg\u00f3cios no setor de alimentos e bebidas - FIEMG\" \/>\n<meta property=\"og:description\" content=\"Evento reuniu compradores internacionais de pa\u00edses isl\u00e2micos em S\u00e3o Paulo\" \/>\n<meta property=\"og:url\" content=\"https:\/\/www.fiemg.com.br\/regional-sede\/noticias\/evento-reuniu-compradores-internacionais-de-paises-islamicos-em-sao-paulo\/\" \/>\n<meta property=\"og:site_name\" content=\"FIEMG\" \/>\n<meta property=\"article:modified_time\" content=\"2024-08-07T14:12:46+00:00\" \/>\n<meta property=\"og:image\" content=\"https:\/\/www.fiemg.com.br\/regional-sede\/wp-content\/uploads\/sites\/21\/2024\/08\/winicius-dantas2.jpg\" \/>\n\t<meta property=\"og:image:width\" content=\"506\" \/>\n\t<meta property=\"og:image:height\" content=\"454\" \/>\n\t<meta property=\"og:image:type\" content=\"image\/jpeg\" \/>\n<meta name=\"twitter:card\" content=\"summary_large_image\" \/>\n<meta name=\"twitter:label1\" content=\"Est. tempo de leitura\" \/>\n\t<meta name=\"twitter:data1\" content=\"5 minutos\" \/>\n<script type=\"application\/ld+json\" class=\"yoast-schema-graph\">{\"@context\":\"https:\/\/schema.org\",\"@graph\":[{\"@type\":\"WebPage\",\"@id\":\"https:\/\/www.fiemg.com.br\/regional-sede\/noticias\/evento-reuniu-compradores-internacionais-de-paises-islamicos-em-sao-paulo\/\",\"url\":\"https:\/\/www.fiemg.com.br\/regional-sede\/noticias\/evento-reuniu-compradores-internacionais-de-paises-islamicos-em-sao-paulo\/\",\"name\":\"CCAB promove semin\u00e1rio sobre oportunidades de neg\u00f3cios no setor de alimentos e bebidas - FIEMG\",\"isPartOf\":{\"@id\":\"https:\/\/www.fiemg.com.br\/regional-sede\/#website\"},\"primaryImageOfPage\":{\"@id\":\"https:\/\/www.fiemg.com.br\/regional-sede\/noticias\/evento-reuniu-compradores-internacionais-de-paises-islamicos-em-sao-paulo\/#primaryimage\"},\"image\":{\"@id\":\"https:\/\/www.fiemg.com.br\/regional-sede\/noticias\/evento-reuniu-compradores-internacionais-de-paises-islamicos-em-sao-paulo\/#primaryimage\"},\"thumbnailUrl\":\"https:\/\/www.fiemg.com.br\/regional-sede\/wp-content\/uploads\/sites\/21\/2024\/08\/winicius-dantas2.jpg\",\"datePublished\":\"2024-08-07T14:03:56+00:00\",\"dateModified\":\"2024-08-07T14:12:46+00:00\",\"description\":\"Evento reuniu compradores internacionais de pa\u00edses isl\u00e2micos em S\u00e3o Paulo\",\"breadcrumb\":{\"@id\":\"https:\/\/www.fiemg.com.br\/regional-sede\/noticias\/evento-reuniu-compradores-internacionais-de-paises-islamicos-em-sao-paulo\/#breadcrumb\"},\"inLanguage\":\"pt-BR\",\"potentialAction\":[{\"@type\":\"ReadAction\",\"target\":[\"https:\/\/www.fiemg.com.br\/regional-sede\/noticias\/evento-reuniu-compradores-internacionais-de-paises-islamicos-em-sao-paulo\/\"]}]},{\"@type\":\"ImageObject\",\"inLanguage\":\"pt-BR\",\"@id\":\"https:\/\/www.fiemg.com.br\/regional-sede\/noticias\/evento-reuniu-compradores-internacionais-de-paises-islamicos-em-sao-paulo\/#primaryimage\",\"url\":\"https:\/\/www.fiemg.com.br\/regional-sede\/wp-content\/uploads\/sites\/21\/2024\/08\/winicius-dantas2.jpg\",\"contentUrl\":\"https:\/\/www.fiemg.com.br\/regional-sede\/wp-content\/uploads\/sites\/21\/2024\/08\/winicius-dantas2.jpg\",\"width\":506,\"height\":454},{\"@type\":\"BreadcrumbList\",\"@id\":\"https:\/\/www.fiemg.com.br\/regional-sede\/noticias\/evento-reuniu-compradores-internacionais-de-paises-islamicos-em-sao-paulo\/#breadcrumb\",\"itemListElement\":[{\"@type\":\"ListItem\",\"position\":1,\"name\":\"In\u00edcio\",\"item\":\"https:\/\/www.fiemg.com.br\/regional-sede\/\"},{\"@type\":\"ListItem\",\"position\":2,\"name\":\"CCAB promove semin\u00e1rio sobre oportunidades de neg\u00f3cios no setor de alimentos e bebidas\"}]},{\"@type\":\"WebSite\",\"@id\":\"https:\/\/www.fiemg.com.br\/regional-sede\/#website\",\"url\":\"https:\/\/www.fiemg.com.br\/regional-sede\/\",\"name\":\"FIEMG\",\"description\":\"Federa\u00e7\u00e3o das Ind\u00fastrias do Estado de Minas Gerais\",\"publisher\":{\"@id\":\"https:\/\/www.fiemg.com.br\/regional-sede\/#organization\"},\"potentialAction\":[{\"@type\":\"SearchAction\",\"target\":{\"@type\":\"EntryPoint\",\"urlTemplate\":\"https:\/\/www.fiemg.com.br\/regional-sede\/?s={search_term_string}\"},\"query-input\":{\"@type\":\"PropertyValueSpecification\",\"valueRequired\":true,\"valueName\":\"search_term_string\"}}],\"inLanguage\":\"pt-BR\"},{\"@type\":\"Organization\",\"@id\":\"https:\/\/www.fiemg.com.br\/regional-sede\/#organization\",\"name\":\"FIEMG\",\"url\":\"https:\/\/www.fiemg.com.br\/regional-sede\/\",\"logo\":{\"@type\":\"ImageObject\",\"inLanguage\":\"pt-BR\",\"@id\":\"https:\/\/www.fiemg.com.br\/regional-sede\/#\/schema\/logo\/image\/\",\"url\":\"https:\/\/www.fiemg.com.br\/regional-sede\/wp-content\/uploads\/sites\/21\/2023\/02\/Ativo-1.png\",\"contentUrl\":\"https:\/\/www.fiemg.com.br\/regional-sede\/wp-content\/uploads\/sites\/21\/2023\/02\/Ativo-1.png\",\"width\":563,\"height\":149,\"caption\":\"FIEMG\"},\"image\":{\"@id\":\"https:\/\/www.fiemg.com.br\/regional-sede\/#\/schema\/logo\/image\/\"}}]}<\/script>\n<!-- \/ Yoast SEO plugin. -->","yoast_head_json":{"title":"CCAB promove semin\u00e1rio sobre oportunidades de neg\u00f3cios no setor de alimentos e bebidas - FIEMG","description":"Evento reuniu compradores internacionais de pa\u00edses isl\u00e2micos em S\u00e3o Paulo","robots":{"index":"index","follow":"follow","max-snippet":"max-snippet:-1","max-image-preview":"max-image-preview:large","max-video-preview":"max-video-preview:-1"},"canonical":"https:\/\/www.fiemg.com.br\/regional-sede\/noticias\/evento-reuniu-compradores-internacionais-de-paises-islamicos-em-sao-paulo\/","og_locale":"pt_BR","og_type":"article","og_title":"CCAB promove semin\u00e1rio sobre oportunidades de neg\u00f3cios no setor de alimentos e bebidas - FIEMG","og_description":"Evento reuniu compradores internacionais de pa\u00edses isl\u00e2micos em S\u00e3o Paulo","og_url":"https:\/\/www.fiemg.com.br\/regional-sede\/noticias\/evento-reuniu-compradores-internacionais-de-paises-islamicos-em-sao-paulo\/","og_site_name":"FIEMG","article_modified_time":"2024-08-07T14:12:46+00:00","og_image":[{"width":506,"height":454,"url":"https:\/\/www.fiemg.com.br\/regional-sede\/wp-content\/uploads\/sites\/21\/2024\/08\/winicius-dantas2.jpg","type":"image\/jpeg"}],"twitter_card":"summary_large_image","twitter_misc":{"Est. tempo de leitura":"5 minutos"},"schema":{"@context":"https:\/\/schema.org","@graph":[{"@type":"WebPage","@id":"https:\/\/www.fiemg.com.br\/regional-sede\/noticias\/evento-reuniu-compradores-internacionais-de-paises-islamicos-em-sao-paulo\/","url":"https:\/\/www.fiemg.com.br\/regional-sede\/noticias\/evento-reuniu-compradores-internacionais-de-paises-islamicos-em-sao-paulo\/","name":"CCAB promove semin\u00e1rio sobre oportunidades de neg\u00f3cios no setor de alimentos e bebidas - FIEMG","isPartOf":{"@id":"https:\/\/www.fiemg.com.br\/regional-sede\/#website"},"primaryImageOfPage":{"@id":"https:\/\/www.fiemg.com.br\/regional-sede\/noticias\/evento-reuniu-compradores-internacionais-de-paises-islamicos-em-sao-paulo\/#primaryimage"},"image":{"@id":"https:\/\/www.fiemg.com.br\/regional-sede\/noticias\/evento-reuniu-compradores-internacionais-de-paises-islamicos-em-sao-paulo\/#primaryimage"},"thumbnailUrl":"https:\/\/www.fiemg.com.br\/regional-sede\/wp-content\/uploads\/sites\/21\/2024\/08\/winicius-dantas2.jpg","datePublished":"2024-08-07T14:03:56+00:00","dateModified":"2024-08-07T14:12:46+00:00","description":"Evento reuniu compradores internacionais de pa\u00edses isl\u00e2micos em S\u00e3o Paulo","breadcrumb":{"@id":"https:\/\/www.fiemg.com.br\/regional-sede\/noticias\/evento-reuniu-compradores-internacionais-de-paises-islamicos-em-sao-paulo\/#breadcrumb"},"inLanguage":"pt-BR","potentialAction":[{"@type":"ReadAction","target":["https:\/\/www.fiemg.com.br\/regional-sede\/noticias\/evento-reuniu-compradores-internacionais-de-paises-islamicos-em-sao-paulo\/"]}]},{"@type":"ImageObject","inLanguage":"pt-BR","@id":"https:\/\/www.fiemg.com.br\/regional-sede\/noticias\/evento-reuniu-compradores-internacionais-de-paises-islamicos-em-sao-paulo\/#primaryimage","url":"https:\/\/www.fiemg.com.br\/regional-sede\/wp-content\/uploads\/sites\/21\/2024\/08\/winicius-dantas2.jpg","contentUrl":"https:\/\/www.fiemg.com.br\/regional-sede\/wp-content\/uploads\/sites\/21\/2024\/08\/winicius-dantas2.jpg","width":506,"height":454},{"@type":"BreadcrumbList","@id":"https:\/\/www.fiemg.com.br\/regional-sede\/noticias\/evento-reuniu-compradores-internacionais-de-paises-islamicos-em-sao-paulo\/#breadcrumb","itemListElement":[{"@type":"ListItem","position":1,"name":"In\u00edcio","item":"https:\/\/www.fiemg.com.br\/regional-sede\/"},{"@type":"ListItem","position":2,"name":"CCAB promove semin\u00e1rio sobre oportunidades de neg\u00f3cios no setor de alimentos e bebidas"}]},{"@type":"WebSite","@id":"https:\/\/www.fiemg.com.br\/regional-sede\/#website","url":"https:\/\/www.fiemg.com.br\/regional-sede\/","name":"FIEMG","description":"Federa\u00e7\u00e3o das Ind\u00fastrias do Estado de Minas Gerais","publisher":{"@id":"https:\/\/www.fiemg.com.br\/regional-sede\/#organization"},"potentialAction":[{"@type":"SearchAction","target":{"@type":"EntryPoint","urlTemplate":"https:\/\/www.fiemg.com.br\/regional-sede\/?s={search_term_string}"},"query-input":{"@type":"PropertyValueSpecification","valueRequired":true,"valueName":"search_term_string"}}],"inLanguage":"pt-BR"},{"@type":"Organization","@id":"https:\/\/www.fiemg.com.br\/regional-sede\/#organization","name":"FIEMG","url":"https:\/\/www.fiemg.com.br\/regional-sede\/","logo":{"@type":"ImageObject","inLanguage":"pt-BR","@id":"https:\/\/www.fiemg.com.br\/regional-sede\/#\/schema\/logo\/image\/","url":"https:\/\/www.fiemg.com.br\/regional-sede\/wp-content\/uploads\/sites\/21\/2023\/02\/Ativo-1.png","contentUrl":"https:\/\/www.fiemg.com.br\/regional-sede\/wp-content\/uploads\/sites\/21\/2023\/02\/Ativo-1.png","width":563,"height":149,"caption":"FIEMG"},"image":{"@id":"https:\/\/www.fiemg.com.br\/regional-sede\/#\/schema\/logo\/image\/"}}]}},"_links":{"self":[{"href":"https:\/\/www.fiemg.com.br\/regional-sede\/wp-json\/wp\/v2\/noticias\/3419","targetHints":{"allow":["GET"]}}],"collection":[{"href":"https:\/\/www.fiemg.com.br\/regional-sede\/wp-json\/wp\/v2\/noticias"}],"about":[{"href":"https:\/\/www.fiemg.com.br\/regional-sede\/wp-json\/wp\/v2\/types\/noticias"}],"wp:featuredmedia":[{"embeddable":true,"href":"https:\/\/www.fiemg.com.br\/regional-sede\/wp-json\/wp\/v2\/media\/3420"}],"wp:attachment":[{"href":"https:\/\/www.fiemg.com.br\/regional-sede\/wp-json\/wp\/v2\/media?parent=3419"}],"wp:term":[{"taxonomy":"category","embeddable":true,"href":"https:\/\/www.fiemg.com.br\/regional-sede\/wp-json\/wp\/v2\/categories?post=3419"},{"taxonomy":"post_tag","embeddable":true,"href":"https:\/\/www.fiemg.com.br\/regional-sede\/wp-json\/wp\/v2\/tags?post=3419"}],"curies":[{"name":"wp","href":"https:\/\/api.w.org\/{rel}","templated":true}]}}