{"id":3486,"date":"2024-10-02T18:30:46","date_gmt":"2024-10-02T21:30:46","guid":{"rendered":"https:\/\/www.fiemg.com.br\/regional-sede\/noticias\/filosofa-provoca-questionamentos-sobre-inovacao-do-pensamento-e-a-importancia-de-valores-universais-em-evento-realizado-no-imersao-industrial-em-belo-horizonte\/"},"modified":"2024-10-02T18:32:02","modified_gmt":"2024-10-02T21:32:02","slug":"filosofa-provoca-questionamentos-sobre-inovacao-do-pensamento-e-a-importancia-de-valores-universais-em-evento-realizado-no-imersao-industrial-em-belo-horizonte","status":"publish","type":"noticias","link":"https:\/\/www.fiemg.com.br\/regional-sede\/noticias\/filosofa-provoca-questionamentos-sobre-inovacao-do-pensamento-e-a-importancia-de-valores-universais-em-evento-realizado-no-imersao-industrial-em-belo-horizonte\/","title":{"rendered":"\u201cCoragem de Pensar Diferente\u201d: L\u00facia Helena Galv\u00e3o desafia o p\u00fablico em palestra reflexiva"},"content":{"rendered":"\n<figure class=\"wp-block-image aligncenter size-large\"><img fetchpriority=\"high\" decoding=\"async\" width=\"1024\" height=\"481\" src=\"https:\/\/www.fiemg.com.br\/regional-sede\/wp-content\/uploads\/sites\/21\/2024\/10\/lucia01-1024x481.jpg\" alt=\"\" class=\"wp-image-3488\" srcset=\"https:\/\/www.fiemg.com.br\/regional-sede\/wp-content\/uploads\/sites\/21\/2024\/10\/lucia01-1024x481.jpg 1024w, https:\/\/www.fiemg.com.br\/regional-sede\/wp-content\/uploads\/sites\/21\/2024\/10\/lucia01-300x141.jpg 300w, https:\/\/www.fiemg.com.br\/regional-sede\/wp-content\/uploads\/sites\/21\/2024\/10\/lucia01-768x361.jpg 768w, https:\/\/www.fiemg.com.br\/regional-sede\/wp-content\/uploads\/sites\/21\/2024\/10\/lucia01-1536x722.jpg 1536w, https:\/\/www.fiemg.com.br\/regional-sede\/wp-content\/uploads\/sites\/21\/2024\/10\/lucia01.jpg 1624w\" sizes=\"(max-width: 1024px) 100vw, 1024px\" \/><\/figure>\n\n\n\n<p><br>No \u00faltimo dia 2 de outubro, o Minascentro, em Belo Horizonte, recebeu uma palestra transformadora da fil\u00f3sofa, professora e poetisa <strong>L\u00facia Helena Galv\u00e3o<\/strong>. Com o tema \u201cVoc\u00ea tem coragem de pensar diferente?\u201d, a apresenta\u00e7\u00e3o fez parte da programa\u00e7\u00e3o do evento <strong>Imers\u00e3o Ind\u00fastria<\/strong> e reuniu um p\u00fablico diversificado.<\/p>\n\n\n\n<p>Em sua fala, L\u00facia Helena convidou os participantes a questionar a origem de seus pensamentos, incitando uma an\u00e1lise introspectiva sobre as consequ\u00eancias das ideias que moldam suas vidas. &#8220;Como pensamos? Quais ideias realmente s\u00e3o nossas e quais simplesmente clonamos do meio?&#8221; questionou a fil\u00f3sofa, destacando a sutileza com que somos influenciados por ideologias e&nbsp; imagens mentais, muitas vezes sem perceber.<\/p>\n\n\n\n<p>A escritora argumentou que o ato de pensar especificamente est\u00e1\u00a0 ligado a viver conforme aquilo em que se acredita. Ela explicou que, para construir uma vida aut\u00eantica e coerente, \u00e9 necess\u00e1rio organizar nossos pensamentos com base em valores universais, como a justi\u00e7a. Segundo ela, esses princ\u00edpios devem ser os norteadores que nos guiam em dire\u00e7\u00e3o ao \u201c\u00e1pice da condi\u00e7\u00e3o humana\u201d, um estado em que a virtude e a sabedoria s\u00e3o alcan\u00e7adas.<\/p>\n\n\n\n<p>Tamb\u00e9m fez cr\u00edticas \u00e0 superficialidade do pensamento na sociedade contempor\u00e2nea, especialmente entre alguns membros da gera\u00e7\u00e3o Z, que, segundo ela, chegam a afirmar \u201cpregui\u00e7a de pensar\u201d. &#8220;Pregui\u00e7a de pensar? Isso \u00e9 pregui\u00e7a de viver&#8221;, declarou, enfatizando a import\u00e2ncia de praticar a reflex\u00e3o cr\u00edtica para retomar o controle sobre nossas vidas e destinos.<\/p>\n\n\n\n<p>Um dos momentos mais marcantes da palestra foi quando L\u00facia Helena desafiou os presentes a se olharem no espelho e a se questionarem sobre a verdadeira autoria de seus pensamentos. &#8220;Quem somos n\u00f3s, se n\u00e3o temos ideias pr\u00f3prias? Apenas uma entidade abstrata, uma coisa que n\u00e3o existe?&#8221;, provocou, destacando a import\u00e2ncia de se posicionar e agir com base em respostas honestas.<\/p>\n\n\n\n<p>A reflex\u00e3o proposta por L\u00facia Helena se aprofundou ainda mais quando ela chamou o p\u00fablico a imaginar o momento final de suas vidas. &#8220;Que ser humano voc\u00ea gostaria de ser nesse momento?&#8221;, questionou, incentivando os participantes a hierarquizar seus pensamentos e a\u00e7\u00f5es de acordo com os valores que desejam cultivar.<\/p>\n\n\n\n<p>Por fim, a fil\u00f3sofa ressaltou que o verdadeiro sentido da vida consiste em construir uma trajet\u00f3ria orientada por princ\u00edpios e valores que transcendem o ego\u00edsmo e o imediatismo. \u201cA hist\u00f3ria n\u00e3o est\u00e1 andando devagar, ela est\u00e1 bem apressada\u201d, alertou, refor\u00e7ando a urg\u00eancia de uma mudan\u00e7a de aten\u00e7\u00e3o em tempos de r\u00e1pidas transforma\u00e7\u00f5es.<\/p>\n\n\n\n<p>\u00a0O Imers\u00e3o Ind\u00fastria \u00e9 realizado pela FIEMG, SESI e SENAI, com patroc\u00ednio m\u00e1ster da ArcelorMittal, Codemge, CNI e Vale; apoio m\u00e1ster do SEBRAE; patroc\u00ednio ouro da Herculano Minera\u00e7\u00e3o, Gerdau, Eletrobras, Schneider Eletric; patroc\u00ednio prata do Sicoob Credfiemg, Copasa, CBMM, Souza Cruz\/BAT Brasil, USIMINAS e Nanum Nanotecnologia; e apoio do BDMG, Localiza, Bemisa, Sambatec, FAEMG e Fecom\u00e9rcio.<br><br><em>Denise Lucas<\/em><br><strong>Imprensa FIEMG<\/strong><\/p>\n","protected":false},"featured_media":3487,"template":"","categories":[15],"tags":[78,195,80],"class_list":["post-3486","noticias","type-noticias","status-publish","has-post-thumbnail","hentry","category-desenvolvimento-industrial","tag-fiemg","tag-imersao-industria","tag-industria"],"acf":[],"yoast_head":"<!-- This site is optimized with the Yoast SEO plugin v26.2 - https:\/\/yoast.com\/wordpress\/plugins\/seo\/ -->\n<title>\u201cCoragem de Pensar Diferente\u201d: L\u00facia Helena Galv\u00e3o desafia o p\u00fablico em palestra reflexiva - FIEMG<\/title>\n<meta name=\"description\" content=\"Fil\u00f3sofa provoca questionamentos sobre inova\u00e7\u00e3o do pensamento e a import\u00e2ncia de valores universais em evento realizado no Imers\u00e3o Industrial em Belo Horizonte\" \/>\n<meta name=\"robots\" content=\"index, follow, max-snippet:-1, max-image-preview:large, max-video-preview:-1\" \/>\n<link rel=\"canonical\" href=\"https:\/\/www.fiemg.com.br\/regional-sede\/noticias\/filosofa-provoca-questionamentos-sobre-inovacao-do-pensamento-e-a-importancia-de-valores-universais-em-evento-realizado-no-imersao-industrial-em-belo-horizonte\/\" \/>\n<meta property=\"og:locale\" content=\"pt_BR\" \/>\n<meta property=\"og:type\" content=\"article\" \/>\n<meta property=\"og:title\" content=\"\u201cCoragem de Pensar Diferente\u201d: L\u00facia Helena Galv\u00e3o desafia o p\u00fablico em palestra reflexiva - FIEMG\" \/>\n<meta property=\"og:description\" content=\"Fil\u00f3sofa provoca questionamentos sobre inova\u00e7\u00e3o do pensamento e a import\u00e2ncia de valores universais em evento realizado no Imers\u00e3o Industrial em Belo Horizonte\" \/>\n<meta property=\"og:url\" content=\"https:\/\/www.fiemg.com.br\/regional-sede\/noticias\/filosofa-provoca-questionamentos-sobre-inovacao-do-pensamento-e-a-importancia-de-valores-universais-em-evento-realizado-no-imersao-industrial-em-belo-horizonte\/\" \/>\n<meta property=\"og:site_name\" content=\"FIEMG\" \/>\n<meta property=\"article:modified_time\" content=\"2024-10-02T21:32:02+00:00\" \/>\n<meta property=\"og:image\" content=\"https:\/\/www.fiemg.com.br\/regional-sede\/wp-content\/uploads\/sites\/21\/2024\/10\/lucia02.jpg\" \/>\n\t<meta property=\"og:image:width\" content=\"1111\" \/>\n\t<meta property=\"og:image:height\" content=\"894\" \/>\n\t<meta property=\"og:image:type\" content=\"image\/jpeg\" \/>\n<meta name=\"twitter:card\" content=\"summary_large_image\" \/>\n<meta name=\"twitter:label1\" content=\"Est. tempo de leitura\" \/>\n\t<meta name=\"twitter:data1\" content=\"3 minutos\" \/>\n<script type=\"application\/ld+json\" class=\"yoast-schema-graph\">{\"@context\":\"https:\/\/schema.org\",\"@graph\":[{\"@type\":\"WebPage\",\"@id\":\"https:\/\/www.fiemg.com.br\/regional-sede\/noticias\/filosofa-provoca-questionamentos-sobre-inovacao-do-pensamento-e-a-importancia-de-valores-universais-em-evento-realizado-no-imersao-industrial-em-belo-horizonte\/\",\"url\":\"https:\/\/www.fiemg.com.br\/regional-sede\/noticias\/filosofa-provoca-questionamentos-sobre-inovacao-do-pensamento-e-a-importancia-de-valores-universais-em-evento-realizado-no-imersao-industrial-em-belo-horizonte\/\",\"name\":\"\u201cCoragem de Pensar Diferente\u201d: L\u00facia Helena Galv\u00e3o desafia o p\u00fablico em palestra reflexiva - FIEMG\",\"isPartOf\":{\"@id\":\"https:\/\/www.fiemg.com.br\/regional-sede\/#website\"},\"primaryImageOfPage\":{\"@id\":\"https:\/\/www.fiemg.com.br\/regional-sede\/noticias\/filosofa-provoca-questionamentos-sobre-inovacao-do-pensamento-e-a-importancia-de-valores-universais-em-evento-realizado-no-imersao-industrial-em-belo-horizonte\/#primaryimage\"},\"image\":{\"@id\":\"https:\/\/www.fiemg.com.br\/regional-sede\/noticias\/filosofa-provoca-questionamentos-sobre-inovacao-do-pensamento-e-a-importancia-de-valores-universais-em-evento-realizado-no-imersao-industrial-em-belo-horizonte\/#primaryimage\"},\"thumbnailUrl\":\"https:\/\/www.fiemg.com.br\/regional-sede\/wp-content\/uploads\/sites\/21\/2024\/10\/lucia02.jpg\",\"datePublished\":\"2024-10-02T21:30:46+00:00\",\"dateModified\":\"2024-10-02T21:32:02+00:00\",\"description\":\"Fil\u00f3sofa provoca questionamentos sobre inova\u00e7\u00e3o do pensamento e a import\u00e2ncia de valores universais em evento realizado no Imers\u00e3o Industrial em Belo Horizonte\",\"breadcrumb\":{\"@id\":\"https:\/\/www.fiemg.com.br\/regional-sede\/noticias\/filosofa-provoca-questionamentos-sobre-inovacao-do-pensamento-e-a-importancia-de-valores-universais-em-evento-realizado-no-imersao-industrial-em-belo-horizonte\/#breadcrumb\"},\"inLanguage\":\"pt-BR\",\"potentialAction\":[{\"@type\":\"ReadAction\",\"target\":[\"https:\/\/www.fiemg.com.br\/regional-sede\/noticias\/filosofa-provoca-questionamentos-sobre-inovacao-do-pensamento-e-a-importancia-de-valores-universais-em-evento-realizado-no-imersao-industrial-em-belo-horizonte\/\"]}]},{\"@type\":\"ImageObject\",\"inLanguage\":\"pt-BR\",\"@id\":\"https:\/\/www.fiemg.com.br\/regional-sede\/noticias\/filosofa-provoca-questionamentos-sobre-inovacao-do-pensamento-e-a-importancia-de-valores-universais-em-evento-realizado-no-imersao-industrial-em-belo-horizonte\/#primaryimage\",\"url\":\"https:\/\/www.fiemg.com.br\/regional-sede\/wp-content\/uploads\/sites\/21\/2024\/10\/lucia02.jpg\",\"contentUrl\":\"https:\/\/www.fiemg.com.br\/regional-sede\/wp-content\/uploads\/sites\/21\/2024\/10\/lucia02.jpg\",\"width\":1111,\"height\":894},{\"@type\":\"BreadcrumbList\",\"@id\":\"https:\/\/www.fiemg.com.br\/regional-sede\/noticias\/filosofa-provoca-questionamentos-sobre-inovacao-do-pensamento-e-a-importancia-de-valores-universais-em-evento-realizado-no-imersao-industrial-em-belo-horizonte\/#breadcrumb\",\"itemListElement\":[{\"@type\":\"ListItem\",\"position\":1,\"name\":\"In\u00edcio\",\"item\":\"https:\/\/www.fiemg.com.br\/regional-sede\/\"},{\"@type\":\"ListItem\",\"position\":2,\"name\":\"\u201cCoragem de Pensar Diferente\u201d: L\u00facia Helena Galv\u00e3o desafia o p\u00fablico em palestra reflexiva\"}]},{\"@type\":\"WebSite\",\"@id\":\"https:\/\/www.fiemg.com.br\/regional-sede\/#website\",\"url\":\"https:\/\/www.fiemg.com.br\/regional-sede\/\",\"name\":\"FIEMG\",\"description\":\"Federa\u00e7\u00e3o das Ind\u00fastrias do Estado de Minas Gerais\",\"publisher\":{\"@id\":\"https:\/\/www.fiemg.com.br\/regional-sede\/#organization\"},\"potentialAction\":[{\"@type\":\"SearchAction\",\"target\":{\"@type\":\"EntryPoint\",\"urlTemplate\":\"https:\/\/www.fiemg.com.br\/regional-sede\/?s={search_term_string}\"},\"query-input\":{\"@type\":\"PropertyValueSpecification\",\"valueRequired\":true,\"valueName\":\"search_term_string\"}}],\"inLanguage\":\"pt-BR\"},{\"@type\":\"Organization\",\"@id\":\"https:\/\/www.fiemg.com.br\/regional-sede\/#organization\",\"name\":\"FIEMG\",\"url\":\"https:\/\/www.fiemg.com.br\/regional-sede\/\",\"logo\":{\"@type\":\"ImageObject\",\"inLanguage\":\"pt-BR\",\"@id\":\"https:\/\/www.fiemg.com.br\/regional-sede\/#\/schema\/logo\/image\/\",\"url\":\"https:\/\/www.fiemg.com.br\/regional-sede\/wp-content\/uploads\/sites\/21\/2023\/02\/Ativo-1.png\",\"contentUrl\":\"https:\/\/www.fiemg.com.br\/regional-sede\/wp-content\/uploads\/sites\/21\/2023\/02\/Ativo-1.png\",\"width\":563,\"height\":149,\"caption\":\"FIEMG\"},\"image\":{\"@id\":\"https:\/\/www.fiemg.com.br\/regional-sede\/#\/schema\/logo\/image\/\"}}]}<\/script>\n<!-- \/ Yoast SEO plugin. -->","yoast_head_json":{"title":"\u201cCoragem de Pensar Diferente\u201d: L\u00facia Helena Galv\u00e3o desafia o p\u00fablico em palestra reflexiva - FIEMG","description":"Fil\u00f3sofa provoca questionamentos sobre inova\u00e7\u00e3o do pensamento e a import\u00e2ncia de valores universais em evento realizado no Imers\u00e3o Industrial em Belo Horizonte","robots":{"index":"index","follow":"follow","max-snippet":"max-snippet:-1","max-image-preview":"max-image-preview:large","max-video-preview":"max-video-preview:-1"},"canonical":"https:\/\/www.fiemg.com.br\/regional-sede\/noticias\/filosofa-provoca-questionamentos-sobre-inovacao-do-pensamento-e-a-importancia-de-valores-universais-em-evento-realizado-no-imersao-industrial-em-belo-horizonte\/","og_locale":"pt_BR","og_type":"article","og_title":"\u201cCoragem de Pensar Diferente\u201d: L\u00facia Helena Galv\u00e3o desafia o p\u00fablico em palestra reflexiva - FIEMG","og_description":"Fil\u00f3sofa provoca questionamentos sobre inova\u00e7\u00e3o do pensamento e a import\u00e2ncia de valores universais em evento realizado no Imers\u00e3o Industrial em Belo Horizonte","og_url":"https:\/\/www.fiemg.com.br\/regional-sede\/noticias\/filosofa-provoca-questionamentos-sobre-inovacao-do-pensamento-e-a-importancia-de-valores-universais-em-evento-realizado-no-imersao-industrial-em-belo-horizonte\/","og_site_name":"FIEMG","article_modified_time":"2024-10-02T21:32:02+00:00","og_image":[{"width":1111,"height":894,"url":"https:\/\/www.fiemg.com.br\/regional-sede\/wp-content\/uploads\/sites\/21\/2024\/10\/lucia02.jpg","type":"image\/jpeg"}],"twitter_card":"summary_large_image","twitter_misc":{"Est. tempo de leitura":"3 minutos"},"schema":{"@context":"https:\/\/schema.org","@graph":[{"@type":"WebPage","@id":"https:\/\/www.fiemg.com.br\/regional-sede\/noticias\/filosofa-provoca-questionamentos-sobre-inovacao-do-pensamento-e-a-importancia-de-valores-universais-em-evento-realizado-no-imersao-industrial-em-belo-horizonte\/","url":"https:\/\/www.fiemg.com.br\/regional-sede\/noticias\/filosofa-provoca-questionamentos-sobre-inovacao-do-pensamento-e-a-importancia-de-valores-universais-em-evento-realizado-no-imersao-industrial-em-belo-horizonte\/","name":"\u201cCoragem de Pensar Diferente\u201d: L\u00facia Helena Galv\u00e3o desafia o p\u00fablico em palestra reflexiva - FIEMG","isPartOf":{"@id":"https:\/\/www.fiemg.com.br\/regional-sede\/#website"},"primaryImageOfPage":{"@id":"https:\/\/www.fiemg.com.br\/regional-sede\/noticias\/filosofa-provoca-questionamentos-sobre-inovacao-do-pensamento-e-a-importancia-de-valores-universais-em-evento-realizado-no-imersao-industrial-em-belo-horizonte\/#primaryimage"},"image":{"@id":"https:\/\/www.fiemg.com.br\/regional-sede\/noticias\/filosofa-provoca-questionamentos-sobre-inovacao-do-pensamento-e-a-importancia-de-valores-universais-em-evento-realizado-no-imersao-industrial-em-belo-horizonte\/#primaryimage"},"thumbnailUrl":"https:\/\/www.fiemg.com.br\/regional-sede\/wp-content\/uploads\/sites\/21\/2024\/10\/lucia02.jpg","datePublished":"2024-10-02T21:30:46+00:00","dateModified":"2024-10-02T21:32:02+00:00","description":"Fil\u00f3sofa provoca questionamentos sobre inova\u00e7\u00e3o do pensamento e a import\u00e2ncia de valores universais em evento realizado no Imers\u00e3o Industrial em Belo Horizonte","breadcrumb":{"@id":"https:\/\/www.fiemg.com.br\/regional-sede\/noticias\/filosofa-provoca-questionamentos-sobre-inovacao-do-pensamento-e-a-importancia-de-valores-universais-em-evento-realizado-no-imersao-industrial-em-belo-horizonte\/#breadcrumb"},"inLanguage":"pt-BR","potentialAction":[{"@type":"ReadAction","target":["https:\/\/www.fiemg.com.br\/regional-sede\/noticias\/filosofa-provoca-questionamentos-sobre-inovacao-do-pensamento-e-a-importancia-de-valores-universais-em-evento-realizado-no-imersao-industrial-em-belo-horizonte\/"]}]},{"@type":"ImageObject","inLanguage":"pt-BR","@id":"https:\/\/www.fiemg.com.br\/regional-sede\/noticias\/filosofa-provoca-questionamentos-sobre-inovacao-do-pensamento-e-a-importancia-de-valores-universais-em-evento-realizado-no-imersao-industrial-em-belo-horizonte\/#primaryimage","url":"https:\/\/www.fiemg.com.br\/regional-sede\/wp-content\/uploads\/sites\/21\/2024\/10\/lucia02.jpg","contentUrl":"https:\/\/www.fiemg.com.br\/regional-sede\/wp-content\/uploads\/sites\/21\/2024\/10\/lucia02.jpg","width":1111,"height":894},{"@type":"BreadcrumbList","@id":"https:\/\/www.fiemg.com.br\/regional-sede\/noticias\/filosofa-provoca-questionamentos-sobre-inovacao-do-pensamento-e-a-importancia-de-valores-universais-em-evento-realizado-no-imersao-industrial-em-belo-horizonte\/#breadcrumb","itemListElement":[{"@type":"ListItem","position":1,"name":"In\u00edcio","item":"https:\/\/www.fiemg.com.br\/regional-sede\/"},{"@type":"ListItem","position":2,"name":"\u201cCoragem de Pensar Diferente\u201d: L\u00facia Helena Galv\u00e3o desafia o p\u00fablico em palestra reflexiva"}]},{"@type":"WebSite","@id":"https:\/\/www.fiemg.com.br\/regional-sede\/#website","url":"https:\/\/www.fiemg.com.br\/regional-sede\/","name":"FIEMG","description":"Federa\u00e7\u00e3o das Ind\u00fastrias do Estado de Minas Gerais","publisher":{"@id":"https:\/\/www.fiemg.com.br\/regional-sede\/#organization"},"potentialAction":[{"@type":"SearchAction","target":{"@type":"EntryPoint","urlTemplate":"https:\/\/www.fiemg.com.br\/regional-sede\/?s={search_term_string}"},"query-input":{"@type":"PropertyValueSpecification","valueRequired":true,"valueName":"search_term_string"}}],"inLanguage":"pt-BR"},{"@type":"Organization","@id":"https:\/\/www.fiemg.com.br\/regional-sede\/#organization","name":"FIEMG","url":"https:\/\/www.fiemg.com.br\/regional-sede\/","logo":{"@type":"ImageObject","inLanguage":"pt-BR","@id":"https:\/\/www.fiemg.com.br\/regional-sede\/#\/schema\/logo\/image\/","url":"https:\/\/www.fiemg.com.br\/regional-sede\/wp-content\/uploads\/sites\/21\/2023\/02\/Ativo-1.png","contentUrl":"https:\/\/www.fiemg.com.br\/regional-sede\/wp-content\/uploads\/sites\/21\/2023\/02\/Ativo-1.png","width":563,"height":149,"caption":"FIEMG"},"image":{"@id":"https:\/\/www.fiemg.com.br\/regional-sede\/#\/schema\/logo\/image\/"}}]}},"_links":{"self":[{"href":"https:\/\/www.fiemg.com.br\/regional-sede\/wp-json\/wp\/v2\/noticias\/3486","targetHints":{"allow":["GET"]}}],"collection":[{"href":"https:\/\/www.fiemg.com.br\/regional-sede\/wp-json\/wp\/v2\/noticias"}],"about":[{"href":"https:\/\/www.fiemg.com.br\/regional-sede\/wp-json\/wp\/v2\/types\/noticias"}],"wp:featuredmedia":[{"embeddable":true,"href":"https:\/\/www.fiemg.com.br\/regional-sede\/wp-json\/wp\/v2\/media\/3487"}],"wp:attachment":[{"href":"https:\/\/www.fiemg.com.br\/regional-sede\/wp-json\/wp\/v2\/media?parent=3486"}],"wp:term":[{"taxonomy":"category","embeddable":true,"href":"https:\/\/www.fiemg.com.br\/regional-sede\/wp-json\/wp\/v2\/categories?post=3486"},{"taxonomy":"post_tag","embeddable":true,"href":"https:\/\/www.fiemg.com.br\/regional-sede\/wp-json\/wp\/v2\/tags?post=3486"}],"curies":[{"name":"wp","href":"https:\/\/api.w.org\/{rel}","templated":true}]}}