{"id":3496,"date":"2024-10-07T15:23:15","date_gmt":"2024-10-07T18:23:15","guid":{"rendered":"https:\/\/www.fiemg.com.br\/regional-sede\/noticias\/espetaculo-sera-apresentado-no-dia-18-de-outubro-no-teatro-sesiminas-os-ingressos-que-custam-entre-r-20-e-r-40-ja-estao-a-venda\/"},"modified":"2024-10-07T15:23:15","modified_gmt":"2024-10-07T18:23:15","slug":"espetaculo-sera-apresentado-no-dia-18-de-outubro-no-teatro-sesiminas-os-ingressos-que-custam-entre-r-20-e-r-40-ja-estao-a-venda","status":"publish","type":"noticias","link":"https:\/\/www.fiemg.com.br\/regional-sede\/noticias\/espetaculo-sera-apresentado-no-dia-18-de-outubro-no-teatro-sesiminas-os-ingressos-que-custam-entre-r-20-e-r-40-ja-estao-a-venda\/","title":{"rendered":"Festival SESI em Cena apresenta: A Luta, com Teuda Bara"},"content":{"rendered":"\n<figure class=\"wp-block-image aligncenter size-large\"><img fetchpriority=\"high\" decoding=\"async\" width=\"1024\" height=\"396\" src=\"https:\/\/www.fiemg.com.br\/regional-sede\/wp-content\/uploads\/sites\/21\/2024\/10\/TEUDA-BANNER-1024x396.png\" alt=\"\" class=\"wp-image-3498\" srcset=\"https:\/\/www.fiemg.com.br\/regional-sede\/wp-content\/uploads\/sites\/21\/2024\/10\/TEUDA-BANNER-1024x396.png 1024w, https:\/\/www.fiemg.com.br\/regional-sede\/wp-content\/uploads\/sites\/21\/2024\/10\/TEUDA-BANNER-300x116.png 300w, https:\/\/www.fiemg.com.br\/regional-sede\/wp-content\/uploads\/sites\/21\/2024\/10\/TEUDA-BANNER-768x297.png 768w, https:\/\/www.fiemg.com.br\/regional-sede\/wp-content\/uploads\/sites\/21\/2024\/10\/TEUDA-BANNER.png 1080w\" sizes=\"(max-width: 1024px) 100vw, 1024px\" \/><\/figure>\n\n\n\n<p><br>O <a href=\"https:\/\/www.fiemg.com.br\/sesi-cultura\/seu-evento-aqui\/detalhe\/teatro-sesiminas-bh-2\/\">Teatro SESIMINAS <\/a>recebe, no dia 18 de outubro, \u00e0s 20h, o espet\u00e1culo <strong>A Luta<\/strong>. Especialmente criado para <strong>Teuda Bara<\/strong>, a montagem marca o primeiro solo da artista em mais de quatro d\u00e9cadas de carreira. Em cena, a atriz revisita suas mem\u00f3rias, evoluindo sua trajet\u00f3ria em uma fic\u00e7\u00e3o po\u00e9tica que explora imagens e hist\u00f3rias fazendo de\u00a0 A Luta uma met\u00e1fora entre o teatro e a vida.  Teuda n\u00e3o est\u00e1 s\u00f3 nesta jornada, sendo que os diretores e dramaturgos interagem, comentam e provocam a atriz, criando assim, uma atmosfera de di\u00e1logo constante.<\/p>\n\n\n\n<p>O espet\u00e1culo A Luta faz parte da programa\u00e7\u00e3o do SESI Cultura, que oferece tamb\u00e9m, a oficina Falar em Voz Alta. Ministrada por Babi Amaral tem o objetivo de aprimorar as habilidades de comunica\u00e7\u00e3o e express\u00e3o oral dos participantes. A oficina Falar em Voz Alta \u00e9 gratuita e ser\u00e1 realizada nos dias 19 e 20 de outubro.<br><br><strong>SESI EM CENA &#8211; <\/strong>Promovido pelo<a href=\"https:\/\/www.fiemg.com.br\/sesi-cultura\/\"> SESI Cultura<\/a>, o\u00a0 Festival de Artes C\u00eanicas\u00a0 tem o objetivo de dialogar com os trabalhadores da ind\u00fastria e trazer \u00e0 cidade uma programa\u00e7\u00e3o original e in\u00e9dita. O projeto busca proporcionar ao p\u00fablico em geral, especialmente aos industriais, momentos de lazer, alegria e reflex\u00e3o.<\/p>\n\n\n\n<p>Em sua 1\u00aa edi\u00e7\u00e3o, o festival conta com atra\u00e7\u00f5es de destaque nacional, al\u00e9m de espet\u00e1culos de grupos teatrais mineiros e infantojuvenis. A proposta foi ampliar o acesso ao teatro, diversificar o p\u00fablico, formar plateias, fomentar a cena art\u00edstica local e contribuir para a constru\u00e7\u00e3o de uma sociedade mais cr\u00edtica e consciente, movimento pela arte.<\/p>\n\n\n\n<p>A programa\u00e7\u00e3o foi estruturada em tr\u00eas eixos principais: apresenta\u00e7\u00f5es de espet\u00e1culos, oficinas formativas e performances, com o objetivo de integrar, ocupar e atrair mais pessoas para o <a href=\"https:\/\/www.fiemg.com.br\/sesi-cultura\/centro-cultural-sesiminas-bh\/\">Centro Cultural SESIMINAS<\/a>, tornando-o um ponto de encontro entre o p\u00fablico e o teatro, entre a ind\u00fastria e a arte.<br><br><strong>SERVI\u00c7O:<\/strong><br><strong>Festival SESI em Cena\u00a0 apresenta: A Luta, com Teuda Bara<br> Data:<\/strong> 18 de outubro<br><strong>Hor\u00e1rio:<\/strong> 20h<br><strong>Ingressos: <\/strong>entre R$20 e R$40 para o p\u00fablico em geral e R$20 para trabalhadores da ind\u00fastria<br><strong>Local:<\/strong> Teatro SESIMINAS &#8211; Rua\u00a0 Padre Marinho, 60,\u00a0 Santa Efig\u00eania, Belo Horizonte<br><strong><em>Compre seu ingresso <a href=\"https:\/\/bileto.sympla.com.br\/event\/98562\/d\/279578\">AQUI<\/a><\/em><\/strong><br><br><strong>Oficina \u201cFalar em Voz Alta\u201d<br>Professora:<\/strong> Babi Amaral<br><strong>Datas:<\/strong> 19 e 20 de outubro (s\u00e1bado e domingo) \u2013 09h \u00e0s 13h<br><strong>Local:<\/strong> Centro Cultural SESIMINAS Belo Horizonte &#8211; Rua \u00c1lvares Maciel, 59, Santa Efig\u00eania &#8211; Sala 1002<br><strong><em>Fa\u00e7a a sua inscri\u00e7\u00e3o <a href=\"https:\/\/docs.google.com\/forms\/d\/e\/1FAIpQLScA75r6J9kN1jPbFDCi9aDm1ypPkMuVSti7y7WTX_LOzeh2Qw\/viewform\">AQUI<\/a><\/em><\/strong><\/p>\n\n\n\n<p><\/p>\n\n\n\n<p><em>Denise Lucas<\/em><br><strong>Imprensa FIEMG<\/strong><br><\/p>\n","protected":false},"featured_media":3497,"template":"","categories":[],"tags":[],"class_list":["post-3496","noticias","type-noticias","status-publish","has-post-thumbnail","hentry"],"acf":[],"yoast_head":"<!-- This site is optimized with the Yoast SEO plugin v26.2 - https:\/\/yoast.com\/wordpress\/plugins\/seo\/ -->\n<title>Festival SESI em Cena apresenta: A Luta, com Teuda Bara - FIEMG<\/title>\n<meta name=\"description\" content=\"Espet\u00e1culo ser\u00e1 apresentado no dia 18 de outubro, no Teatro SESIMINAS. Os ingressos, que custam entre R$ 20 e R$ 40, j\u00e1 est\u00e3o \u00e0 venda\" \/>\n<meta name=\"robots\" content=\"index, follow, max-snippet:-1, max-image-preview:large, max-video-preview:-1\" \/>\n<link rel=\"canonical\" href=\"https:\/\/www.fiemg.com.br\/regional-sede\/noticias\/espetaculo-sera-apresentado-no-dia-18-de-outubro-no-teatro-sesiminas-os-ingressos-que-custam-entre-r-20-e-r-40-ja-estao-a-venda\/\" \/>\n<meta property=\"og:locale\" content=\"pt_BR\" \/>\n<meta property=\"og:type\" content=\"article\" \/>\n<meta property=\"og:title\" content=\"Festival SESI em Cena apresenta: A Luta, com Teuda Bara - FIEMG\" \/>\n<meta property=\"og:description\" content=\"Espet\u00e1culo ser\u00e1 apresentado no dia 18 de outubro, no Teatro SESIMINAS. Os ingressos, que custam entre R$ 20 e R$ 40, j\u00e1 est\u00e3o \u00e0 venda\" \/>\n<meta property=\"og:url\" content=\"https:\/\/www.fiemg.com.br\/regional-sede\/noticias\/espetaculo-sera-apresentado-no-dia-18-de-outubro-no-teatro-sesiminas-os-ingressos-que-custam-entre-r-20-e-r-40-ja-estao-a-venda\/\" \/>\n<meta property=\"og:site_name\" content=\"FIEMG\" \/>\n<meta property=\"og:image\" content=\"https:\/\/www.fiemg.com.br\/regional-sede\/wp-content\/uploads\/sites\/21\/2024\/10\/TEUDA.png\" \/>\n\t<meta property=\"og:image:width\" content=\"512\" \/>\n\t<meta property=\"og:image:height\" content=\"512\" \/>\n\t<meta property=\"og:image:type\" content=\"image\/png\" \/>\n<meta name=\"twitter:card\" content=\"summary_large_image\" \/>\n<meta name=\"twitter:label1\" content=\"Est. tempo de leitura\" \/>\n\t<meta name=\"twitter:data1\" content=\"3 minutos\" \/>\n<script type=\"application\/ld+json\" class=\"yoast-schema-graph\">{\"@context\":\"https:\/\/schema.org\",\"@graph\":[{\"@type\":\"WebPage\",\"@id\":\"https:\/\/www.fiemg.com.br\/regional-sede\/noticias\/espetaculo-sera-apresentado-no-dia-18-de-outubro-no-teatro-sesiminas-os-ingressos-que-custam-entre-r-20-e-r-40-ja-estao-a-venda\/\",\"url\":\"https:\/\/www.fiemg.com.br\/regional-sede\/noticias\/espetaculo-sera-apresentado-no-dia-18-de-outubro-no-teatro-sesiminas-os-ingressos-que-custam-entre-r-20-e-r-40-ja-estao-a-venda\/\",\"name\":\"Festival SESI em Cena apresenta: A Luta, com Teuda Bara - FIEMG\",\"isPartOf\":{\"@id\":\"https:\/\/www.fiemg.com.br\/regional-sede\/#website\"},\"primaryImageOfPage\":{\"@id\":\"https:\/\/www.fiemg.com.br\/regional-sede\/noticias\/espetaculo-sera-apresentado-no-dia-18-de-outubro-no-teatro-sesiminas-os-ingressos-que-custam-entre-r-20-e-r-40-ja-estao-a-venda\/#primaryimage\"},\"image\":{\"@id\":\"https:\/\/www.fiemg.com.br\/regional-sede\/noticias\/espetaculo-sera-apresentado-no-dia-18-de-outubro-no-teatro-sesiminas-os-ingressos-que-custam-entre-r-20-e-r-40-ja-estao-a-venda\/#primaryimage\"},\"thumbnailUrl\":\"https:\/\/www.fiemg.com.br\/regional-sede\/wp-content\/uploads\/sites\/21\/2024\/10\/TEUDA.png\",\"datePublished\":\"2024-10-07T18:23:15+00:00\",\"description\":\"Espet\u00e1culo ser\u00e1 apresentado no dia 18 de outubro, no Teatro SESIMINAS. Os ingressos, que custam entre R$ 20 e R$ 40, j\u00e1 est\u00e3o \u00e0 venda\",\"breadcrumb\":{\"@id\":\"https:\/\/www.fiemg.com.br\/regional-sede\/noticias\/espetaculo-sera-apresentado-no-dia-18-de-outubro-no-teatro-sesiminas-os-ingressos-que-custam-entre-r-20-e-r-40-ja-estao-a-venda\/#breadcrumb\"},\"inLanguage\":\"pt-BR\",\"potentialAction\":[{\"@type\":\"ReadAction\",\"target\":[\"https:\/\/www.fiemg.com.br\/regional-sede\/noticias\/espetaculo-sera-apresentado-no-dia-18-de-outubro-no-teatro-sesiminas-os-ingressos-que-custam-entre-r-20-e-r-40-ja-estao-a-venda\/\"]}]},{\"@type\":\"ImageObject\",\"inLanguage\":\"pt-BR\",\"@id\":\"https:\/\/www.fiemg.com.br\/regional-sede\/noticias\/espetaculo-sera-apresentado-no-dia-18-de-outubro-no-teatro-sesiminas-os-ingressos-que-custam-entre-r-20-e-r-40-ja-estao-a-venda\/#primaryimage\",\"url\":\"https:\/\/www.fiemg.com.br\/regional-sede\/wp-content\/uploads\/sites\/21\/2024\/10\/TEUDA.png\",\"contentUrl\":\"https:\/\/www.fiemg.com.br\/regional-sede\/wp-content\/uploads\/sites\/21\/2024\/10\/TEUDA.png\",\"width\":512,\"height\":512},{\"@type\":\"BreadcrumbList\",\"@id\":\"https:\/\/www.fiemg.com.br\/regional-sede\/noticias\/espetaculo-sera-apresentado-no-dia-18-de-outubro-no-teatro-sesiminas-os-ingressos-que-custam-entre-r-20-e-r-40-ja-estao-a-venda\/#breadcrumb\",\"itemListElement\":[{\"@type\":\"ListItem\",\"position\":1,\"name\":\"In\u00edcio\",\"item\":\"https:\/\/www.fiemg.com.br\/regional-sede\/\"},{\"@type\":\"ListItem\",\"position\":2,\"name\":\"Festival SESI em Cena apresenta: A Luta, com Teuda Bara\"}]},{\"@type\":\"WebSite\",\"@id\":\"https:\/\/www.fiemg.com.br\/regional-sede\/#website\",\"url\":\"https:\/\/www.fiemg.com.br\/regional-sede\/\",\"name\":\"FIEMG\",\"description\":\"Federa\u00e7\u00e3o das Ind\u00fastrias do Estado de Minas Gerais\",\"publisher\":{\"@id\":\"https:\/\/www.fiemg.com.br\/regional-sede\/#organization\"},\"potentialAction\":[{\"@type\":\"SearchAction\",\"target\":{\"@type\":\"EntryPoint\",\"urlTemplate\":\"https:\/\/www.fiemg.com.br\/regional-sede\/?s={search_term_string}\"},\"query-input\":{\"@type\":\"PropertyValueSpecification\",\"valueRequired\":true,\"valueName\":\"search_term_string\"}}],\"inLanguage\":\"pt-BR\"},{\"@type\":\"Organization\",\"@id\":\"https:\/\/www.fiemg.com.br\/regional-sede\/#organization\",\"name\":\"FIEMG\",\"url\":\"https:\/\/www.fiemg.com.br\/regional-sede\/\",\"logo\":{\"@type\":\"ImageObject\",\"inLanguage\":\"pt-BR\",\"@id\":\"https:\/\/www.fiemg.com.br\/regional-sede\/#\/schema\/logo\/image\/\",\"url\":\"https:\/\/www.fiemg.com.br\/regional-sede\/wp-content\/uploads\/sites\/21\/2023\/02\/Ativo-1.png\",\"contentUrl\":\"https:\/\/www.fiemg.com.br\/regional-sede\/wp-content\/uploads\/sites\/21\/2023\/02\/Ativo-1.png\",\"width\":563,\"height\":149,\"caption\":\"FIEMG\"},\"image\":{\"@id\":\"https:\/\/www.fiemg.com.br\/regional-sede\/#\/schema\/logo\/image\/\"}}]}<\/script>\n<!-- \/ Yoast SEO plugin. -->","yoast_head_json":{"title":"Festival SESI em Cena apresenta: A Luta, com Teuda Bara - FIEMG","description":"Espet\u00e1culo ser\u00e1 apresentado no dia 18 de outubro, no Teatro SESIMINAS. Os ingressos, que custam entre R$ 20 e R$ 40, j\u00e1 est\u00e3o \u00e0 venda","robots":{"index":"index","follow":"follow","max-snippet":"max-snippet:-1","max-image-preview":"max-image-preview:large","max-video-preview":"max-video-preview:-1"},"canonical":"https:\/\/www.fiemg.com.br\/regional-sede\/noticias\/espetaculo-sera-apresentado-no-dia-18-de-outubro-no-teatro-sesiminas-os-ingressos-que-custam-entre-r-20-e-r-40-ja-estao-a-venda\/","og_locale":"pt_BR","og_type":"article","og_title":"Festival SESI em Cena apresenta: A Luta, com Teuda Bara - FIEMG","og_description":"Espet\u00e1culo ser\u00e1 apresentado no dia 18 de outubro, no Teatro SESIMINAS. Os ingressos, que custam entre R$ 20 e R$ 40, j\u00e1 est\u00e3o \u00e0 venda","og_url":"https:\/\/www.fiemg.com.br\/regional-sede\/noticias\/espetaculo-sera-apresentado-no-dia-18-de-outubro-no-teatro-sesiminas-os-ingressos-que-custam-entre-r-20-e-r-40-ja-estao-a-venda\/","og_site_name":"FIEMG","og_image":[{"width":512,"height":512,"url":"https:\/\/www.fiemg.com.br\/regional-sede\/wp-content\/uploads\/sites\/21\/2024\/10\/TEUDA.png","type":"image\/png"}],"twitter_card":"summary_large_image","twitter_misc":{"Est. tempo de leitura":"3 minutos"},"schema":{"@context":"https:\/\/schema.org","@graph":[{"@type":"WebPage","@id":"https:\/\/www.fiemg.com.br\/regional-sede\/noticias\/espetaculo-sera-apresentado-no-dia-18-de-outubro-no-teatro-sesiminas-os-ingressos-que-custam-entre-r-20-e-r-40-ja-estao-a-venda\/","url":"https:\/\/www.fiemg.com.br\/regional-sede\/noticias\/espetaculo-sera-apresentado-no-dia-18-de-outubro-no-teatro-sesiminas-os-ingressos-que-custam-entre-r-20-e-r-40-ja-estao-a-venda\/","name":"Festival SESI em Cena apresenta: A Luta, com Teuda Bara - FIEMG","isPartOf":{"@id":"https:\/\/www.fiemg.com.br\/regional-sede\/#website"},"primaryImageOfPage":{"@id":"https:\/\/www.fiemg.com.br\/regional-sede\/noticias\/espetaculo-sera-apresentado-no-dia-18-de-outubro-no-teatro-sesiminas-os-ingressos-que-custam-entre-r-20-e-r-40-ja-estao-a-venda\/#primaryimage"},"image":{"@id":"https:\/\/www.fiemg.com.br\/regional-sede\/noticias\/espetaculo-sera-apresentado-no-dia-18-de-outubro-no-teatro-sesiminas-os-ingressos-que-custam-entre-r-20-e-r-40-ja-estao-a-venda\/#primaryimage"},"thumbnailUrl":"https:\/\/www.fiemg.com.br\/regional-sede\/wp-content\/uploads\/sites\/21\/2024\/10\/TEUDA.png","datePublished":"2024-10-07T18:23:15+00:00","description":"Espet\u00e1culo ser\u00e1 apresentado no dia 18 de outubro, no Teatro SESIMINAS. Os ingressos, que custam entre R$ 20 e R$ 40, j\u00e1 est\u00e3o \u00e0 venda","breadcrumb":{"@id":"https:\/\/www.fiemg.com.br\/regional-sede\/noticias\/espetaculo-sera-apresentado-no-dia-18-de-outubro-no-teatro-sesiminas-os-ingressos-que-custam-entre-r-20-e-r-40-ja-estao-a-venda\/#breadcrumb"},"inLanguage":"pt-BR","potentialAction":[{"@type":"ReadAction","target":["https:\/\/www.fiemg.com.br\/regional-sede\/noticias\/espetaculo-sera-apresentado-no-dia-18-de-outubro-no-teatro-sesiminas-os-ingressos-que-custam-entre-r-20-e-r-40-ja-estao-a-venda\/"]}]},{"@type":"ImageObject","inLanguage":"pt-BR","@id":"https:\/\/www.fiemg.com.br\/regional-sede\/noticias\/espetaculo-sera-apresentado-no-dia-18-de-outubro-no-teatro-sesiminas-os-ingressos-que-custam-entre-r-20-e-r-40-ja-estao-a-venda\/#primaryimage","url":"https:\/\/www.fiemg.com.br\/regional-sede\/wp-content\/uploads\/sites\/21\/2024\/10\/TEUDA.png","contentUrl":"https:\/\/www.fiemg.com.br\/regional-sede\/wp-content\/uploads\/sites\/21\/2024\/10\/TEUDA.png","width":512,"height":512},{"@type":"BreadcrumbList","@id":"https:\/\/www.fiemg.com.br\/regional-sede\/noticias\/espetaculo-sera-apresentado-no-dia-18-de-outubro-no-teatro-sesiminas-os-ingressos-que-custam-entre-r-20-e-r-40-ja-estao-a-venda\/#breadcrumb","itemListElement":[{"@type":"ListItem","position":1,"name":"In\u00edcio","item":"https:\/\/www.fiemg.com.br\/regional-sede\/"},{"@type":"ListItem","position":2,"name":"Festival SESI em Cena apresenta: A Luta, com Teuda Bara"}]},{"@type":"WebSite","@id":"https:\/\/www.fiemg.com.br\/regional-sede\/#website","url":"https:\/\/www.fiemg.com.br\/regional-sede\/","name":"FIEMG","description":"Federa\u00e7\u00e3o das Ind\u00fastrias do Estado de Minas Gerais","publisher":{"@id":"https:\/\/www.fiemg.com.br\/regional-sede\/#organization"},"potentialAction":[{"@type":"SearchAction","target":{"@type":"EntryPoint","urlTemplate":"https:\/\/www.fiemg.com.br\/regional-sede\/?s={search_term_string}"},"query-input":{"@type":"PropertyValueSpecification","valueRequired":true,"valueName":"search_term_string"}}],"inLanguage":"pt-BR"},{"@type":"Organization","@id":"https:\/\/www.fiemg.com.br\/regional-sede\/#organization","name":"FIEMG","url":"https:\/\/www.fiemg.com.br\/regional-sede\/","logo":{"@type":"ImageObject","inLanguage":"pt-BR","@id":"https:\/\/www.fiemg.com.br\/regional-sede\/#\/schema\/logo\/image\/","url":"https:\/\/www.fiemg.com.br\/regional-sede\/wp-content\/uploads\/sites\/21\/2023\/02\/Ativo-1.png","contentUrl":"https:\/\/www.fiemg.com.br\/regional-sede\/wp-content\/uploads\/sites\/21\/2023\/02\/Ativo-1.png","width":563,"height":149,"caption":"FIEMG"},"image":{"@id":"https:\/\/www.fiemg.com.br\/regional-sede\/#\/schema\/logo\/image\/"}}]}},"_links":{"self":[{"href":"https:\/\/www.fiemg.com.br\/regional-sede\/wp-json\/wp\/v2\/noticias\/3496","targetHints":{"allow":["GET"]}}],"collection":[{"href":"https:\/\/www.fiemg.com.br\/regional-sede\/wp-json\/wp\/v2\/noticias"}],"about":[{"href":"https:\/\/www.fiemg.com.br\/regional-sede\/wp-json\/wp\/v2\/types\/noticias"}],"wp:featuredmedia":[{"embeddable":true,"href":"https:\/\/www.fiemg.com.br\/regional-sede\/wp-json\/wp\/v2\/media\/3497"}],"wp:attachment":[{"href":"https:\/\/www.fiemg.com.br\/regional-sede\/wp-json\/wp\/v2\/media?parent=3496"}],"wp:term":[{"taxonomy":"category","embeddable":true,"href":"https:\/\/www.fiemg.com.br\/regional-sede\/wp-json\/wp\/v2\/categories?post=3496"},{"taxonomy":"post_tag","embeddable":true,"href":"https:\/\/www.fiemg.com.br\/regional-sede\/wp-json\/wp\/v2\/tags?post=3496"}],"curies":[{"name":"wp","href":"https:\/\/api.w.org\/{rel}","templated":true}]}}