{"id":3508,"date":"2024-10-09T09:50:40","date_gmt":"2024-10-09T12:50:40","guid":{"rendered":"https:\/\/www.fiemg.com.br\/regional-sede\/?post_type=noticias&#038;p=3508"},"modified":"2024-10-17T15:25:08","modified_gmt":"2024-10-17T18:25:08","slug":"sinpava-comemora-35-anos-com-distribuicao-de-10-mil-paes-para-36-entidades-assistenciais-do-vale-do-aco","status":"publish","type":"noticias","link":"https:\/\/www.fiemg.com.br\/regional-sede\/noticias\/sinpava-comemora-35-anos-com-distribuicao-de-10-mil-paes-para-36-entidades-assistenciais-do-vale-do-aco\/","title":{"rendered":"Sinpava comemora 35 anos com distribui\u00e7\u00e3o de 10 mil p\u00e3es para 36 entidades assistenciais do Vale do A\u00e7o"},"content":{"rendered":"\n<figure class=\"wp-block-image aligncenter size-full is-resized\"><img fetchpriority=\"high\" decoding=\"async\" width=\"1024\" height=\"648\" src=\"https:\/\/www.fiemg.com.br\/regional-sede\/wp-content\/uploads\/sites\/21\/2024\/10\/SIMPAVA.jpg\" alt=\"\" class=\"wp-image-3510\" style=\"width:912px;height:auto\" srcset=\"https:\/\/www.fiemg.com.br\/regional-sede\/wp-content\/uploads\/sites\/21\/2024\/10\/SIMPAVA.jpg 1024w, https:\/\/www.fiemg.com.br\/regional-sede\/wp-content\/uploads\/sites\/21\/2024\/10\/SIMPAVA-300x190.jpg 300w, https:\/\/www.fiemg.com.br\/regional-sede\/wp-content\/uploads\/sites\/21\/2024\/10\/SIMPAVA-768x486.jpg 768w\" sizes=\"(max-width: 1024px) 100vw, 1024px\" \/><\/figure>\n\n\n\n<p><\/p>\n\n\n\n<p>O Sindicato Intermunicipal das Ind\u00fastrias de Alimenta\u00e7\u00e3o, Panifica\u00e7\u00e3o, Confeitaria e de Massas Aliment\u00edcias do Vale do A\u00e7o &#8211; Sinpava, celebrou nesta ter\u00e7a-feira, (08\/10), na sede da FIEMG Regional Vale do A\u00e7o, 35 anos de atua\u00e7\u00e3o.<\/p>\n\n\n\n<p>O evento reuniu ex-presidentes, associados, panificadores, empres\u00e1rios, fornecedores e parceiros que contribu\u00edram para a trajet\u00f3ria da entidade.<\/p>\n\n\n\n<p>Fl\u00e1vio Roscoe, Presidente da FIEMG, prestigiou o evento pelo segundo ano consecutivo e parabenizou pelo&nbsp;marco importante na trajet\u00f3ria do sindicato. \u201cParab\u00e9ns Ant\u00f4nio Eug\u00eanio e toda a diretoria do Sinpava pelo trabalho e dedica\u00e7\u00e3o, voc\u00eas fortalecem a ind\u00fastria e o associativismo na regi\u00e3o, promovendo qualidade, inova\u00e7\u00e3o e compromisso com a comunidade.\u201d<\/p>\n\n\n\n<p>O Presidente da FIEMG Regional Vale do A\u00e7o, Jo\u00e3o Batista Alves, parabenizou o Sindicato e refor\u00e7ou sua import\u00e2ncia para a economia regional. \u201c\u00c9 com grande alegria que celebramos os 35 anos de atua\u00e7\u00e3o desse sindicato t\u00e3o pujante em nossa regi\u00e3o. Falar da panifica\u00e7\u00e3o e da alimenta\u00e7\u00e3o \u00e9 falar da sobreviv\u00eancia humana, \u00e9 falar de um setor importante que desempenha um papel significativo na economia do pa\u00eds\u201d.<\/p>\n\n\n\n<p>Durante a solenidade os fornecedores: A Casa Sol, Cercau Distribuidora, Dinox Ind\u00fastria e Com\u00e9rcio e Penatec foram homenageados pela parceria de muitos anos servindo ao setor. Foram homenageados tamb\u00e9m, em alus\u00e3o ao Dia do Panificador, 8 de julho, os panificadores pioneiros na regi\u00e3o: Sebasti\u00e3o Fernandes de Ara\u00fajo, Aloisio Pinto dos Santos,&nbsp;Jos\u00e9 Geraldo de Andrade, Jos\u00e9 Ari de Ara\u00fajo&nbsp;e Francisco Carlos Bouzada.Al\u00e9m do Consultor, M\u00e1rcio Rodrigues pelos 30 anos de consultoria e Paulo Menegueli, Presidente da Associa\u00e7\u00e3o Brasileira da Ind\u00fastria de Panifica\u00e7\u00e3o e Confeitaria (ABIP).<\/p>\n\n\n\n<p><strong><em>Solidariedade<\/em><\/strong><\/p>\n\n\n\n<p>Por meio do projeto social: P\u00e3es do Cora\u00e7\u00e3o: Um gesto de solidariedade que transforma, o Sinpava doou 10mil p\u00e3es para 36 entidades assistenciais em Ipatinga, Tim\u00f3teo, Coronel Fabriciano e Santana do Para\u00edso, fortalecendo o la\u00e7o entre a comunidade e as institui\u00e7\u00f5es que cuidam das crian\u00e7as mais vulner\u00e1veis. \u201cO Sinpava reafirma seu compromisso com o setor de panifica\u00e7\u00e3o e sua responsabilidade social, unindo padarias e a comunidade local para promover a solidariedade e inspirar novas a\u00e7\u00f5es transformadoras.\u201d, refor\u00e7ou o presidente da entidade.<\/p>\n\n\n\n<p>A entrega simb\u00f3lica dos p\u00e3es \u00e0s secretarias de educa\u00e7\u00e3o das cidades participantes do projeto, marca o in\u00edcio de uma a\u00e7\u00e3o que busca se tornar anual pelo sindicato, sempre com o prop\u00f3sito de fortalecer a uni\u00e3o e o bem-estar da comunidade.<\/p>\n\n\n\n<p>Participaram da comemora\u00e7\u00e3o o Presidente da Amip\u00e3o, Vin\u00edcius Dantas, o Presidente do Sindicato das Ind\u00fastrias de celulose, papel e papel\u00e3o no Estado de Minas Gerais (Sinpapel), Alexandre Miranda, o Prefeito reeleito de Santana do Para\u00edso, Bruno Morato, os Presidentes e Delegados dos sindicatos das ind\u00fastrias: Wenilson Fernandes, Luciano Ara\u00fajo e Kl\u00e9ber Muratori, e o Secret\u00e1rio de Educa\u00e7\u00e3o de Coronel &nbsp;Fabriciano, Serra Negra.<\/p>\n\n\n\n<p><em>Aline Alves Ferreira Mendon\u00e7a<\/em><\/p>\n","protected":false},"featured_media":3509,"template":"","categories":[15],"tags":[],"class_list":["post-3508","noticias","type-noticias","status-publish","has-post-thumbnail","hentry","category-desenvolvimento-industrial"],"acf":[],"yoast_head":"<!-- This site is optimized with the Yoast SEO plugin v26.2 - https:\/\/yoast.com\/wordpress\/plugins\/seo\/ -->\n<title>Sinpava comemora 35 anos com distribui\u00e7\u00e3o de 10 mil p\u00e3es para 36 entidades assistenciais do Vale do A\u00e7o - FIEMG<\/title>\n<meta name=\"robots\" content=\"index, follow, max-snippet:-1, max-image-preview:large, max-video-preview:-1\" \/>\n<link rel=\"canonical\" href=\"https:\/\/www.fiemg.com.br\/regional-sede\/noticias\/sinpava-comemora-35-anos-com-distribuicao-de-10-mil-paes-para-36-entidades-assistenciais-do-vale-do-aco\/\" \/>\n<meta property=\"og:locale\" content=\"pt_BR\" \/>\n<meta property=\"og:type\" content=\"article\" \/>\n<meta property=\"og:title\" content=\"Sinpava comemora 35 anos com distribui\u00e7\u00e3o de 10 mil p\u00e3es para 36 entidades assistenciais do Vale do A\u00e7o - FIEMG\" \/>\n<meta property=\"og:description\" content=\"O Sindicato Intermunicipal das Ind\u00fastrias de Alimenta\u00e7\u00e3o, Panifica\u00e7\u00e3o, Confeitaria e de Massas Aliment\u00edcias do Vale do A\u00e7o &#8211; Sinpava, celebrou nesta ter\u00e7a-feira, (08\/10), na sede da FIEMG Regional Vale do A\u00e7o, 35 anos de atua\u00e7\u00e3o. O evento reuniu ex-presidentes, associados, panificadores, empres\u00e1rios, fornecedores e parceiros que contribu\u00edram para a trajet\u00f3ria da entidade. Fl\u00e1vio Roscoe, Presidente [&hellip;]\" \/>\n<meta property=\"og:url\" content=\"https:\/\/www.fiemg.com.br\/regional-sede\/noticias\/sinpava-comemora-35-anos-com-distribuicao-de-10-mil-paes-para-36-entidades-assistenciais-do-vale-do-aco\/\" \/>\n<meta property=\"og:site_name\" content=\"FIEMG\" \/>\n<meta property=\"article:modified_time\" content=\"2024-10-17T18:25:08+00:00\" \/>\n<meta property=\"og:image\" content=\"https:\/\/www.fiemg.com.br\/regional-sede\/wp-content\/uploads\/sites\/21\/2024\/10\/SIMPAVA2.jpg\" \/>\n\t<meta property=\"og:image:width\" content=\"619\" \/>\n\t<meta property=\"og:image:height\" content=\"656\" \/>\n\t<meta property=\"og:image:type\" content=\"image\/jpeg\" \/>\n<meta name=\"twitter:card\" content=\"summary_large_image\" \/>\n<meta name=\"twitter:label1\" content=\"Est. tempo de leitura\" \/>\n\t<meta name=\"twitter:data1\" content=\"3 minutos\" \/>\n<script type=\"application\/ld+json\" class=\"yoast-schema-graph\">{\"@context\":\"https:\/\/schema.org\",\"@graph\":[{\"@type\":\"WebPage\",\"@id\":\"https:\/\/www.fiemg.com.br\/regional-sede\/noticias\/sinpava-comemora-35-anos-com-distribuicao-de-10-mil-paes-para-36-entidades-assistenciais-do-vale-do-aco\/\",\"url\":\"https:\/\/www.fiemg.com.br\/regional-sede\/noticias\/sinpava-comemora-35-anos-com-distribuicao-de-10-mil-paes-para-36-entidades-assistenciais-do-vale-do-aco\/\",\"name\":\"Sinpava comemora 35 anos com distribui\u00e7\u00e3o de 10 mil p\u00e3es para 36 entidades assistenciais do Vale do A\u00e7o - FIEMG\",\"isPartOf\":{\"@id\":\"https:\/\/www.fiemg.com.br\/regional-sede\/#website\"},\"primaryImageOfPage\":{\"@id\":\"https:\/\/www.fiemg.com.br\/regional-sede\/noticias\/sinpava-comemora-35-anos-com-distribuicao-de-10-mil-paes-para-36-entidades-assistenciais-do-vale-do-aco\/#primaryimage\"},\"image\":{\"@id\":\"https:\/\/www.fiemg.com.br\/regional-sede\/noticias\/sinpava-comemora-35-anos-com-distribuicao-de-10-mil-paes-para-36-entidades-assistenciais-do-vale-do-aco\/#primaryimage\"},\"thumbnailUrl\":\"https:\/\/www.fiemg.com.br\/regional-sede\/wp-content\/uploads\/sites\/21\/2024\/10\/SIMPAVA2.jpg\",\"datePublished\":\"2024-10-09T12:50:40+00:00\",\"dateModified\":\"2024-10-17T18:25:08+00:00\",\"breadcrumb\":{\"@id\":\"https:\/\/www.fiemg.com.br\/regional-sede\/noticias\/sinpava-comemora-35-anos-com-distribuicao-de-10-mil-paes-para-36-entidades-assistenciais-do-vale-do-aco\/#breadcrumb\"},\"inLanguage\":\"pt-BR\",\"potentialAction\":[{\"@type\":\"ReadAction\",\"target\":[\"https:\/\/www.fiemg.com.br\/regional-sede\/noticias\/sinpava-comemora-35-anos-com-distribuicao-de-10-mil-paes-para-36-entidades-assistenciais-do-vale-do-aco\/\"]}]},{\"@type\":\"ImageObject\",\"inLanguage\":\"pt-BR\",\"@id\":\"https:\/\/www.fiemg.com.br\/regional-sede\/noticias\/sinpava-comemora-35-anos-com-distribuicao-de-10-mil-paes-para-36-entidades-assistenciais-do-vale-do-aco\/#primaryimage\",\"url\":\"https:\/\/www.fiemg.com.br\/regional-sede\/wp-content\/uploads\/sites\/21\/2024\/10\/SIMPAVA2.jpg\",\"contentUrl\":\"https:\/\/www.fiemg.com.br\/regional-sede\/wp-content\/uploads\/sites\/21\/2024\/10\/SIMPAVA2.jpg\",\"width\":619,\"height\":656},{\"@type\":\"BreadcrumbList\",\"@id\":\"https:\/\/www.fiemg.com.br\/regional-sede\/noticias\/sinpava-comemora-35-anos-com-distribuicao-de-10-mil-paes-para-36-entidades-assistenciais-do-vale-do-aco\/#breadcrumb\",\"itemListElement\":[{\"@type\":\"ListItem\",\"position\":1,\"name\":\"In\u00edcio\",\"item\":\"https:\/\/www.fiemg.com.br\/regional-sede\/\"},{\"@type\":\"ListItem\",\"position\":2,\"name\":\"Sinpava comemora 35 anos com distribui\u00e7\u00e3o de 10 mil p\u00e3es para 36 entidades assistenciais do Vale do A\u00e7o\"}]},{\"@type\":\"WebSite\",\"@id\":\"https:\/\/www.fiemg.com.br\/regional-sede\/#website\",\"url\":\"https:\/\/www.fiemg.com.br\/regional-sede\/\",\"name\":\"FIEMG\",\"description\":\"Federa\u00e7\u00e3o das Ind\u00fastrias do Estado de Minas Gerais\",\"publisher\":{\"@id\":\"https:\/\/www.fiemg.com.br\/regional-sede\/#organization\"},\"potentialAction\":[{\"@type\":\"SearchAction\",\"target\":{\"@type\":\"EntryPoint\",\"urlTemplate\":\"https:\/\/www.fiemg.com.br\/regional-sede\/?s={search_term_string}\"},\"query-input\":{\"@type\":\"PropertyValueSpecification\",\"valueRequired\":true,\"valueName\":\"search_term_string\"}}],\"inLanguage\":\"pt-BR\"},{\"@type\":\"Organization\",\"@id\":\"https:\/\/www.fiemg.com.br\/regional-sede\/#organization\",\"name\":\"FIEMG\",\"url\":\"https:\/\/www.fiemg.com.br\/regional-sede\/\",\"logo\":{\"@type\":\"ImageObject\",\"inLanguage\":\"pt-BR\",\"@id\":\"https:\/\/www.fiemg.com.br\/regional-sede\/#\/schema\/logo\/image\/\",\"url\":\"https:\/\/www.fiemg.com.br\/regional-sede\/wp-content\/uploads\/sites\/21\/2023\/02\/Ativo-1.png\",\"contentUrl\":\"https:\/\/www.fiemg.com.br\/regional-sede\/wp-content\/uploads\/sites\/21\/2023\/02\/Ativo-1.png\",\"width\":563,\"height\":149,\"caption\":\"FIEMG\"},\"image\":{\"@id\":\"https:\/\/www.fiemg.com.br\/regional-sede\/#\/schema\/logo\/image\/\"}}]}<\/script>\n<!-- \/ Yoast SEO plugin. -->","yoast_head_json":{"title":"Sinpava comemora 35 anos com distribui\u00e7\u00e3o de 10 mil p\u00e3es para 36 entidades assistenciais do Vale do A\u00e7o - FIEMG","robots":{"index":"index","follow":"follow","max-snippet":"max-snippet:-1","max-image-preview":"max-image-preview:large","max-video-preview":"max-video-preview:-1"},"canonical":"https:\/\/www.fiemg.com.br\/regional-sede\/noticias\/sinpava-comemora-35-anos-com-distribuicao-de-10-mil-paes-para-36-entidades-assistenciais-do-vale-do-aco\/","og_locale":"pt_BR","og_type":"article","og_title":"Sinpava comemora 35 anos com distribui\u00e7\u00e3o de 10 mil p\u00e3es para 36 entidades assistenciais do Vale do A\u00e7o - FIEMG","og_description":"O Sindicato Intermunicipal das Ind\u00fastrias de Alimenta\u00e7\u00e3o, Panifica\u00e7\u00e3o, Confeitaria e de Massas Aliment\u00edcias do Vale do A\u00e7o &#8211; Sinpava, celebrou nesta ter\u00e7a-feira, (08\/10), na sede da FIEMG Regional Vale do A\u00e7o, 35 anos de atua\u00e7\u00e3o. O evento reuniu ex-presidentes, associados, panificadores, empres\u00e1rios, fornecedores e parceiros que contribu\u00edram para a trajet\u00f3ria da entidade. Fl\u00e1vio Roscoe, Presidente [&hellip;]","og_url":"https:\/\/www.fiemg.com.br\/regional-sede\/noticias\/sinpava-comemora-35-anos-com-distribuicao-de-10-mil-paes-para-36-entidades-assistenciais-do-vale-do-aco\/","og_site_name":"FIEMG","article_modified_time":"2024-10-17T18:25:08+00:00","og_image":[{"width":619,"height":656,"url":"https:\/\/www.fiemg.com.br\/regional-sede\/wp-content\/uploads\/sites\/21\/2024\/10\/SIMPAVA2.jpg","type":"image\/jpeg"}],"twitter_card":"summary_large_image","twitter_misc":{"Est. tempo de leitura":"3 minutos"},"schema":{"@context":"https:\/\/schema.org","@graph":[{"@type":"WebPage","@id":"https:\/\/www.fiemg.com.br\/regional-sede\/noticias\/sinpava-comemora-35-anos-com-distribuicao-de-10-mil-paes-para-36-entidades-assistenciais-do-vale-do-aco\/","url":"https:\/\/www.fiemg.com.br\/regional-sede\/noticias\/sinpava-comemora-35-anos-com-distribuicao-de-10-mil-paes-para-36-entidades-assistenciais-do-vale-do-aco\/","name":"Sinpava comemora 35 anos com distribui\u00e7\u00e3o de 10 mil p\u00e3es para 36 entidades assistenciais do Vale do A\u00e7o - FIEMG","isPartOf":{"@id":"https:\/\/www.fiemg.com.br\/regional-sede\/#website"},"primaryImageOfPage":{"@id":"https:\/\/www.fiemg.com.br\/regional-sede\/noticias\/sinpava-comemora-35-anos-com-distribuicao-de-10-mil-paes-para-36-entidades-assistenciais-do-vale-do-aco\/#primaryimage"},"image":{"@id":"https:\/\/www.fiemg.com.br\/regional-sede\/noticias\/sinpava-comemora-35-anos-com-distribuicao-de-10-mil-paes-para-36-entidades-assistenciais-do-vale-do-aco\/#primaryimage"},"thumbnailUrl":"https:\/\/www.fiemg.com.br\/regional-sede\/wp-content\/uploads\/sites\/21\/2024\/10\/SIMPAVA2.jpg","datePublished":"2024-10-09T12:50:40+00:00","dateModified":"2024-10-17T18:25:08+00:00","breadcrumb":{"@id":"https:\/\/www.fiemg.com.br\/regional-sede\/noticias\/sinpava-comemora-35-anos-com-distribuicao-de-10-mil-paes-para-36-entidades-assistenciais-do-vale-do-aco\/#breadcrumb"},"inLanguage":"pt-BR","potentialAction":[{"@type":"ReadAction","target":["https:\/\/www.fiemg.com.br\/regional-sede\/noticias\/sinpava-comemora-35-anos-com-distribuicao-de-10-mil-paes-para-36-entidades-assistenciais-do-vale-do-aco\/"]}]},{"@type":"ImageObject","inLanguage":"pt-BR","@id":"https:\/\/www.fiemg.com.br\/regional-sede\/noticias\/sinpava-comemora-35-anos-com-distribuicao-de-10-mil-paes-para-36-entidades-assistenciais-do-vale-do-aco\/#primaryimage","url":"https:\/\/www.fiemg.com.br\/regional-sede\/wp-content\/uploads\/sites\/21\/2024\/10\/SIMPAVA2.jpg","contentUrl":"https:\/\/www.fiemg.com.br\/regional-sede\/wp-content\/uploads\/sites\/21\/2024\/10\/SIMPAVA2.jpg","width":619,"height":656},{"@type":"BreadcrumbList","@id":"https:\/\/www.fiemg.com.br\/regional-sede\/noticias\/sinpava-comemora-35-anos-com-distribuicao-de-10-mil-paes-para-36-entidades-assistenciais-do-vale-do-aco\/#breadcrumb","itemListElement":[{"@type":"ListItem","position":1,"name":"In\u00edcio","item":"https:\/\/www.fiemg.com.br\/regional-sede\/"},{"@type":"ListItem","position":2,"name":"Sinpava comemora 35 anos com distribui\u00e7\u00e3o de 10 mil p\u00e3es para 36 entidades assistenciais do Vale do A\u00e7o"}]},{"@type":"WebSite","@id":"https:\/\/www.fiemg.com.br\/regional-sede\/#website","url":"https:\/\/www.fiemg.com.br\/regional-sede\/","name":"FIEMG","description":"Federa\u00e7\u00e3o das Ind\u00fastrias do Estado de Minas Gerais","publisher":{"@id":"https:\/\/www.fiemg.com.br\/regional-sede\/#organization"},"potentialAction":[{"@type":"SearchAction","target":{"@type":"EntryPoint","urlTemplate":"https:\/\/www.fiemg.com.br\/regional-sede\/?s={search_term_string}"},"query-input":{"@type":"PropertyValueSpecification","valueRequired":true,"valueName":"search_term_string"}}],"inLanguage":"pt-BR"},{"@type":"Organization","@id":"https:\/\/www.fiemg.com.br\/regional-sede\/#organization","name":"FIEMG","url":"https:\/\/www.fiemg.com.br\/regional-sede\/","logo":{"@type":"ImageObject","inLanguage":"pt-BR","@id":"https:\/\/www.fiemg.com.br\/regional-sede\/#\/schema\/logo\/image\/","url":"https:\/\/www.fiemg.com.br\/regional-sede\/wp-content\/uploads\/sites\/21\/2023\/02\/Ativo-1.png","contentUrl":"https:\/\/www.fiemg.com.br\/regional-sede\/wp-content\/uploads\/sites\/21\/2023\/02\/Ativo-1.png","width":563,"height":149,"caption":"FIEMG"},"image":{"@id":"https:\/\/www.fiemg.com.br\/regional-sede\/#\/schema\/logo\/image\/"}}]}},"_links":{"self":[{"href":"https:\/\/www.fiemg.com.br\/regional-sede\/wp-json\/wp\/v2\/noticias\/3508","targetHints":{"allow":["GET"]}}],"collection":[{"href":"https:\/\/www.fiemg.com.br\/regional-sede\/wp-json\/wp\/v2\/noticias"}],"about":[{"href":"https:\/\/www.fiemg.com.br\/regional-sede\/wp-json\/wp\/v2\/types\/noticias"}],"wp:featuredmedia":[{"embeddable":true,"href":"https:\/\/www.fiemg.com.br\/regional-sede\/wp-json\/wp\/v2\/media\/3509"}],"wp:attachment":[{"href":"https:\/\/www.fiemg.com.br\/regional-sede\/wp-json\/wp\/v2\/media?parent=3508"}],"wp:term":[{"taxonomy":"category","embeddable":true,"href":"https:\/\/www.fiemg.com.br\/regional-sede\/wp-json\/wp\/v2\/categories?post=3508"},{"taxonomy":"post_tag","embeddable":true,"href":"https:\/\/www.fiemg.com.br\/regional-sede\/wp-json\/wp\/v2\/tags?post=3508"}],"curies":[{"name":"wp","href":"https:\/\/api.w.org\/{rel}","templated":true}]}}