{"id":3516,"date":"2024-10-15T10:00:32","date_gmt":"2024-10-15T13:00:32","guid":{"rendered":"https:\/\/www.fiemg.com.br\/regional-sede\/noticias\/estado-responde-por-mais-de-10-dos-empregos-gerados-pelo-setor-em-todo-o-pais\/"},"modified":"2024-10-15T10:00:33","modified_gmt":"2024-10-15T13:00:33","slug":"estado-responde-por-mais-de-10-dos-empregos-gerados-pelo-setor-em-todo-o-pais","status":"publish","type":"noticias","link":"https:\/\/www.fiemg.com.br\/regional-sede\/noticias\/estado-responde-por-mais-de-10-dos-empregos-gerados-pelo-setor-em-todo-o-pais\/","title":{"rendered":"Minas Trend destaca a import\u00e2ncia da ind\u00fastria da moda mineira para a economia nacional"},"content":{"rendered":"\n<figure class=\"wp-block-image aligncenter size-large\"><img decoding=\"async\" src=\"https:\/\/www.fiemg.com.br\/wp-content\/uploads\/2024\/09\/minas-trend-32-reflexos-da-moda-1024x396.png\" alt=\"Minas Trend est\u00e1 de volta em uma nova casa\" class=\"wp-image-18134\" \/><\/figure>\n\n\n\n<p><br>Os n\u00fameros n\u00e3o mentem. A ind\u00fastria da moda mineira tornou-se base fundamental para a economia do estado e do Brasil. Segundo dados do Minist\u00e9rio do Trabalho e Emprego, em Minas Gerais, o setor re\u00fane atualmente 8.279 empresas, representando 12,9% do total nacional, com 126.401 trabalhadores que, por sua vez, correspondem a 10,6% dos empregos gerados pelo segmento no pa\u00eds. Em \u00e2mbito nacional, s\u00e3o 63.604 empresas e 1.181.383 de empregados. No recorte regional, a moda representa 17,6% de toda a produ\u00e7\u00e3o industrial mineira e 13% dos postos de trabalho.\u00a0\u00a0<\/p>\n\n\n\n<p>E \u00e9 impulsionado por dados t\u00e3o expressivos, que o<a href=\"https:\/\/www.fiemg.com.br\/minas-trend\/\"> Minas Trend<\/a>, um dos maiores Sal\u00f5es de Neg\u00f3cios de Moda da Am\u00e9rica Latina, chega a sua 32\u00aa edi\u00e7\u00e3o. Com o tema \u201cReflexos da Moda: revelando horizontes\u201d, o evento, promovido pela FIEMG, ser\u00e1 realizado de 22 a 24 de outubro, no BH Shopping, em Belo Horizonte. Ser\u00e3o 118 marcas expositoras, dos segmentos de Bolsas e Cal\u00e7ados, Vestu\u00e1rio, Joias e Bijuterias, Kids, Baby e Teens. A expectativa de gera\u00e7\u00e3o de neg\u00f3cios \u00e9 de R$25 milh\u00f5es.\u00a0\u00a0<\/p>\n\n\n\n<p>\u201cO Minas Trend \u00e9 uma vitrine de toda essa vigorosa produ\u00e7\u00e3o industrial da moda mineira. Ao promover o interc\u00e2mbio de experi\u00eancia entre os participantes, o evento consegue estimular ainda mais o crescimento e a organiza\u00e7\u00e3o desse setor que \u00e9 t\u00e3o pr\u00f3spero, empregador e criativo\u201d, afirma o presidente da FIEMG, Fl\u00e1vio Roscoe.&nbsp;<\/p>\n\n\n\n<p><strong>EXPORTA\u00c7\u00d5ES \u2013 <\/strong>A franca expans\u00e3o da ind\u00fastria da moda mineira tamb\u00e9m pode ser observada quando o assunto s\u00e3o as exporta\u00e7\u00f5es. Dados do Comex Stat, do Minist\u00e9rio do Desenvolvimento, Ind\u00fastria, Com\u00e9rcio e Servi\u00e7o, mostram que, embora tenham registrado uma queda de 18,7% em rela\u00e7\u00e3o a 2022, as exporta\u00e7\u00f5es do setor em Minas Gerais totalizaram, em 2023, US$208,4 milh\u00f5es. A participa\u00e7\u00e3o do estado em rela\u00e7\u00e3o ao pa\u00eds saltou de 4,2% em 2012 para 5% em 2021.&nbsp;<\/p>\n\n\n\n<p>A moda mineira responde, ainda, por 31,5% das exporta\u00e7\u00f5es para a Argentina, 14,5% para o Vietn\u00e3, 6,9% para os Estados Unidos, 5% para a China e 5% para a Col\u00f4mbia.Tamb\u00e9m aparecem como compradores regulares Bol\u00edvia, Equador, Paraguai, Uruguai e Espanha.&nbsp;<\/p>\n\n\n\n<p><strong>SEGMENTOS<\/strong><strong>&nbsp;\u2013&nbsp;<\/strong>Ao analisarmos os n\u00fameros do estado por segmento, observamos que vestu\u00e1rio e acess\u00f3rios contam com mais de 5.300 empresas e empregam quase 60 mil trabalhadores. Juntos, eles correspondem a 12,5% das empresas e 11% da for\u00e7a de trabalho relativa a todo o pa\u00eds. Minas aparece, ainda, como o 3\u00ba estado que mais comercializa roupas infantojuvenis em \u00e2mbito nacional.&nbsp;<\/p>\n\n\n\n<p>J\u00e1 o setor de couro e cal\u00e7ados possui 1.685 empresas, totalizando 33.851 empregados. Quase 20% das empresas brasileiras deste segmento est\u00e3o em terras mineiras, concentrando 10% dos empregos do pa\u00eds.<\/p>\n\n\n\n<p>Com rela\u00e7\u00e3o \u00e0 ind\u00fastria t\u00eaxtil, Minas Gerais concentra 11,5% deste parque industrial e \u00e9 respons\u00e1vel por 10,5% dos empregos gerados no pa\u00eds.&nbsp;<\/p>\n\n\n\n<p>\u201cOs n\u00fameros provam que Minas Gerais transpira moda, cultura e que todos esses valores, interligados, est\u00e3o no DNA dos mineiros. \u00c9 uma ind\u00fastria criativa e din\u00e2mica que, mesmo com todos os desafios, continua pujante, gerando milhares de empregos e renda \u00e0 popula\u00e7\u00e3o. \u00c9 por isso que investimos muito nesse setor, pois ele \u00e9 capaz de se reinventar \u00e0 medida que a sociedade tamb\u00e9m o faz\u201d, finaliza o presidente da FIEMG, Fl\u00e1vio Roscoe.<\/p>\n\n\n\n<p><strong>PARCERIAS \u2013<\/strong> O Minas Trend \u00e9 uma realiza\u00e7\u00e3o da FIEMG, por iniciativa de sua C\u00e2mara da Ind\u00fastria do Vestu\u00e1rio e Acess\u00f3rios, e suas entidades SESI e SENAI, com patroc\u00ednio m\u00e1ster da Companhia de Desenvolvimento de Minas Gerais (CODEMGE), patroc\u00ednios da C\u00e2mara de Dirigentes Lojistas de Belo Horizonte (CDL\/BH), do Servi\u00e7o Nacional de Aprendizagem Comercial \u2013 SENAC\/Fecom\u00e9rcio e da Ventana Serra do Brasil e apoio m\u00e1ster do SEBRAE Minas.<\/p>\n\n\n\n<p><strong>SERVI\u00c7O:<\/strong><\/p>\n\n\n\n<p><strong>32\u00ba Minas Trend \u2013 Reflexos da Moda: revelando horizontes<\/strong><br>Temporada: Outono\/Inverno 2025<br>Data:\u00a022 a 24 de outubro<br>Hor\u00e1rio:\u00a0 10h \u00e0s 20h<br>Local:\u00a0BH Shopping | BR-356, 3049, Belvedere, Belo Horizonte \u2013 Piso Ouro Preto<\/p>\n","protected":false},"featured_media":3515,"template":"","categories":[15],"tags":[78,321,824],"class_list":["post-3516","noticias","type-noticias","status-publish","has-post-thumbnail","hentry","category-desenvolvimento-industrial","tag-fiemg","tag-minas-trend","tag-mw"],"acf":[],"yoast_head":"<!-- This site is optimized with the Yoast SEO plugin v26.2 - https:\/\/yoast.com\/wordpress\/plugins\/seo\/ -->\n<title>Minas Trend destaca a import\u00e2ncia da ind\u00fastria da moda mineira para a economia nacional - FIEMG<\/title>\n<meta name=\"description\" content=\"Estado responde por mais de 10% dos empregos gerados pelo setor em todo o pa\u00eds\" \/>\n<meta name=\"robots\" content=\"index, follow, max-snippet:-1, max-image-preview:large, max-video-preview:-1\" \/>\n<link rel=\"canonical\" href=\"https:\/\/www.fiemg.com.br\/regional-sede\/noticias\/estado-responde-por-mais-de-10-dos-empregos-gerados-pelo-setor-em-todo-o-pais\/\" \/>\n<meta property=\"og:locale\" content=\"pt_BR\" \/>\n<meta property=\"og:type\" content=\"article\" \/>\n<meta property=\"og:title\" content=\"Minas Trend destaca a import\u00e2ncia da ind\u00fastria da moda mineira para a economia nacional - FIEMG\" \/>\n<meta property=\"og:description\" content=\"Estado responde por mais de 10% dos empregos gerados pelo setor em todo o pa\u00eds\" \/>\n<meta property=\"og:url\" content=\"https:\/\/www.fiemg.com.br\/regional-sede\/noticias\/estado-responde-por-mais-de-10-dos-empregos-gerados-pelo-setor-em-todo-o-pais\/\" \/>\n<meta property=\"og:site_name\" content=\"FIEMG\" \/>\n<meta property=\"article:modified_time\" content=\"2024-10-15T13:00:33+00:00\" \/>\n<meta property=\"og:image\" content=\"https:\/\/www.fiemg.com.br\/regional-sede\/wp-content\/uploads\/sites\/21\/2024\/10\/minas-trend-32-reflexos-da-moda-bh.png\" \/>\n\t<meta property=\"og:image:width\" content=\"512\" \/>\n\t<meta property=\"og:image:height\" content=\"512\" \/>\n\t<meta property=\"og:image:type\" content=\"image\/png\" \/>\n<meta name=\"twitter:card\" content=\"summary_large_image\" \/>\n<meta name=\"twitter:label1\" content=\"Est. tempo de leitura\" \/>\n\t<meta name=\"twitter:data1\" content=\"4 minutos\" \/>\n<script type=\"application\/ld+json\" class=\"yoast-schema-graph\">{\"@context\":\"https:\/\/schema.org\",\"@graph\":[{\"@type\":\"WebPage\",\"@id\":\"https:\/\/www.fiemg.com.br\/regional-sede\/noticias\/estado-responde-por-mais-de-10-dos-empregos-gerados-pelo-setor-em-todo-o-pais\/\",\"url\":\"https:\/\/www.fiemg.com.br\/regional-sede\/noticias\/estado-responde-por-mais-de-10-dos-empregos-gerados-pelo-setor-em-todo-o-pais\/\",\"name\":\"Minas Trend destaca a import\u00e2ncia da ind\u00fastria da moda mineira para a economia nacional - FIEMG\",\"isPartOf\":{\"@id\":\"https:\/\/www.fiemg.com.br\/regional-sede\/#website\"},\"primaryImageOfPage\":{\"@id\":\"https:\/\/www.fiemg.com.br\/regional-sede\/noticias\/estado-responde-por-mais-de-10-dos-empregos-gerados-pelo-setor-em-todo-o-pais\/#primaryimage\"},\"image\":{\"@id\":\"https:\/\/www.fiemg.com.br\/regional-sede\/noticias\/estado-responde-por-mais-de-10-dos-empregos-gerados-pelo-setor-em-todo-o-pais\/#primaryimage\"},\"thumbnailUrl\":\"https:\/\/www.fiemg.com.br\/regional-sede\/wp-content\/uploads\/sites\/21\/2024\/10\/minas-trend-32-reflexos-da-moda-bh.png\",\"datePublished\":\"2024-10-15T13:00:32+00:00\",\"dateModified\":\"2024-10-15T13:00:33+00:00\",\"description\":\"Estado responde por mais de 10% dos empregos gerados pelo setor em todo o pa\u00eds\",\"breadcrumb\":{\"@id\":\"https:\/\/www.fiemg.com.br\/regional-sede\/noticias\/estado-responde-por-mais-de-10-dos-empregos-gerados-pelo-setor-em-todo-o-pais\/#breadcrumb\"},\"inLanguage\":\"pt-BR\",\"potentialAction\":[{\"@type\":\"ReadAction\",\"target\":[\"https:\/\/www.fiemg.com.br\/regional-sede\/noticias\/estado-responde-por-mais-de-10-dos-empregos-gerados-pelo-setor-em-todo-o-pais\/\"]}]},{\"@type\":\"ImageObject\",\"inLanguage\":\"pt-BR\",\"@id\":\"https:\/\/www.fiemg.com.br\/regional-sede\/noticias\/estado-responde-por-mais-de-10-dos-empregos-gerados-pelo-setor-em-todo-o-pais\/#primaryimage\",\"url\":\"https:\/\/www.fiemg.com.br\/regional-sede\/wp-content\/uploads\/sites\/21\/2024\/10\/minas-trend-32-reflexos-da-moda-bh.png\",\"contentUrl\":\"https:\/\/www.fiemg.com.br\/regional-sede\/wp-content\/uploads\/sites\/21\/2024\/10\/minas-trend-32-reflexos-da-moda-bh.png\",\"width\":512,\"height\":512},{\"@type\":\"BreadcrumbList\",\"@id\":\"https:\/\/www.fiemg.com.br\/regional-sede\/noticias\/estado-responde-por-mais-de-10-dos-empregos-gerados-pelo-setor-em-todo-o-pais\/#breadcrumb\",\"itemListElement\":[{\"@type\":\"ListItem\",\"position\":1,\"name\":\"In\u00edcio\",\"item\":\"https:\/\/www.fiemg.com.br\/regional-sede\/\"},{\"@type\":\"ListItem\",\"position\":2,\"name\":\"Minas Trend destaca a import\u00e2ncia da ind\u00fastria da moda mineira para a economia nacional\"}]},{\"@type\":\"WebSite\",\"@id\":\"https:\/\/www.fiemg.com.br\/regional-sede\/#website\",\"url\":\"https:\/\/www.fiemg.com.br\/regional-sede\/\",\"name\":\"FIEMG\",\"description\":\"Federa\u00e7\u00e3o das Ind\u00fastrias do Estado de Minas Gerais\",\"publisher\":{\"@id\":\"https:\/\/www.fiemg.com.br\/regional-sede\/#organization\"},\"potentialAction\":[{\"@type\":\"SearchAction\",\"target\":{\"@type\":\"EntryPoint\",\"urlTemplate\":\"https:\/\/www.fiemg.com.br\/regional-sede\/?s={search_term_string}\"},\"query-input\":{\"@type\":\"PropertyValueSpecification\",\"valueRequired\":true,\"valueName\":\"search_term_string\"}}],\"inLanguage\":\"pt-BR\"},{\"@type\":\"Organization\",\"@id\":\"https:\/\/www.fiemg.com.br\/regional-sede\/#organization\",\"name\":\"FIEMG\",\"url\":\"https:\/\/www.fiemg.com.br\/regional-sede\/\",\"logo\":{\"@type\":\"ImageObject\",\"inLanguage\":\"pt-BR\",\"@id\":\"https:\/\/www.fiemg.com.br\/regional-sede\/#\/schema\/logo\/image\/\",\"url\":\"https:\/\/www.fiemg.com.br\/regional-sede\/wp-content\/uploads\/sites\/21\/2023\/02\/Ativo-1.png\",\"contentUrl\":\"https:\/\/www.fiemg.com.br\/regional-sede\/wp-content\/uploads\/sites\/21\/2023\/02\/Ativo-1.png\",\"width\":563,\"height\":149,\"caption\":\"FIEMG\"},\"image\":{\"@id\":\"https:\/\/www.fiemg.com.br\/regional-sede\/#\/schema\/logo\/image\/\"}}]}<\/script>\n<!-- \/ Yoast SEO plugin. -->","yoast_head_json":{"title":"Minas Trend destaca a import\u00e2ncia da ind\u00fastria da moda mineira para a economia nacional - FIEMG","description":"Estado responde por mais de 10% dos empregos gerados pelo setor em todo o pa\u00eds","robots":{"index":"index","follow":"follow","max-snippet":"max-snippet:-1","max-image-preview":"max-image-preview:large","max-video-preview":"max-video-preview:-1"},"canonical":"https:\/\/www.fiemg.com.br\/regional-sede\/noticias\/estado-responde-por-mais-de-10-dos-empregos-gerados-pelo-setor-em-todo-o-pais\/","og_locale":"pt_BR","og_type":"article","og_title":"Minas Trend destaca a import\u00e2ncia da ind\u00fastria da moda mineira para a economia nacional - FIEMG","og_description":"Estado responde por mais de 10% dos empregos gerados pelo setor em todo o pa\u00eds","og_url":"https:\/\/www.fiemg.com.br\/regional-sede\/noticias\/estado-responde-por-mais-de-10-dos-empregos-gerados-pelo-setor-em-todo-o-pais\/","og_site_name":"FIEMG","article_modified_time":"2024-10-15T13:00:33+00:00","og_image":[{"width":512,"height":512,"url":"https:\/\/www.fiemg.com.br\/regional-sede\/wp-content\/uploads\/sites\/21\/2024\/10\/minas-trend-32-reflexos-da-moda-bh.png","type":"image\/png"}],"twitter_card":"summary_large_image","twitter_misc":{"Est. tempo de leitura":"4 minutos"},"schema":{"@context":"https:\/\/schema.org","@graph":[{"@type":"WebPage","@id":"https:\/\/www.fiemg.com.br\/regional-sede\/noticias\/estado-responde-por-mais-de-10-dos-empregos-gerados-pelo-setor-em-todo-o-pais\/","url":"https:\/\/www.fiemg.com.br\/regional-sede\/noticias\/estado-responde-por-mais-de-10-dos-empregos-gerados-pelo-setor-em-todo-o-pais\/","name":"Minas Trend destaca a import\u00e2ncia da ind\u00fastria da moda mineira para a economia nacional - FIEMG","isPartOf":{"@id":"https:\/\/www.fiemg.com.br\/regional-sede\/#website"},"primaryImageOfPage":{"@id":"https:\/\/www.fiemg.com.br\/regional-sede\/noticias\/estado-responde-por-mais-de-10-dos-empregos-gerados-pelo-setor-em-todo-o-pais\/#primaryimage"},"image":{"@id":"https:\/\/www.fiemg.com.br\/regional-sede\/noticias\/estado-responde-por-mais-de-10-dos-empregos-gerados-pelo-setor-em-todo-o-pais\/#primaryimage"},"thumbnailUrl":"https:\/\/www.fiemg.com.br\/regional-sede\/wp-content\/uploads\/sites\/21\/2024\/10\/minas-trend-32-reflexos-da-moda-bh.png","datePublished":"2024-10-15T13:00:32+00:00","dateModified":"2024-10-15T13:00:33+00:00","description":"Estado responde por mais de 10% dos empregos gerados pelo setor em todo o pa\u00eds","breadcrumb":{"@id":"https:\/\/www.fiemg.com.br\/regional-sede\/noticias\/estado-responde-por-mais-de-10-dos-empregos-gerados-pelo-setor-em-todo-o-pais\/#breadcrumb"},"inLanguage":"pt-BR","potentialAction":[{"@type":"ReadAction","target":["https:\/\/www.fiemg.com.br\/regional-sede\/noticias\/estado-responde-por-mais-de-10-dos-empregos-gerados-pelo-setor-em-todo-o-pais\/"]}]},{"@type":"ImageObject","inLanguage":"pt-BR","@id":"https:\/\/www.fiemg.com.br\/regional-sede\/noticias\/estado-responde-por-mais-de-10-dos-empregos-gerados-pelo-setor-em-todo-o-pais\/#primaryimage","url":"https:\/\/www.fiemg.com.br\/regional-sede\/wp-content\/uploads\/sites\/21\/2024\/10\/minas-trend-32-reflexos-da-moda-bh.png","contentUrl":"https:\/\/www.fiemg.com.br\/regional-sede\/wp-content\/uploads\/sites\/21\/2024\/10\/minas-trend-32-reflexos-da-moda-bh.png","width":512,"height":512},{"@type":"BreadcrumbList","@id":"https:\/\/www.fiemg.com.br\/regional-sede\/noticias\/estado-responde-por-mais-de-10-dos-empregos-gerados-pelo-setor-em-todo-o-pais\/#breadcrumb","itemListElement":[{"@type":"ListItem","position":1,"name":"In\u00edcio","item":"https:\/\/www.fiemg.com.br\/regional-sede\/"},{"@type":"ListItem","position":2,"name":"Minas Trend destaca a import\u00e2ncia da ind\u00fastria da moda mineira para a economia nacional"}]},{"@type":"WebSite","@id":"https:\/\/www.fiemg.com.br\/regional-sede\/#website","url":"https:\/\/www.fiemg.com.br\/regional-sede\/","name":"FIEMG","description":"Federa\u00e7\u00e3o das Ind\u00fastrias do Estado de Minas Gerais","publisher":{"@id":"https:\/\/www.fiemg.com.br\/regional-sede\/#organization"},"potentialAction":[{"@type":"SearchAction","target":{"@type":"EntryPoint","urlTemplate":"https:\/\/www.fiemg.com.br\/regional-sede\/?s={search_term_string}"},"query-input":{"@type":"PropertyValueSpecification","valueRequired":true,"valueName":"search_term_string"}}],"inLanguage":"pt-BR"},{"@type":"Organization","@id":"https:\/\/www.fiemg.com.br\/regional-sede\/#organization","name":"FIEMG","url":"https:\/\/www.fiemg.com.br\/regional-sede\/","logo":{"@type":"ImageObject","inLanguage":"pt-BR","@id":"https:\/\/www.fiemg.com.br\/regional-sede\/#\/schema\/logo\/image\/","url":"https:\/\/www.fiemg.com.br\/regional-sede\/wp-content\/uploads\/sites\/21\/2023\/02\/Ativo-1.png","contentUrl":"https:\/\/www.fiemg.com.br\/regional-sede\/wp-content\/uploads\/sites\/21\/2023\/02\/Ativo-1.png","width":563,"height":149,"caption":"FIEMG"},"image":{"@id":"https:\/\/www.fiemg.com.br\/regional-sede\/#\/schema\/logo\/image\/"}}]}},"_links":{"self":[{"href":"https:\/\/www.fiemg.com.br\/regional-sede\/wp-json\/wp\/v2\/noticias\/3516","targetHints":{"allow":["GET"]}}],"collection":[{"href":"https:\/\/www.fiemg.com.br\/regional-sede\/wp-json\/wp\/v2\/noticias"}],"about":[{"href":"https:\/\/www.fiemg.com.br\/regional-sede\/wp-json\/wp\/v2\/types\/noticias"}],"wp:featuredmedia":[{"embeddable":true,"href":"https:\/\/www.fiemg.com.br\/regional-sede\/wp-json\/wp\/v2\/media\/3515"}],"wp:attachment":[{"href":"https:\/\/www.fiemg.com.br\/regional-sede\/wp-json\/wp\/v2\/media?parent=3516"}],"wp:term":[{"taxonomy":"category","embeddable":true,"href":"https:\/\/www.fiemg.com.br\/regional-sede\/wp-json\/wp\/v2\/categories?post=3516"},{"taxonomy":"post_tag","embeddable":true,"href":"https:\/\/www.fiemg.com.br\/regional-sede\/wp-json\/wp\/v2\/tags?post=3516"}],"curies":[{"name":"wp","href":"https:\/\/api.w.org\/{rel}","templated":true}]}}