{"id":3695,"date":"2024-12-10T12:17:51","date_gmt":"2024-12-10T15:17:51","guid":{"rendered":"https:\/\/www.fiemg.com.br\/regional-sede\/noticias\/evento-destaca-avancos-economicos-crescimento-em-minas-gerais-e-desafios-fiscais-para-os-proximos-anos\/"},"modified":"2024-12-10T12:17:56","modified_gmt":"2024-12-10T15:17:56","slug":"evento-destaca-avancos-economicos-crescimento-em-minas-gerais-e-desafios-fiscais-para-os-proximos-anos","status":"publish","type":"noticias","link":"https:\/\/www.fiemg.com.br\/regional-sede\/noticias\/evento-destaca-avancos-economicos-crescimento-em-minas-gerais-e-desafios-fiscais-para-os-proximos-anos\/","title":{"rendered":"Reuni\u00e3o do Conselho de Gest\u00e3o e Competitividade aborda perspectivas econ\u00f4micas para 2025"},"content":{"rendered":"\n<p>No dia 10 de dezembro foi realizada, na sede da FIEMG, em Belo Horizonte, a reuni\u00e3o do Conselho de Gest\u00e3o e Competitividade. Jo\u00e3o Gabriel Pio, gerente de Economia e Finan\u00e7as Empresariais da FIEMG, apresentou a palestra \u201cConjuntura Econ\u00f4mica e Perspectivas 2025 &#8211; Cen\u00e1rio do Mercado de Trabalho\u201d.<\/p>\n\n\n\n<p>Pio destacou o papel do consumo das fam\u00edlias e das transfer\u00eancias de renda como motores do crescimento econ\u00f4mico, al\u00e9m do mercado de trabalho, que registra a menor taxa de desemprego da d\u00e9cada. Setores como agropecu\u00e1ria, servi\u00e7os e ind\u00fastria tamb\u00e9m foram citados, com Minas Gerais superando a m\u00e9dia nacional de crescimento do PIB, atingindo 4% em 2024. Por outro lado, Pio alertou para o aumento da infla\u00e7\u00e3o, da taxa Selic e da d\u00edvida p\u00fablica, refor\u00e7ando a necessidade de reformas para equilibrar as contas p\u00fablicas.<br><br><em>Denise Lucas<\/em><br><strong>Imprensa FIEMG<\/strong><\/p>\n","protected":false},"featured_media":3697,"template":"","categories":[15],"tags":[78,80],"class_list":["post-3695","noticias","type-noticias","status-publish","has-post-thumbnail","hentry","category-desenvolvimento-industrial","tag-fiemg","tag-industria"],"acf":[],"yoast_head":"<!-- This site is optimized with the Yoast SEO plugin v26.2 - https:\/\/yoast.com\/wordpress\/plugins\/seo\/ -->\n<title>Reuni\u00e3o do Conselho de Gest\u00e3o e Competitividade aborda perspectivas econ\u00f4micas para 2025 - FIEMG<\/title>\n<meta name=\"description\" content=\"Evento destaca avan\u00e7os econ\u00f4micos, crescimento em Minas Gerais e desafios fiscais para os pr\u00f3ximos anos\" \/>\n<meta name=\"robots\" content=\"index, follow, max-snippet:-1, max-image-preview:large, max-video-preview:-1\" \/>\n<link rel=\"canonical\" href=\"https:\/\/www.fiemg.com.br\/regional-sede\/noticias\/evento-destaca-avancos-economicos-crescimento-em-minas-gerais-e-desafios-fiscais-para-os-proximos-anos\/\" \/>\n<meta property=\"og:locale\" content=\"pt_BR\" \/>\n<meta property=\"og:type\" content=\"article\" \/>\n<meta property=\"og:title\" content=\"Reuni\u00e3o do Conselho de Gest\u00e3o e Competitividade aborda perspectivas econ\u00f4micas para 2025 - FIEMG\" \/>\n<meta property=\"og:description\" content=\"Evento destaca avan\u00e7os econ\u00f4micos, crescimento em Minas Gerais e desafios fiscais para os pr\u00f3ximos anos\" \/>\n<meta property=\"og:url\" content=\"https:\/\/www.fiemg.com.br\/regional-sede\/noticias\/evento-destaca-avancos-economicos-crescimento-em-minas-gerais-e-desafios-fiscais-para-os-proximos-anos\/\" \/>\n<meta property=\"og:site_name\" content=\"FIEMG\" \/>\n<meta property=\"article:modified_time\" content=\"2024-12-10T15:17:56+00:00\" \/>\n<meta property=\"og:image\" content=\"https:\/\/www.fiemg.com.br\/regional-sede\/wp-content\/uploads\/sites\/21\/2024\/12\/COMPETITIVIDADE2.png\" \/>\n\t<meta property=\"og:image:width\" content=\"1600\" \/>\n\t<meta property=\"og:image:height\" content=\"1600\" \/>\n\t<meta property=\"og:image:type\" content=\"image\/png\" \/>\n<meta name=\"twitter:card\" content=\"summary_large_image\" \/>\n<meta name=\"twitter:label1\" content=\"Est. tempo de leitura\" \/>\n\t<meta name=\"twitter:data1\" content=\"1 minuto\" \/>\n<script type=\"application\/ld+json\" class=\"yoast-schema-graph\">{\"@context\":\"https:\/\/schema.org\",\"@graph\":[{\"@type\":\"WebPage\",\"@id\":\"https:\/\/www.fiemg.com.br\/regional-sede\/noticias\/evento-destaca-avancos-economicos-crescimento-em-minas-gerais-e-desafios-fiscais-para-os-proximos-anos\/\",\"url\":\"https:\/\/www.fiemg.com.br\/regional-sede\/noticias\/evento-destaca-avancos-economicos-crescimento-em-minas-gerais-e-desafios-fiscais-para-os-proximos-anos\/\",\"name\":\"Reuni\u00e3o do Conselho de Gest\u00e3o e Competitividade aborda perspectivas econ\u00f4micas para 2025 - FIEMG\",\"isPartOf\":{\"@id\":\"https:\/\/www.fiemg.com.br\/regional-sede\/#website\"},\"primaryImageOfPage\":{\"@id\":\"https:\/\/www.fiemg.com.br\/regional-sede\/noticias\/evento-destaca-avancos-economicos-crescimento-em-minas-gerais-e-desafios-fiscais-para-os-proximos-anos\/#primaryimage\"},\"image\":{\"@id\":\"https:\/\/www.fiemg.com.br\/regional-sede\/noticias\/evento-destaca-avancos-economicos-crescimento-em-minas-gerais-e-desafios-fiscais-para-os-proximos-anos\/#primaryimage\"},\"thumbnailUrl\":\"https:\/\/www.fiemg.com.br\/regional-sede\/wp-content\/uploads\/sites\/21\/2024\/12\/COMPETITIVIDADE2.png\",\"datePublished\":\"2024-12-10T15:17:51+00:00\",\"dateModified\":\"2024-12-10T15:17:56+00:00\",\"description\":\"Evento destaca avan\u00e7os econ\u00f4micos, crescimento em Minas Gerais e desafios fiscais para os pr\u00f3ximos anos\",\"breadcrumb\":{\"@id\":\"https:\/\/www.fiemg.com.br\/regional-sede\/noticias\/evento-destaca-avancos-economicos-crescimento-em-minas-gerais-e-desafios-fiscais-para-os-proximos-anos\/#breadcrumb\"},\"inLanguage\":\"pt-BR\",\"potentialAction\":[{\"@type\":\"ReadAction\",\"target\":[\"https:\/\/www.fiemg.com.br\/regional-sede\/noticias\/evento-destaca-avancos-economicos-crescimento-em-minas-gerais-e-desafios-fiscais-para-os-proximos-anos\/\"]}]},{\"@type\":\"ImageObject\",\"inLanguage\":\"pt-BR\",\"@id\":\"https:\/\/www.fiemg.com.br\/regional-sede\/noticias\/evento-destaca-avancos-economicos-crescimento-em-minas-gerais-e-desafios-fiscais-para-os-proximos-anos\/#primaryimage\",\"url\":\"https:\/\/www.fiemg.com.br\/regional-sede\/wp-content\/uploads\/sites\/21\/2024\/12\/COMPETITIVIDADE2.png\",\"contentUrl\":\"https:\/\/www.fiemg.com.br\/regional-sede\/wp-content\/uploads\/sites\/21\/2024\/12\/COMPETITIVIDADE2.png\",\"width\":1600,\"height\":1600},{\"@type\":\"BreadcrumbList\",\"@id\":\"https:\/\/www.fiemg.com.br\/regional-sede\/noticias\/evento-destaca-avancos-economicos-crescimento-em-minas-gerais-e-desafios-fiscais-para-os-proximos-anos\/#breadcrumb\",\"itemListElement\":[{\"@type\":\"ListItem\",\"position\":1,\"name\":\"In\u00edcio\",\"item\":\"https:\/\/www.fiemg.com.br\/regional-sede\/\"},{\"@type\":\"ListItem\",\"position\":2,\"name\":\"Reuni\u00e3o do Conselho de Gest\u00e3o e Competitividade aborda perspectivas econ\u00f4micas para 2025\"}]},{\"@type\":\"WebSite\",\"@id\":\"https:\/\/www.fiemg.com.br\/regional-sede\/#website\",\"url\":\"https:\/\/www.fiemg.com.br\/regional-sede\/\",\"name\":\"FIEMG\",\"description\":\"Federa\u00e7\u00e3o das Ind\u00fastrias do Estado de Minas Gerais\",\"publisher\":{\"@id\":\"https:\/\/www.fiemg.com.br\/regional-sede\/#organization\"},\"potentialAction\":[{\"@type\":\"SearchAction\",\"target\":{\"@type\":\"EntryPoint\",\"urlTemplate\":\"https:\/\/www.fiemg.com.br\/regional-sede\/?s={search_term_string}\"},\"query-input\":{\"@type\":\"PropertyValueSpecification\",\"valueRequired\":true,\"valueName\":\"search_term_string\"}}],\"inLanguage\":\"pt-BR\"},{\"@type\":\"Organization\",\"@id\":\"https:\/\/www.fiemg.com.br\/regional-sede\/#organization\",\"name\":\"FIEMG\",\"url\":\"https:\/\/www.fiemg.com.br\/regional-sede\/\",\"logo\":{\"@type\":\"ImageObject\",\"inLanguage\":\"pt-BR\",\"@id\":\"https:\/\/www.fiemg.com.br\/regional-sede\/#\/schema\/logo\/image\/\",\"url\":\"https:\/\/www.fiemg.com.br\/regional-sede\/wp-content\/uploads\/sites\/21\/2023\/02\/Ativo-1.png\",\"contentUrl\":\"https:\/\/www.fiemg.com.br\/regional-sede\/wp-content\/uploads\/sites\/21\/2023\/02\/Ativo-1.png\",\"width\":563,\"height\":149,\"caption\":\"FIEMG\"},\"image\":{\"@id\":\"https:\/\/www.fiemg.com.br\/regional-sede\/#\/schema\/logo\/image\/\"}}]}<\/script>\n<!-- \/ Yoast SEO plugin. -->","yoast_head_json":{"title":"Reuni\u00e3o do Conselho de Gest\u00e3o e Competitividade aborda perspectivas econ\u00f4micas para 2025 - FIEMG","description":"Evento destaca avan\u00e7os econ\u00f4micos, crescimento em Minas Gerais e desafios fiscais para os pr\u00f3ximos anos","robots":{"index":"index","follow":"follow","max-snippet":"max-snippet:-1","max-image-preview":"max-image-preview:large","max-video-preview":"max-video-preview:-1"},"canonical":"https:\/\/www.fiemg.com.br\/regional-sede\/noticias\/evento-destaca-avancos-economicos-crescimento-em-minas-gerais-e-desafios-fiscais-para-os-proximos-anos\/","og_locale":"pt_BR","og_type":"article","og_title":"Reuni\u00e3o do Conselho de Gest\u00e3o e Competitividade aborda perspectivas econ\u00f4micas para 2025 - FIEMG","og_description":"Evento destaca avan\u00e7os econ\u00f4micos, crescimento em Minas Gerais e desafios fiscais para os pr\u00f3ximos anos","og_url":"https:\/\/www.fiemg.com.br\/regional-sede\/noticias\/evento-destaca-avancos-economicos-crescimento-em-minas-gerais-e-desafios-fiscais-para-os-proximos-anos\/","og_site_name":"FIEMG","article_modified_time":"2024-12-10T15:17:56+00:00","og_image":[{"width":1600,"height":1600,"url":"https:\/\/www.fiemg.com.br\/regional-sede\/wp-content\/uploads\/sites\/21\/2024\/12\/COMPETITIVIDADE2.png","type":"image\/png"}],"twitter_card":"summary_large_image","twitter_misc":{"Est. tempo de leitura":"1 minuto"},"schema":{"@context":"https:\/\/schema.org","@graph":[{"@type":"WebPage","@id":"https:\/\/www.fiemg.com.br\/regional-sede\/noticias\/evento-destaca-avancos-economicos-crescimento-em-minas-gerais-e-desafios-fiscais-para-os-proximos-anos\/","url":"https:\/\/www.fiemg.com.br\/regional-sede\/noticias\/evento-destaca-avancos-economicos-crescimento-em-minas-gerais-e-desafios-fiscais-para-os-proximos-anos\/","name":"Reuni\u00e3o do Conselho de Gest\u00e3o e Competitividade aborda perspectivas econ\u00f4micas para 2025 - FIEMG","isPartOf":{"@id":"https:\/\/www.fiemg.com.br\/regional-sede\/#website"},"primaryImageOfPage":{"@id":"https:\/\/www.fiemg.com.br\/regional-sede\/noticias\/evento-destaca-avancos-economicos-crescimento-em-minas-gerais-e-desafios-fiscais-para-os-proximos-anos\/#primaryimage"},"image":{"@id":"https:\/\/www.fiemg.com.br\/regional-sede\/noticias\/evento-destaca-avancos-economicos-crescimento-em-minas-gerais-e-desafios-fiscais-para-os-proximos-anos\/#primaryimage"},"thumbnailUrl":"https:\/\/www.fiemg.com.br\/regional-sede\/wp-content\/uploads\/sites\/21\/2024\/12\/COMPETITIVIDADE2.png","datePublished":"2024-12-10T15:17:51+00:00","dateModified":"2024-12-10T15:17:56+00:00","description":"Evento destaca avan\u00e7os econ\u00f4micos, crescimento em Minas Gerais e desafios fiscais para os pr\u00f3ximos anos","breadcrumb":{"@id":"https:\/\/www.fiemg.com.br\/regional-sede\/noticias\/evento-destaca-avancos-economicos-crescimento-em-minas-gerais-e-desafios-fiscais-para-os-proximos-anos\/#breadcrumb"},"inLanguage":"pt-BR","potentialAction":[{"@type":"ReadAction","target":["https:\/\/www.fiemg.com.br\/regional-sede\/noticias\/evento-destaca-avancos-economicos-crescimento-em-minas-gerais-e-desafios-fiscais-para-os-proximos-anos\/"]}]},{"@type":"ImageObject","inLanguage":"pt-BR","@id":"https:\/\/www.fiemg.com.br\/regional-sede\/noticias\/evento-destaca-avancos-economicos-crescimento-em-minas-gerais-e-desafios-fiscais-para-os-proximos-anos\/#primaryimage","url":"https:\/\/www.fiemg.com.br\/regional-sede\/wp-content\/uploads\/sites\/21\/2024\/12\/COMPETITIVIDADE2.png","contentUrl":"https:\/\/www.fiemg.com.br\/regional-sede\/wp-content\/uploads\/sites\/21\/2024\/12\/COMPETITIVIDADE2.png","width":1600,"height":1600},{"@type":"BreadcrumbList","@id":"https:\/\/www.fiemg.com.br\/regional-sede\/noticias\/evento-destaca-avancos-economicos-crescimento-em-minas-gerais-e-desafios-fiscais-para-os-proximos-anos\/#breadcrumb","itemListElement":[{"@type":"ListItem","position":1,"name":"In\u00edcio","item":"https:\/\/www.fiemg.com.br\/regional-sede\/"},{"@type":"ListItem","position":2,"name":"Reuni\u00e3o do Conselho de Gest\u00e3o e Competitividade aborda perspectivas econ\u00f4micas para 2025"}]},{"@type":"WebSite","@id":"https:\/\/www.fiemg.com.br\/regional-sede\/#website","url":"https:\/\/www.fiemg.com.br\/regional-sede\/","name":"FIEMG","description":"Federa\u00e7\u00e3o das Ind\u00fastrias do Estado de Minas Gerais","publisher":{"@id":"https:\/\/www.fiemg.com.br\/regional-sede\/#organization"},"potentialAction":[{"@type":"SearchAction","target":{"@type":"EntryPoint","urlTemplate":"https:\/\/www.fiemg.com.br\/regional-sede\/?s={search_term_string}"},"query-input":{"@type":"PropertyValueSpecification","valueRequired":true,"valueName":"search_term_string"}}],"inLanguage":"pt-BR"},{"@type":"Organization","@id":"https:\/\/www.fiemg.com.br\/regional-sede\/#organization","name":"FIEMG","url":"https:\/\/www.fiemg.com.br\/regional-sede\/","logo":{"@type":"ImageObject","inLanguage":"pt-BR","@id":"https:\/\/www.fiemg.com.br\/regional-sede\/#\/schema\/logo\/image\/","url":"https:\/\/www.fiemg.com.br\/regional-sede\/wp-content\/uploads\/sites\/21\/2023\/02\/Ativo-1.png","contentUrl":"https:\/\/www.fiemg.com.br\/regional-sede\/wp-content\/uploads\/sites\/21\/2023\/02\/Ativo-1.png","width":563,"height":149,"caption":"FIEMG"},"image":{"@id":"https:\/\/www.fiemg.com.br\/regional-sede\/#\/schema\/logo\/image\/"}}]}},"_links":{"self":[{"href":"https:\/\/www.fiemg.com.br\/regional-sede\/wp-json\/wp\/v2\/noticias\/3695","targetHints":{"allow":["GET"]}}],"collection":[{"href":"https:\/\/www.fiemg.com.br\/regional-sede\/wp-json\/wp\/v2\/noticias"}],"about":[{"href":"https:\/\/www.fiemg.com.br\/regional-sede\/wp-json\/wp\/v2\/types\/noticias"}],"wp:featuredmedia":[{"embeddable":true,"href":"https:\/\/www.fiemg.com.br\/regional-sede\/wp-json\/wp\/v2\/media\/3697"}],"wp:attachment":[{"href":"https:\/\/www.fiemg.com.br\/regional-sede\/wp-json\/wp\/v2\/media?parent=3695"}],"wp:term":[{"taxonomy":"category","embeddable":true,"href":"https:\/\/www.fiemg.com.br\/regional-sede\/wp-json\/wp\/v2\/categories?post=3695"},{"taxonomy":"post_tag","embeddable":true,"href":"https:\/\/www.fiemg.com.br\/regional-sede\/wp-json\/wp\/v2\/tags?post=3695"}],"curies":[{"name":"wp","href":"https:\/\/api.w.org\/{rel}","templated":true}]}}