{"id":3792,"date":"2025-02-21T09:57:43","date_gmt":"2025-02-21T12:57:43","guid":{"rendered":"https:\/\/www.fiemg.com.br\/regional-sede\/noticias\/presidente-da-fiemg-regional-norte-participou-da-cerimonia-de-posse-do-presidente-do-cristalia-na-academia-de-ciencias-farmaceuticas-do-brasil\/"},"modified":"2025-02-21T11:09:09","modified_gmt":"2025-02-21T14:09:09","slug":"presidente-da-fiemg-regional-norte-participou-da-cerimonia-de-posse-do-presidente-do-cristalia-na-academia-de-ciencias-farmaceuticas-do-brasil","status":"publish","type":"noticias","link":"https:\/\/www.fiemg.com.br\/regional-sede\/noticias\/presidente-da-fiemg-regional-norte-participou-da-cerimonia-de-posse-do-presidente-do-cristalia-na-academia-de-ciencias-farmaceuticas-do-brasil\/","title":{"rendered":"Presidente da FIEMG Regional Norte participou da cerim\u00f4nia de posse do presidente do Crist\u00e1lia na Academia de Ci\u00eancias Farmac\u00eauticas do Brasil"},"content":{"rendered":"\n<p>A convite da Academia de Ci\u00eancias Farmac\u00eauticas do Brasil, o presidente da FIEMG Regional Norte, Adauto Marques Batista, o prefeito de Montes Claros, Guilherme Guimar\u00e3es, e o superintendente do Banco do Nordeste para Minas Gerais, Wesley Maciel, estiveram na quinta-feira em S\u00e3o Paulo (SP), participando de cerim\u00f4nia na Assembleia Legislativa Paulista, da sess\u00e3o solene de ato de posse do presidente do Laborat\u00f3rio Farmac\u00eautico Crist\u00e1lia, Ogari de Castro Pacheco, como Acad\u00eamico Honor\u00e1rio e cujo patrono da cadeira \u00e9 o Dr. Adolpho Lutz, que foi um m\u00e9dico e cientista brasileiro, pai da medicina tropical e da zoologia m\u00e9dica no Brasil.&nbsp;<\/p>\n\n\n\n<p>Evento prestigiado por diversas autoridades e empres\u00e1rios ligados ao segmento farmac\u00eautico.<\/p>\n\n\n\n<p>O Laborat\u00f3rio Crist\u00e1lia Produtos Qu\u00edmicos Farmac\u00eauticos Ltda. tem uma unidade em Montes Claros e \u00e9 uma das principais ind\u00fastrias que comp\u00f5em o Polo Farmac\u00eautico local. A empresa veio para a cidade mediante a\u00e7\u00e3o do presidente da FIEMG, Fl\u00e1vio Roscoe, e do presidente da Regional Norte, Adauto Marques Batista, que foram os principais respons\u00e1veis pela cria\u00e7\u00e3o do Polo farmac\u00eautico, e v\u00eam atuando em conjunto para trazer novas ind\u00fastrias do ramo.<\/p>\n\n\n\n<p><strong>OGARI<\/strong><\/p>\n\n\n\n<p>Ogari de Castro Pacheco \u00e9 m\u00e9dico, p\u00f3s graduado pela Universidade de S\u00e3o Paulo (1964). Criou a Cl\u00ednica de Repouso Itapira em 1969 e em 1972 o laborat\u00f3rio Crist\u00e1lia Produtos Qu\u00edmicos Farmac\u00eauticos Ltda., do qual \u00e9 diretor-presidente desde a funda\u00e7\u00e3o (o laborat\u00f3rio tem uma unidade no Polo farmac\u00eautico de Montes Claros). Foi presidente da APM Associa\u00e7\u00e3o Paulista de Medicina (sec\u00e7\u00e3o de Mogi Mirim), foi Vice-Presidente da Alanac (1985-1993), Diretor do Sindusfarma (1995-1997), e Senador da Rep\u00fablica, entre outras atividades.<\/p>\n","protected":false},"featured_media":3793,"template":"","categories":[14],"tags":[],"class_list":["post-3792","noticias","type-noticias","status-publish","has-post-thumbnail","hentry","category-noticias"],"acf":[],"yoast_head":"<!-- This site is optimized with the Yoast SEO plugin v26.2 - https:\/\/yoast.com\/wordpress\/plugins\/seo\/ -->\n<title>Presidente da FIEMG Regional Norte participou da cerim\u00f4nia de posse do presidente do Crist\u00e1lia na Academia de Ci\u00eancias Farmac\u00eauticas do Brasil - FIEMG<\/title>\n<meta name=\"robots\" content=\"index, follow, max-snippet:-1, max-image-preview:large, max-video-preview:-1\" \/>\n<link rel=\"canonical\" href=\"https:\/\/www.fiemg.com.br\/regional-sede\/noticias\/presidente-da-fiemg-regional-norte-participou-da-cerimonia-de-posse-do-presidente-do-cristalia-na-academia-de-ciencias-farmaceuticas-do-brasil\/\" \/>\n<meta property=\"og:locale\" content=\"pt_BR\" \/>\n<meta property=\"og:type\" content=\"article\" \/>\n<meta property=\"og:title\" content=\"Presidente da FIEMG Regional Norte participou da cerim\u00f4nia de posse do presidente do Crist\u00e1lia na Academia de Ci\u00eancias Farmac\u00eauticas do Brasil - FIEMG\" \/>\n<meta property=\"og:description\" content=\"A convite da Academia de Ci\u00eancias Farmac\u00eauticas do Brasil, o presidente da FIEMG Regional Norte, Adauto Marques Batista, o prefeito de Montes Claros, Guilherme Guimar\u00e3es, e o superintendente do Banco do Nordeste para Minas Gerais, Wesley Maciel, estiveram na quinta-feira em S\u00e3o Paulo (SP), participando de cerim\u00f4nia na Assembleia Legislativa Paulista, da sess\u00e3o solene de [&hellip;]\" \/>\n<meta property=\"og:url\" content=\"https:\/\/www.fiemg.com.br\/regional-sede\/noticias\/presidente-da-fiemg-regional-norte-participou-da-cerimonia-de-posse-do-presidente-do-cristalia-na-academia-de-ciencias-farmaceuticas-do-brasil\/\" \/>\n<meta property=\"og:site_name\" content=\"FIEMG\" \/>\n<meta property=\"article:modified_time\" content=\"2025-02-21T14:09:09+00:00\" \/>\n<meta property=\"og:image\" content=\"https:\/\/www.fiemg.com.br\/regional-sede\/wp-content\/uploads\/sites\/21\/2025\/02\/Prefeito-Montes-Claros-Mauritizio-e-Adauto.jpeg\" \/>\n\t<meta property=\"og:image:width\" content=\"267\" \/>\n\t<meta property=\"og:image:height\" content=\"200\" \/>\n\t<meta property=\"og:image:type\" content=\"image\/jpeg\" \/>\n<meta name=\"twitter:card\" content=\"summary_large_image\" \/>\n<meta name=\"twitter:label1\" content=\"Est. tempo de leitura\" \/>\n\t<meta name=\"twitter:data1\" content=\"2 minutos\" \/>\n<script type=\"application\/ld+json\" class=\"yoast-schema-graph\">{\"@context\":\"https:\/\/schema.org\",\"@graph\":[{\"@type\":\"WebPage\",\"@id\":\"https:\/\/www.fiemg.com.br\/regional-sede\/noticias\/presidente-da-fiemg-regional-norte-participou-da-cerimonia-de-posse-do-presidente-do-cristalia-na-academia-de-ciencias-farmaceuticas-do-brasil\/\",\"url\":\"https:\/\/www.fiemg.com.br\/regional-sede\/noticias\/presidente-da-fiemg-regional-norte-participou-da-cerimonia-de-posse-do-presidente-do-cristalia-na-academia-de-ciencias-farmaceuticas-do-brasil\/\",\"name\":\"Presidente da FIEMG Regional Norte participou da cerim\u00f4nia de posse do presidente do Crist\u00e1lia na Academia de Ci\u00eancias Farmac\u00eauticas do Brasil - FIEMG\",\"isPartOf\":{\"@id\":\"https:\/\/www.fiemg.com.br\/regional-sede\/#website\"},\"primaryImageOfPage\":{\"@id\":\"https:\/\/www.fiemg.com.br\/regional-sede\/noticias\/presidente-da-fiemg-regional-norte-participou-da-cerimonia-de-posse-do-presidente-do-cristalia-na-academia-de-ciencias-farmaceuticas-do-brasil\/#primaryimage\"},\"image\":{\"@id\":\"https:\/\/www.fiemg.com.br\/regional-sede\/noticias\/presidente-da-fiemg-regional-norte-participou-da-cerimonia-de-posse-do-presidente-do-cristalia-na-academia-de-ciencias-farmaceuticas-do-brasil\/#primaryimage\"},\"thumbnailUrl\":\"https:\/\/www.fiemg.com.br\/regional-sede\/wp-content\/uploads\/sites\/21\/2025\/02\/Prefeito-Montes-Claros-Mauritizio-e-Adauto.jpeg\",\"datePublished\":\"2025-02-21T12:57:43+00:00\",\"dateModified\":\"2025-02-21T14:09:09+00:00\",\"breadcrumb\":{\"@id\":\"https:\/\/www.fiemg.com.br\/regional-sede\/noticias\/presidente-da-fiemg-regional-norte-participou-da-cerimonia-de-posse-do-presidente-do-cristalia-na-academia-de-ciencias-farmaceuticas-do-brasil\/#breadcrumb\"},\"inLanguage\":\"pt-BR\",\"potentialAction\":[{\"@type\":\"ReadAction\",\"target\":[\"https:\/\/www.fiemg.com.br\/regional-sede\/noticias\/presidente-da-fiemg-regional-norte-participou-da-cerimonia-de-posse-do-presidente-do-cristalia-na-academia-de-ciencias-farmaceuticas-do-brasil\/\"]}]},{\"@type\":\"ImageObject\",\"inLanguage\":\"pt-BR\",\"@id\":\"https:\/\/www.fiemg.com.br\/regional-sede\/noticias\/presidente-da-fiemg-regional-norte-participou-da-cerimonia-de-posse-do-presidente-do-cristalia-na-academia-de-ciencias-farmaceuticas-do-brasil\/#primaryimage\",\"url\":\"https:\/\/www.fiemg.com.br\/regional-sede\/wp-content\/uploads\/sites\/21\/2025\/02\/Prefeito-Montes-Claros-Mauritizio-e-Adauto.jpeg\",\"contentUrl\":\"https:\/\/www.fiemg.com.br\/regional-sede\/wp-content\/uploads\/sites\/21\/2025\/02\/Prefeito-Montes-Claros-Mauritizio-e-Adauto.jpeg\",\"width\":267,\"height\":200,\"caption\":\"Prefeito de Montes Claros, presidente do Hipolabor e Adauto Marques\"},{\"@type\":\"BreadcrumbList\",\"@id\":\"https:\/\/www.fiemg.com.br\/regional-sede\/noticias\/presidente-da-fiemg-regional-norte-participou-da-cerimonia-de-posse-do-presidente-do-cristalia-na-academia-de-ciencias-farmaceuticas-do-brasil\/#breadcrumb\",\"itemListElement\":[{\"@type\":\"ListItem\",\"position\":1,\"name\":\"In\u00edcio\",\"item\":\"https:\/\/www.fiemg.com.br\/regional-sede\/\"},{\"@type\":\"ListItem\",\"position\":2,\"name\":\"Presidente da FIEMG Regional Norte participou da cerim\u00f4nia de posse do presidente do Crist\u00e1lia na Academia de Ci\u00eancias Farmac\u00eauticas do Brasil\"}]},{\"@type\":\"WebSite\",\"@id\":\"https:\/\/www.fiemg.com.br\/regional-sede\/#website\",\"url\":\"https:\/\/www.fiemg.com.br\/regional-sede\/\",\"name\":\"FIEMG\",\"description\":\"Federa\u00e7\u00e3o das Ind\u00fastrias do Estado de Minas Gerais\",\"publisher\":{\"@id\":\"https:\/\/www.fiemg.com.br\/regional-sede\/#organization\"},\"potentialAction\":[{\"@type\":\"SearchAction\",\"target\":{\"@type\":\"EntryPoint\",\"urlTemplate\":\"https:\/\/www.fiemg.com.br\/regional-sede\/?s={search_term_string}\"},\"query-input\":{\"@type\":\"PropertyValueSpecification\",\"valueRequired\":true,\"valueName\":\"search_term_string\"}}],\"inLanguage\":\"pt-BR\"},{\"@type\":\"Organization\",\"@id\":\"https:\/\/www.fiemg.com.br\/regional-sede\/#organization\",\"name\":\"FIEMG\",\"url\":\"https:\/\/www.fiemg.com.br\/regional-sede\/\",\"logo\":{\"@type\":\"ImageObject\",\"inLanguage\":\"pt-BR\",\"@id\":\"https:\/\/www.fiemg.com.br\/regional-sede\/#\/schema\/logo\/image\/\",\"url\":\"https:\/\/www.fiemg.com.br\/regional-sede\/wp-content\/uploads\/sites\/21\/2023\/02\/Ativo-1.png\",\"contentUrl\":\"https:\/\/www.fiemg.com.br\/regional-sede\/wp-content\/uploads\/sites\/21\/2023\/02\/Ativo-1.png\",\"width\":563,\"height\":149,\"caption\":\"FIEMG\"},\"image\":{\"@id\":\"https:\/\/www.fiemg.com.br\/regional-sede\/#\/schema\/logo\/image\/\"}}]}<\/script>\n<!-- \/ Yoast SEO plugin. -->","yoast_head_json":{"title":"Presidente da FIEMG Regional Norte participou da cerim\u00f4nia de posse do presidente do Crist\u00e1lia na Academia de Ci\u00eancias Farmac\u00eauticas do Brasil - FIEMG","robots":{"index":"index","follow":"follow","max-snippet":"max-snippet:-1","max-image-preview":"max-image-preview:large","max-video-preview":"max-video-preview:-1"},"canonical":"https:\/\/www.fiemg.com.br\/regional-sede\/noticias\/presidente-da-fiemg-regional-norte-participou-da-cerimonia-de-posse-do-presidente-do-cristalia-na-academia-de-ciencias-farmaceuticas-do-brasil\/","og_locale":"pt_BR","og_type":"article","og_title":"Presidente da FIEMG Regional Norte participou da cerim\u00f4nia de posse do presidente do Crist\u00e1lia na Academia de Ci\u00eancias Farmac\u00eauticas do Brasil - FIEMG","og_description":"A convite da Academia de Ci\u00eancias Farmac\u00eauticas do Brasil, o presidente da FIEMG Regional Norte, Adauto Marques Batista, o prefeito de Montes Claros, Guilherme Guimar\u00e3es, e o superintendente do Banco do Nordeste para Minas Gerais, Wesley Maciel, estiveram na quinta-feira em S\u00e3o Paulo (SP), participando de cerim\u00f4nia na Assembleia Legislativa Paulista, da sess\u00e3o solene de [&hellip;]","og_url":"https:\/\/www.fiemg.com.br\/regional-sede\/noticias\/presidente-da-fiemg-regional-norte-participou-da-cerimonia-de-posse-do-presidente-do-cristalia-na-academia-de-ciencias-farmaceuticas-do-brasil\/","og_site_name":"FIEMG","article_modified_time":"2025-02-21T14:09:09+00:00","og_image":[{"width":267,"height":200,"url":"https:\/\/www.fiemg.com.br\/regional-sede\/wp-content\/uploads\/sites\/21\/2025\/02\/Prefeito-Montes-Claros-Mauritizio-e-Adauto.jpeg","type":"image\/jpeg"}],"twitter_card":"summary_large_image","twitter_misc":{"Est. tempo de leitura":"2 minutos"},"schema":{"@context":"https:\/\/schema.org","@graph":[{"@type":"WebPage","@id":"https:\/\/www.fiemg.com.br\/regional-sede\/noticias\/presidente-da-fiemg-regional-norte-participou-da-cerimonia-de-posse-do-presidente-do-cristalia-na-academia-de-ciencias-farmaceuticas-do-brasil\/","url":"https:\/\/www.fiemg.com.br\/regional-sede\/noticias\/presidente-da-fiemg-regional-norte-participou-da-cerimonia-de-posse-do-presidente-do-cristalia-na-academia-de-ciencias-farmaceuticas-do-brasil\/","name":"Presidente da FIEMG Regional Norte participou da cerim\u00f4nia de posse do presidente do Crist\u00e1lia na Academia de Ci\u00eancias Farmac\u00eauticas do Brasil - FIEMG","isPartOf":{"@id":"https:\/\/www.fiemg.com.br\/regional-sede\/#website"},"primaryImageOfPage":{"@id":"https:\/\/www.fiemg.com.br\/regional-sede\/noticias\/presidente-da-fiemg-regional-norte-participou-da-cerimonia-de-posse-do-presidente-do-cristalia-na-academia-de-ciencias-farmaceuticas-do-brasil\/#primaryimage"},"image":{"@id":"https:\/\/www.fiemg.com.br\/regional-sede\/noticias\/presidente-da-fiemg-regional-norte-participou-da-cerimonia-de-posse-do-presidente-do-cristalia-na-academia-de-ciencias-farmaceuticas-do-brasil\/#primaryimage"},"thumbnailUrl":"https:\/\/www.fiemg.com.br\/regional-sede\/wp-content\/uploads\/sites\/21\/2025\/02\/Prefeito-Montes-Claros-Mauritizio-e-Adauto.jpeg","datePublished":"2025-02-21T12:57:43+00:00","dateModified":"2025-02-21T14:09:09+00:00","breadcrumb":{"@id":"https:\/\/www.fiemg.com.br\/regional-sede\/noticias\/presidente-da-fiemg-regional-norte-participou-da-cerimonia-de-posse-do-presidente-do-cristalia-na-academia-de-ciencias-farmaceuticas-do-brasil\/#breadcrumb"},"inLanguage":"pt-BR","potentialAction":[{"@type":"ReadAction","target":["https:\/\/www.fiemg.com.br\/regional-sede\/noticias\/presidente-da-fiemg-regional-norte-participou-da-cerimonia-de-posse-do-presidente-do-cristalia-na-academia-de-ciencias-farmaceuticas-do-brasil\/"]}]},{"@type":"ImageObject","inLanguage":"pt-BR","@id":"https:\/\/www.fiemg.com.br\/regional-sede\/noticias\/presidente-da-fiemg-regional-norte-participou-da-cerimonia-de-posse-do-presidente-do-cristalia-na-academia-de-ciencias-farmaceuticas-do-brasil\/#primaryimage","url":"https:\/\/www.fiemg.com.br\/regional-sede\/wp-content\/uploads\/sites\/21\/2025\/02\/Prefeito-Montes-Claros-Mauritizio-e-Adauto.jpeg","contentUrl":"https:\/\/www.fiemg.com.br\/regional-sede\/wp-content\/uploads\/sites\/21\/2025\/02\/Prefeito-Montes-Claros-Mauritizio-e-Adauto.jpeg","width":267,"height":200,"caption":"Prefeito de Montes Claros, presidente do Hipolabor e Adauto Marques"},{"@type":"BreadcrumbList","@id":"https:\/\/www.fiemg.com.br\/regional-sede\/noticias\/presidente-da-fiemg-regional-norte-participou-da-cerimonia-de-posse-do-presidente-do-cristalia-na-academia-de-ciencias-farmaceuticas-do-brasil\/#breadcrumb","itemListElement":[{"@type":"ListItem","position":1,"name":"In\u00edcio","item":"https:\/\/www.fiemg.com.br\/regional-sede\/"},{"@type":"ListItem","position":2,"name":"Presidente da FIEMG Regional Norte participou da cerim\u00f4nia de posse do presidente do Crist\u00e1lia na Academia de Ci\u00eancias Farmac\u00eauticas do Brasil"}]},{"@type":"WebSite","@id":"https:\/\/www.fiemg.com.br\/regional-sede\/#website","url":"https:\/\/www.fiemg.com.br\/regional-sede\/","name":"FIEMG","description":"Federa\u00e7\u00e3o das Ind\u00fastrias do Estado de Minas Gerais","publisher":{"@id":"https:\/\/www.fiemg.com.br\/regional-sede\/#organization"},"potentialAction":[{"@type":"SearchAction","target":{"@type":"EntryPoint","urlTemplate":"https:\/\/www.fiemg.com.br\/regional-sede\/?s={search_term_string}"},"query-input":{"@type":"PropertyValueSpecification","valueRequired":true,"valueName":"search_term_string"}}],"inLanguage":"pt-BR"},{"@type":"Organization","@id":"https:\/\/www.fiemg.com.br\/regional-sede\/#organization","name":"FIEMG","url":"https:\/\/www.fiemg.com.br\/regional-sede\/","logo":{"@type":"ImageObject","inLanguage":"pt-BR","@id":"https:\/\/www.fiemg.com.br\/regional-sede\/#\/schema\/logo\/image\/","url":"https:\/\/www.fiemg.com.br\/regional-sede\/wp-content\/uploads\/sites\/21\/2023\/02\/Ativo-1.png","contentUrl":"https:\/\/www.fiemg.com.br\/regional-sede\/wp-content\/uploads\/sites\/21\/2023\/02\/Ativo-1.png","width":563,"height":149,"caption":"FIEMG"},"image":{"@id":"https:\/\/www.fiemg.com.br\/regional-sede\/#\/schema\/logo\/image\/"}}]}},"_links":{"self":[{"href":"https:\/\/www.fiemg.com.br\/regional-sede\/wp-json\/wp\/v2\/noticias\/3792","targetHints":{"allow":["GET"]}}],"collection":[{"href":"https:\/\/www.fiemg.com.br\/regional-sede\/wp-json\/wp\/v2\/noticias"}],"about":[{"href":"https:\/\/www.fiemg.com.br\/regional-sede\/wp-json\/wp\/v2\/types\/noticias"}],"wp:featuredmedia":[{"embeddable":true,"href":"https:\/\/www.fiemg.com.br\/regional-sede\/wp-json\/wp\/v2\/media\/3793"}],"wp:attachment":[{"href":"https:\/\/www.fiemg.com.br\/regional-sede\/wp-json\/wp\/v2\/media?parent=3792"}],"wp:term":[{"taxonomy":"category","embeddable":true,"href":"https:\/\/www.fiemg.com.br\/regional-sede\/wp-json\/wp\/v2\/categories?post=3792"},{"taxonomy":"post_tag","embeddable":true,"href":"https:\/\/www.fiemg.com.br\/regional-sede\/wp-json\/wp\/v2\/tags?post=3792"}],"curies":[{"name":"wp","href":"https:\/\/api.w.org\/{rel}","templated":true}]}}