{"id":3813,"date":"2025-02-25T09:43:27","date_gmt":"2025-02-25T12:43:27","guid":{"rendered":"https:\/\/www.fiemg.com.br\/regional-sede\/noticias\/minas-trend-2025-salao-de-negocios-projeta-mais-de-r-27-milhoes-e-estreia-segmento-masculino\/"},"modified":"2025-03-26T08:12:35","modified_gmt":"2025-03-26T11:12:35","slug":"minas-trend-2025-salao-de-negocios-projeta-mais-de-r-27-milhoes-e-estreia-segmento-masculino","status":"publish","type":"noticias","link":"https:\/\/www.fiemg.com.br\/regional-sede\/noticias\/minas-trend-2025-salao-de-negocios-projeta-mais-de-r-27-milhoes-e-estreia-segmento-masculino\/","title":{"rendered":"Minas Trend 2025: Sal\u00e3o de Neg\u00f3cios projeta mais de R$ 27 milh\u00f5es e estreia segmento masculino"},"content":{"rendered":"\n<p><em><br><br><\/em>A 33\u00aa edi\u00e7\u00e3o do <a href=\"https:\/\/www.fiemg.com.br\/minas-trend\/?utm_term=&amp;utm_campaign=%F0%9F%94%B4%5BLR%5D+%5BSN-0018\/24%5D+%5BPMAX%5D+MINAS+TREND+33%C2%BA+-+MINAS+GERAIS&amp;utm_source=adwords&amp;utm_medium=ppc&amp;hsa_acc=4440822240&amp;hsa_cam=22274524471&amp;hsa_grp=&amp;hsa_ad=&amp;hsa_src=x&amp;hsa_tgt=&amp;hsa_kw=&amp;hsa_mt=&amp;hsa_net=adwords&amp;hsa_ver=3&amp;gad_source=1&amp;gclid=Cj0KCQiA8fW9BhC8ARIsACwHqYrfIZ6EWhI5-FSdZIp0RzdWZFznyAB-QaPCRO1Z4p-asm-oCs6Tc4waAnOWEALw_wcB\">Minas Trend<\/a> acontece de 8 a 10 de abril de 2025, no BH Shopping, em Belo Horizonte, consolidando-se como um dos principais eventos de moda do Brasil. Com o tema \u201cOlhe. Olhe de novo.\u201d, a edi\u00e7\u00e3o convida o p\u00fablico a explorar novas perspectivas do setor, promovendo conex\u00f5es estrat\u00e9gicas, inova\u00e7\u00e3o e o di\u00e1logo entre tend\u00eancias e mercado.<\/p>\n\n\n\n<p>Para Francielly Martins, gerente de projetos de neg\u00f3cios da FIEMG, a nova edi\u00e7\u00e3o ser\u00e1 fundamental para impulsionar o setor. \u201cO evento apresentar\u00e1 a cole\u00e7\u00e3o primavera ver\u00e3o, temporada importante para o calend\u00e1rio da moda, em um pa\u00eds tropical como o nosso, essa cole\u00e7\u00e3o aumenta os neg\u00f3cios\u201d, ressalta. Segundo a gestora, o evento tem como objetivo impactar a moda brasileira, por meio do fortalecimento da ind\u00fastria e do com\u00e9rcio desse setor. \u201cNosso papel \u00e9 proporcionar um ambiente de neg\u00f3cios adequado para as comercializa\u00e7\u00f5es, fazendo a moda produzida tomar vida em muitas cidades brasileiras e internacionais. Com a maioria dos estandes vendidos, n\u00e3o vemos a hora de receber todas as marcas no sal\u00e3o de neg\u00f3cios e vivemos dias incr\u00edveis aqui em Belo Horizonte!\u201d, destaca.&nbsp;<\/p>\n\n\n\n<p>Reconhecido como um hub estrat\u00e9gico de neg\u00f3cios, o Minas Trend traz um Sal\u00e3o de Neg\u00f3cios ainda mais robusto, com 134 estandes distribu\u00eddos entre os segmentos de bolsas e cal\u00e7ados, joias e bijuterias, vestu\u00e1rio feminino, lingerie, moda praia e sleepwear, al\u00e9m do Minas Trend Kids, dedicado \u00e0 moda infantil. A grande novidade deste ano \u00e9 a inclus\u00e3o do segmento masculino, marcando uma evolu\u00e7\u00e3o do evento e atendendo \u00e0s novas demandas do mercado.<\/p>\n\n\n\n<figure class=\"wp-block-image aligncenter size-large is-resized\"><img decoding=\"async\" src=\"https:\/\/www.fiemg.com.br\/regional-sede\/wp-content\/uploads\/sites\/21\/2025\/02\/54093325255_761e0c272b_o-1-1024x683.jpg\" alt=\"\" class=\"wp-image-3814\" style=\"width:700px\" \/><\/figure>\n\n\n\n<p>A expectativa \u00e9 de mais de 5 mil visitantes e 1.500 lojistas de todo o pa\u00eds, movimentando mais de R$27 milh\u00f5es em neg\u00f3cios. Com uma estrutura moderna e um ambiente prop\u00edcio para networking e inova\u00e7\u00e3o, o evento se consolida como um polo estrat\u00e9gico para a moda brasileira, fortalecendo rela\u00e7\u00f5es comerciais e criando novas oportunidades no setor.<\/p>\n\n\n\n<p>Rog\u00e9rio Vasconcellos, presidente da C\u00e2mara da Moda da FIEMG, pondera que a edi\u00e7\u00e3o de 2025 refor\u00e7a o papel do Minas Trend como a principal plataforma de neg\u00f3cios do segmento. \u201cPara a pr\u00f3xima edi\u00e7\u00e3o do Minas Trend, esperamos um evento ainda mais consolidado como principal impulsionador de neg\u00f3cios da moda brasileira, fortalecendo a conex\u00e3o entre ind\u00fastria, varejo e novos talentos. Queremos ver inova\u00e7\u00e3o, sustentabilidade e criatividade em cada cole\u00e7\u00e3o apresentada, refletindo a identidade da moda mineira e sua capacidade de se reinventar. Al\u00e9m disso, esperamos um ambiente din\u00e2mico, com rodadas de neg\u00f3cios produtivas, desfiles inspiradores e um espa\u00e7o de troca enriquecedor para todos os profissionais do setor.\u201d<\/p>\n\n\n\n<p>O Minas Trend \u00e9 uma realiza\u00e7\u00e3o da FIEMG, por iniciativa de sua C\u00e2mara da Ind\u00fastria de Insumos e Transforma\u00e7\u00e3o do Vestu\u00e1rio, Cal\u00e7ados e Acess\u00f3rios, e suas entidades SESI e SENAI, com patroc\u00ednio da Companhia de Desenvolvimento de Minas Gerais (Codemge), apoio m\u00e1ster do Sebrae Minas, e apoio da Rede Minas, R\u00e1dio Inconfid\u00eancia, Jornal Estado de Minas e Una.<\/p>\n\n\n\n<p><em>Fernanda Borges<\/em> (estagi\u00e1ria sob supervis\u00e3o)<br><strong>Imprensa FIEMG<\/strong><\/p>\n\n\n\n<p><\/p>\n","protected":false},"featured_media":3770,"template":"","categories":[15],"tags":[78,321,729,868],"class_list":["post-3813","noticias","type-noticias","status-publish","has-post-thumbnail","hentry","category-desenvolvimento-industrial","tag-fiemg","tag-minas-trend","tag-moda","tag-primavera-verao"],"acf":[],"yoast_head":"<!-- This site is optimized with the Yoast SEO plugin v26.2 - https:\/\/yoast.com\/wordpress\/plugins\/seo\/ -->\n<title>Minas Trend 2025: Sal\u00e3o de Neg\u00f3cios projeta mais de R$ 27 milh\u00f5es e estreia segmento masculino - FIEMG<\/title>\n<meta name=\"description\" content=\"Com um sal\u00e3o de neg\u00f3cios cada vez mais inovador, o evento reafirma a import\u00e2ncia da moda nacional\" \/>\n<meta name=\"robots\" content=\"index, follow, max-snippet:-1, max-image-preview:large, max-video-preview:-1\" \/>\n<link rel=\"canonical\" href=\"https:\/\/www.fiemg.com.br\/regional-sede\/noticias\/minas-trend-2025-salao-de-negocios-projeta-mais-de-r-27-milhoes-e-estreia-segmento-masculino\/\" \/>\n<meta property=\"og:locale\" content=\"pt_BR\" \/>\n<meta property=\"og:type\" content=\"article\" \/>\n<meta property=\"og:title\" content=\"Minas Trend 2025: Sal\u00e3o de Neg\u00f3cios projeta mais de R$ 27 milh\u00f5es e estreia segmento masculino - FIEMG\" \/>\n<meta property=\"og:description\" content=\"Com um sal\u00e3o de neg\u00f3cios cada vez mais inovador, o evento reafirma a import\u00e2ncia da moda nacional\" \/>\n<meta property=\"og:url\" content=\"https:\/\/www.fiemg.com.br\/regional-sede\/noticias\/minas-trend-2025-salao-de-negocios-projeta-mais-de-r-27-milhoes-e-estreia-segmento-masculino\/\" \/>\n<meta property=\"og:site_name\" content=\"FIEMG\" \/>\n<meta property=\"article:modified_time\" content=\"2025-03-26T11:12:35+00:00\" \/>\n<meta property=\"og:image\" content=\"https:\/\/www.fiemg.com.br\/regional-sede\/wp-content\/uploads\/sites\/21\/2025\/02\/minas-trend-abril-25-fiemg.png\" \/>\n\t<meta property=\"og:image:width\" content=\"512\" \/>\n\t<meta property=\"og:image:height\" content=\"512\" \/>\n\t<meta property=\"og:image:type\" content=\"image\/png\" \/>\n<meta name=\"twitter:card\" content=\"summary_large_image\" \/>\n<meta name=\"twitter:label1\" content=\"Est. tempo de leitura\" \/>\n\t<meta name=\"twitter:data1\" content=\"3 minutos\" \/>\n<script type=\"application\/ld+json\" class=\"yoast-schema-graph\">{\"@context\":\"https:\/\/schema.org\",\"@graph\":[{\"@type\":\"WebPage\",\"@id\":\"https:\/\/www.fiemg.com.br\/regional-sede\/noticias\/minas-trend-2025-salao-de-negocios-projeta-mais-de-r-27-milhoes-e-estreia-segmento-masculino\/\",\"url\":\"https:\/\/www.fiemg.com.br\/regional-sede\/noticias\/minas-trend-2025-salao-de-negocios-projeta-mais-de-r-27-milhoes-e-estreia-segmento-masculino\/\",\"name\":\"Minas Trend 2025: Sal\u00e3o de Neg\u00f3cios projeta mais de R$ 27 milh\u00f5es e estreia segmento masculino - FIEMG\",\"isPartOf\":{\"@id\":\"https:\/\/www.fiemg.com.br\/regional-sede\/#website\"},\"primaryImageOfPage\":{\"@id\":\"https:\/\/www.fiemg.com.br\/regional-sede\/noticias\/minas-trend-2025-salao-de-negocios-projeta-mais-de-r-27-milhoes-e-estreia-segmento-masculino\/#primaryimage\"},\"image\":{\"@id\":\"https:\/\/www.fiemg.com.br\/regional-sede\/noticias\/minas-trend-2025-salao-de-negocios-projeta-mais-de-r-27-milhoes-e-estreia-segmento-masculino\/#primaryimage\"},\"thumbnailUrl\":\"https:\/\/www.fiemg.com.br\/regional-sede\/wp-content\/uploads\/sites\/21\/2025\/02\/minas-trend-abril-25-fiemg.png\",\"datePublished\":\"2025-02-25T12:43:27+00:00\",\"dateModified\":\"2025-03-26T11:12:35+00:00\",\"description\":\"Com um sal\u00e3o de neg\u00f3cios cada vez mais inovador, o evento reafirma a import\u00e2ncia da moda nacional\",\"breadcrumb\":{\"@id\":\"https:\/\/www.fiemg.com.br\/regional-sede\/noticias\/minas-trend-2025-salao-de-negocios-projeta-mais-de-r-27-milhoes-e-estreia-segmento-masculino\/#breadcrumb\"},\"inLanguage\":\"pt-BR\",\"potentialAction\":[{\"@type\":\"ReadAction\",\"target\":[\"https:\/\/www.fiemg.com.br\/regional-sede\/noticias\/minas-trend-2025-salao-de-negocios-projeta-mais-de-r-27-milhoes-e-estreia-segmento-masculino\/\"]}]},{\"@type\":\"ImageObject\",\"inLanguage\":\"pt-BR\",\"@id\":\"https:\/\/www.fiemg.com.br\/regional-sede\/noticias\/minas-trend-2025-salao-de-negocios-projeta-mais-de-r-27-milhoes-e-estreia-segmento-masculino\/#primaryimage\",\"url\":\"https:\/\/www.fiemg.com.br\/regional-sede\/wp-content\/uploads\/sites\/21\/2025\/02\/minas-trend-abril-25-fiemg.png\",\"contentUrl\":\"https:\/\/www.fiemg.com.br\/regional-sede\/wp-content\/uploads\/sites\/21\/2025\/02\/minas-trend-abril-25-fiemg.png\",\"width\":512,\"height\":512},{\"@type\":\"BreadcrumbList\",\"@id\":\"https:\/\/www.fiemg.com.br\/regional-sede\/noticias\/minas-trend-2025-salao-de-negocios-projeta-mais-de-r-27-milhoes-e-estreia-segmento-masculino\/#breadcrumb\",\"itemListElement\":[{\"@type\":\"ListItem\",\"position\":1,\"name\":\"In\u00edcio\",\"item\":\"https:\/\/www.fiemg.com.br\/regional-sede\/\"},{\"@type\":\"ListItem\",\"position\":2,\"name\":\"Minas Trend 2025: Sal\u00e3o de Neg\u00f3cios projeta mais de R$ 27 milh\u00f5es e estreia segmento masculino\"}]},{\"@type\":\"WebSite\",\"@id\":\"https:\/\/www.fiemg.com.br\/regional-sede\/#website\",\"url\":\"https:\/\/www.fiemg.com.br\/regional-sede\/\",\"name\":\"FIEMG\",\"description\":\"Federa\u00e7\u00e3o das Ind\u00fastrias do Estado de Minas Gerais\",\"publisher\":{\"@id\":\"https:\/\/www.fiemg.com.br\/regional-sede\/#organization\"},\"potentialAction\":[{\"@type\":\"SearchAction\",\"target\":{\"@type\":\"EntryPoint\",\"urlTemplate\":\"https:\/\/www.fiemg.com.br\/regional-sede\/?s={search_term_string}\"},\"query-input\":{\"@type\":\"PropertyValueSpecification\",\"valueRequired\":true,\"valueName\":\"search_term_string\"}}],\"inLanguage\":\"pt-BR\"},{\"@type\":\"Organization\",\"@id\":\"https:\/\/www.fiemg.com.br\/regional-sede\/#organization\",\"name\":\"FIEMG\",\"url\":\"https:\/\/www.fiemg.com.br\/regional-sede\/\",\"logo\":{\"@type\":\"ImageObject\",\"inLanguage\":\"pt-BR\",\"@id\":\"https:\/\/www.fiemg.com.br\/regional-sede\/#\/schema\/logo\/image\/\",\"url\":\"https:\/\/www.fiemg.com.br\/regional-sede\/wp-content\/uploads\/sites\/21\/2023\/02\/Ativo-1.png\",\"contentUrl\":\"https:\/\/www.fiemg.com.br\/regional-sede\/wp-content\/uploads\/sites\/21\/2023\/02\/Ativo-1.png\",\"width\":563,\"height\":149,\"caption\":\"FIEMG\"},\"image\":{\"@id\":\"https:\/\/www.fiemg.com.br\/regional-sede\/#\/schema\/logo\/image\/\"}}]}<\/script>\n<!-- \/ Yoast SEO plugin. -->","yoast_head_json":{"title":"Minas Trend 2025: Sal\u00e3o de Neg\u00f3cios projeta mais de R$ 27 milh\u00f5es e estreia segmento masculino - FIEMG","description":"Com um sal\u00e3o de neg\u00f3cios cada vez mais inovador, o evento reafirma a import\u00e2ncia da moda nacional","robots":{"index":"index","follow":"follow","max-snippet":"max-snippet:-1","max-image-preview":"max-image-preview:large","max-video-preview":"max-video-preview:-1"},"canonical":"https:\/\/www.fiemg.com.br\/regional-sede\/noticias\/minas-trend-2025-salao-de-negocios-projeta-mais-de-r-27-milhoes-e-estreia-segmento-masculino\/","og_locale":"pt_BR","og_type":"article","og_title":"Minas Trend 2025: Sal\u00e3o de Neg\u00f3cios projeta mais de R$ 27 milh\u00f5es e estreia segmento masculino - FIEMG","og_description":"Com um sal\u00e3o de neg\u00f3cios cada vez mais inovador, o evento reafirma a import\u00e2ncia da moda nacional","og_url":"https:\/\/www.fiemg.com.br\/regional-sede\/noticias\/minas-trend-2025-salao-de-negocios-projeta-mais-de-r-27-milhoes-e-estreia-segmento-masculino\/","og_site_name":"FIEMG","article_modified_time":"2025-03-26T11:12:35+00:00","og_image":[{"width":512,"height":512,"url":"https:\/\/www.fiemg.com.br\/regional-sede\/wp-content\/uploads\/sites\/21\/2025\/02\/minas-trend-abril-25-fiemg.png","type":"image\/png"}],"twitter_card":"summary_large_image","twitter_misc":{"Est. tempo de leitura":"3 minutos"},"schema":{"@context":"https:\/\/schema.org","@graph":[{"@type":"WebPage","@id":"https:\/\/www.fiemg.com.br\/regional-sede\/noticias\/minas-trend-2025-salao-de-negocios-projeta-mais-de-r-27-milhoes-e-estreia-segmento-masculino\/","url":"https:\/\/www.fiemg.com.br\/regional-sede\/noticias\/minas-trend-2025-salao-de-negocios-projeta-mais-de-r-27-milhoes-e-estreia-segmento-masculino\/","name":"Minas Trend 2025: Sal\u00e3o de Neg\u00f3cios projeta mais de R$ 27 milh\u00f5es e estreia segmento masculino - FIEMG","isPartOf":{"@id":"https:\/\/www.fiemg.com.br\/regional-sede\/#website"},"primaryImageOfPage":{"@id":"https:\/\/www.fiemg.com.br\/regional-sede\/noticias\/minas-trend-2025-salao-de-negocios-projeta-mais-de-r-27-milhoes-e-estreia-segmento-masculino\/#primaryimage"},"image":{"@id":"https:\/\/www.fiemg.com.br\/regional-sede\/noticias\/minas-trend-2025-salao-de-negocios-projeta-mais-de-r-27-milhoes-e-estreia-segmento-masculino\/#primaryimage"},"thumbnailUrl":"https:\/\/www.fiemg.com.br\/regional-sede\/wp-content\/uploads\/sites\/21\/2025\/02\/minas-trend-abril-25-fiemg.png","datePublished":"2025-02-25T12:43:27+00:00","dateModified":"2025-03-26T11:12:35+00:00","description":"Com um sal\u00e3o de neg\u00f3cios cada vez mais inovador, o evento reafirma a import\u00e2ncia da moda nacional","breadcrumb":{"@id":"https:\/\/www.fiemg.com.br\/regional-sede\/noticias\/minas-trend-2025-salao-de-negocios-projeta-mais-de-r-27-milhoes-e-estreia-segmento-masculino\/#breadcrumb"},"inLanguage":"pt-BR","potentialAction":[{"@type":"ReadAction","target":["https:\/\/www.fiemg.com.br\/regional-sede\/noticias\/minas-trend-2025-salao-de-negocios-projeta-mais-de-r-27-milhoes-e-estreia-segmento-masculino\/"]}]},{"@type":"ImageObject","inLanguage":"pt-BR","@id":"https:\/\/www.fiemg.com.br\/regional-sede\/noticias\/minas-trend-2025-salao-de-negocios-projeta-mais-de-r-27-milhoes-e-estreia-segmento-masculino\/#primaryimage","url":"https:\/\/www.fiemg.com.br\/regional-sede\/wp-content\/uploads\/sites\/21\/2025\/02\/minas-trend-abril-25-fiemg.png","contentUrl":"https:\/\/www.fiemg.com.br\/regional-sede\/wp-content\/uploads\/sites\/21\/2025\/02\/minas-trend-abril-25-fiemg.png","width":512,"height":512},{"@type":"BreadcrumbList","@id":"https:\/\/www.fiemg.com.br\/regional-sede\/noticias\/minas-trend-2025-salao-de-negocios-projeta-mais-de-r-27-milhoes-e-estreia-segmento-masculino\/#breadcrumb","itemListElement":[{"@type":"ListItem","position":1,"name":"In\u00edcio","item":"https:\/\/www.fiemg.com.br\/regional-sede\/"},{"@type":"ListItem","position":2,"name":"Minas Trend 2025: Sal\u00e3o de Neg\u00f3cios projeta mais de R$ 27 milh\u00f5es e estreia segmento masculino"}]},{"@type":"WebSite","@id":"https:\/\/www.fiemg.com.br\/regional-sede\/#website","url":"https:\/\/www.fiemg.com.br\/regional-sede\/","name":"FIEMG","description":"Federa\u00e7\u00e3o das Ind\u00fastrias do Estado de Minas Gerais","publisher":{"@id":"https:\/\/www.fiemg.com.br\/regional-sede\/#organization"},"potentialAction":[{"@type":"SearchAction","target":{"@type":"EntryPoint","urlTemplate":"https:\/\/www.fiemg.com.br\/regional-sede\/?s={search_term_string}"},"query-input":{"@type":"PropertyValueSpecification","valueRequired":true,"valueName":"search_term_string"}}],"inLanguage":"pt-BR"},{"@type":"Organization","@id":"https:\/\/www.fiemg.com.br\/regional-sede\/#organization","name":"FIEMG","url":"https:\/\/www.fiemg.com.br\/regional-sede\/","logo":{"@type":"ImageObject","inLanguage":"pt-BR","@id":"https:\/\/www.fiemg.com.br\/regional-sede\/#\/schema\/logo\/image\/","url":"https:\/\/www.fiemg.com.br\/regional-sede\/wp-content\/uploads\/sites\/21\/2023\/02\/Ativo-1.png","contentUrl":"https:\/\/www.fiemg.com.br\/regional-sede\/wp-content\/uploads\/sites\/21\/2023\/02\/Ativo-1.png","width":563,"height":149,"caption":"FIEMG"},"image":{"@id":"https:\/\/www.fiemg.com.br\/regional-sede\/#\/schema\/logo\/image\/"}}]}},"_links":{"self":[{"href":"https:\/\/www.fiemg.com.br\/regional-sede\/wp-json\/wp\/v2\/noticias\/3813","targetHints":{"allow":["GET"]}}],"collection":[{"href":"https:\/\/www.fiemg.com.br\/regional-sede\/wp-json\/wp\/v2\/noticias"}],"about":[{"href":"https:\/\/www.fiemg.com.br\/regional-sede\/wp-json\/wp\/v2\/types\/noticias"}],"wp:featuredmedia":[{"embeddable":true,"href":"https:\/\/www.fiemg.com.br\/regional-sede\/wp-json\/wp\/v2\/media\/3770"}],"wp:attachment":[{"href":"https:\/\/www.fiemg.com.br\/regional-sede\/wp-json\/wp\/v2\/media?parent=3813"}],"wp:term":[{"taxonomy":"category","embeddable":true,"href":"https:\/\/www.fiemg.com.br\/regional-sede\/wp-json\/wp\/v2\/categories?post=3813"},{"taxonomy":"post_tag","embeddable":true,"href":"https:\/\/www.fiemg.com.br\/regional-sede\/wp-json\/wp\/v2\/tags?post=3813"}],"curies":[{"name":"wp","href":"https:\/\/api.w.org\/{rel}","templated":true}]}}