{"id":3829,"date":"2025-02-27T16:30:02","date_gmt":"2025-02-27T19:30:02","guid":{"rendered":"https:\/\/www.fiemg.com.br\/regional-sede\/noticias\/projetos-para-industria-do-iel-e-sindinfor-celebram-conclusao-de-consultorias-estrategicas-para-o-setor-de-t-i\/"},"modified":"2025-02-27T16:30:02","modified_gmt":"2025-02-27T19:30:02","slug":"projetos-para-industria-do-iel-e-sindinfor-celebram-conclusao-de-consultorias-estrategicas-para-o-setor-de-t-i","status":"publish","type":"noticias","link":"https:\/\/www.fiemg.com.br\/regional-sede\/noticias\/projetos-para-industria-do-iel-e-sindinfor-celebram-conclusao-de-consultorias-estrategicas-para-o-setor-de-t-i\/","title":{"rendered":"Projetos para Ind\u00fastria do IEL e Sindinfor celebram conclus\u00e3o de consultorias estrat\u00e9gicas para o setor de T.I."},"content":{"rendered":"\n<p>O Sindicato da Ind\u00fastria de Software e da Tecnologia da Informa\u00e7\u00e3o de Minas Gerais (Sindinfor), em parceria com o Instituto Euvaldo Lodi (IEL), celebrou, na \u00faltima quinta-feira (20), no P7 Criativo, a conclus\u00e3o das consultorias Acelera\u00e7\u00e3o de Vendas e Neuromarketing aplicado ao setor de T.I. A iniciativa, realizada no \u00e2mbito do Programa de Competitividade das Micro e Pequenas Empresas (PROCOMPI), teve como objetivo introduzir conceitos inovadores para aprimorar estrat\u00e9gias de mercado e fortalecer a competitividade das empresas do setor.<\/p>\n\n\n\n<p>Durante o evento, representantes das 15 empresas participantes se reuniram para compartilhar os resultados das consultorias, conduzidas por Carol Dilly, consultora de vendas, e Tiago Medeiros, especialista em Neuromarketing. Al\u00e9m da apresenta\u00e7\u00e3o dos principais insights do programa, os participantes receberam seus certificados de conclus\u00e3o.<\/p>\n\n\n\n<p>A aplica\u00e7\u00e3o do Neuromarketing e da Acelera\u00e7\u00e3o de Vendas trouxe mudan\u00e7as significativas para as empresas participantes, impactando diretamente sua abordagem comercial e estrat\u00e9gias de comunica\u00e7\u00e3o. Entre os principais resultados obtidos, destacam-se:<\/p>\n\n\n\n<ul class=\"wp-block-list\">\n<li><strong>Ajuste no discurso de vendas para maior conex\u00e3o com o cliente:<\/strong> Uma empresa participante, por meio da ferramenta Imagem Ativa do Cliente (IAC), identificou que seu discurso t\u00e9cnico n\u00e3o gerava engajamento com o p\u00fablico-alvo \u2013 presidentes de sindicatos. Ao reposicionar sua comunica\u00e7\u00e3o, a empresa aumentou em 270% a convers\u00e3o dos an\u00fancios e em 43% o fechamento de contratos.<\/li>\n\n\n\n<li><strong>Transforma\u00e7\u00e3o na abordagem comercial:<\/strong> Empresas reformularam suas propostas comerciais, adotando uma comunica\u00e7\u00e3o mais emocional e acess\u00edvel, o que resultou em maior taxa de convers\u00e3o de vendas.<\/li>\n\n\n\n<li><strong>Uso de prova social para gerar credibilidade:<\/strong> Muitas empresas desenvolveram novos cases de sucesso para impulsionar suas vendas, aproveitando melhor a experi\u00eancia e satisfa\u00e7\u00e3o de clientes anteriores.<\/li>\n<\/ul>\n\n\n\n<figure class=\"wp-block-image aligncenter size-large is-resized\"><img fetchpriority=\"high\" decoding=\"async\" width=\"1024\" height=\"768\" src=\"https:\/\/www.fiemg.com.br\/regional-sede\/wp-content\/uploads\/sites\/21\/2025\/02\/WhatsApp-Image-2025-02-27-at-16.05.54-1024x768.jpeg\" alt=\"\" class=\"wp-image-3830\" style=\"width:594px;height:auto\" srcset=\"https:\/\/www.fiemg.com.br\/regional-sede\/wp-content\/uploads\/sites\/21\/2025\/02\/WhatsApp-Image-2025-02-27-at-16.05.54-1024x768.jpeg 1024w, https:\/\/www.fiemg.com.br\/regional-sede\/wp-content\/uploads\/sites\/21\/2025\/02\/WhatsApp-Image-2025-02-27-at-16.05.54-300x225.jpeg 300w, https:\/\/www.fiemg.com.br\/regional-sede\/wp-content\/uploads\/sites\/21\/2025\/02\/WhatsApp-Image-2025-02-27-at-16.05.54-768x576.jpeg 768w, https:\/\/www.fiemg.com.br\/regional-sede\/wp-content\/uploads\/sites\/21\/2025\/02\/WhatsApp-Image-2025-02-27-at-16.05.54-1536x1152.jpeg 1536w, https:\/\/www.fiemg.com.br\/regional-sede\/wp-content\/uploads\/sites\/21\/2025\/02\/WhatsApp-Image-2025-02-27-at-16.05.54.jpeg 1600w\" sizes=\"(max-width: 1024px) 100vw, 1024px\" \/><\/figure>\n\n\n\n<p>Para Tiago Medeiros, a principal mudan\u00e7a foi a nova mentalidade das empresas participantes. &#8220;Muitas perceberam que, apesar da complexidade t\u00e9cnica de seus produtos e servi\u00e7os, a conex\u00e3o com o cliente \u00e9 essencialmente emocional. A partir desse entendimento, foram desenvolvidos materiais de marketing, roteiros de vendas, v\u00eddeos promocionais e apresenta\u00e7\u00f5es comerciais mais eficazes, resultando em maior convers\u00e3o de vendas, capta\u00e7\u00e3o de leads qualificados e fortalecimento da reputa\u00e7\u00e3o das marcas no mercado&#8221;, analisou o especialista.<\/p>\n\n\n\n<p>A vice-presidente do Sindinfor, Sofia Fada, tamb\u00e9m ressaltou o empenho da entidade em apoiar a transforma\u00e7\u00e3o das empresas do setor. &#8220;Em 2024, o Sindinfor, sob a lideran\u00e7a do presidente Fabio Veras, se empenhou em desenvolver estrat\u00e9gias para os associados da Ind\u00fastria Digital. Buscamos consultorias de excel\u00eancia que atingissem setores estrat\u00e9gicos e resolvessem dores presentes no dia a dia dos empres\u00e1rios. Buscamos institui\u00e7\u00f5es com o know-how necess\u00e1rio para esse desenvolvimento e encontramos no Sebrae e IEL parceiros para o plano estrat\u00e9gico que desenhamos&#8221;, completou.<\/p>\n\n\n\n<p>A parceria entre Sindinfor e IEL tem gerado resultados expressivos ao longo dos anos, contribuindo para a profissionaliza\u00e7\u00e3o do setor de Tecnologia da Informa\u00e7\u00e3o em Minas Gerais. \u201cProgramas como o FIEMG Competitiva e o Procompi j\u00e1 ajudaram dezenas de empresas a aperfei\u00e7oar processos e aumentar suas vendas, e esperamos realizar uma nova parceria para 2025\u201d, concluiu Fada.<\/p>\n\n\n\n<p><\/p>\n\n\n\n<p><em>Ana Paula Motta<\/em><br><strong>Imprensa FIEMG<\/strong><\/p>\n\n\n\n<p><\/p>\n","protected":false},"featured_media":3831,"template":"","categories":[15],"tags":[],"class_list":["post-3829","noticias","type-noticias","status-publish","has-post-thumbnail","hentry","category-desenvolvimento-industrial"],"acf":[],"yoast_head":"<!-- This site is optimized with the Yoast SEO plugin v26.2 - https:\/\/yoast.com\/wordpress\/plugins\/seo\/ -->\n<title>Projetos para Ind\u00fastria do IEL e Sindinfor celebram conclus\u00e3o de consultorias estrat\u00e9gicas para o setor de T.I. - FIEMG<\/title>\n<meta name=\"robots\" content=\"index, follow, max-snippet:-1, max-image-preview:large, max-video-preview:-1\" \/>\n<link rel=\"canonical\" href=\"https:\/\/www.fiemg.com.br\/regional-sede\/noticias\/projetos-para-industria-do-iel-e-sindinfor-celebram-conclusao-de-consultorias-estrategicas-para-o-setor-de-t-i\/\" \/>\n<meta property=\"og:locale\" content=\"pt_BR\" \/>\n<meta property=\"og:type\" content=\"article\" \/>\n<meta property=\"og:title\" content=\"Projetos para Ind\u00fastria do IEL e Sindinfor celebram conclus\u00e3o de consultorias estrat\u00e9gicas para o setor de T.I. - FIEMG\" \/>\n<meta property=\"og:description\" content=\"O Sindicato da Ind\u00fastria de Software e da Tecnologia da Informa\u00e7\u00e3o de Minas Gerais (Sindinfor), em parceria com o Instituto Euvaldo Lodi (IEL), celebrou, na \u00faltima quinta-feira (20), no P7 Criativo, a conclus\u00e3o das consultorias Acelera\u00e7\u00e3o de Vendas e Neuromarketing aplicado ao setor de T.I. A iniciativa, realizada no \u00e2mbito do Programa de Competitividade das [&hellip;]\" \/>\n<meta property=\"og:url\" content=\"https:\/\/www.fiemg.com.br\/regional-sede\/noticias\/projetos-para-industria-do-iel-e-sindinfor-celebram-conclusao-de-consultorias-estrategicas-para-o-setor-de-t-i\/\" \/>\n<meta property=\"og:site_name\" content=\"FIEMG\" \/>\n<meta property=\"og:image\" content=\"https:\/\/www.fiemg.com.br\/regional-sede\/wp-content\/uploads\/sites\/21\/2025\/02\/Thumb-18.jpg\" \/>\n\t<meta property=\"og:image:width\" content=\"512\" \/>\n\t<meta property=\"og:image:height\" content=\"512\" \/>\n\t<meta property=\"og:image:type\" content=\"image\/jpeg\" \/>\n<meta name=\"twitter:card\" content=\"summary_large_image\" \/>\n<meta name=\"twitter:label1\" content=\"Est. tempo de leitura\" \/>\n\t<meta name=\"twitter:data1\" content=\"4 minutos\" \/>\n<script type=\"application\/ld+json\" class=\"yoast-schema-graph\">{\"@context\":\"https:\/\/schema.org\",\"@graph\":[{\"@type\":\"WebPage\",\"@id\":\"https:\/\/www.fiemg.com.br\/regional-sede\/noticias\/projetos-para-industria-do-iel-e-sindinfor-celebram-conclusao-de-consultorias-estrategicas-para-o-setor-de-t-i\/\",\"url\":\"https:\/\/www.fiemg.com.br\/regional-sede\/noticias\/projetos-para-industria-do-iel-e-sindinfor-celebram-conclusao-de-consultorias-estrategicas-para-o-setor-de-t-i\/\",\"name\":\"Projetos para Ind\u00fastria do IEL e Sindinfor celebram conclus\u00e3o de consultorias estrat\u00e9gicas para o setor de T.I. - FIEMG\",\"isPartOf\":{\"@id\":\"https:\/\/www.fiemg.com.br\/regional-sede\/#website\"},\"primaryImageOfPage\":{\"@id\":\"https:\/\/www.fiemg.com.br\/regional-sede\/noticias\/projetos-para-industria-do-iel-e-sindinfor-celebram-conclusao-de-consultorias-estrategicas-para-o-setor-de-t-i\/#primaryimage\"},\"image\":{\"@id\":\"https:\/\/www.fiemg.com.br\/regional-sede\/noticias\/projetos-para-industria-do-iel-e-sindinfor-celebram-conclusao-de-consultorias-estrategicas-para-o-setor-de-t-i\/#primaryimage\"},\"thumbnailUrl\":\"https:\/\/www.fiemg.com.br\/regional-sede\/wp-content\/uploads\/sites\/21\/2025\/02\/Thumb-18.jpg\",\"datePublished\":\"2025-02-27T19:30:02+00:00\",\"breadcrumb\":{\"@id\":\"https:\/\/www.fiemg.com.br\/regional-sede\/noticias\/projetos-para-industria-do-iel-e-sindinfor-celebram-conclusao-de-consultorias-estrategicas-para-o-setor-de-t-i\/#breadcrumb\"},\"inLanguage\":\"pt-BR\",\"potentialAction\":[{\"@type\":\"ReadAction\",\"target\":[\"https:\/\/www.fiemg.com.br\/regional-sede\/noticias\/projetos-para-industria-do-iel-e-sindinfor-celebram-conclusao-de-consultorias-estrategicas-para-o-setor-de-t-i\/\"]}]},{\"@type\":\"ImageObject\",\"inLanguage\":\"pt-BR\",\"@id\":\"https:\/\/www.fiemg.com.br\/regional-sede\/noticias\/projetos-para-industria-do-iel-e-sindinfor-celebram-conclusao-de-consultorias-estrategicas-para-o-setor-de-t-i\/#primaryimage\",\"url\":\"https:\/\/www.fiemg.com.br\/regional-sede\/wp-content\/uploads\/sites\/21\/2025\/02\/Thumb-18.jpg\",\"contentUrl\":\"https:\/\/www.fiemg.com.br\/regional-sede\/wp-content\/uploads\/sites\/21\/2025\/02\/Thumb-18.jpg\",\"width\":512,\"height\":512},{\"@type\":\"BreadcrumbList\",\"@id\":\"https:\/\/www.fiemg.com.br\/regional-sede\/noticias\/projetos-para-industria-do-iel-e-sindinfor-celebram-conclusao-de-consultorias-estrategicas-para-o-setor-de-t-i\/#breadcrumb\",\"itemListElement\":[{\"@type\":\"ListItem\",\"position\":1,\"name\":\"In\u00edcio\",\"item\":\"https:\/\/www.fiemg.com.br\/regional-sede\/\"},{\"@type\":\"ListItem\",\"position\":2,\"name\":\"Projetos para Ind\u00fastria do IEL e Sindinfor celebram conclus\u00e3o de consultorias estrat\u00e9gicas para o setor de T.I.\"}]},{\"@type\":\"WebSite\",\"@id\":\"https:\/\/www.fiemg.com.br\/regional-sede\/#website\",\"url\":\"https:\/\/www.fiemg.com.br\/regional-sede\/\",\"name\":\"FIEMG\",\"description\":\"Federa\u00e7\u00e3o das Ind\u00fastrias do Estado de Minas Gerais\",\"publisher\":{\"@id\":\"https:\/\/www.fiemg.com.br\/regional-sede\/#organization\"},\"potentialAction\":[{\"@type\":\"SearchAction\",\"target\":{\"@type\":\"EntryPoint\",\"urlTemplate\":\"https:\/\/www.fiemg.com.br\/regional-sede\/?s={search_term_string}\"},\"query-input\":{\"@type\":\"PropertyValueSpecification\",\"valueRequired\":true,\"valueName\":\"search_term_string\"}}],\"inLanguage\":\"pt-BR\"},{\"@type\":\"Organization\",\"@id\":\"https:\/\/www.fiemg.com.br\/regional-sede\/#organization\",\"name\":\"FIEMG\",\"url\":\"https:\/\/www.fiemg.com.br\/regional-sede\/\",\"logo\":{\"@type\":\"ImageObject\",\"inLanguage\":\"pt-BR\",\"@id\":\"https:\/\/www.fiemg.com.br\/regional-sede\/#\/schema\/logo\/image\/\",\"url\":\"https:\/\/www.fiemg.com.br\/regional-sede\/wp-content\/uploads\/sites\/21\/2023\/02\/Ativo-1.png\",\"contentUrl\":\"https:\/\/www.fiemg.com.br\/regional-sede\/wp-content\/uploads\/sites\/21\/2023\/02\/Ativo-1.png\",\"width\":563,\"height\":149,\"caption\":\"FIEMG\"},\"image\":{\"@id\":\"https:\/\/www.fiemg.com.br\/regional-sede\/#\/schema\/logo\/image\/\"}}]}<\/script>\n<!-- \/ Yoast SEO plugin. -->","yoast_head_json":{"title":"Projetos para Ind\u00fastria do IEL e Sindinfor celebram conclus\u00e3o de consultorias estrat\u00e9gicas para o setor de T.I. - FIEMG","robots":{"index":"index","follow":"follow","max-snippet":"max-snippet:-1","max-image-preview":"max-image-preview:large","max-video-preview":"max-video-preview:-1"},"canonical":"https:\/\/www.fiemg.com.br\/regional-sede\/noticias\/projetos-para-industria-do-iel-e-sindinfor-celebram-conclusao-de-consultorias-estrategicas-para-o-setor-de-t-i\/","og_locale":"pt_BR","og_type":"article","og_title":"Projetos para Ind\u00fastria do IEL e Sindinfor celebram conclus\u00e3o de consultorias estrat\u00e9gicas para o setor de T.I. - FIEMG","og_description":"O Sindicato da Ind\u00fastria de Software e da Tecnologia da Informa\u00e7\u00e3o de Minas Gerais (Sindinfor), em parceria com o Instituto Euvaldo Lodi (IEL), celebrou, na \u00faltima quinta-feira (20), no P7 Criativo, a conclus\u00e3o das consultorias Acelera\u00e7\u00e3o de Vendas e Neuromarketing aplicado ao setor de T.I. A iniciativa, realizada no \u00e2mbito do Programa de Competitividade das [&hellip;]","og_url":"https:\/\/www.fiemg.com.br\/regional-sede\/noticias\/projetos-para-industria-do-iel-e-sindinfor-celebram-conclusao-de-consultorias-estrategicas-para-o-setor-de-t-i\/","og_site_name":"FIEMG","og_image":[{"width":512,"height":512,"url":"https:\/\/www.fiemg.com.br\/regional-sede\/wp-content\/uploads\/sites\/21\/2025\/02\/Thumb-18.jpg","type":"image\/jpeg"}],"twitter_card":"summary_large_image","twitter_misc":{"Est. tempo de leitura":"4 minutos"},"schema":{"@context":"https:\/\/schema.org","@graph":[{"@type":"WebPage","@id":"https:\/\/www.fiemg.com.br\/regional-sede\/noticias\/projetos-para-industria-do-iel-e-sindinfor-celebram-conclusao-de-consultorias-estrategicas-para-o-setor-de-t-i\/","url":"https:\/\/www.fiemg.com.br\/regional-sede\/noticias\/projetos-para-industria-do-iel-e-sindinfor-celebram-conclusao-de-consultorias-estrategicas-para-o-setor-de-t-i\/","name":"Projetos para Ind\u00fastria do IEL e Sindinfor celebram conclus\u00e3o de consultorias estrat\u00e9gicas para o setor de T.I. - FIEMG","isPartOf":{"@id":"https:\/\/www.fiemg.com.br\/regional-sede\/#website"},"primaryImageOfPage":{"@id":"https:\/\/www.fiemg.com.br\/regional-sede\/noticias\/projetos-para-industria-do-iel-e-sindinfor-celebram-conclusao-de-consultorias-estrategicas-para-o-setor-de-t-i\/#primaryimage"},"image":{"@id":"https:\/\/www.fiemg.com.br\/regional-sede\/noticias\/projetos-para-industria-do-iel-e-sindinfor-celebram-conclusao-de-consultorias-estrategicas-para-o-setor-de-t-i\/#primaryimage"},"thumbnailUrl":"https:\/\/www.fiemg.com.br\/regional-sede\/wp-content\/uploads\/sites\/21\/2025\/02\/Thumb-18.jpg","datePublished":"2025-02-27T19:30:02+00:00","breadcrumb":{"@id":"https:\/\/www.fiemg.com.br\/regional-sede\/noticias\/projetos-para-industria-do-iel-e-sindinfor-celebram-conclusao-de-consultorias-estrategicas-para-o-setor-de-t-i\/#breadcrumb"},"inLanguage":"pt-BR","potentialAction":[{"@type":"ReadAction","target":["https:\/\/www.fiemg.com.br\/regional-sede\/noticias\/projetos-para-industria-do-iel-e-sindinfor-celebram-conclusao-de-consultorias-estrategicas-para-o-setor-de-t-i\/"]}]},{"@type":"ImageObject","inLanguage":"pt-BR","@id":"https:\/\/www.fiemg.com.br\/regional-sede\/noticias\/projetos-para-industria-do-iel-e-sindinfor-celebram-conclusao-de-consultorias-estrategicas-para-o-setor-de-t-i\/#primaryimage","url":"https:\/\/www.fiemg.com.br\/regional-sede\/wp-content\/uploads\/sites\/21\/2025\/02\/Thumb-18.jpg","contentUrl":"https:\/\/www.fiemg.com.br\/regional-sede\/wp-content\/uploads\/sites\/21\/2025\/02\/Thumb-18.jpg","width":512,"height":512},{"@type":"BreadcrumbList","@id":"https:\/\/www.fiemg.com.br\/regional-sede\/noticias\/projetos-para-industria-do-iel-e-sindinfor-celebram-conclusao-de-consultorias-estrategicas-para-o-setor-de-t-i\/#breadcrumb","itemListElement":[{"@type":"ListItem","position":1,"name":"In\u00edcio","item":"https:\/\/www.fiemg.com.br\/regional-sede\/"},{"@type":"ListItem","position":2,"name":"Projetos para Ind\u00fastria do IEL e Sindinfor celebram conclus\u00e3o de consultorias estrat\u00e9gicas para o setor de T.I."}]},{"@type":"WebSite","@id":"https:\/\/www.fiemg.com.br\/regional-sede\/#website","url":"https:\/\/www.fiemg.com.br\/regional-sede\/","name":"FIEMG","description":"Federa\u00e7\u00e3o das Ind\u00fastrias do Estado de Minas Gerais","publisher":{"@id":"https:\/\/www.fiemg.com.br\/regional-sede\/#organization"},"potentialAction":[{"@type":"SearchAction","target":{"@type":"EntryPoint","urlTemplate":"https:\/\/www.fiemg.com.br\/regional-sede\/?s={search_term_string}"},"query-input":{"@type":"PropertyValueSpecification","valueRequired":true,"valueName":"search_term_string"}}],"inLanguage":"pt-BR"},{"@type":"Organization","@id":"https:\/\/www.fiemg.com.br\/regional-sede\/#organization","name":"FIEMG","url":"https:\/\/www.fiemg.com.br\/regional-sede\/","logo":{"@type":"ImageObject","inLanguage":"pt-BR","@id":"https:\/\/www.fiemg.com.br\/regional-sede\/#\/schema\/logo\/image\/","url":"https:\/\/www.fiemg.com.br\/regional-sede\/wp-content\/uploads\/sites\/21\/2023\/02\/Ativo-1.png","contentUrl":"https:\/\/www.fiemg.com.br\/regional-sede\/wp-content\/uploads\/sites\/21\/2023\/02\/Ativo-1.png","width":563,"height":149,"caption":"FIEMG"},"image":{"@id":"https:\/\/www.fiemg.com.br\/regional-sede\/#\/schema\/logo\/image\/"}}]}},"_links":{"self":[{"href":"https:\/\/www.fiemg.com.br\/regional-sede\/wp-json\/wp\/v2\/noticias\/3829","targetHints":{"allow":["GET"]}}],"collection":[{"href":"https:\/\/www.fiemg.com.br\/regional-sede\/wp-json\/wp\/v2\/noticias"}],"about":[{"href":"https:\/\/www.fiemg.com.br\/regional-sede\/wp-json\/wp\/v2\/types\/noticias"}],"wp:featuredmedia":[{"embeddable":true,"href":"https:\/\/www.fiemg.com.br\/regional-sede\/wp-json\/wp\/v2\/media\/3831"}],"wp:attachment":[{"href":"https:\/\/www.fiemg.com.br\/regional-sede\/wp-json\/wp\/v2\/media?parent=3829"}],"wp:term":[{"taxonomy":"category","embeddable":true,"href":"https:\/\/www.fiemg.com.br\/regional-sede\/wp-json\/wp\/v2\/categories?post=3829"},{"taxonomy":"post_tag","embeddable":true,"href":"https:\/\/www.fiemg.com.br\/regional-sede\/wp-json\/wp\/v2\/tags?post=3829"}],"curies":[{"name":"wp","href":"https:\/\/api.w.org\/{rel}","templated":true}]}}