{"id":3926,"date":"2025-03-21T08:23:47","date_gmt":"2025-03-21T11:23:47","guid":{"rendered":"https:\/\/www.fiemg.com.br\/regional-sede\/noticias\/fiemg-reforca-defesa-da-industria-na-inauguracao-da-superintendencia-regional-da-cemig-em-governador-valadares\/"},"modified":"2025-03-21T08:23:49","modified_gmt":"2025-03-21T11:23:49","slug":"fiemg-reforca-defesa-da-industria-na-inauguracao-da-superintendencia-regional-da-cemig-em-governador-valadares","status":"publish","type":"noticias","link":"https:\/\/www.fiemg.com.br\/regional-sede\/noticias\/fiemg-reforca-defesa-da-industria-na-inauguracao-da-superintendencia-regional-da-cemig-em-governador-valadares\/","title":{"rendered":"FIEMG refor\u00e7a defesa da ind\u00fastria na inaugura\u00e7\u00e3o da Superintend\u00eancia Regional da Cemig em Governador Valadares"},"content":{"rendered":"\n<p>A Federa\u00e7\u00e3o das Ind\u00fastrias do Estado de Minas Gerais (FIEMG), representada pelo vice-presidente da FIEMG Regional Rio Doce, Marcos Lopes Farias, marcou presen\u00e7a na inaugura\u00e7\u00e3o da Superintend\u00eancia Regional Leste da Cemig, realizada nesta quarta-feira (19), em Governador Valadares. O evento tamb\u00e9m celebrou a abertura de tr\u00eas novas ag\u00eancias regionais em Valadares, Ipatinga e Te\u00f3filo Otoni, al\u00e9m do Centro de Distribui\u00e7\u00e3o Avan\u00e7ado (CDA) na cidade.<\/p>\n\n\n\n<p>A expans\u00e3o da Cemig no Leste de Minas representa um avan\u00e7o significativo para o setor industrial da regi\u00e3o, especialmente para as empresas do Distrito Industrial de Governador Valadares. A FIEMG tem atuado de forma estrat\u00e9gica na defesa dos interesses das ind\u00fastrias, buscando garantir que a infraestrutura el\u00e9trica acompanhe o crescimento econ\u00f4mico e a demanda do setor produtivo.<\/p>\n\n\n\n<h3 class=\"wp-block-heading\">FIEMG na defesa da competitividade industrial<\/h3>\n\n\n\n<p>A amplia\u00e7\u00e3o da presen\u00e7a da Cemig na regi\u00e3o est\u00e1 alinhada \u00e0s reivindica\u00e7\u00f5es da FIEMG, que h\u00e1 anos cobra investimentos para melhorar a qualidade e a confiabilidade do fornecimento de energia. \u201cA disponibilidade de uma infraestrutura el\u00e9trica robusta e eficiente \u00e9 essencial para a competitividade da ind\u00fastria. A descentraliza\u00e7\u00e3o da gest\u00e3o da Cemig e os novos investimentos s\u00e3o passos importantes, mas seguimos atentos para garantir que as necessidades do setor produtivo sejam plenamente atendidas\u201d, destacou Marcos Lopes Farias.<\/p>\n\n\n\n<p>O Distrito Industrial de Governador Valadares, um dos principais polos produtivos da regi\u00e3o, depende diretamente de um fornecimento de energia est\u00e1vel e confi\u00e1vel para expandir suas atividades e atrair novos investimentos. Com a previs\u00e3o de R$ 588 milh\u00f5es em investimentos da Cemig para 2025 no Leste de Minas, a expectativa \u00e9 que a moderniza\u00e7\u00e3o da rede el\u00e9trica traga mais seguran\u00e7a e previsibilidade para as empresas.<\/p>\n\n\n\n<h3 class=\"wp-block-heading\">Compromisso com o desenvolvimento regional<\/h3>\n\n\n\n<p>Al\u00e9m dos benef\u00edcios diretos para a ind\u00fastria, os investimentos da Cemig tamb\u00e9m impactam positivamente o agroneg\u00f3cio e demais setores produtivos, fortalecendo o desenvolvimento econ\u00f4mico da regi\u00e3o. A FIEMG segue acompanhando de perto a implementa\u00e7\u00e3o das melhorias anunciadas e refor\u00e7a seu compromisso em atuar junto ao poder p\u00fablico e \u00e0s concession\u00e1rias para garantir um ambiente de neg\u00f3cios mais favor\u00e1vel \u00e0s ind\u00fastrias.<\/p>\n\n\n\n<p>A participa\u00e7\u00e3o da FIEMG em eventos estrat\u00e9gicos como este destaca a relev\u00e2ncia da entidade na interlocu\u00e7\u00e3o entre o setor produtivo e os agentes respons\u00e1veis pela infraestrutura econ\u00f4mica da regi\u00e3o. \u201cNosso papel \u00e9 garantir que as demandas da ind\u00fastria sejam ouvidas e que os investimentos realmente gerem impacto positivo no dia a dia das empresas. Continuaremos mobilizados para assegurar que a energia seja um fator de competitividade, e n\u00e3o um obst\u00e1culo ao crescimento do nosso setor\u201d, concluiu Marcos Lopes Farias.<\/p>\n\n\n\n<p><em>\u200bDaniela de Jesus Carvalho<\/em><br><strong>Imprensa FIEMG<\/strong><\/p>\n","protected":false},"featured_media":3928,"template":"","categories":[15],"tags":[890,78,891,878],"class_list":["post-3926","noticias","type-noticias","status-publish","has-post-thumbnail","hentry","category-desenvolvimento-industrial","tag-cemig","tag-fiemg","tag-inauguracao","tag-industria-5"],"acf":[],"yoast_head":"<!-- This site is optimized with the Yoast SEO plugin v26.2 - https:\/\/yoast.com\/wordpress\/plugins\/seo\/ -->\n<title>FIEMG refor\u00e7a defesa da ind\u00fastria na inaugura\u00e7\u00e3o da Superintend\u00eancia Regional da Cemig em Governador Valadares - FIEMG<\/title>\n<meta name=\"description\" content=\"Expans\u00e3o da infraestrutura el\u00e9trica fortalece setor produtivo no Leste de Minas\" \/>\n<meta name=\"robots\" content=\"index, follow, max-snippet:-1, max-image-preview:large, max-video-preview:-1\" \/>\n<link rel=\"canonical\" href=\"https:\/\/www.fiemg.com.br\/regional-sede\/noticias\/fiemg-reforca-defesa-da-industria-na-inauguracao-da-superintendencia-regional-da-cemig-em-governador-valadares\/\" \/>\n<meta property=\"og:locale\" content=\"pt_BR\" \/>\n<meta property=\"og:type\" content=\"article\" \/>\n<meta property=\"og:title\" content=\"FIEMG refor\u00e7a defesa da ind\u00fastria na inaugura\u00e7\u00e3o da Superintend\u00eancia Regional da Cemig em Governador Valadares - FIEMG\" \/>\n<meta property=\"og:description\" content=\"Expans\u00e3o da infraestrutura el\u00e9trica fortalece setor produtivo no Leste de Minas\" \/>\n<meta property=\"og:url\" content=\"https:\/\/www.fiemg.com.br\/regional-sede\/noticias\/fiemg-reforca-defesa-da-industria-na-inauguracao-da-superintendencia-regional-da-cemig-em-governador-valadares\/\" \/>\n<meta property=\"og:site_name\" content=\"FIEMG\" \/>\n<meta property=\"article:modified_time\" content=\"2025-03-21T11:23:49+00:00\" \/>\n<meta property=\"og:image\" content=\"https:\/\/www.fiemg.com.br\/regional-sede\/wp-content\/uploads\/sites\/21\/2025\/03\/FIEMG-reforca-defesa-da-industria-na-inauguracao-da-Superintendencia-Regional-da-Cemig-em-Governador-Valadares.png\" \/>\n\t<meta property=\"og:image:width\" content=\"512\" \/>\n\t<meta property=\"og:image:height\" content=\"512\" \/>\n\t<meta property=\"og:image:type\" content=\"image\/png\" \/>\n<meta name=\"twitter:card\" content=\"summary_large_image\" \/>\n<meta name=\"twitter:label1\" content=\"Est. tempo de leitura\" \/>\n\t<meta name=\"twitter:data1\" content=\"3 minutos\" \/>\n<script type=\"application\/ld+json\" class=\"yoast-schema-graph\">{\"@context\":\"https:\/\/schema.org\",\"@graph\":[{\"@type\":\"WebPage\",\"@id\":\"https:\/\/www.fiemg.com.br\/regional-sede\/noticias\/fiemg-reforca-defesa-da-industria-na-inauguracao-da-superintendencia-regional-da-cemig-em-governador-valadares\/\",\"url\":\"https:\/\/www.fiemg.com.br\/regional-sede\/noticias\/fiemg-reforca-defesa-da-industria-na-inauguracao-da-superintendencia-regional-da-cemig-em-governador-valadares\/\",\"name\":\"FIEMG refor\u00e7a defesa da ind\u00fastria na inaugura\u00e7\u00e3o da Superintend\u00eancia Regional da Cemig em Governador Valadares - FIEMG\",\"isPartOf\":{\"@id\":\"https:\/\/www.fiemg.com.br\/regional-sede\/#website\"},\"primaryImageOfPage\":{\"@id\":\"https:\/\/www.fiemg.com.br\/regional-sede\/noticias\/fiemg-reforca-defesa-da-industria-na-inauguracao-da-superintendencia-regional-da-cemig-em-governador-valadares\/#primaryimage\"},\"image\":{\"@id\":\"https:\/\/www.fiemg.com.br\/regional-sede\/noticias\/fiemg-reforca-defesa-da-industria-na-inauguracao-da-superintendencia-regional-da-cemig-em-governador-valadares\/#primaryimage\"},\"thumbnailUrl\":\"https:\/\/www.fiemg.com.br\/regional-sede\/wp-content\/uploads\/sites\/21\/2025\/03\/FIEMG-reforca-defesa-da-industria-na-inauguracao-da-Superintendencia-Regional-da-Cemig-em-Governador-Valadares.png\",\"datePublished\":\"2025-03-21T11:23:47+00:00\",\"dateModified\":\"2025-03-21T11:23:49+00:00\",\"description\":\"Expans\u00e3o da infraestrutura el\u00e9trica fortalece setor produtivo no Leste de Minas\",\"breadcrumb\":{\"@id\":\"https:\/\/www.fiemg.com.br\/regional-sede\/noticias\/fiemg-reforca-defesa-da-industria-na-inauguracao-da-superintendencia-regional-da-cemig-em-governador-valadares\/#breadcrumb\"},\"inLanguage\":\"pt-BR\",\"potentialAction\":[{\"@type\":\"ReadAction\",\"target\":[\"https:\/\/www.fiemg.com.br\/regional-sede\/noticias\/fiemg-reforca-defesa-da-industria-na-inauguracao-da-superintendencia-regional-da-cemig-em-governador-valadares\/\"]}]},{\"@type\":\"ImageObject\",\"inLanguage\":\"pt-BR\",\"@id\":\"https:\/\/www.fiemg.com.br\/regional-sede\/noticias\/fiemg-reforca-defesa-da-industria-na-inauguracao-da-superintendencia-regional-da-cemig-em-governador-valadares\/#primaryimage\",\"url\":\"https:\/\/www.fiemg.com.br\/regional-sede\/wp-content\/uploads\/sites\/21\/2025\/03\/FIEMG-reforca-defesa-da-industria-na-inauguracao-da-Superintendencia-Regional-da-Cemig-em-Governador-Valadares.png\",\"contentUrl\":\"https:\/\/www.fiemg.com.br\/regional-sede\/wp-content\/uploads\/sites\/21\/2025\/03\/FIEMG-reforca-defesa-da-industria-na-inauguracao-da-Superintendencia-Regional-da-Cemig-em-Governador-Valadares.png\",\"width\":512,\"height\":512},{\"@type\":\"BreadcrumbList\",\"@id\":\"https:\/\/www.fiemg.com.br\/regional-sede\/noticias\/fiemg-reforca-defesa-da-industria-na-inauguracao-da-superintendencia-regional-da-cemig-em-governador-valadares\/#breadcrumb\",\"itemListElement\":[{\"@type\":\"ListItem\",\"position\":1,\"name\":\"In\u00edcio\",\"item\":\"https:\/\/www.fiemg.com.br\/regional-sede\/\"},{\"@type\":\"ListItem\",\"position\":2,\"name\":\"FIEMG refor\u00e7a defesa da ind\u00fastria na inaugura\u00e7\u00e3o da Superintend\u00eancia Regional da Cemig em Governador Valadares\"}]},{\"@type\":\"WebSite\",\"@id\":\"https:\/\/www.fiemg.com.br\/regional-sede\/#website\",\"url\":\"https:\/\/www.fiemg.com.br\/regional-sede\/\",\"name\":\"FIEMG\",\"description\":\"Federa\u00e7\u00e3o das Ind\u00fastrias do Estado de Minas Gerais\",\"publisher\":{\"@id\":\"https:\/\/www.fiemg.com.br\/regional-sede\/#organization\"},\"potentialAction\":[{\"@type\":\"SearchAction\",\"target\":{\"@type\":\"EntryPoint\",\"urlTemplate\":\"https:\/\/www.fiemg.com.br\/regional-sede\/?s={search_term_string}\"},\"query-input\":{\"@type\":\"PropertyValueSpecification\",\"valueRequired\":true,\"valueName\":\"search_term_string\"}}],\"inLanguage\":\"pt-BR\"},{\"@type\":\"Organization\",\"@id\":\"https:\/\/www.fiemg.com.br\/regional-sede\/#organization\",\"name\":\"FIEMG\",\"url\":\"https:\/\/www.fiemg.com.br\/regional-sede\/\",\"logo\":{\"@type\":\"ImageObject\",\"inLanguage\":\"pt-BR\",\"@id\":\"https:\/\/www.fiemg.com.br\/regional-sede\/#\/schema\/logo\/image\/\",\"url\":\"https:\/\/www.fiemg.com.br\/regional-sede\/wp-content\/uploads\/sites\/21\/2023\/02\/Ativo-1.png\",\"contentUrl\":\"https:\/\/www.fiemg.com.br\/regional-sede\/wp-content\/uploads\/sites\/21\/2023\/02\/Ativo-1.png\",\"width\":563,\"height\":149,\"caption\":\"FIEMG\"},\"image\":{\"@id\":\"https:\/\/www.fiemg.com.br\/regional-sede\/#\/schema\/logo\/image\/\"}}]}<\/script>\n<!-- \/ Yoast SEO plugin. -->","yoast_head_json":{"title":"FIEMG refor\u00e7a defesa da ind\u00fastria na inaugura\u00e7\u00e3o da Superintend\u00eancia Regional da Cemig em Governador Valadares - FIEMG","description":"Expans\u00e3o da infraestrutura el\u00e9trica fortalece setor produtivo no Leste de Minas","robots":{"index":"index","follow":"follow","max-snippet":"max-snippet:-1","max-image-preview":"max-image-preview:large","max-video-preview":"max-video-preview:-1"},"canonical":"https:\/\/www.fiemg.com.br\/regional-sede\/noticias\/fiemg-reforca-defesa-da-industria-na-inauguracao-da-superintendencia-regional-da-cemig-em-governador-valadares\/","og_locale":"pt_BR","og_type":"article","og_title":"FIEMG refor\u00e7a defesa da ind\u00fastria na inaugura\u00e7\u00e3o da Superintend\u00eancia Regional da Cemig em Governador Valadares - FIEMG","og_description":"Expans\u00e3o da infraestrutura el\u00e9trica fortalece setor produtivo no Leste de Minas","og_url":"https:\/\/www.fiemg.com.br\/regional-sede\/noticias\/fiemg-reforca-defesa-da-industria-na-inauguracao-da-superintendencia-regional-da-cemig-em-governador-valadares\/","og_site_name":"FIEMG","article_modified_time":"2025-03-21T11:23:49+00:00","og_image":[{"width":512,"height":512,"url":"https:\/\/www.fiemg.com.br\/regional-sede\/wp-content\/uploads\/sites\/21\/2025\/03\/FIEMG-reforca-defesa-da-industria-na-inauguracao-da-Superintendencia-Regional-da-Cemig-em-Governador-Valadares.png","type":"image\/png"}],"twitter_card":"summary_large_image","twitter_misc":{"Est. tempo de leitura":"3 minutos"},"schema":{"@context":"https:\/\/schema.org","@graph":[{"@type":"WebPage","@id":"https:\/\/www.fiemg.com.br\/regional-sede\/noticias\/fiemg-reforca-defesa-da-industria-na-inauguracao-da-superintendencia-regional-da-cemig-em-governador-valadares\/","url":"https:\/\/www.fiemg.com.br\/regional-sede\/noticias\/fiemg-reforca-defesa-da-industria-na-inauguracao-da-superintendencia-regional-da-cemig-em-governador-valadares\/","name":"FIEMG refor\u00e7a defesa da ind\u00fastria na inaugura\u00e7\u00e3o da Superintend\u00eancia Regional da Cemig em Governador Valadares - FIEMG","isPartOf":{"@id":"https:\/\/www.fiemg.com.br\/regional-sede\/#website"},"primaryImageOfPage":{"@id":"https:\/\/www.fiemg.com.br\/regional-sede\/noticias\/fiemg-reforca-defesa-da-industria-na-inauguracao-da-superintendencia-regional-da-cemig-em-governador-valadares\/#primaryimage"},"image":{"@id":"https:\/\/www.fiemg.com.br\/regional-sede\/noticias\/fiemg-reforca-defesa-da-industria-na-inauguracao-da-superintendencia-regional-da-cemig-em-governador-valadares\/#primaryimage"},"thumbnailUrl":"https:\/\/www.fiemg.com.br\/regional-sede\/wp-content\/uploads\/sites\/21\/2025\/03\/FIEMG-reforca-defesa-da-industria-na-inauguracao-da-Superintendencia-Regional-da-Cemig-em-Governador-Valadares.png","datePublished":"2025-03-21T11:23:47+00:00","dateModified":"2025-03-21T11:23:49+00:00","description":"Expans\u00e3o da infraestrutura el\u00e9trica fortalece setor produtivo no Leste de Minas","breadcrumb":{"@id":"https:\/\/www.fiemg.com.br\/regional-sede\/noticias\/fiemg-reforca-defesa-da-industria-na-inauguracao-da-superintendencia-regional-da-cemig-em-governador-valadares\/#breadcrumb"},"inLanguage":"pt-BR","potentialAction":[{"@type":"ReadAction","target":["https:\/\/www.fiemg.com.br\/regional-sede\/noticias\/fiemg-reforca-defesa-da-industria-na-inauguracao-da-superintendencia-regional-da-cemig-em-governador-valadares\/"]}]},{"@type":"ImageObject","inLanguage":"pt-BR","@id":"https:\/\/www.fiemg.com.br\/regional-sede\/noticias\/fiemg-reforca-defesa-da-industria-na-inauguracao-da-superintendencia-regional-da-cemig-em-governador-valadares\/#primaryimage","url":"https:\/\/www.fiemg.com.br\/regional-sede\/wp-content\/uploads\/sites\/21\/2025\/03\/FIEMG-reforca-defesa-da-industria-na-inauguracao-da-Superintendencia-Regional-da-Cemig-em-Governador-Valadares.png","contentUrl":"https:\/\/www.fiemg.com.br\/regional-sede\/wp-content\/uploads\/sites\/21\/2025\/03\/FIEMG-reforca-defesa-da-industria-na-inauguracao-da-Superintendencia-Regional-da-Cemig-em-Governador-Valadares.png","width":512,"height":512},{"@type":"BreadcrumbList","@id":"https:\/\/www.fiemg.com.br\/regional-sede\/noticias\/fiemg-reforca-defesa-da-industria-na-inauguracao-da-superintendencia-regional-da-cemig-em-governador-valadares\/#breadcrumb","itemListElement":[{"@type":"ListItem","position":1,"name":"In\u00edcio","item":"https:\/\/www.fiemg.com.br\/regional-sede\/"},{"@type":"ListItem","position":2,"name":"FIEMG refor\u00e7a defesa da ind\u00fastria na inaugura\u00e7\u00e3o da Superintend\u00eancia Regional da Cemig em Governador Valadares"}]},{"@type":"WebSite","@id":"https:\/\/www.fiemg.com.br\/regional-sede\/#website","url":"https:\/\/www.fiemg.com.br\/regional-sede\/","name":"FIEMG","description":"Federa\u00e7\u00e3o das Ind\u00fastrias do Estado de Minas Gerais","publisher":{"@id":"https:\/\/www.fiemg.com.br\/regional-sede\/#organization"},"potentialAction":[{"@type":"SearchAction","target":{"@type":"EntryPoint","urlTemplate":"https:\/\/www.fiemg.com.br\/regional-sede\/?s={search_term_string}"},"query-input":{"@type":"PropertyValueSpecification","valueRequired":true,"valueName":"search_term_string"}}],"inLanguage":"pt-BR"},{"@type":"Organization","@id":"https:\/\/www.fiemg.com.br\/regional-sede\/#organization","name":"FIEMG","url":"https:\/\/www.fiemg.com.br\/regional-sede\/","logo":{"@type":"ImageObject","inLanguage":"pt-BR","@id":"https:\/\/www.fiemg.com.br\/regional-sede\/#\/schema\/logo\/image\/","url":"https:\/\/www.fiemg.com.br\/regional-sede\/wp-content\/uploads\/sites\/21\/2023\/02\/Ativo-1.png","contentUrl":"https:\/\/www.fiemg.com.br\/regional-sede\/wp-content\/uploads\/sites\/21\/2023\/02\/Ativo-1.png","width":563,"height":149,"caption":"FIEMG"},"image":{"@id":"https:\/\/www.fiemg.com.br\/regional-sede\/#\/schema\/logo\/image\/"}}]}},"_links":{"self":[{"href":"https:\/\/www.fiemg.com.br\/regional-sede\/wp-json\/wp\/v2\/noticias\/3926","targetHints":{"allow":["GET"]}}],"collection":[{"href":"https:\/\/www.fiemg.com.br\/regional-sede\/wp-json\/wp\/v2\/noticias"}],"about":[{"href":"https:\/\/www.fiemg.com.br\/regional-sede\/wp-json\/wp\/v2\/types\/noticias"}],"wp:featuredmedia":[{"embeddable":true,"href":"https:\/\/www.fiemg.com.br\/regional-sede\/wp-json\/wp\/v2\/media\/3928"}],"wp:attachment":[{"href":"https:\/\/www.fiemg.com.br\/regional-sede\/wp-json\/wp\/v2\/media?parent=3926"}],"wp:term":[{"taxonomy":"category","embeddable":true,"href":"https:\/\/www.fiemg.com.br\/regional-sede\/wp-json\/wp\/v2\/categories?post=3926"},{"taxonomy":"post_tag","embeddable":true,"href":"https:\/\/www.fiemg.com.br\/regional-sede\/wp-json\/wp\/v2\/tags?post=3926"}],"curies":[{"name":"wp","href":"https:\/\/api.w.org\/{rel}","templated":true}]}}