{"id":4041,"date":"2025-04-03T20:10:08","date_gmt":"2025-04-03T23:10:08","guid":{"rendered":"https:\/\/www.fiemg.com.br\/regional-sede\/noticias\/especialistas-analisam-os-impactos-da-reforma-tributaria-para-as-empresas\/"},"modified":"2025-04-03T20:11:09","modified_gmt":"2025-04-03T23:11:09","slug":"especialistas-analisam-os-impactos-da-reforma-tributaria-para-as-empresas","status":"publish","type":"noticias","link":"https:\/\/www.fiemg.com.br\/regional-sede\/noticias\/especialistas-analisam-os-impactos-da-reforma-tributaria-para-as-empresas\/","title":{"rendered":"Especialistas analisam os impactos da Reforma Tribut\u00e1ria para as empresas"},"content":{"rendered":"\n<p><\/p>\n\n\n\n<p>O tema da Reforma Tribut\u00e1ria foi novamente discutido no Imers\u00e3o Ind\u00fastria 2025, realizado nesta quinta-feira (3\/04). No painel, a especialista em Direito Tribut\u00e1rio, Maria Carolina Gontijo, mais conhecida como Duquesa de Tax, e o professor Paulo P\u00eagas, com media\u00e7\u00e3o de Gabriela Figueiredo, analista tribut\u00e1ria da FIEMG, abordaram como as mudan\u00e7as previstas na reforma ir\u00e3o impactar o setor empresarial.<\/p>\n\n\n\n<p>A Duquesa de Tax destacou dois pontos cruciais da Reforma, que, em sua opini\u00e3o, \u201ctransformar\u00e3o a forma como as empresas operam\u201d: o split payment e a n\u00e3o cumulatividade. Ela explicou que, ao falar de n\u00e3o cumulatividade, as empresas precisam garantir que seus fornecedores paguem corretamente. \u201cO split payment vai garantir que o pagamento seja feito corretamente e que tudo esteja em conformidade\u201d, afirmou.<\/p>\n\n\n\n<p>No entanto, a especialista apontou a incerteza que ainda paira sobre a efetividade do split payment. &#8220;Se funcionar, ser\u00e1 sensacional. Temos o mundo todo olhando para ver se realmente isso vai dar certo, se conseguiremos fazer o pagamento direto, vinculando a conta e o recolhimento diretamente para o governo. Isso muda tudo, pois nem a empresa nem o governo poder\u00e3o fazer caixa com o dinheiro de ningu\u00e9m&#8221;, explicou.<\/p>\n\n\n\n<p>J\u00e1 o professor Paulo P\u00eagas apresentou os quatro principais pilares para que o IVA seja bem-sucedido no Brasil. Ele acredita que tr\u00eas dos pontos foram alcan\u00e7ados com a Reforma Tribut\u00e1ria:<\/p>\n\n\n\n<ol class=\"wp-block-list\">\n<li><strong>Base ampla de cobran\u00e7a<\/strong>, abrangendo todas as opera\u00e7\u00f5es, sem a necessidade de distinguir entre venda de bens, presta\u00e7\u00e3o de servi\u00e7os, loca\u00e7\u00e3o, entre outros;<br><\/li>\n\n\n\n<li><strong>N\u00e3o cumulatividade plena<\/strong>, garantindo que a cobran\u00e7a do imposto ocorra apenas no consumo final das fam\u00edlias, governo, institui\u00e7\u00f5es privadas sem fins lucrativos e pequenas empresas (Simples);<br><\/li>\n\n\n\n<li><strong>Cobran\u00e7a no destino<\/strong>, de modo que o imposto ser\u00e1 pago no local onde o bem ou servi\u00e7o foi consumido.<\/li>\n<\/ol>\n\n\n\n<p>Contudo, ele avaliou que o Brasil ainda n\u00e3o atingiu o quarto ponto: o m\u00ednimo poss\u00edvel de exce\u00e7\u00f5es ao regime regular.<\/p>\n\n\n\n<p>Apesar disso, Paulo P\u00eagas v\u00ea a Reforma Tribut\u00e1ria de forma positiva, considerando que ela elimina distor\u00e7\u00f5es tribut\u00e1rias e reduz a carga tribut\u00e1ria. Ele explicou que, se analisarmos o lucro real, a carga tribut\u00e1ria m\u00e9dia (considerando a al\u00edquota de ICMS de Minas e S\u00e3o Paulo, de 18%) \u00e9 de 34,4%. Com o IVA, as al\u00edquotas devem ficar em torno de 28%. \u201cMuitas pessoas falam que o Brasil ter\u00e1 o maior IVA do mundo, mas j\u00e1 temos o maior IVA, s\u00f3 que desorganizado. Para os produtos com al\u00edquota regular, o Brasil j\u00e1 paga 34,4%, especialmente nos estados com al\u00edquota de 18%, como S\u00e3o Paulo e Minas Gerais\u201d, concluiu.<\/p>\n\n\n\n<p>A Duquesa de Tax concluiu destacando que o principal ponto da Reforma Tribut\u00e1ria ser\u00e1 a necessidade de um &#8220;virar de chave&#8221; tanto para as empresas quanto para o Estado. &#8220;A grande mudan\u00e7a ser\u00e1 essa: virar a chave, mudar a mentalidade para entender que, de fato, o imposto ser\u00e1 por fora. Acho que esse \u00e9 o ponto principal, especialmente porque, desde 1965, o ICMS \u00e9 calculado por dentro. Agora, precisamos repensar o valor, o servi\u00e7o e o pre\u00e7o, pois o imposto \u00e9 uma rela\u00e7\u00e3o direta do consumidor com o Estado. O imposto incide sobre o consumo e ser\u00e1 destinado ao Estado&#8221;, explicou.<\/p>\n\n\n\n<p>O Imers\u00e3o Ind\u00fastria \u00e9 realizado pela FIEMG, SESI e SENAI e conta com o patroc\u00ednio master da Arcelor Mittal e Vale e apoio master do Sebrae MG. O evento tem tamb\u00e9m o patroc\u00ednio ouro da Herculano Minera\u00e7\u00e3o, Gerdau, Usiminas, do SICOOB CENTRAL CREDIMINAS, SICOOB CREDIFIEMG, Caixa Econ\u00f4mica Federal e Governo Federal.&nbsp; No patroc\u00ednio prata est\u00e3o AngloGold Ashanti, Bemisa, CBMM, Copasa, J Mendes, Grupo Avante, Kinross e RHI Magnesita. O evento ainda conta com apoio da Federaminas, do Centro Universit\u00e1rio UNA, da Rede Minas e da R\u00e1dio Inconfid\u00eancia.<\/p>\n\n\n\n<p><strong>Tha\u00eds Mota<\/strong><br><em>Imprensa FIEMG<\/em><\/p>\n","protected":false},"featured_media":4042,"template":"","categories":[299,15],"tags":[195,134],"class_list":["post-4041","noticias","type-noticias","status-publish","has-post-thumbnail","hentry","category-associativismo","category-desenvolvimento-industrial","tag-imersao-industria","tag-reforma-tributaria"],"acf":[],"yoast_head":"<!-- This site is optimized with the Yoast SEO plugin v26.2 - https:\/\/yoast.com\/wordpress\/plugins\/seo\/ -->\n<title>Especialistas analisam os impactos da Reforma Tribut\u00e1ria para as empresas - FIEMG<\/title>\n<meta name=\"description\" content=\"Discuss\u00f5es sobre as mudan\u00e7as fiscais e as mudan\u00e7as para o setor empresarial marcam o painel do Imers\u00e3o Ind\u00fastria\" \/>\n<meta name=\"robots\" content=\"index, follow, max-snippet:-1, max-image-preview:large, max-video-preview:-1\" \/>\n<link rel=\"canonical\" href=\"https:\/\/www.fiemg.com.br\/regional-sede\/noticias\/especialistas-analisam-os-impactos-da-reforma-tributaria-para-as-empresas\/\" \/>\n<meta property=\"og:locale\" content=\"pt_BR\" \/>\n<meta property=\"og:type\" content=\"article\" \/>\n<meta property=\"og:title\" content=\"Especialistas analisam os impactos da Reforma Tribut\u00e1ria para as empresas - FIEMG\" \/>\n<meta property=\"og:description\" content=\"Discuss\u00f5es sobre as mudan\u00e7as fiscais e as mudan\u00e7as para o setor empresarial marcam o painel do Imers\u00e3o Ind\u00fastria\" \/>\n<meta property=\"og:url\" content=\"https:\/\/www.fiemg.com.br\/regional-sede\/noticias\/especialistas-analisam-os-impactos-da-reforma-tributaria-para-as-empresas\/\" \/>\n<meta property=\"og:site_name\" content=\"FIEMG\" \/>\n<meta property=\"article:modified_time\" content=\"2025-04-03T23:11:09+00:00\" \/>\n<meta property=\"og:image\" content=\"https:\/\/www.fiemg.com.br\/regional-sede\/wp-content\/uploads\/sites\/21\/2025\/04\/512-x-512-33.jpg\" \/>\n\t<meta property=\"og:image:width\" content=\"512\" \/>\n\t<meta property=\"og:image:height\" content=\"512\" \/>\n\t<meta property=\"og:image:type\" content=\"image\/jpeg\" \/>\n<meta name=\"twitter:card\" content=\"summary_large_image\" \/>\n<meta name=\"twitter:label1\" content=\"Est. tempo de leitura\" \/>\n\t<meta name=\"twitter:data1\" content=\"4 minutos\" \/>\n<script type=\"application\/ld+json\" class=\"yoast-schema-graph\">{\"@context\":\"https:\/\/schema.org\",\"@graph\":[{\"@type\":\"WebPage\",\"@id\":\"https:\/\/www.fiemg.com.br\/regional-sede\/noticias\/especialistas-analisam-os-impactos-da-reforma-tributaria-para-as-empresas\/\",\"url\":\"https:\/\/www.fiemg.com.br\/regional-sede\/noticias\/especialistas-analisam-os-impactos-da-reforma-tributaria-para-as-empresas\/\",\"name\":\"Especialistas analisam os impactos da Reforma Tribut\u00e1ria para as empresas - FIEMG\",\"isPartOf\":{\"@id\":\"https:\/\/www.fiemg.com.br\/regional-sede\/#website\"},\"primaryImageOfPage\":{\"@id\":\"https:\/\/www.fiemg.com.br\/regional-sede\/noticias\/especialistas-analisam-os-impactos-da-reforma-tributaria-para-as-empresas\/#primaryimage\"},\"image\":{\"@id\":\"https:\/\/www.fiemg.com.br\/regional-sede\/noticias\/especialistas-analisam-os-impactos-da-reforma-tributaria-para-as-empresas\/#primaryimage\"},\"thumbnailUrl\":\"https:\/\/www.fiemg.com.br\/regional-sede\/wp-content\/uploads\/sites\/21\/2025\/04\/512-x-512-33.jpg\",\"datePublished\":\"2025-04-03T23:10:08+00:00\",\"dateModified\":\"2025-04-03T23:11:09+00:00\",\"description\":\"Discuss\u00f5es sobre as mudan\u00e7as fiscais e as mudan\u00e7as para o setor empresarial marcam o painel do Imers\u00e3o Ind\u00fastria\",\"breadcrumb\":{\"@id\":\"https:\/\/www.fiemg.com.br\/regional-sede\/noticias\/especialistas-analisam-os-impactos-da-reforma-tributaria-para-as-empresas\/#breadcrumb\"},\"inLanguage\":\"pt-BR\",\"potentialAction\":[{\"@type\":\"ReadAction\",\"target\":[\"https:\/\/www.fiemg.com.br\/regional-sede\/noticias\/especialistas-analisam-os-impactos-da-reforma-tributaria-para-as-empresas\/\"]}]},{\"@type\":\"ImageObject\",\"inLanguage\":\"pt-BR\",\"@id\":\"https:\/\/www.fiemg.com.br\/regional-sede\/noticias\/especialistas-analisam-os-impactos-da-reforma-tributaria-para-as-empresas\/#primaryimage\",\"url\":\"https:\/\/www.fiemg.com.br\/regional-sede\/wp-content\/uploads\/sites\/21\/2025\/04\/512-x-512-33.jpg\",\"contentUrl\":\"https:\/\/www.fiemg.com.br\/regional-sede\/wp-content\/uploads\/sites\/21\/2025\/04\/512-x-512-33.jpg\",\"width\":512,\"height\":512},{\"@type\":\"BreadcrumbList\",\"@id\":\"https:\/\/www.fiemg.com.br\/regional-sede\/noticias\/especialistas-analisam-os-impactos-da-reforma-tributaria-para-as-empresas\/#breadcrumb\",\"itemListElement\":[{\"@type\":\"ListItem\",\"position\":1,\"name\":\"In\u00edcio\",\"item\":\"https:\/\/www.fiemg.com.br\/regional-sede\/\"},{\"@type\":\"ListItem\",\"position\":2,\"name\":\"Especialistas analisam os impactos da Reforma Tribut\u00e1ria para as empresas\"}]},{\"@type\":\"WebSite\",\"@id\":\"https:\/\/www.fiemg.com.br\/regional-sede\/#website\",\"url\":\"https:\/\/www.fiemg.com.br\/regional-sede\/\",\"name\":\"FIEMG\",\"description\":\"Federa\u00e7\u00e3o das Ind\u00fastrias do Estado de Minas Gerais\",\"publisher\":{\"@id\":\"https:\/\/www.fiemg.com.br\/regional-sede\/#organization\"},\"potentialAction\":[{\"@type\":\"SearchAction\",\"target\":{\"@type\":\"EntryPoint\",\"urlTemplate\":\"https:\/\/www.fiemg.com.br\/regional-sede\/?s={search_term_string}\"},\"query-input\":{\"@type\":\"PropertyValueSpecification\",\"valueRequired\":true,\"valueName\":\"search_term_string\"}}],\"inLanguage\":\"pt-BR\"},{\"@type\":\"Organization\",\"@id\":\"https:\/\/www.fiemg.com.br\/regional-sede\/#organization\",\"name\":\"FIEMG\",\"url\":\"https:\/\/www.fiemg.com.br\/regional-sede\/\",\"logo\":{\"@type\":\"ImageObject\",\"inLanguage\":\"pt-BR\",\"@id\":\"https:\/\/www.fiemg.com.br\/regional-sede\/#\/schema\/logo\/image\/\",\"url\":\"https:\/\/www.fiemg.com.br\/regional-sede\/wp-content\/uploads\/sites\/21\/2023\/02\/Ativo-1.png\",\"contentUrl\":\"https:\/\/www.fiemg.com.br\/regional-sede\/wp-content\/uploads\/sites\/21\/2023\/02\/Ativo-1.png\",\"width\":563,\"height\":149,\"caption\":\"FIEMG\"},\"image\":{\"@id\":\"https:\/\/www.fiemg.com.br\/regional-sede\/#\/schema\/logo\/image\/\"}}]}<\/script>\n<!-- \/ Yoast SEO plugin. -->","yoast_head_json":{"title":"Especialistas analisam os impactos da Reforma Tribut\u00e1ria para as empresas - FIEMG","description":"Discuss\u00f5es sobre as mudan\u00e7as fiscais e as mudan\u00e7as para o setor empresarial marcam o painel do Imers\u00e3o Ind\u00fastria","robots":{"index":"index","follow":"follow","max-snippet":"max-snippet:-1","max-image-preview":"max-image-preview:large","max-video-preview":"max-video-preview:-1"},"canonical":"https:\/\/www.fiemg.com.br\/regional-sede\/noticias\/especialistas-analisam-os-impactos-da-reforma-tributaria-para-as-empresas\/","og_locale":"pt_BR","og_type":"article","og_title":"Especialistas analisam os impactos da Reforma Tribut\u00e1ria para as empresas - FIEMG","og_description":"Discuss\u00f5es sobre as mudan\u00e7as fiscais e as mudan\u00e7as para o setor empresarial marcam o painel do Imers\u00e3o Ind\u00fastria","og_url":"https:\/\/www.fiemg.com.br\/regional-sede\/noticias\/especialistas-analisam-os-impactos-da-reforma-tributaria-para-as-empresas\/","og_site_name":"FIEMG","article_modified_time":"2025-04-03T23:11:09+00:00","og_image":[{"width":512,"height":512,"url":"https:\/\/www.fiemg.com.br\/regional-sede\/wp-content\/uploads\/sites\/21\/2025\/04\/512-x-512-33.jpg","type":"image\/jpeg"}],"twitter_card":"summary_large_image","twitter_misc":{"Est. tempo de leitura":"4 minutos"},"schema":{"@context":"https:\/\/schema.org","@graph":[{"@type":"WebPage","@id":"https:\/\/www.fiemg.com.br\/regional-sede\/noticias\/especialistas-analisam-os-impactos-da-reforma-tributaria-para-as-empresas\/","url":"https:\/\/www.fiemg.com.br\/regional-sede\/noticias\/especialistas-analisam-os-impactos-da-reforma-tributaria-para-as-empresas\/","name":"Especialistas analisam os impactos da Reforma Tribut\u00e1ria para as empresas - FIEMG","isPartOf":{"@id":"https:\/\/www.fiemg.com.br\/regional-sede\/#website"},"primaryImageOfPage":{"@id":"https:\/\/www.fiemg.com.br\/regional-sede\/noticias\/especialistas-analisam-os-impactos-da-reforma-tributaria-para-as-empresas\/#primaryimage"},"image":{"@id":"https:\/\/www.fiemg.com.br\/regional-sede\/noticias\/especialistas-analisam-os-impactos-da-reforma-tributaria-para-as-empresas\/#primaryimage"},"thumbnailUrl":"https:\/\/www.fiemg.com.br\/regional-sede\/wp-content\/uploads\/sites\/21\/2025\/04\/512-x-512-33.jpg","datePublished":"2025-04-03T23:10:08+00:00","dateModified":"2025-04-03T23:11:09+00:00","description":"Discuss\u00f5es sobre as mudan\u00e7as fiscais e as mudan\u00e7as para o setor empresarial marcam o painel do Imers\u00e3o Ind\u00fastria","breadcrumb":{"@id":"https:\/\/www.fiemg.com.br\/regional-sede\/noticias\/especialistas-analisam-os-impactos-da-reforma-tributaria-para-as-empresas\/#breadcrumb"},"inLanguage":"pt-BR","potentialAction":[{"@type":"ReadAction","target":["https:\/\/www.fiemg.com.br\/regional-sede\/noticias\/especialistas-analisam-os-impactos-da-reforma-tributaria-para-as-empresas\/"]}]},{"@type":"ImageObject","inLanguage":"pt-BR","@id":"https:\/\/www.fiemg.com.br\/regional-sede\/noticias\/especialistas-analisam-os-impactos-da-reforma-tributaria-para-as-empresas\/#primaryimage","url":"https:\/\/www.fiemg.com.br\/regional-sede\/wp-content\/uploads\/sites\/21\/2025\/04\/512-x-512-33.jpg","contentUrl":"https:\/\/www.fiemg.com.br\/regional-sede\/wp-content\/uploads\/sites\/21\/2025\/04\/512-x-512-33.jpg","width":512,"height":512},{"@type":"BreadcrumbList","@id":"https:\/\/www.fiemg.com.br\/regional-sede\/noticias\/especialistas-analisam-os-impactos-da-reforma-tributaria-para-as-empresas\/#breadcrumb","itemListElement":[{"@type":"ListItem","position":1,"name":"In\u00edcio","item":"https:\/\/www.fiemg.com.br\/regional-sede\/"},{"@type":"ListItem","position":2,"name":"Especialistas analisam os impactos da Reforma Tribut\u00e1ria para as empresas"}]},{"@type":"WebSite","@id":"https:\/\/www.fiemg.com.br\/regional-sede\/#website","url":"https:\/\/www.fiemg.com.br\/regional-sede\/","name":"FIEMG","description":"Federa\u00e7\u00e3o das Ind\u00fastrias do Estado de Minas Gerais","publisher":{"@id":"https:\/\/www.fiemg.com.br\/regional-sede\/#organization"},"potentialAction":[{"@type":"SearchAction","target":{"@type":"EntryPoint","urlTemplate":"https:\/\/www.fiemg.com.br\/regional-sede\/?s={search_term_string}"},"query-input":{"@type":"PropertyValueSpecification","valueRequired":true,"valueName":"search_term_string"}}],"inLanguage":"pt-BR"},{"@type":"Organization","@id":"https:\/\/www.fiemg.com.br\/regional-sede\/#organization","name":"FIEMG","url":"https:\/\/www.fiemg.com.br\/regional-sede\/","logo":{"@type":"ImageObject","inLanguage":"pt-BR","@id":"https:\/\/www.fiemg.com.br\/regional-sede\/#\/schema\/logo\/image\/","url":"https:\/\/www.fiemg.com.br\/regional-sede\/wp-content\/uploads\/sites\/21\/2023\/02\/Ativo-1.png","contentUrl":"https:\/\/www.fiemg.com.br\/regional-sede\/wp-content\/uploads\/sites\/21\/2023\/02\/Ativo-1.png","width":563,"height":149,"caption":"FIEMG"},"image":{"@id":"https:\/\/www.fiemg.com.br\/regional-sede\/#\/schema\/logo\/image\/"}}]}},"_links":{"self":[{"href":"https:\/\/www.fiemg.com.br\/regional-sede\/wp-json\/wp\/v2\/noticias\/4041","targetHints":{"allow":["GET"]}}],"collection":[{"href":"https:\/\/www.fiemg.com.br\/regional-sede\/wp-json\/wp\/v2\/noticias"}],"about":[{"href":"https:\/\/www.fiemg.com.br\/regional-sede\/wp-json\/wp\/v2\/types\/noticias"}],"wp:featuredmedia":[{"embeddable":true,"href":"https:\/\/www.fiemg.com.br\/regional-sede\/wp-json\/wp\/v2\/media\/4042"}],"wp:attachment":[{"href":"https:\/\/www.fiemg.com.br\/regional-sede\/wp-json\/wp\/v2\/media?parent=4041"}],"wp:term":[{"taxonomy":"category","embeddable":true,"href":"https:\/\/www.fiemg.com.br\/regional-sede\/wp-json\/wp\/v2\/categories?post=4041"},{"taxonomy":"post_tag","embeddable":true,"href":"https:\/\/www.fiemg.com.br\/regional-sede\/wp-json\/wp\/v2\/tags?post=4041"}],"curies":[{"name":"wp","href":"https:\/\/api.w.org\/{rel}","templated":true}]}}