{"id":4067,"date":"2025-04-04T18:02:56","date_gmt":"2025-04-04T21:02:56","guid":{"rendered":"https:\/\/www.fiemg.com.br\/regional-sede\/noticias\/nuu-alimentos-e-reconhecida-com-o-selo-industria-responsavel-da-fiemg\/"},"modified":"2025-04-04T18:03:02","modified_gmt":"2025-04-04T21:03:02","slug":"nuu-alimentos-e-reconhecida-com-o-selo-industria-responsavel-da-fiemg","status":"publish","type":"noticias","link":"https:\/\/www.fiemg.com.br\/regional-sede\/noticias\/nuu-alimentos-e-reconhecida-com-o-selo-industria-responsavel-da-fiemg\/","title":{"rendered":"NUU Alimentos \u00e9 reconhecida com o Selo Ind\u00fastria Respons\u00e1vel da FIEMG"},"content":{"rendered":"\n<p><\/p>\n\n\n\n<p>Em uma cerim\u00f4nia realizada nesta sexta-feira (4\/03), durante o Imers\u00e3o Ind\u00fastria, a Federa\u00e7\u00e3o das Ind\u00fastrias do Estado de Minas Gerais (FIEMG) concedeu \u00e0 NUU Alimentos o Selo Ind\u00fastria Respons\u00e1vel, uma honraria destinada a reconhecer empresas com elevado n\u00edvel de maturidade em pr\u00e1ticas ESG, que geram impactos positivos no meio ambiente e na sociedade.<\/p>\n\n\n\n<p>A NUU Alimentos foi reconhecida com o Selo ESG Estrat\u00e9gico devido \u00e0s suas pr\u00e1ticas sustent\u00e1veis em toda a cadeia produtiva. A empresa se destaca por iniciativas como o programa Regenera, que promove o reflorestamento do Cerrado, a\u00e7\u00f5es na Amaz\u00f4nia para aumentar a competitividade da mandioca produzida na regi\u00e3o. A NUU tamb\u00e9m adota uma matriz energ\u00e9tica 100% renov\u00e1vel, reaproveita \u00e1gua da chuva, trata todos os res\u00edduos e efluentes gerados em sua unidade fabril e compensa 100% do carbono gerado.<\/p>\n\n\n\n<p>Jo\u00e3o Pedro Leroy, growth comercial da NUU Alimentos, ressaltou a import\u00e2ncia do Selo Ind\u00fastria Respons\u00e1vel. \u201cEsse Selo \u00e9 o reconhecimento do trabalho da empresa, n\u00e3o s\u00f3 internamente, mas tamb\u00e9m com impacto em toda a cadeia. Ter a certifica\u00e7\u00e3o de uma entidade como a FIEMG \u00e9 muito relevante para n\u00f3s\u201d, afirmou.<\/p>\n\n\n\n<p>Luciene Ara\u00fajo, gerente de Responsabilidade Social da FIEMG, destacou o significado do primeiro Selo Ind\u00fastria Respons\u00e1vel. \u201cO mais importante \u00e9 a jornada da empresa. A certifica\u00e7\u00e3o \u00e9 um marco que legitima o compromisso com pr\u00e1ticas reais, intencionais e genu\u00ednas. Este primeiro Selo tem a inten\u00e7\u00e3o de inspirar e incentivar outras empresas a seguir o mesmo caminho\u201d, explicou.<\/p>\n\n\n\n<p>Gabriela Franco, gerente de Consultoria para Neg\u00f3cios do Instituto Euvaldo Lodi (IEL), tamb\u00e9m enfatizou a import\u00e2ncia da iniciativa. \u201cO Selo Ind\u00fastria Respons\u00e1vel \u00e9 um marco significativo para o Sistema FIEMG e um est\u00edmulo importante para a ind\u00fastria adotar pr\u00e1ticas sustent\u00e1veis nos pilares de meio ambiente, social e governan\u00e7a\u201d, comentou. O IEL \u00e9 uma entidade vinculada \u00e0 FIEMG e que atua com consultorias para as ind\u00fastrias no \u00e2mbito de meio ambiente e governan\u00e7a.<\/p>\n\n\n\n<p>Lan\u00e7ado no ano passado, o Selo Ind\u00fastria Respons\u00e1vel possui tr\u00eas categorias: ESG Evolutivo, ESG Estrat\u00e9gico e ESG Transformador. Al\u00e9m disso, a FIEMG oferece um diagn\u00f3stico gratuito no seu site para que as empresas possam avaliar o n\u00edvel de maturidade em rela\u00e7\u00e3o \u00e0 sustentabilidade. A entidade tamb\u00e9m disponibiliza solu\u00e7\u00f5es e consultorias nas \u00e1reas ambiental, social e de governan\u00e7a para apoiar as ind\u00fastrias no aprimoramento de suas pr\u00e1ticas ESG. <a href=\"https:\/\/www.fiemg.com.br\/mais-solucoes\/area-de-conhecimento\/gestao-de-negocios\/esg-meio-ambiente-responsabilidade-social-e-governanca\/\" target=\"_blank\" rel=\"noreferrer noopener\">Clique aqui para consultar todas as solu\u00e7\u00f5es dispon\u00edveis<\/a>.<\/p>\n\n\n\n<p>O Imers\u00e3o Ind\u00fastria \u00e9 realizado pela FIEMG, SESI e SENAI e conta com o patroc\u00ednio master da Arcelor Mittal e Vale e apoio master do Sebrae MG. O evento tem tamb\u00e9m o patroc\u00ednio ouro da Herculano Minera\u00e7\u00e3o, Gerdau, Usiminas, do SICOOB CENTRAL CREDIMINAS, SICOOB CREDIFIEMG, Caixa Econ\u00f4mica Federal e Governo Federal.\u00a0 No patroc\u00ednio prata est\u00e3o AngloGold Ashanti, Bemisa, CBMM, Copasa, J Mendes, Grupo Avante, Kinross e RHI Magnesita. O evento ainda conta com apoio da Federaminas, do Centro Universit\u00e1rio UNA, da Rede Minas e da R\u00e1dio Inconfid\u00eancia.<\/p>\n\n\n\n<p><strong>Leia tamb\u00e9m:<\/strong><br>&#8211; <a href=\"https:\/\/www.fiemg.com.br\/noticias\/imersao-industria-debate-a-importancia-das-certificacoes-em-esg\/\" target=\"_blank\" rel=\"noreferrer noopener\">Imers\u00e3o Ind\u00fastria debate a import\u00e2ncia das certifica\u00e7\u00f5es em ESG<\/a><br><br><strong>Tha\u00eds Mota<\/strong><br><em>Imprensa FIEMG<\/em><\/p>\n\n\n\n<p><\/p>\n","protected":false},"featured_media":4068,"template":"","categories":[797],"tags":[68,936,938,939],"class_list":["post-4067","noticias","type-noticias","status-publish","has-post-thumbnail","hentry","category-esg","tag-esg","tag-nuu-alimentos","tag-selo-esg","tag-selo-industria-responsavel"],"acf":[],"yoast_head":"<!-- This site is optimized with the Yoast SEO plugin v26.2 - https:\/\/yoast.com\/wordpress\/plugins\/seo\/ -->\n<title>NUU Alimentos \u00e9 reconhecida com o Selo Ind\u00fastria Respons\u00e1vel da FIEMG - FIEMG<\/title>\n<meta name=\"description\" content=\"Certifica\u00e7\u00e3o destaca as pr\u00e1ticas sustent\u00e1veis da empresa e seu impacto positivo no meio ambiente\" \/>\n<meta name=\"robots\" content=\"index, follow, max-snippet:-1, max-image-preview:large, max-video-preview:-1\" \/>\n<link rel=\"canonical\" href=\"https:\/\/www.fiemg.com.br\/regional-sede\/noticias\/nuu-alimentos-e-reconhecida-com-o-selo-industria-responsavel-da-fiemg\/\" \/>\n<meta property=\"og:locale\" content=\"pt_BR\" \/>\n<meta property=\"og:type\" content=\"article\" \/>\n<meta property=\"og:title\" content=\"NUU Alimentos \u00e9 reconhecida com o Selo Ind\u00fastria Respons\u00e1vel da FIEMG - FIEMG\" \/>\n<meta property=\"og:description\" content=\"Certifica\u00e7\u00e3o destaca as pr\u00e1ticas sustent\u00e1veis da empresa e seu impacto positivo no meio ambiente\" \/>\n<meta property=\"og:url\" content=\"https:\/\/www.fiemg.com.br\/regional-sede\/noticias\/nuu-alimentos-e-reconhecida-com-o-selo-industria-responsavel-da-fiemg\/\" \/>\n<meta property=\"og:site_name\" content=\"FIEMG\" \/>\n<meta property=\"article:modified_time\" content=\"2025-04-04T21:03:02+00:00\" \/>\n<meta property=\"og:image\" content=\"https:\/\/www.fiemg.com.br\/regional-sede\/wp-content\/uploads\/sites\/21\/2025\/04\/Selo-ESG-1.jpg\" \/>\n\t<meta property=\"og:image:width\" content=\"512\" \/>\n\t<meta property=\"og:image:height\" content=\"512\" \/>\n\t<meta property=\"og:image:type\" content=\"image\/jpeg\" \/>\n<meta name=\"twitter:card\" content=\"summary_large_image\" \/>\n<meta name=\"twitter:label1\" content=\"Est. tempo de leitura\" \/>\n\t<meta name=\"twitter:data1\" content=\"3 minutos\" \/>\n<script type=\"application\/ld+json\" class=\"yoast-schema-graph\">{\"@context\":\"https:\/\/schema.org\",\"@graph\":[{\"@type\":\"WebPage\",\"@id\":\"https:\/\/www.fiemg.com.br\/regional-sede\/noticias\/nuu-alimentos-e-reconhecida-com-o-selo-industria-responsavel-da-fiemg\/\",\"url\":\"https:\/\/www.fiemg.com.br\/regional-sede\/noticias\/nuu-alimentos-e-reconhecida-com-o-selo-industria-responsavel-da-fiemg\/\",\"name\":\"NUU Alimentos \u00e9 reconhecida com o Selo Ind\u00fastria Respons\u00e1vel da FIEMG - FIEMG\",\"isPartOf\":{\"@id\":\"https:\/\/www.fiemg.com.br\/regional-sede\/#website\"},\"primaryImageOfPage\":{\"@id\":\"https:\/\/www.fiemg.com.br\/regional-sede\/noticias\/nuu-alimentos-e-reconhecida-com-o-selo-industria-responsavel-da-fiemg\/#primaryimage\"},\"image\":{\"@id\":\"https:\/\/www.fiemg.com.br\/regional-sede\/noticias\/nuu-alimentos-e-reconhecida-com-o-selo-industria-responsavel-da-fiemg\/#primaryimage\"},\"thumbnailUrl\":\"https:\/\/www.fiemg.com.br\/regional-sede\/wp-content\/uploads\/sites\/21\/2025\/04\/Selo-ESG-1.jpg\",\"datePublished\":\"2025-04-04T21:02:56+00:00\",\"dateModified\":\"2025-04-04T21:03:02+00:00\",\"description\":\"Certifica\u00e7\u00e3o destaca as pr\u00e1ticas sustent\u00e1veis da empresa e seu impacto positivo no meio ambiente\",\"breadcrumb\":{\"@id\":\"https:\/\/www.fiemg.com.br\/regional-sede\/noticias\/nuu-alimentos-e-reconhecida-com-o-selo-industria-responsavel-da-fiemg\/#breadcrumb\"},\"inLanguage\":\"pt-BR\",\"potentialAction\":[{\"@type\":\"ReadAction\",\"target\":[\"https:\/\/www.fiemg.com.br\/regional-sede\/noticias\/nuu-alimentos-e-reconhecida-com-o-selo-industria-responsavel-da-fiemg\/\"]}]},{\"@type\":\"ImageObject\",\"inLanguage\":\"pt-BR\",\"@id\":\"https:\/\/www.fiemg.com.br\/regional-sede\/noticias\/nuu-alimentos-e-reconhecida-com-o-selo-industria-responsavel-da-fiemg\/#primaryimage\",\"url\":\"https:\/\/www.fiemg.com.br\/regional-sede\/wp-content\/uploads\/sites\/21\/2025\/04\/Selo-ESG-1.jpg\",\"contentUrl\":\"https:\/\/www.fiemg.com.br\/regional-sede\/wp-content\/uploads\/sites\/21\/2025\/04\/Selo-ESG-1.jpg\",\"width\":512,\"height\":512},{\"@type\":\"BreadcrumbList\",\"@id\":\"https:\/\/www.fiemg.com.br\/regional-sede\/noticias\/nuu-alimentos-e-reconhecida-com-o-selo-industria-responsavel-da-fiemg\/#breadcrumb\",\"itemListElement\":[{\"@type\":\"ListItem\",\"position\":1,\"name\":\"In\u00edcio\",\"item\":\"https:\/\/www.fiemg.com.br\/regional-sede\/\"},{\"@type\":\"ListItem\",\"position\":2,\"name\":\"NUU Alimentos \u00e9 reconhecida com o Selo Ind\u00fastria Respons\u00e1vel da FIEMG\"}]},{\"@type\":\"WebSite\",\"@id\":\"https:\/\/www.fiemg.com.br\/regional-sede\/#website\",\"url\":\"https:\/\/www.fiemg.com.br\/regional-sede\/\",\"name\":\"FIEMG\",\"description\":\"Federa\u00e7\u00e3o das Ind\u00fastrias do Estado de Minas Gerais\",\"publisher\":{\"@id\":\"https:\/\/www.fiemg.com.br\/regional-sede\/#organization\"},\"potentialAction\":[{\"@type\":\"SearchAction\",\"target\":{\"@type\":\"EntryPoint\",\"urlTemplate\":\"https:\/\/www.fiemg.com.br\/regional-sede\/?s={search_term_string}\"},\"query-input\":{\"@type\":\"PropertyValueSpecification\",\"valueRequired\":true,\"valueName\":\"search_term_string\"}}],\"inLanguage\":\"pt-BR\"},{\"@type\":\"Organization\",\"@id\":\"https:\/\/www.fiemg.com.br\/regional-sede\/#organization\",\"name\":\"FIEMG\",\"url\":\"https:\/\/www.fiemg.com.br\/regional-sede\/\",\"logo\":{\"@type\":\"ImageObject\",\"inLanguage\":\"pt-BR\",\"@id\":\"https:\/\/www.fiemg.com.br\/regional-sede\/#\/schema\/logo\/image\/\",\"url\":\"https:\/\/www.fiemg.com.br\/regional-sede\/wp-content\/uploads\/sites\/21\/2023\/02\/Ativo-1.png\",\"contentUrl\":\"https:\/\/www.fiemg.com.br\/regional-sede\/wp-content\/uploads\/sites\/21\/2023\/02\/Ativo-1.png\",\"width\":563,\"height\":149,\"caption\":\"FIEMG\"},\"image\":{\"@id\":\"https:\/\/www.fiemg.com.br\/regional-sede\/#\/schema\/logo\/image\/\"}}]}<\/script>\n<!-- \/ Yoast SEO plugin. -->","yoast_head_json":{"title":"NUU Alimentos \u00e9 reconhecida com o Selo Ind\u00fastria Respons\u00e1vel da FIEMG - FIEMG","description":"Certifica\u00e7\u00e3o destaca as pr\u00e1ticas sustent\u00e1veis da empresa e seu impacto positivo no meio ambiente","robots":{"index":"index","follow":"follow","max-snippet":"max-snippet:-1","max-image-preview":"max-image-preview:large","max-video-preview":"max-video-preview:-1"},"canonical":"https:\/\/www.fiemg.com.br\/regional-sede\/noticias\/nuu-alimentos-e-reconhecida-com-o-selo-industria-responsavel-da-fiemg\/","og_locale":"pt_BR","og_type":"article","og_title":"NUU Alimentos \u00e9 reconhecida com o Selo Ind\u00fastria Respons\u00e1vel da FIEMG - FIEMG","og_description":"Certifica\u00e7\u00e3o destaca as pr\u00e1ticas sustent\u00e1veis da empresa e seu impacto positivo no meio ambiente","og_url":"https:\/\/www.fiemg.com.br\/regional-sede\/noticias\/nuu-alimentos-e-reconhecida-com-o-selo-industria-responsavel-da-fiemg\/","og_site_name":"FIEMG","article_modified_time":"2025-04-04T21:03:02+00:00","og_image":[{"width":512,"height":512,"url":"https:\/\/www.fiemg.com.br\/regional-sede\/wp-content\/uploads\/sites\/21\/2025\/04\/Selo-ESG-1.jpg","type":"image\/jpeg"}],"twitter_card":"summary_large_image","twitter_misc":{"Est. tempo de leitura":"3 minutos"},"schema":{"@context":"https:\/\/schema.org","@graph":[{"@type":"WebPage","@id":"https:\/\/www.fiemg.com.br\/regional-sede\/noticias\/nuu-alimentos-e-reconhecida-com-o-selo-industria-responsavel-da-fiemg\/","url":"https:\/\/www.fiemg.com.br\/regional-sede\/noticias\/nuu-alimentos-e-reconhecida-com-o-selo-industria-responsavel-da-fiemg\/","name":"NUU Alimentos \u00e9 reconhecida com o Selo Ind\u00fastria Respons\u00e1vel da FIEMG - FIEMG","isPartOf":{"@id":"https:\/\/www.fiemg.com.br\/regional-sede\/#website"},"primaryImageOfPage":{"@id":"https:\/\/www.fiemg.com.br\/regional-sede\/noticias\/nuu-alimentos-e-reconhecida-com-o-selo-industria-responsavel-da-fiemg\/#primaryimage"},"image":{"@id":"https:\/\/www.fiemg.com.br\/regional-sede\/noticias\/nuu-alimentos-e-reconhecida-com-o-selo-industria-responsavel-da-fiemg\/#primaryimage"},"thumbnailUrl":"https:\/\/www.fiemg.com.br\/regional-sede\/wp-content\/uploads\/sites\/21\/2025\/04\/Selo-ESG-1.jpg","datePublished":"2025-04-04T21:02:56+00:00","dateModified":"2025-04-04T21:03:02+00:00","description":"Certifica\u00e7\u00e3o destaca as pr\u00e1ticas sustent\u00e1veis da empresa e seu impacto positivo no meio ambiente","breadcrumb":{"@id":"https:\/\/www.fiemg.com.br\/regional-sede\/noticias\/nuu-alimentos-e-reconhecida-com-o-selo-industria-responsavel-da-fiemg\/#breadcrumb"},"inLanguage":"pt-BR","potentialAction":[{"@type":"ReadAction","target":["https:\/\/www.fiemg.com.br\/regional-sede\/noticias\/nuu-alimentos-e-reconhecida-com-o-selo-industria-responsavel-da-fiemg\/"]}]},{"@type":"ImageObject","inLanguage":"pt-BR","@id":"https:\/\/www.fiemg.com.br\/regional-sede\/noticias\/nuu-alimentos-e-reconhecida-com-o-selo-industria-responsavel-da-fiemg\/#primaryimage","url":"https:\/\/www.fiemg.com.br\/regional-sede\/wp-content\/uploads\/sites\/21\/2025\/04\/Selo-ESG-1.jpg","contentUrl":"https:\/\/www.fiemg.com.br\/regional-sede\/wp-content\/uploads\/sites\/21\/2025\/04\/Selo-ESG-1.jpg","width":512,"height":512},{"@type":"BreadcrumbList","@id":"https:\/\/www.fiemg.com.br\/regional-sede\/noticias\/nuu-alimentos-e-reconhecida-com-o-selo-industria-responsavel-da-fiemg\/#breadcrumb","itemListElement":[{"@type":"ListItem","position":1,"name":"In\u00edcio","item":"https:\/\/www.fiemg.com.br\/regional-sede\/"},{"@type":"ListItem","position":2,"name":"NUU Alimentos \u00e9 reconhecida com o Selo Ind\u00fastria Respons\u00e1vel da FIEMG"}]},{"@type":"WebSite","@id":"https:\/\/www.fiemg.com.br\/regional-sede\/#website","url":"https:\/\/www.fiemg.com.br\/regional-sede\/","name":"FIEMG","description":"Federa\u00e7\u00e3o das Ind\u00fastrias do Estado de Minas Gerais","publisher":{"@id":"https:\/\/www.fiemg.com.br\/regional-sede\/#organization"},"potentialAction":[{"@type":"SearchAction","target":{"@type":"EntryPoint","urlTemplate":"https:\/\/www.fiemg.com.br\/regional-sede\/?s={search_term_string}"},"query-input":{"@type":"PropertyValueSpecification","valueRequired":true,"valueName":"search_term_string"}}],"inLanguage":"pt-BR"},{"@type":"Organization","@id":"https:\/\/www.fiemg.com.br\/regional-sede\/#organization","name":"FIEMG","url":"https:\/\/www.fiemg.com.br\/regional-sede\/","logo":{"@type":"ImageObject","inLanguage":"pt-BR","@id":"https:\/\/www.fiemg.com.br\/regional-sede\/#\/schema\/logo\/image\/","url":"https:\/\/www.fiemg.com.br\/regional-sede\/wp-content\/uploads\/sites\/21\/2023\/02\/Ativo-1.png","contentUrl":"https:\/\/www.fiemg.com.br\/regional-sede\/wp-content\/uploads\/sites\/21\/2023\/02\/Ativo-1.png","width":563,"height":149,"caption":"FIEMG"},"image":{"@id":"https:\/\/www.fiemg.com.br\/regional-sede\/#\/schema\/logo\/image\/"}}]}},"_links":{"self":[{"href":"https:\/\/www.fiemg.com.br\/regional-sede\/wp-json\/wp\/v2\/noticias\/4067","targetHints":{"allow":["GET"]}}],"collection":[{"href":"https:\/\/www.fiemg.com.br\/regional-sede\/wp-json\/wp\/v2\/noticias"}],"about":[{"href":"https:\/\/www.fiemg.com.br\/regional-sede\/wp-json\/wp\/v2\/types\/noticias"}],"wp:featuredmedia":[{"embeddable":true,"href":"https:\/\/www.fiemg.com.br\/regional-sede\/wp-json\/wp\/v2\/media\/4068"}],"wp:attachment":[{"href":"https:\/\/www.fiemg.com.br\/regional-sede\/wp-json\/wp\/v2\/media?parent=4067"}],"wp:term":[{"taxonomy":"category","embeddable":true,"href":"https:\/\/www.fiemg.com.br\/regional-sede\/wp-json\/wp\/v2\/categories?post=4067"},{"taxonomy":"post_tag","embeddable":true,"href":"https:\/\/www.fiemg.com.br\/regional-sede\/wp-json\/wp\/v2\/tags?post=4067"}],"curies":[{"name":"wp","href":"https:\/\/api.w.org\/{rel}","templated":true}]}}