{"id":4083,"date":"2025-04-07T10:09:09","date_gmt":"2025-04-07T13:09:09","guid":{"rendered":"https:\/\/www.fiemg.com.br\/regional-sede\/noticias\/fiemg-recebe-reuniao-da-pam-plano-de-auxilio-mutuo-de-governador-valadares\/"},"modified":"2025-04-07T10:09:15","modified_gmt":"2025-04-07T13:09:15","slug":"fiemg-recebe-reuniao-da-pam-plano-de-auxilio-mutuo-de-governador-valadares","status":"publish","type":"noticias","link":"https:\/\/www.fiemg.com.br\/regional-sede\/noticias\/fiemg-recebe-reuniao-da-pam-plano-de-auxilio-mutuo-de-governador-valadares\/","title":{"rendered":"FIEMG recebe reuni\u00e3o da PAM &#8211; Plano de Aux\u00edlio M\u00fatuo de Governador Valadares"},"content":{"rendered":"\n<p>Na manh\u00e3 desta quinta-feira (04\/04), a sede da FIEMG Regional Rio Doce foi palco da reuni\u00e3o do PAM \u2013 Plano de Aux\u00edlio M\u00fatuo de Governador Valadares. O encontro aconteceu na sala de reuni\u00f5es da entidade e reuniu representantes de empresas e institui\u00e7\u00f5es p\u00fablicas que integram a iniciativa, idealizada pelo Corpo de Bombeiros Militar de Minas Gerais.<\/p>\n\n\n\n<p>O PAM tem como objetivo otimizar o atendimento a situa\u00e7\u00f5es de emerg\u00eancia e sinistros no munic\u00edpio. A proposta \u00e9 que, diante de uma ocorr\u00eancia, a empresa mais pr\u00f3xima e com maior capacidade de resposta possa oferecer os recursos dispon\u00edveis \u2013 como equipamentos, ve\u00edculos ou pessoal \u2013 agilizando o suporte inicial at\u00e9 a chegada das equipes especializadas.<\/p>\n\n\n\n<p>Al\u00e9m do compartilhamento de recursos, o plano tamb\u00e9m prev\u00ea a realiza\u00e7\u00e3o de treinamentos e simula\u00e7\u00f5es pr\u00e1ticas, fortalecendo a integra\u00e7\u00e3o entre os participantes e garantindo maior efici\u00eancia nas a\u00e7\u00f5es de resposta.<\/p>\n\n\n\n<p>Participam do PAM as seguintes empresas e institui\u00e7\u00f5es: Vale, Cemig, Cenoura, Pol\u00edcia Rodovi\u00e1ria Federal (PRF), Pol\u00edcia Rodovi\u00e1ria Estadual, Corpo de Bombeiros Militar, Pol\u00edcia Militar, Defesa Civil, \u00c1guas de Valadares, Ra\u00edzen Combust\u00edveis, Grupo HG e FIEMG.<\/p>\n\n\n\n<p>A FIEMG Regional Rio Doce refor\u00e7a seu compromisso com a seguran\u00e7a, a preven\u00e7\u00e3o e a colabora\u00e7\u00e3o entre o setor produtivo e as institui\u00e7\u00f5es p\u00fablicas, reconhecendo a import\u00e2ncia da atua\u00e7\u00e3o conjunta para a prote\u00e7\u00e3o da comunidade e do meio ambiente.<\/p>\n\n\n\n<p><strong>Imprensa FIEMG<\/strong><\/p>\n\n\n\n<p><\/p>\n","protected":false},"featured_media":4085,"template":"","categories":[15],"tags":[78,942,881],"class_list":["post-4083","noticias","type-noticias","status-publish","has-post-thumbnail","hentry","category-desenvolvimento-industrial","tag-fiemg","tag-pam","tag-regional-rio-doce"],"acf":[],"yoast_head":"<!-- This site is optimized with the Yoast SEO plugin v26.2 - https:\/\/yoast.com\/wordpress\/plugins\/seo\/ -->\n<title>FIEMG recebe reuni\u00e3o da PAM - Plano de Aux\u00edlio M\u00fatuo de Governador Valadares - FIEMG<\/title>\n<meta name=\"description\" content=\"Encontro reuniu empresas e institui\u00e7\u00f5es p\u00fablicas para fortalecer a coopera\u00e7\u00e3o em situa\u00e7\u00f5es de emerg\u00eancia no munic\u00edpio.\" \/>\n<meta name=\"robots\" content=\"index, follow, max-snippet:-1, max-image-preview:large, max-video-preview:-1\" \/>\n<link rel=\"canonical\" href=\"https:\/\/www.fiemg.com.br\/regional-sede\/noticias\/fiemg-recebe-reuniao-da-pam-plano-de-auxilio-mutuo-de-governador-valadares\/\" \/>\n<meta property=\"og:locale\" content=\"pt_BR\" \/>\n<meta property=\"og:type\" content=\"article\" \/>\n<meta property=\"og:title\" content=\"FIEMG recebe reuni\u00e3o da PAM - Plano de Aux\u00edlio M\u00fatuo de Governador Valadares - FIEMG\" \/>\n<meta property=\"og:description\" content=\"Encontro reuniu empresas e institui\u00e7\u00f5es p\u00fablicas para fortalecer a coopera\u00e7\u00e3o em situa\u00e7\u00f5es de emerg\u00eancia no munic\u00edpio.\" \/>\n<meta property=\"og:url\" content=\"https:\/\/www.fiemg.com.br\/regional-sede\/noticias\/fiemg-recebe-reuniao-da-pam-plano-de-auxilio-mutuo-de-governador-valadares\/\" \/>\n<meta property=\"og:site_name\" content=\"FIEMG\" \/>\n<meta property=\"article:modified_time\" content=\"2025-04-07T13:09:15+00:00\" \/>\n<meta property=\"og:image\" content=\"https:\/\/www.fiemg.com.br\/regional-sede\/wp-content\/uploads\/sites\/21\/2025\/04\/FIEMG-1.png\" \/>\n\t<meta property=\"og:image:width\" content=\"512\" \/>\n\t<meta property=\"og:image:height\" content=\"512\" \/>\n\t<meta property=\"og:image:type\" content=\"image\/png\" \/>\n<meta name=\"twitter:card\" content=\"summary_large_image\" \/>\n<meta name=\"twitter:label1\" content=\"Est. tempo de leitura\" \/>\n\t<meta name=\"twitter:data1\" content=\"2 minutos\" \/>\n<script type=\"application\/ld+json\" class=\"yoast-schema-graph\">{\"@context\":\"https:\/\/schema.org\",\"@graph\":[{\"@type\":\"WebPage\",\"@id\":\"https:\/\/www.fiemg.com.br\/regional-sede\/noticias\/fiemg-recebe-reuniao-da-pam-plano-de-auxilio-mutuo-de-governador-valadares\/\",\"url\":\"https:\/\/www.fiemg.com.br\/regional-sede\/noticias\/fiemg-recebe-reuniao-da-pam-plano-de-auxilio-mutuo-de-governador-valadares\/\",\"name\":\"FIEMG recebe reuni\u00e3o da PAM - Plano de Aux\u00edlio M\u00fatuo de Governador Valadares - FIEMG\",\"isPartOf\":{\"@id\":\"https:\/\/www.fiemg.com.br\/regional-sede\/#website\"},\"primaryImageOfPage\":{\"@id\":\"https:\/\/www.fiemg.com.br\/regional-sede\/noticias\/fiemg-recebe-reuniao-da-pam-plano-de-auxilio-mutuo-de-governador-valadares\/#primaryimage\"},\"image\":{\"@id\":\"https:\/\/www.fiemg.com.br\/regional-sede\/noticias\/fiemg-recebe-reuniao-da-pam-plano-de-auxilio-mutuo-de-governador-valadares\/#primaryimage\"},\"thumbnailUrl\":\"https:\/\/www.fiemg.com.br\/regional-sede\/wp-content\/uploads\/sites\/21\/2025\/04\/FIEMG-1.png\",\"datePublished\":\"2025-04-07T13:09:09+00:00\",\"dateModified\":\"2025-04-07T13:09:15+00:00\",\"description\":\"Encontro reuniu empresas e institui\u00e7\u00f5es p\u00fablicas para fortalecer a coopera\u00e7\u00e3o em situa\u00e7\u00f5es de emerg\u00eancia no munic\u00edpio.\",\"breadcrumb\":{\"@id\":\"https:\/\/www.fiemg.com.br\/regional-sede\/noticias\/fiemg-recebe-reuniao-da-pam-plano-de-auxilio-mutuo-de-governador-valadares\/#breadcrumb\"},\"inLanguage\":\"pt-BR\",\"potentialAction\":[{\"@type\":\"ReadAction\",\"target\":[\"https:\/\/www.fiemg.com.br\/regional-sede\/noticias\/fiemg-recebe-reuniao-da-pam-plano-de-auxilio-mutuo-de-governador-valadares\/\"]}]},{\"@type\":\"ImageObject\",\"inLanguage\":\"pt-BR\",\"@id\":\"https:\/\/www.fiemg.com.br\/regional-sede\/noticias\/fiemg-recebe-reuniao-da-pam-plano-de-auxilio-mutuo-de-governador-valadares\/#primaryimage\",\"url\":\"https:\/\/www.fiemg.com.br\/regional-sede\/wp-content\/uploads\/sites\/21\/2025\/04\/FIEMG-1.png\",\"contentUrl\":\"https:\/\/www.fiemg.com.br\/regional-sede\/wp-content\/uploads\/sites\/21\/2025\/04\/FIEMG-1.png\",\"width\":512,\"height\":512},{\"@type\":\"BreadcrumbList\",\"@id\":\"https:\/\/www.fiemg.com.br\/regional-sede\/noticias\/fiemg-recebe-reuniao-da-pam-plano-de-auxilio-mutuo-de-governador-valadares\/#breadcrumb\",\"itemListElement\":[{\"@type\":\"ListItem\",\"position\":1,\"name\":\"In\u00edcio\",\"item\":\"https:\/\/www.fiemg.com.br\/regional-sede\/\"},{\"@type\":\"ListItem\",\"position\":2,\"name\":\"FIEMG recebe reuni\u00e3o da PAM &#8211; Plano de Aux\u00edlio M\u00fatuo de Governador Valadares\"}]},{\"@type\":\"WebSite\",\"@id\":\"https:\/\/www.fiemg.com.br\/regional-sede\/#website\",\"url\":\"https:\/\/www.fiemg.com.br\/regional-sede\/\",\"name\":\"FIEMG\",\"description\":\"Federa\u00e7\u00e3o das Ind\u00fastrias do Estado de Minas Gerais\",\"publisher\":{\"@id\":\"https:\/\/www.fiemg.com.br\/regional-sede\/#organization\"},\"potentialAction\":[{\"@type\":\"SearchAction\",\"target\":{\"@type\":\"EntryPoint\",\"urlTemplate\":\"https:\/\/www.fiemg.com.br\/regional-sede\/?s={search_term_string}\"},\"query-input\":{\"@type\":\"PropertyValueSpecification\",\"valueRequired\":true,\"valueName\":\"search_term_string\"}}],\"inLanguage\":\"pt-BR\"},{\"@type\":\"Organization\",\"@id\":\"https:\/\/www.fiemg.com.br\/regional-sede\/#organization\",\"name\":\"FIEMG\",\"url\":\"https:\/\/www.fiemg.com.br\/regional-sede\/\",\"logo\":{\"@type\":\"ImageObject\",\"inLanguage\":\"pt-BR\",\"@id\":\"https:\/\/www.fiemg.com.br\/regional-sede\/#\/schema\/logo\/image\/\",\"url\":\"https:\/\/www.fiemg.com.br\/regional-sede\/wp-content\/uploads\/sites\/21\/2023\/02\/Ativo-1.png\",\"contentUrl\":\"https:\/\/www.fiemg.com.br\/regional-sede\/wp-content\/uploads\/sites\/21\/2023\/02\/Ativo-1.png\",\"width\":563,\"height\":149,\"caption\":\"FIEMG\"},\"image\":{\"@id\":\"https:\/\/www.fiemg.com.br\/regional-sede\/#\/schema\/logo\/image\/\"}}]}<\/script>\n<!-- \/ Yoast SEO plugin. -->","yoast_head_json":{"title":"FIEMG recebe reuni\u00e3o da PAM - Plano de Aux\u00edlio M\u00fatuo de Governador Valadares - FIEMG","description":"Encontro reuniu empresas e institui\u00e7\u00f5es p\u00fablicas para fortalecer a coopera\u00e7\u00e3o em situa\u00e7\u00f5es de emerg\u00eancia no munic\u00edpio.","robots":{"index":"index","follow":"follow","max-snippet":"max-snippet:-1","max-image-preview":"max-image-preview:large","max-video-preview":"max-video-preview:-1"},"canonical":"https:\/\/www.fiemg.com.br\/regional-sede\/noticias\/fiemg-recebe-reuniao-da-pam-plano-de-auxilio-mutuo-de-governador-valadares\/","og_locale":"pt_BR","og_type":"article","og_title":"FIEMG recebe reuni\u00e3o da PAM - Plano de Aux\u00edlio M\u00fatuo de Governador Valadares - FIEMG","og_description":"Encontro reuniu empresas e institui\u00e7\u00f5es p\u00fablicas para fortalecer a coopera\u00e7\u00e3o em situa\u00e7\u00f5es de emerg\u00eancia no munic\u00edpio.","og_url":"https:\/\/www.fiemg.com.br\/regional-sede\/noticias\/fiemg-recebe-reuniao-da-pam-plano-de-auxilio-mutuo-de-governador-valadares\/","og_site_name":"FIEMG","article_modified_time":"2025-04-07T13:09:15+00:00","og_image":[{"width":512,"height":512,"url":"https:\/\/www.fiemg.com.br\/regional-sede\/wp-content\/uploads\/sites\/21\/2025\/04\/FIEMG-1.png","type":"image\/png"}],"twitter_card":"summary_large_image","twitter_misc":{"Est. tempo de leitura":"2 minutos"},"schema":{"@context":"https:\/\/schema.org","@graph":[{"@type":"WebPage","@id":"https:\/\/www.fiemg.com.br\/regional-sede\/noticias\/fiemg-recebe-reuniao-da-pam-plano-de-auxilio-mutuo-de-governador-valadares\/","url":"https:\/\/www.fiemg.com.br\/regional-sede\/noticias\/fiemg-recebe-reuniao-da-pam-plano-de-auxilio-mutuo-de-governador-valadares\/","name":"FIEMG recebe reuni\u00e3o da PAM - Plano de Aux\u00edlio M\u00fatuo de Governador Valadares - FIEMG","isPartOf":{"@id":"https:\/\/www.fiemg.com.br\/regional-sede\/#website"},"primaryImageOfPage":{"@id":"https:\/\/www.fiemg.com.br\/regional-sede\/noticias\/fiemg-recebe-reuniao-da-pam-plano-de-auxilio-mutuo-de-governador-valadares\/#primaryimage"},"image":{"@id":"https:\/\/www.fiemg.com.br\/regional-sede\/noticias\/fiemg-recebe-reuniao-da-pam-plano-de-auxilio-mutuo-de-governador-valadares\/#primaryimage"},"thumbnailUrl":"https:\/\/www.fiemg.com.br\/regional-sede\/wp-content\/uploads\/sites\/21\/2025\/04\/FIEMG-1.png","datePublished":"2025-04-07T13:09:09+00:00","dateModified":"2025-04-07T13:09:15+00:00","description":"Encontro reuniu empresas e institui\u00e7\u00f5es p\u00fablicas para fortalecer a coopera\u00e7\u00e3o em situa\u00e7\u00f5es de emerg\u00eancia no munic\u00edpio.","breadcrumb":{"@id":"https:\/\/www.fiemg.com.br\/regional-sede\/noticias\/fiemg-recebe-reuniao-da-pam-plano-de-auxilio-mutuo-de-governador-valadares\/#breadcrumb"},"inLanguage":"pt-BR","potentialAction":[{"@type":"ReadAction","target":["https:\/\/www.fiemg.com.br\/regional-sede\/noticias\/fiemg-recebe-reuniao-da-pam-plano-de-auxilio-mutuo-de-governador-valadares\/"]}]},{"@type":"ImageObject","inLanguage":"pt-BR","@id":"https:\/\/www.fiemg.com.br\/regional-sede\/noticias\/fiemg-recebe-reuniao-da-pam-plano-de-auxilio-mutuo-de-governador-valadares\/#primaryimage","url":"https:\/\/www.fiemg.com.br\/regional-sede\/wp-content\/uploads\/sites\/21\/2025\/04\/FIEMG-1.png","contentUrl":"https:\/\/www.fiemg.com.br\/regional-sede\/wp-content\/uploads\/sites\/21\/2025\/04\/FIEMG-1.png","width":512,"height":512},{"@type":"BreadcrumbList","@id":"https:\/\/www.fiemg.com.br\/regional-sede\/noticias\/fiemg-recebe-reuniao-da-pam-plano-de-auxilio-mutuo-de-governador-valadares\/#breadcrumb","itemListElement":[{"@type":"ListItem","position":1,"name":"In\u00edcio","item":"https:\/\/www.fiemg.com.br\/regional-sede\/"},{"@type":"ListItem","position":2,"name":"FIEMG recebe reuni\u00e3o da PAM &#8211; Plano de Aux\u00edlio M\u00fatuo de Governador Valadares"}]},{"@type":"WebSite","@id":"https:\/\/www.fiemg.com.br\/regional-sede\/#website","url":"https:\/\/www.fiemg.com.br\/regional-sede\/","name":"FIEMG","description":"Federa\u00e7\u00e3o das Ind\u00fastrias do Estado de Minas Gerais","publisher":{"@id":"https:\/\/www.fiemg.com.br\/regional-sede\/#organization"},"potentialAction":[{"@type":"SearchAction","target":{"@type":"EntryPoint","urlTemplate":"https:\/\/www.fiemg.com.br\/regional-sede\/?s={search_term_string}"},"query-input":{"@type":"PropertyValueSpecification","valueRequired":true,"valueName":"search_term_string"}}],"inLanguage":"pt-BR"},{"@type":"Organization","@id":"https:\/\/www.fiemg.com.br\/regional-sede\/#organization","name":"FIEMG","url":"https:\/\/www.fiemg.com.br\/regional-sede\/","logo":{"@type":"ImageObject","inLanguage":"pt-BR","@id":"https:\/\/www.fiemg.com.br\/regional-sede\/#\/schema\/logo\/image\/","url":"https:\/\/www.fiemg.com.br\/regional-sede\/wp-content\/uploads\/sites\/21\/2023\/02\/Ativo-1.png","contentUrl":"https:\/\/www.fiemg.com.br\/regional-sede\/wp-content\/uploads\/sites\/21\/2023\/02\/Ativo-1.png","width":563,"height":149,"caption":"FIEMG"},"image":{"@id":"https:\/\/www.fiemg.com.br\/regional-sede\/#\/schema\/logo\/image\/"}}]}},"_links":{"self":[{"href":"https:\/\/www.fiemg.com.br\/regional-sede\/wp-json\/wp\/v2\/noticias\/4083","targetHints":{"allow":["GET"]}}],"collection":[{"href":"https:\/\/www.fiemg.com.br\/regional-sede\/wp-json\/wp\/v2\/noticias"}],"about":[{"href":"https:\/\/www.fiemg.com.br\/regional-sede\/wp-json\/wp\/v2\/types\/noticias"}],"wp:featuredmedia":[{"embeddable":true,"href":"https:\/\/www.fiemg.com.br\/regional-sede\/wp-json\/wp\/v2\/media\/4085"}],"wp:attachment":[{"href":"https:\/\/www.fiemg.com.br\/regional-sede\/wp-json\/wp\/v2\/media?parent=4083"}],"wp:term":[{"taxonomy":"category","embeddable":true,"href":"https:\/\/www.fiemg.com.br\/regional-sede\/wp-json\/wp\/v2\/categories?post=4083"},{"taxonomy":"post_tag","embeddable":true,"href":"https:\/\/www.fiemg.com.br\/regional-sede\/wp-json\/wp\/v2\/tags?post=4083"}],"curies":[{"name":"wp","href":"https:\/\/api.w.org\/{rel}","templated":true}]}}