{"id":4108,"date":"2025-04-09T16:42:16","date_gmt":"2025-04-09T19:42:16","guid":{"rendered":"https:\/\/www.fiemg.com.br\/regional-sede\/noticias\/evento-premium-conta-com-a-participacao-de-mais-de-20-marcas-em-varios-bairros-de-bh-com-atendimento-exclusivo-aos-compradores\/"},"modified":"2025-04-09T16:42:20","modified_gmt":"2025-04-09T19:42:20","slug":"evento-premium-conta-com-a-participacao-de-mais-de-20-marcas-em-varios-bairros-de-bh-com-atendimento-exclusivo-aos-compradores","status":"publish","type":"noticias","link":"https:\/\/www.fiemg.com.br\/regional-sede\/noticias\/evento-premium-conta-com-a-participacao-de-mais-de-20-marcas-em-varios-bairros-de-bh-com-atendimento-exclusivo-aos-compradores\/","title":{"rendered":"Minas Showroom: est\u00e1 aberta a temporada de pedidos Ver\u00e3o 2026"},"content":{"rendered":"\n<p>Imagine voc\u00ea num espa\u00e7o com atendimento personalizado, onde \u00e9 poss\u00edvel tirar d\u00favidas, saber com detalhes o que reserva a pr\u00f3xima temporada de lan\u00e7amentos da moda, tend\u00eancias e perspectivas de mercado? E ainda ganhar pe\u00e7as exclusivas ao comprar com as marcas participantes?<\/p>\n\n\n\n<p>Essa experi\u00eancia \u00fanica faz parte da proposta do Minas Showroom, evento promovido pela C\u00e2mara da C\u00e2mara da Ind\u00fastria de Insumos e Transforma\u00e7\u00e3o do Vestu\u00e1rio da FIEMG, iniciativa do Sindicato das Ind\u00fastrias do Vestu\u00e1rio do Estado de Minas Gerais (Sindvest) como parte da programa\u00e7\u00e3o da 33\u00aa edi\u00e7\u00e3o do Minas Trend.&nbsp;<\/p>\n\n\n\n<p>A atividade tamb\u00e9m conta com a participa\u00e7\u00e3o de alunos do SENAI, \u00e1vidos para conhecer um pouco mais desse universo t\u00e3o glamourizado e promissor. O prop\u00f3sito \u00e9 conectar os estudantes do setor de vestu\u00e1rio com a ind\u00fastria, proporcionando uma experi\u00eancia imersiva no mercado, fortalecendo a rela\u00e7\u00e3o entre forma\u00e7\u00e3o profissional e ind\u00fastria.&nbsp;<\/p>\n\n\n\n<p>Tudo isso e muito mais comerciantes e lojistas podem conferir junto \u00e0s mais de 20 marcas participantes at\u00e9 o dia 10 de abril em v\u00e1rios showrooms de Belo Horizonte. Enfim, est\u00e1 aberta a Temporada de pedidos Ver\u00e3o 2026.&nbsp; Basta agendar o hor\u00e1rio e desfrutar do que h\u00e1 de melhor no mercado da moda na loja de sua prefer\u00eancia.&nbsp;<\/p>\n\n\n\n<p>Esse grande encontro de estilos e neg\u00f3cios, assegura Rog\u00e9rio Vasconcellos, presidente da C\u00e2mara da Ind\u00fastria de Insumos e Transforma\u00e7\u00e3o do Vestu\u00e1rio, Cal\u00e7ados e Acess\u00f3rios da FIEMG e do Sindvest, visa promover a moda mineira e fomentar as vendas.<\/p>\n\n\n\n<p>Uma das participantes, Daniela Braga Fagundes, propriet\u00e1ria da V.Condotti, especializada em\u00a0moda de alta qualidade dedicada a mulheres de destaque na vida pessoal e profissional, acredita que participar dessa iniciativa \u00e9 fundamental: \u201cn\u00e3o s\u00f3\u00a0 para minha marca que hoje est\u00e1 consolidada no mercado, mas pela oportunidade de estarmos juntos com outras marcas tamb\u00e9m muito importantes para o mercado brasileiro.\u201d<\/p>\n\n\n\n<p>A empres\u00e1ria observa que o Minas Showroom traz conforto para os clientes uma vez que cada participante recebe de uma forma individualizada. \u201cIsso gera resultados positivos para as empresas. O cliente tem a oportunidade de conhecer as tend\u00eancias e encontrar os propriet\u00e1rios. E essa jun\u00e7\u00e3o faz com que o mercado se torne mais forte\u201d, avalia. \u201cPara n\u00f3s \u00e9 muito bom poder ouvir o cliente, trocar ideias e saber tamb\u00e9m em que precisamos agregar e melhorar para trazer bons resultados.\u201d<\/p>\n\n\n\n<p>Diretor executivo e CEO da Maracuj\u00e1, uma das mais conceituadas marcas da moda feminina, Guilherme Scofield ressalta que o evento dita o lan\u00e7amento das cole\u00e7\u00f5es. \u201cD\u00e1 o start em volume porque s\u00e3o muitas marcas.&nbsp; \u00c9 a partir dele, que concentra o maior n\u00famero de marcas premium, que tra\u00e7amos o nosso calend\u00e1rio. Um term\u00f4metro para sabermos como ser\u00e3o as vendas\u201d, prev\u00ea. Para Scofield, Minas Gerais tem uma moda muito valorizada. \u201cBH, principalmente. Nesse segmento de festa, casual chique e de grandes marcas, enfim, uma moda bem feita\u201d, resume.<\/p>\n\n\n\n<p>O Minas Showroom segue at\u00e9 o dia 10 de abril. Informa\u00e7\u00f5es sobre as lojas participantes podem ser obtidas\u00a0 no insta: @minasshowroom.<br><br><strong>Minas Trend <\/strong>&#8211; Com o tema \u201cOlhe. Olhe de novo. A moda \u00e9 um convite para ver o mundo de outro jeito\u201d, o Minas Trend, edi\u00e7\u00e3o\u00a0 Primavera-Ver\u00e3o 2026, \u00e9 uma realiza\u00e7\u00e3o da FIEMG, por iniciativa de sua C\u00e2mara da Ind\u00fastria de Insumos e Transforma\u00e7\u00e3o do Vestu\u00e1rio, Cal\u00e7ados e Acess\u00f3rios, e suas entidades SESI e SENAI, com patroc\u00ednio da Companhia de Desenvolvimento de Minas Gerais (Codemge),\u00a0 apoio m\u00e1ster do Sebrae Minas, e apoio da Rede Minas, R\u00e1dio Inconfid\u00eancia, Jornal Estado de Minas e Una.<\/p>\n","protected":false},"featured_media":4110,"template":"","categories":[15],"tags":[321,824,945],"class_list":["post-4108","noticias","type-noticias","status-publish","has-post-thumbnail","hentry","category-desenvolvimento-industrial","tag-minas-trend","tag-mw","tag-primavera-verao-2026"],"acf":[],"yoast_head":"<!-- This site is optimized with the Yoast SEO plugin v26.2 - https:\/\/yoast.com\/wordpress\/plugins\/seo\/ -->\n<title>Minas Showroom: est\u00e1 aberta a temporada de pedidos Ver\u00e3o 2026 - FIEMG<\/title>\n<meta name=\"description\" content=\"Evento premium conta com a participa\u00e7\u00e3o de mais de 20 marcas em v\u00e1rios bairros de BH, com atendimento exclusivo aos compradores\" \/>\n<meta name=\"robots\" content=\"index, follow, max-snippet:-1, max-image-preview:large, max-video-preview:-1\" \/>\n<link rel=\"canonical\" href=\"https:\/\/www.fiemg.com.br\/regional-sede\/noticias\/evento-premium-conta-com-a-participacao-de-mais-de-20-marcas-em-varios-bairros-de-bh-com-atendimento-exclusivo-aos-compradores\/\" \/>\n<meta property=\"og:locale\" content=\"pt_BR\" \/>\n<meta property=\"og:type\" content=\"article\" \/>\n<meta property=\"og:title\" content=\"Minas Showroom: est\u00e1 aberta a temporada de pedidos Ver\u00e3o 2026 - FIEMG\" \/>\n<meta property=\"og:description\" content=\"Evento premium conta com a participa\u00e7\u00e3o de mais de 20 marcas em v\u00e1rios bairros de BH, com atendimento exclusivo aos compradores\" \/>\n<meta property=\"og:url\" content=\"https:\/\/www.fiemg.com.br\/regional-sede\/noticias\/evento-premium-conta-com-a-participacao-de-mais-de-20-marcas-em-varios-bairros-de-bh-com-atendimento-exclusivo-aos-compradores\/\" \/>\n<meta property=\"og:site_name\" content=\"FIEMG\" \/>\n<meta property=\"article:modified_time\" content=\"2025-04-09T19:42:20+00:00\" \/>\n<meta property=\"og:image\" content=\"https:\/\/www.fiemg.com.br\/regional-sede\/wp-content\/uploads\/sites\/21\/2025\/04\/showroom-thumb.png\" \/>\n\t<meta property=\"og:image:width\" content=\"1600\" \/>\n\t<meta property=\"og:image:height\" content=\"1600\" \/>\n\t<meta property=\"og:image:type\" content=\"image\/png\" \/>\n<meta name=\"twitter:card\" content=\"summary_large_image\" \/>\n<meta name=\"twitter:label1\" content=\"Est. tempo de leitura\" \/>\n\t<meta name=\"twitter:data1\" content=\"4 minutos\" \/>\n<script type=\"application\/ld+json\" class=\"yoast-schema-graph\">{\"@context\":\"https:\/\/schema.org\",\"@graph\":[{\"@type\":\"WebPage\",\"@id\":\"https:\/\/www.fiemg.com.br\/regional-sede\/noticias\/evento-premium-conta-com-a-participacao-de-mais-de-20-marcas-em-varios-bairros-de-bh-com-atendimento-exclusivo-aos-compradores\/\",\"url\":\"https:\/\/www.fiemg.com.br\/regional-sede\/noticias\/evento-premium-conta-com-a-participacao-de-mais-de-20-marcas-em-varios-bairros-de-bh-com-atendimento-exclusivo-aos-compradores\/\",\"name\":\"Minas Showroom: est\u00e1 aberta a temporada de pedidos Ver\u00e3o 2026 - FIEMG\",\"isPartOf\":{\"@id\":\"https:\/\/www.fiemg.com.br\/regional-sede\/#website\"},\"primaryImageOfPage\":{\"@id\":\"https:\/\/www.fiemg.com.br\/regional-sede\/noticias\/evento-premium-conta-com-a-participacao-de-mais-de-20-marcas-em-varios-bairros-de-bh-com-atendimento-exclusivo-aos-compradores\/#primaryimage\"},\"image\":{\"@id\":\"https:\/\/www.fiemg.com.br\/regional-sede\/noticias\/evento-premium-conta-com-a-participacao-de-mais-de-20-marcas-em-varios-bairros-de-bh-com-atendimento-exclusivo-aos-compradores\/#primaryimage\"},\"thumbnailUrl\":\"https:\/\/www.fiemg.com.br\/regional-sede\/wp-content\/uploads\/sites\/21\/2025\/04\/showroom-thumb.png\",\"datePublished\":\"2025-04-09T19:42:16+00:00\",\"dateModified\":\"2025-04-09T19:42:20+00:00\",\"description\":\"Evento premium conta com a participa\u00e7\u00e3o de mais de 20 marcas em v\u00e1rios bairros de BH, com atendimento exclusivo aos compradores\",\"breadcrumb\":{\"@id\":\"https:\/\/www.fiemg.com.br\/regional-sede\/noticias\/evento-premium-conta-com-a-participacao-de-mais-de-20-marcas-em-varios-bairros-de-bh-com-atendimento-exclusivo-aos-compradores\/#breadcrumb\"},\"inLanguage\":\"pt-BR\",\"potentialAction\":[{\"@type\":\"ReadAction\",\"target\":[\"https:\/\/www.fiemg.com.br\/regional-sede\/noticias\/evento-premium-conta-com-a-participacao-de-mais-de-20-marcas-em-varios-bairros-de-bh-com-atendimento-exclusivo-aos-compradores\/\"]}]},{\"@type\":\"ImageObject\",\"inLanguage\":\"pt-BR\",\"@id\":\"https:\/\/www.fiemg.com.br\/regional-sede\/noticias\/evento-premium-conta-com-a-participacao-de-mais-de-20-marcas-em-varios-bairros-de-bh-com-atendimento-exclusivo-aos-compradores\/#primaryimage\",\"url\":\"https:\/\/www.fiemg.com.br\/regional-sede\/wp-content\/uploads\/sites\/21\/2025\/04\/showroom-thumb.png\",\"contentUrl\":\"https:\/\/www.fiemg.com.br\/regional-sede\/wp-content\/uploads\/sites\/21\/2025\/04\/showroom-thumb.png\",\"width\":1600,\"height\":1600},{\"@type\":\"BreadcrumbList\",\"@id\":\"https:\/\/www.fiemg.com.br\/regional-sede\/noticias\/evento-premium-conta-com-a-participacao-de-mais-de-20-marcas-em-varios-bairros-de-bh-com-atendimento-exclusivo-aos-compradores\/#breadcrumb\",\"itemListElement\":[{\"@type\":\"ListItem\",\"position\":1,\"name\":\"In\u00edcio\",\"item\":\"https:\/\/www.fiemg.com.br\/regional-sede\/\"},{\"@type\":\"ListItem\",\"position\":2,\"name\":\"Minas Showroom: est\u00e1 aberta a temporada de pedidos Ver\u00e3o 2026\"}]},{\"@type\":\"WebSite\",\"@id\":\"https:\/\/www.fiemg.com.br\/regional-sede\/#website\",\"url\":\"https:\/\/www.fiemg.com.br\/regional-sede\/\",\"name\":\"FIEMG\",\"description\":\"Federa\u00e7\u00e3o das Ind\u00fastrias do Estado de Minas Gerais\",\"publisher\":{\"@id\":\"https:\/\/www.fiemg.com.br\/regional-sede\/#organization\"},\"potentialAction\":[{\"@type\":\"SearchAction\",\"target\":{\"@type\":\"EntryPoint\",\"urlTemplate\":\"https:\/\/www.fiemg.com.br\/regional-sede\/?s={search_term_string}\"},\"query-input\":{\"@type\":\"PropertyValueSpecification\",\"valueRequired\":true,\"valueName\":\"search_term_string\"}}],\"inLanguage\":\"pt-BR\"},{\"@type\":\"Organization\",\"@id\":\"https:\/\/www.fiemg.com.br\/regional-sede\/#organization\",\"name\":\"FIEMG\",\"url\":\"https:\/\/www.fiemg.com.br\/regional-sede\/\",\"logo\":{\"@type\":\"ImageObject\",\"inLanguage\":\"pt-BR\",\"@id\":\"https:\/\/www.fiemg.com.br\/regional-sede\/#\/schema\/logo\/image\/\",\"url\":\"https:\/\/www.fiemg.com.br\/regional-sede\/wp-content\/uploads\/sites\/21\/2023\/02\/Ativo-1.png\",\"contentUrl\":\"https:\/\/www.fiemg.com.br\/regional-sede\/wp-content\/uploads\/sites\/21\/2023\/02\/Ativo-1.png\",\"width\":563,\"height\":149,\"caption\":\"FIEMG\"},\"image\":{\"@id\":\"https:\/\/www.fiemg.com.br\/regional-sede\/#\/schema\/logo\/image\/\"}}]}<\/script>\n<!-- \/ Yoast SEO plugin. -->","yoast_head_json":{"title":"Minas Showroom: est\u00e1 aberta a temporada de pedidos Ver\u00e3o 2026 - FIEMG","description":"Evento premium conta com a participa\u00e7\u00e3o de mais de 20 marcas em v\u00e1rios bairros de BH, com atendimento exclusivo aos compradores","robots":{"index":"index","follow":"follow","max-snippet":"max-snippet:-1","max-image-preview":"max-image-preview:large","max-video-preview":"max-video-preview:-1"},"canonical":"https:\/\/www.fiemg.com.br\/regional-sede\/noticias\/evento-premium-conta-com-a-participacao-de-mais-de-20-marcas-em-varios-bairros-de-bh-com-atendimento-exclusivo-aos-compradores\/","og_locale":"pt_BR","og_type":"article","og_title":"Minas Showroom: est\u00e1 aberta a temporada de pedidos Ver\u00e3o 2026 - FIEMG","og_description":"Evento premium conta com a participa\u00e7\u00e3o de mais de 20 marcas em v\u00e1rios bairros de BH, com atendimento exclusivo aos compradores","og_url":"https:\/\/www.fiemg.com.br\/regional-sede\/noticias\/evento-premium-conta-com-a-participacao-de-mais-de-20-marcas-em-varios-bairros-de-bh-com-atendimento-exclusivo-aos-compradores\/","og_site_name":"FIEMG","article_modified_time":"2025-04-09T19:42:20+00:00","og_image":[{"width":1600,"height":1600,"url":"https:\/\/www.fiemg.com.br\/regional-sede\/wp-content\/uploads\/sites\/21\/2025\/04\/showroom-thumb.png","type":"image\/png"}],"twitter_card":"summary_large_image","twitter_misc":{"Est. tempo de leitura":"4 minutos"},"schema":{"@context":"https:\/\/schema.org","@graph":[{"@type":"WebPage","@id":"https:\/\/www.fiemg.com.br\/regional-sede\/noticias\/evento-premium-conta-com-a-participacao-de-mais-de-20-marcas-em-varios-bairros-de-bh-com-atendimento-exclusivo-aos-compradores\/","url":"https:\/\/www.fiemg.com.br\/regional-sede\/noticias\/evento-premium-conta-com-a-participacao-de-mais-de-20-marcas-em-varios-bairros-de-bh-com-atendimento-exclusivo-aos-compradores\/","name":"Minas Showroom: est\u00e1 aberta a temporada de pedidos Ver\u00e3o 2026 - FIEMG","isPartOf":{"@id":"https:\/\/www.fiemg.com.br\/regional-sede\/#website"},"primaryImageOfPage":{"@id":"https:\/\/www.fiemg.com.br\/regional-sede\/noticias\/evento-premium-conta-com-a-participacao-de-mais-de-20-marcas-em-varios-bairros-de-bh-com-atendimento-exclusivo-aos-compradores\/#primaryimage"},"image":{"@id":"https:\/\/www.fiemg.com.br\/regional-sede\/noticias\/evento-premium-conta-com-a-participacao-de-mais-de-20-marcas-em-varios-bairros-de-bh-com-atendimento-exclusivo-aos-compradores\/#primaryimage"},"thumbnailUrl":"https:\/\/www.fiemg.com.br\/regional-sede\/wp-content\/uploads\/sites\/21\/2025\/04\/showroom-thumb.png","datePublished":"2025-04-09T19:42:16+00:00","dateModified":"2025-04-09T19:42:20+00:00","description":"Evento premium conta com a participa\u00e7\u00e3o de mais de 20 marcas em v\u00e1rios bairros de BH, com atendimento exclusivo aos compradores","breadcrumb":{"@id":"https:\/\/www.fiemg.com.br\/regional-sede\/noticias\/evento-premium-conta-com-a-participacao-de-mais-de-20-marcas-em-varios-bairros-de-bh-com-atendimento-exclusivo-aos-compradores\/#breadcrumb"},"inLanguage":"pt-BR","potentialAction":[{"@type":"ReadAction","target":["https:\/\/www.fiemg.com.br\/regional-sede\/noticias\/evento-premium-conta-com-a-participacao-de-mais-de-20-marcas-em-varios-bairros-de-bh-com-atendimento-exclusivo-aos-compradores\/"]}]},{"@type":"ImageObject","inLanguage":"pt-BR","@id":"https:\/\/www.fiemg.com.br\/regional-sede\/noticias\/evento-premium-conta-com-a-participacao-de-mais-de-20-marcas-em-varios-bairros-de-bh-com-atendimento-exclusivo-aos-compradores\/#primaryimage","url":"https:\/\/www.fiemg.com.br\/regional-sede\/wp-content\/uploads\/sites\/21\/2025\/04\/showroom-thumb.png","contentUrl":"https:\/\/www.fiemg.com.br\/regional-sede\/wp-content\/uploads\/sites\/21\/2025\/04\/showroom-thumb.png","width":1600,"height":1600},{"@type":"BreadcrumbList","@id":"https:\/\/www.fiemg.com.br\/regional-sede\/noticias\/evento-premium-conta-com-a-participacao-de-mais-de-20-marcas-em-varios-bairros-de-bh-com-atendimento-exclusivo-aos-compradores\/#breadcrumb","itemListElement":[{"@type":"ListItem","position":1,"name":"In\u00edcio","item":"https:\/\/www.fiemg.com.br\/regional-sede\/"},{"@type":"ListItem","position":2,"name":"Minas Showroom: est\u00e1 aberta a temporada de pedidos Ver\u00e3o 2026"}]},{"@type":"WebSite","@id":"https:\/\/www.fiemg.com.br\/regional-sede\/#website","url":"https:\/\/www.fiemg.com.br\/regional-sede\/","name":"FIEMG","description":"Federa\u00e7\u00e3o das Ind\u00fastrias do Estado de Minas Gerais","publisher":{"@id":"https:\/\/www.fiemg.com.br\/regional-sede\/#organization"},"potentialAction":[{"@type":"SearchAction","target":{"@type":"EntryPoint","urlTemplate":"https:\/\/www.fiemg.com.br\/regional-sede\/?s={search_term_string}"},"query-input":{"@type":"PropertyValueSpecification","valueRequired":true,"valueName":"search_term_string"}}],"inLanguage":"pt-BR"},{"@type":"Organization","@id":"https:\/\/www.fiemg.com.br\/regional-sede\/#organization","name":"FIEMG","url":"https:\/\/www.fiemg.com.br\/regional-sede\/","logo":{"@type":"ImageObject","inLanguage":"pt-BR","@id":"https:\/\/www.fiemg.com.br\/regional-sede\/#\/schema\/logo\/image\/","url":"https:\/\/www.fiemg.com.br\/regional-sede\/wp-content\/uploads\/sites\/21\/2023\/02\/Ativo-1.png","contentUrl":"https:\/\/www.fiemg.com.br\/regional-sede\/wp-content\/uploads\/sites\/21\/2023\/02\/Ativo-1.png","width":563,"height":149,"caption":"FIEMG"},"image":{"@id":"https:\/\/www.fiemg.com.br\/regional-sede\/#\/schema\/logo\/image\/"}}]}},"_links":{"self":[{"href":"https:\/\/www.fiemg.com.br\/regional-sede\/wp-json\/wp\/v2\/noticias\/4108","targetHints":{"allow":["GET"]}}],"collection":[{"href":"https:\/\/www.fiemg.com.br\/regional-sede\/wp-json\/wp\/v2\/noticias"}],"about":[{"href":"https:\/\/www.fiemg.com.br\/regional-sede\/wp-json\/wp\/v2\/types\/noticias"}],"wp:featuredmedia":[{"embeddable":true,"href":"https:\/\/www.fiemg.com.br\/regional-sede\/wp-json\/wp\/v2\/media\/4110"}],"wp:attachment":[{"href":"https:\/\/www.fiemg.com.br\/regional-sede\/wp-json\/wp\/v2\/media?parent=4108"}],"wp:term":[{"taxonomy":"category","embeddable":true,"href":"https:\/\/www.fiemg.com.br\/regional-sede\/wp-json\/wp\/v2\/categories?post=4108"},{"taxonomy":"post_tag","embeddable":true,"href":"https:\/\/www.fiemg.com.br\/regional-sede\/wp-json\/wp\/v2\/tags?post=4108"}],"curies":[{"name":"wp","href":"https:\/\/api.w.org\/{rel}","templated":true}]}}