{"id":4143,"date":"2025-04-11T15:08:06","date_gmt":"2025-04-11T18:08:06","guid":{"rendered":"https:\/\/www.fiemg.com.br\/regional-sede\/noticias\/evento-acontece-ate-10-de-abril-no-bh-shopping-e-reune-empresas-com-destaque-no-mercado-da-moda\/"},"modified":"2025-04-11T15:57:11","modified_gmt":"2025-04-11T18:57:11","slug":"evento-acontece-ate-10-de-abril-no-bh-shopping-e-reune-empresas-com-destaque-no-mercado-da-moda","status":"publish","type":"noticias","link":"https:\/\/www.fiemg.com.br\/regional-sede\/noticias\/evento-acontece-ate-10-de-abril-no-bh-shopping-e-reune-empresas-com-destaque-no-mercado-da-moda\/","title":{"rendered":"Pli\u00ea e Nannacay apostam em moda inclusiva para o sal\u00e3o de neg\u00f3cios do Minas Trend"},"content":{"rendered":"\n<p><\/p>\n\n\n\n<p><strong><br><\/strong>Na 33\u00aa edi\u00e7\u00e3o do Minas Trend, a moda inclusiva n\u00e3o foi apenas pauta \u2014 ela esteve presente nas araras, nos discursos e nas pr\u00e1ticas de marcas que est\u00e3o repensando o papel social da ind\u00fastria. O maior sal\u00e3o de neg\u00f3cios de moda da Am\u00e9rica Latina, realizado entre os dias 8 e 10 de abril, no BH Shopping, abriu espa\u00e7o para iniciativas que ressignificam a cadeia produtiva, valorizam o trabalho artesanal e prop\u00f5em um mercado mais humano e representativo.<\/p>\n\n\n\n<p>O termo \u201cinclus\u00e3o\u201d ganha novas nuances nesta edi\u00e7\u00e3o. A Pli\u00ea apresentou solu\u00e7\u00f5es pensadas para diferentes corpos, com pe\u00e7as fluidas e modelagens que se adaptam a diversas silhuetas. Atuando h\u00e1 mais de 25 anos no mercado, a marca controla toda a cadeia produtiva \u2014 do plantio do algod\u00e3o \u00e0 confec\u00e7\u00e3o \u2014 e tem investido em uma moda mais democr\u00e1tica e acess\u00edvel.<\/p>\n\n\n\n<p>J\u00e1 a Nannacay, reconhecida pelo trabalho com comunidades artes\u00e3s, trouxe uma proposta que conecta moda, impacto social e inova\u00e7\u00e3o na distribui\u00e7\u00e3o. A marca atua como ponte entre criadores e consumidores finais, oferecendo uma vitrine para quem muitas vezes est\u00e1 fora dos grandes circuitos. \u201cS\u00e3o m\u00e3es que trabalham em casa porque t\u00eam dois filhos para criar, ou pessoas que moram em locais remotos, cujo acesso s\u00f3 \u00e9 poss\u00edvel de barco\u201d, explica Claudia Melo, representante da marca. \u201cNosso papel \u00e9 dar visibilidade e viabilizar a gera\u00e7\u00e3o de renda, respeitando os contextos de cada um\u201d, destaca.<\/p>\n\n\n\n<p>A inclus\u00e3o tamb\u00e9m aparece na curadoria e no formato de produ\u00e7\u00e3o das pe\u00e7as: tamanhos ampliados, tecidos com conforto t\u00e9rmico e solu\u00e7\u00f5es funcionais s\u00e3o recursos adotados por v\u00e1rias marcas expositoras nesta edi\u00e7\u00e3o. Para al\u00e9m do produto final, essas iniciativas revelam transforma\u00e7\u00f5es no modelo de neg\u00f3cio \u2014 mais aberto \u00e0 diversidade de corpos, culturas, ritmos e realidades.<\/p>\n\n\n\n<p>A presen\u00e7a dessas propostas no sal\u00e3o de neg\u00f3cios do Minas Trend refor\u00e7a o papel da moda como ferramenta de transforma\u00e7\u00e3o social. Ao abrir espa\u00e7o para a pluralidade, o evento reafirma seu compromisso com um setor mais consciente, que reconhece seu poder de gerar impacto positivo.<br><br>Realizado de 8 a 10 de abril no BH Shopping, o Minas Trend \u00e9 uma realiza\u00e7\u00e3o da FIEMG, por iniciativa de sua C\u00e2mara da Ind\u00fastria de Insumos e Transforma\u00e7\u00e3o do Vestu\u00e1rio, Cal\u00e7ados e Acess\u00f3rios, e de suas entidades SESI e SENAI, com patroc\u00ednio da Companhia de Desenvolvimento de Minas Gerais (Codemge), apoio m\u00e1ster do Sebrae Minas e apoio da Rede Minas, R\u00e1dio Inconfid\u00eancia, Jornal Estado de Minas e Una.<br><br><br><br><strong><em>Por Emanuel Brand\u00e3o, estudante de Jornalismo na UNA<\/em><\/strong><\/p>\n\n\n\n<figure class=\"wp-block-embed is-type-video is-provider-youtube wp-block-embed-youtube wp-embed-aspect-16-9 wp-has-aspect-ratio\"><div class=\"wp-block-embed__wrapper\">\n<iframe title=\"Moda Inclusiva na 33\u00aa edi\u00e7\u00e3o do Minas Trend\" width=\"800\" height=\"450\" src=\"https:\/\/www.youtube.com\/embed\/ehyYxuD4iuc?feature=oembed\" frameborder=\"0\" allow=\"accelerometer; autoplay; clipboard-write; encrypted-media; gyroscope; picture-in-picture; web-share\" referrerpolicy=\"strict-origin-when-cross-origin\" allowfullscreen><\/iframe>\n<\/div><\/figure>\n","protected":false},"featured_media":4145,"template":"","categories":[],"tags":[954,824,145],"class_list":["post-4143","noticias","type-noticias","status-publish","has-post-thumbnail","hentry","tag-minas-trens","tag-mw","tag-una"],"acf":[],"yoast_head":"<!-- This site is optimized with the Yoast SEO plugin v26.2 - https:\/\/yoast.com\/wordpress\/plugins\/seo\/ -->\n<title>Pli\u00ea e Nannacay apostam em moda inclusiva para o sal\u00e3o de neg\u00f3cios do Minas Trend - FIEMG<\/title>\n<meta name=\"description\" content=\"Evento acontece at\u00e9 10 de abril, no BH Shopping, e re\u00fane empresas com destaque no mercado da moda\" \/>\n<meta name=\"robots\" content=\"index, follow, max-snippet:-1, max-image-preview:large, max-video-preview:-1\" \/>\n<link rel=\"canonical\" href=\"https:\/\/www.fiemg.com.br\/regional-sede\/noticias\/evento-acontece-ate-10-de-abril-no-bh-shopping-e-reune-empresas-com-destaque-no-mercado-da-moda\/\" \/>\n<meta property=\"og:locale\" content=\"pt_BR\" \/>\n<meta property=\"og:type\" content=\"article\" \/>\n<meta property=\"og:title\" content=\"Pli\u00ea e Nannacay apostam em moda inclusiva para o sal\u00e3o de neg\u00f3cios do Minas Trend - FIEMG\" \/>\n<meta property=\"og:description\" content=\"Evento acontece at\u00e9 10 de abril, no BH Shopping, e re\u00fane empresas com destaque no mercado da moda\" \/>\n<meta property=\"og:url\" content=\"https:\/\/www.fiemg.com.br\/regional-sede\/noticias\/evento-acontece-ate-10-de-abril-no-bh-shopping-e-reune-empresas-com-destaque-no-mercado-da-moda\/\" \/>\n<meta property=\"og:site_name\" content=\"FIEMG\" \/>\n<meta property=\"article:modified_time\" content=\"2025-04-11T18:57:11+00:00\" \/>\n<meta property=\"og:image\" content=\"https:\/\/www.fiemg.com.br\/regional-sede\/wp-content\/uploads\/sites\/21\/2025\/04\/moda-inclusiVA-THUMB-1024x1024.png\" \/>\n\t<meta property=\"og:image:width\" content=\"1024\" \/>\n\t<meta property=\"og:image:height\" content=\"1024\" \/>\n\t<meta property=\"og:image:type\" content=\"image\/png\" \/>\n<meta name=\"twitter:card\" content=\"summary_large_image\" \/>\n<meta name=\"twitter:label1\" content=\"Est. tempo de leitura\" \/>\n\t<meta name=\"twitter:data1\" content=\"3 minutos\" \/>\n<script type=\"application\/ld+json\" class=\"yoast-schema-graph\">{\"@context\":\"https:\/\/schema.org\",\"@graph\":[{\"@type\":\"WebPage\",\"@id\":\"https:\/\/www.fiemg.com.br\/regional-sede\/noticias\/evento-acontece-ate-10-de-abril-no-bh-shopping-e-reune-empresas-com-destaque-no-mercado-da-moda\/\",\"url\":\"https:\/\/www.fiemg.com.br\/regional-sede\/noticias\/evento-acontece-ate-10-de-abril-no-bh-shopping-e-reune-empresas-com-destaque-no-mercado-da-moda\/\",\"name\":\"Pli\u00ea e Nannacay apostam em moda inclusiva para o sal\u00e3o de neg\u00f3cios do Minas Trend - FIEMG\",\"isPartOf\":{\"@id\":\"https:\/\/www.fiemg.com.br\/regional-sede\/#website\"},\"primaryImageOfPage\":{\"@id\":\"https:\/\/www.fiemg.com.br\/regional-sede\/noticias\/evento-acontece-ate-10-de-abril-no-bh-shopping-e-reune-empresas-com-destaque-no-mercado-da-moda\/#primaryimage\"},\"image\":{\"@id\":\"https:\/\/www.fiemg.com.br\/regional-sede\/noticias\/evento-acontece-ate-10-de-abril-no-bh-shopping-e-reune-empresas-com-destaque-no-mercado-da-moda\/#primaryimage\"},\"thumbnailUrl\":\"https:\/\/www.fiemg.com.br\/regional-sede\/wp-content\/uploads\/sites\/21\/2025\/04\/moda-inclusiVA-THUMB.png\",\"datePublished\":\"2025-04-11T18:08:06+00:00\",\"dateModified\":\"2025-04-11T18:57:11+00:00\",\"description\":\"Evento acontece at\u00e9 10 de abril, no BH Shopping, e re\u00fane empresas com destaque no mercado da moda\",\"breadcrumb\":{\"@id\":\"https:\/\/www.fiemg.com.br\/regional-sede\/noticias\/evento-acontece-ate-10-de-abril-no-bh-shopping-e-reune-empresas-com-destaque-no-mercado-da-moda\/#breadcrumb\"},\"inLanguage\":\"pt-BR\",\"potentialAction\":[{\"@type\":\"ReadAction\",\"target\":[\"https:\/\/www.fiemg.com.br\/regional-sede\/noticias\/evento-acontece-ate-10-de-abril-no-bh-shopping-e-reune-empresas-com-destaque-no-mercado-da-moda\/\"]}]},{\"@type\":\"ImageObject\",\"inLanguage\":\"pt-BR\",\"@id\":\"https:\/\/www.fiemg.com.br\/regional-sede\/noticias\/evento-acontece-ate-10-de-abril-no-bh-shopping-e-reune-empresas-com-destaque-no-mercado-da-moda\/#primaryimage\",\"url\":\"https:\/\/www.fiemg.com.br\/regional-sede\/wp-content\/uploads\/sites\/21\/2025\/04\/moda-inclusiVA-THUMB.png\",\"contentUrl\":\"https:\/\/www.fiemg.com.br\/regional-sede\/wp-content\/uploads\/sites\/21\/2025\/04\/moda-inclusiVA-THUMB.png\",\"width\":1600,\"height\":1600},{\"@type\":\"BreadcrumbList\",\"@id\":\"https:\/\/www.fiemg.com.br\/regional-sede\/noticias\/evento-acontece-ate-10-de-abril-no-bh-shopping-e-reune-empresas-com-destaque-no-mercado-da-moda\/#breadcrumb\",\"itemListElement\":[{\"@type\":\"ListItem\",\"position\":1,\"name\":\"In\u00edcio\",\"item\":\"https:\/\/www.fiemg.com.br\/regional-sede\/\"},{\"@type\":\"ListItem\",\"position\":2,\"name\":\"Pli\u00ea e Nannacay apostam em moda inclusiva para o sal\u00e3o de neg\u00f3cios do Minas Trend\"}]},{\"@type\":\"WebSite\",\"@id\":\"https:\/\/www.fiemg.com.br\/regional-sede\/#website\",\"url\":\"https:\/\/www.fiemg.com.br\/regional-sede\/\",\"name\":\"FIEMG\",\"description\":\"Federa\u00e7\u00e3o das Ind\u00fastrias do Estado de Minas Gerais\",\"publisher\":{\"@id\":\"https:\/\/www.fiemg.com.br\/regional-sede\/#organization\"},\"potentialAction\":[{\"@type\":\"SearchAction\",\"target\":{\"@type\":\"EntryPoint\",\"urlTemplate\":\"https:\/\/www.fiemg.com.br\/regional-sede\/?s={search_term_string}\"},\"query-input\":{\"@type\":\"PropertyValueSpecification\",\"valueRequired\":true,\"valueName\":\"search_term_string\"}}],\"inLanguage\":\"pt-BR\"},{\"@type\":\"Organization\",\"@id\":\"https:\/\/www.fiemg.com.br\/regional-sede\/#organization\",\"name\":\"FIEMG\",\"url\":\"https:\/\/www.fiemg.com.br\/regional-sede\/\",\"logo\":{\"@type\":\"ImageObject\",\"inLanguage\":\"pt-BR\",\"@id\":\"https:\/\/www.fiemg.com.br\/regional-sede\/#\/schema\/logo\/image\/\",\"url\":\"https:\/\/www.fiemg.com.br\/regional-sede\/wp-content\/uploads\/sites\/21\/2023\/02\/Ativo-1.png\",\"contentUrl\":\"https:\/\/www.fiemg.com.br\/regional-sede\/wp-content\/uploads\/sites\/21\/2023\/02\/Ativo-1.png\",\"width\":563,\"height\":149,\"caption\":\"FIEMG\"},\"image\":{\"@id\":\"https:\/\/www.fiemg.com.br\/regional-sede\/#\/schema\/logo\/image\/\"}}]}<\/script>\n<!-- \/ Yoast SEO plugin. -->","yoast_head_json":{"title":"Pli\u00ea e Nannacay apostam em moda inclusiva para o sal\u00e3o de neg\u00f3cios do Minas Trend - FIEMG","description":"Evento acontece at\u00e9 10 de abril, no BH Shopping, e re\u00fane empresas com destaque no mercado da moda","robots":{"index":"index","follow":"follow","max-snippet":"max-snippet:-1","max-image-preview":"max-image-preview:large","max-video-preview":"max-video-preview:-1"},"canonical":"https:\/\/www.fiemg.com.br\/regional-sede\/noticias\/evento-acontece-ate-10-de-abril-no-bh-shopping-e-reune-empresas-com-destaque-no-mercado-da-moda\/","og_locale":"pt_BR","og_type":"article","og_title":"Pli\u00ea e Nannacay apostam em moda inclusiva para o sal\u00e3o de neg\u00f3cios do Minas Trend - FIEMG","og_description":"Evento acontece at\u00e9 10 de abril, no BH Shopping, e re\u00fane empresas com destaque no mercado da moda","og_url":"https:\/\/www.fiemg.com.br\/regional-sede\/noticias\/evento-acontece-ate-10-de-abril-no-bh-shopping-e-reune-empresas-com-destaque-no-mercado-da-moda\/","og_site_name":"FIEMG","article_modified_time":"2025-04-11T18:57:11+00:00","og_image":[{"width":1024,"height":1024,"url":"https:\/\/www.fiemg.com.br\/regional-sede\/wp-content\/uploads\/sites\/21\/2025\/04\/moda-inclusiVA-THUMB-1024x1024.png","type":"image\/png"}],"twitter_card":"summary_large_image","twitter_misc":{"Est. tempo de leitura":"3 minutos"},"schema":{"@context":"https:\/\/schema.org","@graph":[{"@type":"WebPage","@id":"https:\/\/www.fiemg.com.br\/regional-sede\/noticias\/evento-acontece-ate-10-de-abril-no-bh-shopping-e-reune-empresas-com-destaque-no-mercado-da-moda\/","url":"https:\/\/www.fiemg.com.br\/regional-sede\/noticias\/evento-acontece-ate-10-de-abril-no-bh-shopping-e-reune-empresas-com-destaque-no-mercado-da-moda\/","name":"Pli\u00ea e Nannacay apostam em moda inclusiva para o sal\u00e3o de neg\u00f3cios do Minas Trend - FIEMG","isPartOf":{"@id":"https:\/\/www.fiemg.com.br\/regional-sede\/#website"},"primaryImageOfPage":{"@id":"https:\/\/www.fiemg.com.br\/regional-sede\/noticias\/evento-acontece-ate-10-de-abril-no-bh-shopping-e-reune-empresas-com-destaque-no-mercado-da-moda\/#primaryimage"},"image":{"@id":"https:\/\/www.fiemg.com.br\/regional-sede\/noticias\/evento-acontece-ate-10-de-abril-no-bh-shopping-e-reune-empresas-com-destaque-no-mercado-da-moda\/#primaryimage"},"thumbnailUrl":"https:\/\/www.fiemg.com.br\/regional-sede\/wp-content\/uploads\/sites\/21\/2025\/04\/moda-inclusiVA-THUMB.png","datePublished":"2025-04-11T18:08:06+00:00","dateModified":"2025-04-11T18:57:11+00:00","description":"Evento acontece at\u00e9 10 de abril, no BH Shopping, e re\u00fane empresas com destaque no mercado da moda","breadcrumb":{"@id":"https:\/\/www.fiemg.com.br\/regional-sede\/noticias\/evento-acontece-ate-10-de-abril-no-bh-shopping-e-reune-empresas-com-destaque-no-mercado-da-moda\/#breadcrumb"},"inLanguage":"pt-BR","potentialAction":[{"@type":"ReadAction","target":["https:\/\/www.fiemg.com.br\/regional-sede\/noticias\/evento-acontece-ate-10-de-abril-no-bh-shopping-e-reune-empresas-com-destaque-no-mercado-da-moda\/"]}]},{"@type":"ImageObject","inLanguage":"pt-BR","@id":"https:\/\/www.fiemg.com.br\/regional-sede\/noticias\/evento-acontece-ate-10-de-abril-no-bh-shopping-e-reune-empresas-com-destaque-no-mercado-da-moda\/#primaryimage","url":"https:\/\/www.fiemg.com.br\/regional-sede\/wp-content\/uploads\/sites\/21\/2025\/04\/moda-inclusiVA-THUMB.png","contentUrl":"https:\/\/www.fiemg.com.br\/regional-sede\/wp-content\/uploads\/sites\/21\/2025\/04\/moda-inclusiVA-THUMB.png","width":1600,"height":1600},{"@type":"BreadcrumbList","@id":"https:\/\/www.fiemg.com.br\/regional-sede\/noticias\/evento-acontece-ate-10-de-abril-no-bh-shopping-e-reune-empresas-com-destaque-no-mercado-da-moda\/#breadcrumb","itemListElement":[{"@type":"ListItem","position":1,"name":"In\u00edcio","item":"https:\/\/www.fiemg.com.br\/regional-sede\/"},{"@type":"ListItem","position":2,"name":"Pli\u00ea e Nannacay apostam em moda inclusiva para o sal\u00e3o de neg\u00f3cios do Minas Trend"}]},{"@type":"WebSite","@id":"https:\/\/www.fiemg.com.br\/regional-sede\/#website","url":"https:\/\/www.fiemg.com.br\/regional-sede\/","name":"FIEMG","description":"Federa\u00e7\u00e3o das Ind\u00fastrias do Estado de Minas Gerais","publisher":{"@id":"https:\/\/www.fiemg.com.br\/regional-sede\/#organization"},"potentialAction":[{"@type":"SearchAction","target":{"@type":"EntryPoint","urlTemplate":"https:\/\/www.fiemg.com.br\/regional-sede\/?s={search_term_string}"},"query-input":{"@type":"PropertyValueSpecification","valueRequired":true,"valueName":"search_term_string"}}],"inLanguage":"pt-BR"},{"@type":"Organization","@id":"https:\/\/www.fiemg.com.br\/regional-sede\/#organization","name":"FIEMG","url":"https:\/\/www.fiemg.com.br\/regional-sede\/","logo":{"@type":"ImageObject","inLanguage":"pt-BR","@id":"https:\/\/www.fiemg.com.br\/regional-sede\/#\/schema\/logo\/image\/","url":"https:\/\/www.fiemg.com.br\/regional-sede\/wp-content\/uploads\/sites\/21\/2023\/02\/Ativo-1.png","contentUrl":"https:\/\/www.fiemg.com.br\/regional-sede\/wp-content\/uploads\/sites\/21\/2023\/02\/Ativo-1.png","width":563,"height":149,"caption":"FIEMG"},"image":{"@id":"https:\/\/www.fiemg.com.br\/regional-sede\/#\/schema\/logo\/image\/"}}]}},"_links":{"self":[{"href":"https:\/\/www.fiemg.com.br\/regional-sede\/wp-json\/wp\/v2\/noticias\/4143","targetHints":{"allow":["GET"]}}],"collection":[{"href":"https:\/\/www.fiemg.com.br\/regional-sede\/wp-json\/wp\/v2\/noticias"}],"about":[{"href":"https:\/\/www.fiemg.com.br\/regional-sede\/wp-json\/wp\/v2\/types\/noticias"}],"wp:featuredmedia":[{"embeddable":true,"href":"https:\/\/www.fiemg.com.br\/regional-sede\/wp-json\/wp\/v2\/media\/4145"}],"wp:attachment":[{"href":"https:\/\/www.fiemg.com.br\/regional-sede\/wp-json\/wp\/v2\/media?parent=4143"}],"wp:term":[{"taxonomy":"category","embeddable":true,"href":"https:\/\/www.fiemg.com.br\/regional-sede\/wp-json\/wp\/v2\/categories?post=4143"},{"taxonomy":"post_tag","embeddable":true,"href":"https:\/\/www.fiemg.com.br\/regional-sede\/wp-json\/wp\/v2\/tags?post=4143"}],"curies":[{"name":"wp","href":"https:\/\/api.w.org\/{rel}","templated":true}]}}