{"id":4218,"date":"2025-04-29T13:43:48","date_gmt":"2025-04-29T16:43:48","guid":{"rendered":"https:\/\/www.fiemg.com.br\/regional-sede\/noticias\/com-foco-na-insercao-no-mercado-industrial-iniciativa-pretende-atender-mais-de-2-400-pessoas-em-situacao-de-vulnerabilidade-social-ate-2026-2-2\/"},"modified":"2025-04-29T13:43:50","modified_gmt":"2025-04-29T16:43:50","slug":"com-foco-na-insercao-no-mercado-industrial-iniciativa-pretende-atender-mais-de-2-400-pessoas-em-situacao-de-vulnerabilidade-social-ate-2026-2-2","status":"publish","type":"noticias","link":"https:\/\/www.fiemg.com.br\/regional-sede\/noticias\/com-foco-na-insercao-no-mercado-industrial-iniciativa-pretende-atender-mais-de-2-400-pessoas-em-situacao-de-vulnerabilidade-social-ate-2026-2-2\/","title":{"rendered":"\u00a0Minas Forma leva capacita\u00e7\u00e3o profissional gratuita a 35 cidades mineiras em parceria entre SEDESE e SENAI-MG"},"content":{"rendered":"\n<p>A Secretaria de Estado de Desenvolvimento Social de Minas Gerais (SEDESE), em colabora\u00e7\u00e3o com o SENAI-MG, lan\u00e7ou o projeto&nbsp;<em>Minas Forma<\/em>, uma iniciativa de qualifica\u00e7\u00e3o profissional voltada para pessoas em situa\u00e7\u00e3o de vulnerabilidade social em 35 cidades mineiras. Com in\u00edcio em 2025 e previs\u00e3o de execu\u00e7\u00e3o at\u00e9 2026, a a\u00e7\u00e3o busca impactar diretamente mais de 2.400 pessoas por meio de uma trilha de cursos gratuitos focada na forma\u00e7\u00e3o de perfis profissionais para o setor industrial.<\/p>\n\n\n\n<p>O projeto prop\u00f5e mais do que capacita\u00e7\u00e3o t\u00e9cnica: pretende estimular o protagonismo individual, o desenvolvimento de compet\u00eancias socioemocionais e a constru\u00e7\u00e3o de lideran\u00e7as locais. Ao todo, ser\u00e3o ofertados mais de 20 cursos gratuitos com carga hor\u00e1ria m\u00e9dia de 200 horas, distribu\u00eddas ao longo de aproximadamente dois meses. Todos os participantes receber\u00e3o certificado de conclus\u00e3o emitido pelo SENAI-MG, al\u00e9m de ajuda de custo para transporte e lanche durante o per\u00edodo letivo.<\/p>\n\n\n\n<p>As aulas ser\u00e3o realizadas tanto nas unidades fixas do SENAI-MG quanto em unidades m\u00f3veis e espa\u00e7os parceiros, especialmente nas cidades que n\u00e3o possuem estrutura f\u00edsica da institui\u00e7\u00e3o. As inscri\u00e7\u00f5es ser\u00e3o feitas presencialmente nas unidades SENAI ou por meio de formul\u00e1rio online, conforme a localidade. Para saber mais<a href=\"https:\/\/www.fiemg.com.br\/minas-forma\/\"> CLIQUE AQUI<\/a>.<\/p>\n\n\n\n<p><\/p>\n","protected":false},"featured_media":4220,"template":"","categories":[],"tags":[],"class_list":["post-4218","noticias","type-noticias","status-publish","has-post-thumbnail","hentry"],"acf":[],"yoast_head":"<!-- This site is optimized with the Yoast SEO plugin v26.2 - https:\/\/yoast.com\/wordpress\/plugins\/seo\/ -->\n<title>\u00a0Minas Forma leva capacita\u00e7\u00e3o profissional gratuita a 35 cidades mineiras em parceria entre SEDESE e SENAI-MG - FIEMG<\/title>\n<meta name=\"description\" content=\"\u00a0Com foco na inser\u00e7\u00e3o no mercado industrial, iniciativa pretende atender mais de 2.400 pessoas em situa\u00e7\u00e3o de vulnerabilidade social at\u00e9 2026\" \/>\n<meta name=\"robots\" content=\"index, follow, max-snippet:-1, max-image-preview:large, max-video-preview:-1\" \/>\n<link rel=\"canonical\" href=\"https:\/\/www.fiemg.com.br\/regional-sede\/noticias\/com-foco-na-insercao-no-mercado-industrial-iniciativa-pretende-atender-mais-de-2-400-pessoas-em-situacao-de-vulnerabilidade-social-ate-2026-2-2\/\" \/>\n<meta property=\"og:locale\" content=\"pt_BR\" \/>\n<meta property=\"og:type\" content=\"article\" \/>\n<meta property=\"og:title\" content=\"\u00a0Minas Forma leva capacita\u00e7\u00e3o profissional gratuita a 35 cidades mineiras em parceria entre SEDESE e SENAI-MG - FIEMG\" \/>\n<meta property=\"og:description\" content=\"\u00a0Com foco na inser\u00e7\u00e3o no mercado industrial, iniciativa pretende atender mais de 2.400 pessoas em situa\u00e7\u00e3o de vulnerabilidade social at\u00e9 2026\" \/>\n<meta property=\"og:url\" content=\"https:\/\/www.fiemg.com.br\/regional-sede\/noticias\/com-foco-na-insercao-no-mercado-industrial-iniciativa-pretende-atender-mais-de-2-400-pessoas-em-situacao-de-vulnerabilidade-social-ate-2026-2-2\/\" \/>\n<meta property=\"og:site_name\" content=\"FIEMG\" \/>\n<meta property=\"article:modified_time\" content=\"2025-04-29T16:43:50+00:00\" \/>\n<meta property=\"og:image\" content=\"https:\/\/www.fiemg.com.br\/regional-sede\/wp-content\/uploads\/sites\/21\/2025\/04\/Minas-Forma-1.png\" \/>\n\t<meta property=\"og:image:width\" content=\"1080\" \/>\n\t<meta property=\"og:image:height\" content=\"1080\" \/>\n\t<meta property=\"og:image:type\" content=\"image\/png\" \/>\n<meta name=\"twitter:card\" content=\"summary_large_image\" \/>\n<meta name=\"twitter:label1\" content=\"Est. tempo de leitura\" \/>\n\t<meta name=\"twitter:data1\" content=\"2 minutos\" \/>\n<script type=\"application\/ld+json\" class=\"yoast-schema-graph\">{\"@context\":\"https:\/\/schema.org\",\"@graph\":[{\"@type\":\"WebPage\",\"@id\":\"https:\/\/www.fiemg.com.br\/regional-sede\/noticias\/com-foco-na-insercao-no-mercado-industrial-iniciativa-pretende-atender-mais-de-2-400-pessoas-em-situacao-de-vulnerabilidade-social-ate-2026-2-2\/\",\"url\":\"https:\/\/www.fiemg.com.br\/regional-sede\/noticias\/com-foco-na-insercao-no-mercado-industrial-iniciativa-pretende-atender-mais-de-2-400-pessoas-em-situacao-de-vulnerabilidade-social-ate-2026-2-2\/\",\"name\":\"\u00a0Minas Forma leva capacita\u00e7\u00e3o profissional gratuita a 35 cidades mineiras em parceria entre SEDESE e SENAI-MG - FIEMG\",\"isPartOf\":{\"@id\":\"https:\/\/www.fiemg.com.br\/regional-sede\/#website\"},\"primaryImageOfPage\":{\"@id\":\"https:\/\/www.fiemg.com.br\/regional-sede\/noticias\/com-foco-na-insercao-no-mercado-industrial-iniciativa-pretende-atender-mais-de-2-400-pessoas-em-situacao-de-vulnerabilidade-social-ate-2026-2-2\/#primaryimage\"},\"image\":{\"@id\":\"https:\/\/www.fiemg.com.br\/regional-sede\/noticias\/com-foco-na-insercao-no-mercado-industrial-iniciativa-pretende-atender-mais-de-2-400-pessoas-em-situacao-de-vulnerabilidade-social-ate-2026-2-2\/#primaryimage\"},\"thumbnailUrl\":\"https:\/\/www.fiemg.com.br\/regional-sede\/wp-content\/uploads\/sites\/21\/2025\/04\/Minas-Forma-1.png\",\"datePublished\":\"2025-04-29T16:43:48+00:00\",\"dateModified\":\"2025-04-29T16:43:50+00:00\",\"description\":\"\u00a0Com foco na inser\u00e7\u00e3o no mercado industrial, iniciativa pretende atender mais de 2.400 pessoas em situa\u00e7\u00e3o de vulnerabilidade social at\u00e9 2026\",\"breadcrumb\":{\"@id\":\"https:\/\/www.fiemg.com.br\/regional-sede\/noticias\/com-foco-na-insercao-no-mercado-industrial-iniciativa-pretende-atender-mais-de-2-400-pessoas-em-situacao-de-vulnerabilidade-social-ate-2026-2-2\/#breadcrumb\"},\"inLanguage\":\"pt-BR\",\"potentialAction\":[{\"@type\":\"ReadAction\",\"target\":[\"https:\/\/www.fiemg.com.br\/regional-sede\/noticias\/com-foco-na-insercao-no-mercado-industrial-iniciativa-pretende-atender-mais-de-2-400-pessoas-em-situacao-de-vulnerabilidade-social-ate-2026-2-2\/\"]}]},{\"@type\":\"ImageObject\",\"inLanguage\":\"pt-BR\",\"@id\":\"https:\/\/www.fiemg.com.br\/regional-sede\/noticias\/com-foco-na-insercao-no-mercado-industrial-iniciativa-pretende-atender-mais-de-2-400-pessoas-em-situacao-de-vulnerabilidade-social-ate-2026-2-2\/#primaryimage\",\"url\":\"https:\/\/www.fiemg.com.br\/regional-sede\/wp-content\/uploads\/sites\/21\/2025\/04\/Minas-Forma-1.png\",\"contentUrl\":\"https:\/\/www.fiemg.com.br\/regional-sede\/wp-content\/uploads\/sites\/21\/2025\/04\/Minas-Forma-1.png\",\"width\":1080,\"height\":1080},{\"@type\":\"BreadcrumbList\",\"@id\":\"https:\/\/www.fiemg.com.br\/regional-sede\/noticias\/com-foco-na-insercao-no-mercado-industrial-iniciativa-pretende-atender-mais-de-2-400-pessoas-em-situacao-de-vulnerabilidade-social-ate-2026-2-2\/#breadcrumb\",\"itemListElement\":[{\"@type\":\"ListItem\",\"position\":1,\"name\":\"In\u00edcio\",\"item\":\"https:\/\/www.fiemg.com.br\/regional-sede\/\"},{\"@type\":\"ListItem\",\"position\":2,\"name\":\"\u00a0Minas Forma leva capacita\u00e7\u00e3o profissional gratuita a 35 cidades mineiras em parceria entre SEDESE e SENAI-MG\"}]},{\"@type\":\"WebSite\",\"@id\":\"https:\/\/www.fiemg.com.br\/regional-sede\/#website\",\"url\":\"https:\/\/www.fiemg.com.br\/regional-sede\/\",\"name\":\"FIEMG\",\"description\":\"Federa\u00e7\u00e3o das Ind\u00fastrias do Estado de Minas Gerais\",\"publisher\":{\"@id\":\"https:\/\/www.fiemg.com.br\/regional-sede\/#organization\"},\"potentialAction\":[{\"@type\":\"SearchAction\",\"target\":{\"@type\":\"EntryPoint\",\"urlTemplate\":\"https:\/\/www.fiemg.com.br\/regional-sede\/?s={search_term_string}\"},\"query-input\":{\"@type\":\"PropertyValueSpecification\",\"valueRequired\":true,\"valueName\":\"search_term_string\"}}],\"inLanguage\":\"pt-BR\"},{\"@type\":\"Organization\",\"@id\":\"https:\/\/www.fiemg.com.br\/regional-sede\/#organization\",\"name\":\"FIEMG\",\"url\":\"https:\/\/www.fiemg.com.br\/regional-sede\/\",\"logo\":{\"@type\":\"ImageObject\",\"inLanguage\":\"pt-BR\",\"@id\":\"https:\/\/www.fiemg.com.br\/regional-sede\/#\/schema\/logo\/image\/\",\"url\":\"https:\/\/www.fiemg.com.br\/regional-sede\/wp-content\/uploads\/sites\/21\/2023\/02\/Ativo-1.png\",\"contentUrl\":\"https:\/\/www.fiemg.com.br\/regional-sede\/wp-content\/uploads\/sites\/21\/2023\/02\/Ativo-1.png\",\"width\":563,\"height\":149,\"caption\":\"FIEMG\"},\"image\":{\"@id\":\"https:\/\/www.fiemg.com.br\/regional-sede\/#\/schema\/logo\/image\/\"}}]}<\/script>\n<!-- \/ Yoast SEO plugin. -->","yoast_head_json":{"title":"\u00a0Minas Forma leva capacita\u00e7\u00e3o profissional gratuita a 35 cidades mineiras em parceria entre SEDESE e SENAI-MG - FIEMG","description":"\u00a0Com foco na inser\u00e7\u00e3o no mercado industrial, iniciativa pretende atender mais de 2.400 pessoas em situa\u00e7\u00e3o de vulnerabilidade social at\u00e9 2026","robots":{"index":"index","follow":"follow","max-snippet":"max-snippet:-1","max-image-preview":"max-image-preview:large","max-video-preview":"max-video-preview:-1"},"canonical":"https:\/\/www.fiemg.com.br\/regional-sede\/noticias\/com-foco-na-insercao-no-mercado-industrial-iniciativa-pretende-atender-mais-de-2-400-pessoas-em-situacao-de-vulnerabilidade-social-ate-2026-2-2\/","og_locale":"pt_BR","og_type":"article","og_title":"\u00a0Minas Forma leva capacita\u00e7\u00e3o profissional gratuita a 35 cidades mineiras em parceria entre SEDESE e SENAI-MG - FIEMG","og_description":"\u00a0Com foco na inser\u00e7\u00e3o no mercado industrial, iniciativa pretende atender mais de 2.400 pessoas em situa\u00e7\u00e3o de vulnerabilidade social at\u00e9 2026","og_url":"https:\/\/www.fiemg.com.br\/regional-sede\/noticias\/com-foco-na-insercao-no-mercado-industrial-iniciativa-pretende-atender-mais-de-2-400-pessoas-em-situacao-de-vulnerabilidade-social-ate-2026-2-2\/","og_site_name":"FIEMG","article_modified_time":"2025-04-29T16:43:50+00:00","og_image":[{"width":1080,"height":1080,"url":"https:\/\/www.fiemg.com.br\/regional-sede\/wp-content\/uploads\/sites\/21\/2025\/04\/Minas-Forma-1.png","type":"image\/png"}],"twitter_card":"summary_large_image","twitter_misc":{"Est. tempo de leitura":"2 minutos"},"schema":{"@context":"https:\/\/schema.org","@graph":[{"@type":"WebPage","@id":"https:\/\/www.fiemg.com.br\/regional-sede\/noticias\/com-foco-na-insercao-no-mercado-industrial-iniciativa-pretende-atender-mais-de-2-400-pessoas-em-situacao-de-vulnerabilidade-social-ate-2026-2-2\/","url":"https:\/\/www.fiemg.com.br\/regional-sede\/noticias\/com-foco-na-insercao-no-mercado-industrial-iniciativa-pretende-atender-mais-de-2-400-pessoas-em-situacao-de-vulnerabilidade-social-ate-2026-2-2\/","name":"\u00a0Minas Forma leva capacita\u00e7\u00e3o profissional gratuita a 35 cidades mineiras em parceria entre SEDESE e SENAI-MG - FIEMG","isPartOf":{"@id":"https:\/\/www.fiemg.com.br\/regional-sede\/#website"},"primaryImageOfPage":{"@id":"https:\/\/www.fiemg.com.br\/regional-sede\/noticias\/com-foco-na-insercao-no-mercado-industrial-iniciativa-pretende-atender-mais-de-2-400-pessoas-em-situacao-de-vulnerabilidade-social-ate-2026-2-2\/#primaryimage"},"image":{"@id":"https:\/\/www.fiemg.com.br\/regional-sede\/noticias\/com-foco-na-insercao-no-mercado-industrial-iniciativa-pretende-atender-mais-de-2-400-pessoas-em-situacao-de-vulnerabilidade-social-ate-2026-2-2\/#primaryimage"},"thumbnailUrl":"https:\/\/www.fiemg.com.br\/regional-sede\/wp-content\/uploads\/sites\/21\/2025\/04\/Minas-Forma-1.png","datePublished":"2025-04-29T16:43:48+00:00","dateModified":"2025-04-29T16:43:50+00:00","description":"\u00a0Com foco na inser\u00e7\u00e3o no mercado industrial, iniciativa pretende atender mais de 2.400 pessoas em situa\u00e7\u00e3o de vulnerabilidade social at\u00e9 2026","breadcrumb":{"@id":"https:\/\/www.fiemg.com.br\/regional-sede\/noticias\/com-foco-na-insercao-no-mercado-industrial-iniciativa-pretende-atender-mais-de-2-400-pessoas-em-situacao-de-vulnerabilidade-social-ate-2026-2-2\/#breadcrumb"},"inLanguage":"pt-BR","potentialAction":[{"@type":"ReadAction","target":["https:\/\/www.fiemg.com.br\/regional-sede\/noticias\/com-foco-na-insercao-no-mercado-industrial-iniciativa-pretende-atender-mais-de-2-400-pessoas-em-situacao-de-vulnerabilidade-social-ate-2026-2-2\/"]}]},{"@type":"ImageObject","inLanguage":"pt-BR","@id":"https:\/\/www.fiemg.com.br\/regional-sede\/noticias\/com-foco-na-insercao-no-mercado-industrial-iniciativa-pretende-atender-mais-de-2-400-pessoas-em-situacao-de-vulnerabilidade-social-ate-2026-2-2\/#primaryimage","url":"https:\/\/www.fiemg.com.br\/regional-sede\/wp-content\/uploads\/sites\/21\/2025\/04\/Minas-Forma-1.png","contentUrl":"https:\/\/www.fiemg.com.br\/regional-sede\/wp-content\/uploads\/sites\/21\/2025\/04\/Minas-Forma-1.png","width":1080,"height":1080},{"@type":"BreadcrumbList","@id":"https:\/\/www.fiemg.com.br\/regional-sede\/noticias\/com-foco-na-insercao-no-mercado-industrial-iniciativa-pretende-atender-mais-de-2-400-pessoas-em-situacao-de-vulnerabilidade-social-ate-2026-2-2\/#breadcrumb","itemListElement":[{"@type":"ListItem","position":1,"name":"In\u00edcio","item":"https:\/\/www.fiemg.com.br\/regional-sede\/"},{"@type":"ListItem","position":2,"name":"\u00a0Minas Forma leva capacita\u00e7\u00e3o profissional gratuita a 35 cidades mineiras em parceria entre SEDESE e SENAI-MG"}]},{"@type":"WebSite","@id":"https:\/\/www.fiemg.com.br\/regional-sede\/#website","url":"https:\/\/www.fiemg.com.br\/regional-sede\/","name":"FIEMG","description":"Federa\u00e7\u00e3o das Ind\u00fastrias do Estado de Minas Gerais","publisher":{"@id":"https:\/\/www.fiemg.com.br\/regional-sede\/#organization"},"potentialAction":[{"@type":"SearchAction","target":{"@type":"EntryPoint","urlTemplate":"https:\/\/www.fiemg.com.br\/regional-sede\/?s={search_term_string}"},"query-input":{"@type":"PropertyValueSpecification","valueRequired":true,"valueName":"search_term_string"}}],"inLanguage":"pt-BR"},{"@type":"Organization","@id":"https:\/\/www.fiemg.com.br\/regional-sede\/#organization","name":"FIEMG","url":"https:\/\/www.fiemg.com.br\/regional-sede\/","logo":{"@type":"ImageObject","inLanguage":"pt-BR","@id":"https:\/\/www.fiemg.com.br\/regional-sede\/#\/schema\/logo\/image\/","url":"https:\/\/www.fiemg.com.br\/regional-sede\/wp-content\/uploads\/sites\/21\/2023\/02\/Ativo-1.png","contentUrl":"https:\/\/www.fiemg.com.br\/regional-sede\/wp-content\/uploads\/sites\/21\/2023\/02\/Ativo-1.png","width":563,"height":149,"caption":"FIEMG"},"image":{"@id":"https:\/\/www.fiemg.com.br\/regional-sede\/#\/schema\/logo\/image\/"}}]}},"_links":{"self":[{"href":"https:\/\/www.fiemg.com.br\/regional-sede\/wp-json\/wp\/v2\/noticias\/4218","targetHints":{"allow":["GET"]}}],"collection":[{"href":"https:\/\/www.fiemg.com.br\/regional-sede\/wp-json\/wp\/v2\/noticias"}],"about":[{"href":"https:\/\/www.fiemg.com.br\/regional-sede\/wp-json\/wp\/v2\/types\/noticias"}],"wp:featuredmedia":[{"embeddable":true,"href":"https:\/\/www.fiemg.com.br\/regional-sede\/wp-json\/wp\/v2\/media\/4220"}],"wp:attachment":[{"href":"https:\/\/www.fiemg.com.br\/regional-sede\/wp-json\/wp\/v2\/media?parent=4218"}],"wp:term":[{"taxonomy":"category","embeddable":true,"href":"https:\/\/www.fiemg.com.br\/regional-sede\/wp-json\/wp\/v2\/categories?post=4218"},{"taxonomy":"post_tag","embeddable":true,"href":"https:\/\/www.fiemg.com.br\/regional-sede\/wp-json\/wp\/v2\/tags?post=4218"}],"curies":[{"name":"wp","href":"https:\/\/api.w.org\/{rel}","templated":true}]}}