{"id":4236,"date":"2025-04-30T14:34:43","date_gmt":"2025-04-30T17:34:43","guid":{"rendered":"https:\/\/www.fiemg.com.br\/regional-sede\/noticias\/fiemg-oferece-modulo-1-da-capacitacao-exportacao-na-pratica\/"},"modified":"2025-04-30T15:59:58","modified_gmt":"2025-04-30T18:59:58","slug":"fiemg-oferece-modulo-1-da-capacitacao-exportacao-na-pratica","status":"publish","type":"noticias","link":"https:\/\/www.fiemg.com.br\/regional-sede\/noticias\/fiemg-oferece-modulo-1-da-capacitacao-exportacao-na-pratica\/","title":{"rendered":"FIEMG oferece m\u00f3dulo 1 da capacita\u00e7\u00e3o \u201cExporta\u00e7\u00e3o na Pr\u00e1tica\u201d"},"content":{"rendered":"\n<p><\/p>\n\n\n\n<p>O Centro Internacional de Neg\u00f3cios (CIN) da FIEMG promove, nos dias 7 e 8 de maio, a \u201cCapacita\u00e7\u00e3o sobre Exporta\u00e7\u00e3o na Pr\u00e1tica &#8211; M\u00f3dulo 1\u201d. As aulas ser\u00e3o online, por meio da plataforma Microsoft Teams, das 9h \u00e0s 12h.<\/p>\n\n\n\n<p>A capacita\u00e7\u00e3o \u00e9 voltada para empres\u00e1rios, gestores e profissionais que desejam iniciar opera\u00e7\u00f5es de com\u00e9rcio exterior ou aprofundar seus conhecimentos no tema.<\/p>\n\n\n\n<p>O curso visa proporcionar um&nbsp; treinamento em exporta\u00e7\u00e3o e seus processos, dando uma vis\u00e3o geral sobre o fluxo e seus principais players, al\u00e9m de um panorama geral sobre os mercados de destino e o que fazer para se preparar para a exporta\u00e7\u00e3o, trazendo a abordagem mais pr\u00e1tica poss\u00edvel.<\/p>\n\n\n\n<p>Entre os conte\u00fados que ser\u00e3o tratados na capacita\u00e7\u00e3o est\u00e3o:<\/p>\n\n\n\n<p>&#8211; Fluxograma B\u00e1sico de Exporta\u00e7\u00e3o\u00a0<br>&#8211; Estrat\u00e9gias da Internacionaliza\u00e7\u00e3o para Exporta\u00e7\u00e3o<br>&#8211; Acesso a Mercados Internacionais \u2013 O que exportar e para onde exporta<br>&#8211; Com\u00e9rcio Internacional \u2013 Aspectos B\u00e1sicos, Acordos e Barreiras\u00a0<br>&#8211; Avalia\u00e7\u00e3o da Capacidade Exportadora e An\u00e1lise de Viabilidade\u00a0<br>&#8211; Prepara\u00e7\u00e3o dos Produtos para o Mercado Internacional\u00a0<br>&#8211; Procedimentos Administrativos na Exporta\u00e7\u00e3o\u00a0<br>&#8211; Habilita\u00e7\u00e3o para Exporta\u00e7\u00e3o\u00a0\u00a0<\/p>\n\n\n\n<p><strong>\u201cCapacita\u00e7\u00e3o sobre Exporta\u00e7\u00e3o na Pr\u00e1tica &#8211; M\u00f3dulo 1<\/strong><br><strong>Data:<\/strong> 7 e 8 de maio de 2025<br><strong>Hor\u00e1rio:<\/strong> 9h \u00e0s 12h<br><strong>Local: <\/strong>Online, via plataforma Microsoft Teams, (o link ser\u00e1 disponibilizado ap\u00f3s inscri\u00e7\u00e3o)<br><strong>Investimento:<\/strong> R$ 240 para o p\u00fablico geral (consulte condi\u00e7\u00f5es para grupos de uma mesma empresa ou estudantes)<br><strong>Mais informa\u00e7\u00f5es:<\/strong> (31) 3263-4726 | consultoriacin@fiemg.com.br<br><strong><a href=\"https:\/\/docs.google.com\/forms\/d\/e\/1FAIpQLScTx42GvLpTjk8gyawMBJ0hp5zQnJb9d0T98Eg9tBtxtZi0lQ\/viewform\">Cliq<\/a><a href=\"https:\/\/docs.google.com\/forms\/d\/e\/1FAIpQLScTx42GvLpTjk8gyawMBJ0hp5zQnJb9d0T98Eg9tBtxtZi0lQ\/viewform\" target=\"_blank\" rel=\"noreferrer noopener\">ue aqui e fa\u00e7a sua inscri\u00e7\u00e3o<\/a><\/strong><\/p>\n\n\n\n<p><em>Tha\u00eds Mota<\/em><br><strong>Imprensa FIEMG<\/strong><\/p>\n","protected":false},"featured_media":3292,"template":"","categories":[5],"tags":[184,276,754],"class_list":["post-4236","noticias","type-noticias","status-publish","has-post-thumbnail","hentry","category-capacitacao-empresarial","tag-capacitacao","tag-centro-internacional-de-negocios","tag-exportacao-na-pratica"],"acf":[],"yoast_head":"<!-- This site is optimized with the Yoast SEO plugin v26.2 - https:\/\/yoast.com\/wordpress\/plugins\/seo\/ -->\n<title>FIEMG oferece m\u00f3dulo 1 da capacita\u00e7\u00e3o \u201cExporta\u00e7\u00e3o na Pr\u00e1tica\u201d - FIEMG<\/title>\n<meta name=\"description\" content=\"Curso \u00e9 voltado a empres\u00e1rios, gestores e profissionais que desejam iniciar opera\u00e7\u00f5es de com\u00e9rcio exterior ou aprofundar seus conhecimentos no tema\" \/>\n<meta name=\"robots\" content=\"index, follow, max-snippet:-1, max-image-preview:large, max-video-preview:-1\" \/>\n<link rel=\"canonical\" href=\"https:\/\/www.fiemg.com.br\/regional-sede\/noticias\/fiemg-oferece-modulo-1-da-capacitacao-exportacao-na-pratica\/\" \/>\n<meta property=\"og:locale\" content=\"pt_BR\" \/>\n<meta property=\"og:type\" content=\"article\" \/>\n<meta property=\"og:title\" content=\"FIEMG oferece m\u00f3dulo 1 da capacita\u00e7\u00e3o \u201cExporta\u00e7\u00e3o na Pr\u00e1tica\u201d - FIEMG\" \/>\n<meta property=\"og:description\" content=\"Curso \u00e9 voltado a empres\u00e1rios, gestores e profissionais que desejam iniciar opera\u00e7\u00f5es de com\u00e9rcio exterior ou aprofundar seus conhecimentos no tema\" \/>\n<meta property=\"og:url\" content=\"https:\/\/www.fiemg.com.br\/regional-sede\/noticias\/fiemg-oferece-modulo-1-da-capacitacao-exportacao-na-pratica\/\" \/>\n<meta property=\"og:site_name\" content=\"FIEMG\" \/>\n<meta property=\"article:modified_time\" content=\"2025-04-30T18:59:58+00:00\" \/>\n<meta property=\"og:image\" content=\"https:\/\/www.fiemg.com.br\/regional-sede\/wp-content\/uploads\/sites\/21\/2024\/07\/CN000724_CIN_NEGOCIOS_300x200.png\" \/>\n\t<meta property=\"og:image:width\" content=\"300\" \/>\n\t<meta property=\"og:image:height\" content=\"200\" \/>\n\t<meta property=\"og:image:type\" content=\"image\/png\" \/>\n<meta name=\"twitter:card\" content=\"summary_large_image\" \/>\n<script type=\"application\/ld+json\" class=\"yoast-schema-graph\">{\"@context\":\"https:\/\/schema.org\",\"@graph\":[{\"@type\":\"WebPage\",\"@id\":\"https:\/\/www.fiemg.com.br\/regional-sede\/noticias\/fiemg-oferece-modulo-1-da-capacitacao-exportacao-na-pratica\/\",\"url\":\"https:\/\/www.fiemg.com.br\/regional-sede\/noticias\/fiemg-oferece-modulo-1-da-capacitacao-exportacao-na-pratica\/\",\"name\":\"FIEMG oferece m\u00f3dulo 1 da capacita\u00e7\u00e3o \u201cExporta\u00e7\u00e3o na Pr\u00e1tica\u201d - FIEMG\",\"isPartOf\":{\"@id\":\"https:\/\/www.fiemg.com.br\/regional-sede\/#website\"},\"primaryImageOfPage\":{\"@id\":\"https:\/\/www.fiemg.com.br\/regional-sede\/noticias\/fiemg-oferece-modulo-1-da-capacitacao-exportacao-na-pratica\/#primaryimage\"},\"image\":{\"@id\":\"https:\/\/www.fiemg.com.br\/regional-sede\/noticias\/fiemg-oferece-modulo-1-da-capacitacao-exportacao-na-pratica\/#primaryimage\"},\"thumbnailUrl\":\"https:\/\/www.fiemg.com.br\/regional-sede\/wp-content\/uploads\/sites\/21\/2024\/07\/CN000724_CIN_NEGOCIOS_300x200.png\",\"datePublished\":\"2025-04-30T17:34:43+00:00\",\"dateModified\":\"2025-04-30T18:59:58+00:00\",\"description\":\"Curso \u00e9 voltado a empres\u00e1rios, gestores e profissionais que desejam iniciar opera\u00e7\u00f5es de com\u00e9rcio exterior ou aprofundar seus conhecimentos no tema\",\"breadcrumb\":{\"@id\":\"https:\/\/www.fiemg.com.br\/regional-sede\/noticias\/fiemg-oferece-modulo-1-da-capacitacao-exportacao-na-pratica\/#breadcrumb\"},\"inLanguage\":\"pt-BR\",\"potentialAction\":[{\"@type\":\"ReadAction\",\"target\":[\"https:\/\/www.fiemg.com.br\/regional-sede\/noticias\/fiemg-oferece-modulo-1-da-capacitacao-exportacao-na-pratica\/\"]}]},{\"@type\":\"ImageObject\",\"inLanguage\":\"pt-BR\",\"@id\":\"https:\/\/www.fiemg.com.br\/regional-sede\/noticias\/fiemg-oferece-modulo-1-da-capacitacao-exportacao-na-pratica\/#primaryimage\",\"url\":\"https:\/\/www.fiemg.com.br\/regional-sede\/wp-content\/uploads\/sites\/21\/2024\/07\/CN000724_CIN_NEGOCIOS_300x200.png\",\"contentUrl\":\"https:\/\/www.fiemg.com.br\/regional-sede\/wp-content\/uploads\/sites\/21\/2024\/07\/CN000724_CIN_NEGOCIOS_300x200.png\",\"width\":300,\"height\":200},{\"@type\":\"BreadcrumbList\",\"@id\":\"https:\/\/www.fiemg.com.br\/regional-sede\/noticias\/fiemg-oferece-modulo-1-da-capacitacao-exportacao-na-pratica\/#breadcrumb\",\"itemListElement\":[{\"@type\":\"ListItem\",\"position\":1,\"name\":\"In\u00edcio\",\"item\":\"https:\/\/www.fiemg.com.br\/regional-sede\/\"},{\"@type\":\"ListItem\",\"position\":2,\"name\":\"FIEMG oferece m\u00f3dulo 1 da capacita\u00e7\u00e3o \u201cExporta\u00e7\u00e3o na Pr\u00e1tica\u201d\"}]},{\"@type\":\"WebSite\",\"@id\":\"https:\/\/www.fiemg.com.br\/regional-sede\/#website\",\"url\":\"https:\/\/www.fiemg.com.br\/regional-sede\/\",\"name\":\"FIEMG\",\"description\":\"Federa\u00e7\u00e3o das Ind\u00fastrias do Estado de Minas Gerais\",\"publisher\":{\"@id\":\"https:\/\/www.fiemg.com.br\/regional-sede\/#organization\"},\"potentialAction\":[{\"@type\":\"SearchAction\",\"target\":{\"@type\":\"EntryPoint\",\"urlTemplate\":\"https:\/\/www.fiemg.com.br\/regional-sede\/?s={search_term_string}\"},\"query-input\":{\"@type\":\"PropertyValueSpecification\",\"valueRequired\":true,\"valueName\":\"search_term_string\"}}],\"inLanguage\":\"pt-BR\"},{\"@type\":\"Organization\",\"@id\":\"https:\/\/www.fiemg.com.br\/regional-sede\/#organization\",\"name\":\"FIEMG\",\"url\":\"https:\/\/www.fiemg.com.br\/regional-sede\/\",\"logo\":{\"@type\":\"ImageObject\",\"inLanguage\":\"pt-BR\",\"@id\":\"https:\/\/www.fiemg.com.br\/regional-sede\/#\/schema\/logo\/image\/\",\"url\":\"https:\/\/www.fiemg.com.br\/regional-sede\/wp-content\/uploads\/sites\/21\/2023\/02\/Ativo-1.png\",\"contentUrl\":\"https:\/\/www.fiemg.com.br\/regional-sede\/wp-content\/uploads\/sites\/21\/2023\/02\/Ativo-1.png\",\"width\":563,\"height\":149,\"caption\":\"FIEMG\"},\"image\":{\"@id\":\"https:\/\/www.fiemg.com.br\/regional-sede\/#\/schema\/logo\/image\/\"}}]}<\/script>\n<!-- \/ Yoast SEO plugin. -->","yoast_head_json":{"title":"FIEMG oferece m\u00f3dulo 1 da capacita\u00e7\u00e3o \u201cExporta\u00e7\u00e3o na Pr\u00e1tica\u201d - FIEMG","description":"Curso \u00e9 voltado a empres\u00e1rios, gestores e profissionais que desejam iniciar opera\u00e7\u00f5es de com\u00e9rcio exterior ou aprofundar seus conhecimentos no tema","robots":{"index":"index","follow":"follow","max-snippet":"max-snippet:-1","max-image-preview":"max-image-preview:large","max-video-preview":"max-video-preview:-1"},"canonical":"https:\/\/www.fiemg.com.br\/regional-sede\/noticias\/fiemg-oferece-modulo-1-da-capacitacao-exportacao-na-pratica\/","og_locale":"pt_BR","og_type":"article","og_title":"FIEMG oferece m\u00f3dulo 1 da capacita\u00e7\u00e3o \u201cExporta\u00e7\u00e3o na Pr\u00e1tica\u201d - FIEMG","og_description":"Curso \u00e9 voltado a empres\u00e1rios, gestores e profissionais que desejam iniciar opera\u00e7\u00f5es de com\u00e9rcio exterior ou aprofundar seus conhecimentos no tema","og_url":"https:\/\/www.fiemg.com.br\/regional-sede\/noticias\/fiemg-oferece-modulo-1-da-capacitacao-exportacao-na-pratica\/","og_site_name":"FIEMG","article_modified_time":"2025-04-30T18:59:58+00:00","og_image":[{"width":300,"height":200,"url":"https:\/\/www.fiemg.com.br\/regional-sede\/wp-content\/uploads\/sites\/21\/2024\/07\/CN000724_CIN_NEGOCIOS_300x200.png","type":"image\/png"}],"twitter_card":"summary_large_image","schema":{"@context":"https:\/\/schema.org","@graph":[{"@type":"WebPage","@id":"https:\/\/www.fiemg.com.br\/regional-sede\/noticias\/fiemg-oferece-modulo-1-da-capacitacao-exportacao-na-pratica\/","url":"https:\/\/www.fiemg.com.br\/regional-sede\/noticias\/fiemg-oferece-modulo-1-da-capacitacao-exportacao-na-pratica\/","name":"FIEMG oferece m\u00f3dulo 1 da capacita\u00e7\u00e3o \u201cExporta\u00e7\u00e3o na Pr\u00e1tica\u201d - FIEMG","isPartOf":{"@id":"https:\/\/www.fiemg.com.br\/regional-sede\/#website"},"primaryImageOfPage":{"@id":"https:\/\/www.fiemg.com.br\/regional-sede\/noticias\/fiemg-oferece-modulo-1-da-capacitacao-exportacao-na-pratica\/#primaryimage"},"image":{"@id":"https:\/\/www.fiemg.com.br\/regional-sede\/noticias\/fiemg-oferece-modulo-1-da-capacitacao-exportacao-na-pratica\/#primaryimage"},"thumbnailUrl":"https:\/\/www.fiemg.com.br\/regional-sede\/wp-content\/uploads\/sites\/21\/2024\/07\/CN000724_CIN_NEGOCIOS_300x200.png","datePublished":"2025-04-30T17:34:43+00:00","dateModified":"2025-04-30T18:59:58+00:00","description":"Curso \u00e9 voltado a empres\u00e1rios, gestores e profissionais que desejam iniciar opera\u00e7\u00f5es de com\u00e9rcio exterior ou aprofundar seus conhecimentos no tema","breadcrumb":{"@id":"https:\/\/www.fiemg.com.br\/regional-sede\/noticias\/fiemg-oferece-modulo-1-da-capacitacao-exportacao-na-pratica\/#breadcrumb"},"inLanguage":"pt-BR","potentialAction":[{"@type":"ReadAction","target":["https:\/\/www.fiemg.com.br\/regional-sede\/noticias\/fiemg-oferece-modulo-1-da-capacitacao-exportacao-na-pratica\/"]}]},{"@type":"ImageObject","inLanguage":"pt-BR","@id":"https:\/\/www.fiemg.com.br\/regional-sede\/noticias\/fiemg-oferece-modulo-1-da-capacitacao-exportacao-na-pratica\/#primaryimage","url":"https:\/\/www.fiemg.com.br\/regional-sede\/wp-content\/uploads\/sites\/21\/2024\/07\/CN000724_CIN_NEGOCIOS_300x200.png","contentUrl":"https:\/\/www.fiemg.com.br\/regional-sede\/wp-content\/uploads\/sites\/21\/2024\/07\/CN000724_CIN_NEGOCIOS_300x200.png","width":300,"height":200},{"@type":"BreadcrumbList","@id":"https:\/\/www.fiemg.com.br\/regional-sede\/noticias\/fiemg-oferece-modulo-1-da-capacitacao-exportacao-na-pratica\/#breadcrumb","itemListElement":[{"@type":"ListItem","position":1,"name":"In\u00edcio","item":"https:\/\/www.fiemg.com.br\/regional-sede\/"},{"@type":"ListItem","position":2,"name":"FIEMG oferece m\u00f3dulo 1 da capacita\u00e7\u00e3o \u201cExporta\u00e7\u00e3o na Pr\u00e1tica\u201d"}]},{"@type":"WebSite","@id":"https:\/\/www.fiemg.com.br\/regional-sede\/#website","url":"https:\/\/www.fiemg.com.br\/regional-sede\/","name":"FIEMG","description":"Federa\u00e7\u00e3o das Ind\u00fastrias do Estado de Minas Gerais","publisher":{"@id":"https:\/\/www.fiemg.com.br\/regional-sede\/#organization"},"potentialAction":[{"@type":"SearchAction","target":{"@type":"EntryPoint","urlTemplate":"https:\/\/www.fiemg.com.br\/regional-sede\/?s={search_term_string}"},"query-input":{"@type":"PropertyValueSpecification","valueRequired":true,"valueName":"search_term_string"}}],"inLanguage":"pt-BR"},{"@type":"Organization","@id":"https:\/\/www.fiemg.com.br\/regional-sede\/#organization","name":"FIEMG","url":"https:\/\/www.fiemg.com.br\/regional-sede\/","logo":{"@type":"ImageObject","inLanguage":"pt-BR","@id":"https:\/\/www.fiemg.com.br\/regional-sede\/#\/schema\/logo\/image\/","url":"https:\/\/www.fiemg.com.br\/regional-sede\/wp-content\/uploads\/sites\/21\/2023\/02\/Ativo-1.png","contentUrl":"https:\/\/www.fiemg.com.br\/regional-sede\/wp-content\/uploads\/sites\/21\/2023\/02\/Ativo-1.png","width":563,"height":149,"caption":"FIEMG"},"image":{"@id":"https:\/\/www.fiemg.com.br\/regional-sede\/#\/schema\/logo\/image\/"}}]}},"_links":{"self":[{"href":"https:\/\/www.fiemg.com.br\/regional-sede\/wp-json\/wp\/v2\/noticias\/4236","targetHints":{"allow":["GET"]}}],"collection":[{"href":"https:\/\/www.fiemg.com.br\/regional-sede\/wp-json\/wp\/v2\/noticias"}],"about":[{"href":"https:\/\/www.fiemg.com.br\/regional-sede\/wp-json\/wp\/v2\/types\/noticias"}],"wp:featuredmedia":[{"embeddable":true,"href":"https:\/\/www.fiemg.com.br\/regional-sede\/wp-json\/wp\/v2\/media\/3292"}],"wp:attachment":[{"href":"https:\/\/www.fiemg.com.br\/regional-sede\/wp-json\/wp\/v2\/media?parent=4236"}],"wp:term":[{"taxonomy":"category","embeddable":true,"href":"https:\/\/www.fiemg.com.br\/regional-sede\/wp-json\/wp\/v2\/categories?post=4236"},{"taxonomy":"post_tag","embeddable":true,"href":"https:\/\/www.fiemg.com.br\/regional-sede\/wp-json\/wp\/v2\/tags?post=4236"}],"curies":[{"name":"wp","href":"https:\/\/api.w.org\/{rel}","templated":true}]}}