{"id":4250,"date":"2025-05-07T09:56:20","date_gmt":"2025-05-07T12:56:20","guid":{"rendered":"https:\/\/www.fiemg.com.br\/regional-sede\/noticias\/sindivest-jf-gv-e-apl-farol-da-mata-marcam-presenca-no-painel-sobre-logistica-reversa-da-semana-de-criatividade-e-inovacao-de-juiz-de-fora\/"},"modified":"2025-05-07T10:40:52","modified_gmt":"2025-05-07T13:40:52","slug":"sindivest-jf-gv-e-apl-farol-da-mata-marcam-presenca-no-painel-sobre-logistica-reversa-da-semana-de-criatividade-e-inovacao-de-juiz-de-fora","status":"publish","type":"noticias","link":"https:\/\/www.fiemg.com.br\/regional-sede\/noticias\/sindivest-jf-gv-e-apl-farol-da-mata-marcam-presenca-no-painel-sobre-logistica-reversa-da-semana-de-criatividade-e-inovacao-de-juiz-de-fora\/","title":{"rendered":"Sindivest JF-GV e APL Farol da Mata marcam presen\u00e7a no Painel sobre Log\u00edstica Reversa da Semana de Criatividade e Inova\u00e7\u00e3o de Juiz de Fora"},"content":{"rendered":"\n<p>O Sindicato das Ind\u00fastrias do Vestu\u00e1rio de Juiz de Fora e Governador Valadares (Sindivest JF-GV) e o Arranjo Produtivo Local (APL) Farol da Mata Vestu\u00e1rio e Afins esteve representado no Painel \u201cRes\u00edduo: problematiza\u00e7\u00f5es e oportunidades\u201d, sobre Log\u00edstica Reversa, promovido durante a Semana de Criatividade e Inova\u00e7\u00e3o de Juiz de Fora. O painel aconteceu no dia 25 de abril, no Museu de Arte Murilo Mendes, reunindo lideran\u00e7as empresariais, representantes institucionais e especialistas em sustentabilidade para debaterem estrat\u00e9gias que promovam pr\u00e1ticas respons\u00e1veis e inovadoras no manejo de res\u00edduos, uma pauta cada vez mais urgente e priorit\u00e1ria para o desenvolvimento econ\u00f4mico e ambiental da regi\u00e3o.<\/p>\n\n\n\n<p>A diretora do Sindivest JF-GV e do APL Farol da Mata, Nat\u00e1lia Ferreira, participou do evento, representando oficialmente a presidente Mari\u00e2ngela Marcon, tamb\u00e9m l\u00edder da FIEMG Regional Zona da Mata. A empres\u00e1ria assumiu a miss\u00e3o de levar a vis\u00e3o das entidades sobre o tema ao encontro. \u201cA participa\u00e7\u00e3o de Nat\u00e1lia foi essencial, especialmente pelo car\u00e1ter emergencial de sua convoca\u00e7\u00e3o, j\u00e1 que precisamos rapidamente articular uma representa\u00e7\u00e3o \u00e0 altura da import\u00e2ncia do evento. Apesar do curto prazo, Nat\u00e1lia aceitou o desafio com disposi\u00e7\u00e3o exemplar e compet\u00eancia t\u00e9cnica, caracter\u00edsticas j\u00e1 reconhecidas por todos que acompanham sua atua\u00e7\u00e3o institucional\u201d, destaca Mari\u00e2ngela.<\/p>\n\n\n\n<p>A presidente do Sindivest JF-GV e da FIEMG Regional Zona da Mata ressaltou ainda a relev\u00e2ncia do evento e a contribui\u00e7\u00e3o efetiva dada por sua diretora ao debate: \u201cNat\u00e1lia \u00e9 uma das pessoas fundamentais que comp\u00f5em nossa diretoria. Com experi\u00eancia adquirida no FIEMG Jovem, onde j\u00e1 vinha debatendo temas correlatos \u00e0 sustentabilidade e responsabilidade social, ela trouxe n\u00e3o s\u00f3 o conhecimento t\u00e9cnico, mas uma capacidade singular de comunicar claramente nossa posi\u00e7\u00e3o. Sua postura colaborativa, proativa e extremamente respons\u00e1vel agregou imenso valor ao evento\u201d, disse.<\/p>\n\n\n\n<p>Durante sua participa\u00e7\u00e3o no painel de discuss\u00e3o, Nat\u00e1lia Ferreira abordou quest\u00f5es cr\u00edticas sobre res\u00edduos s\u00f3lidos, enfatizando os desafios e oportunidades enfrentados pelo setor de confec\u00e7\u00e3o, destacando especialmente a import\u00e2ncia da articula\u00e7\u00e3o conjunta entre empresas, entidades sindicais e o poder p\u00fablico para o enfrentamento da quest\u00e3o, afirmando que a solu\u00e7\u00e3o para os desafios ambientais exige compromisso coletivo, vis\u00e3o estrat\u00e9gica e a\u00e7\u00e3o imediata.<\/p>\n\n\n\n<p>Al\u00e9m de transmitir informa\u00e7\u00f5es t\u00e9cnicas fundamentais sobre as iniciativas j\u00e1 promovidas pelo Sindivest JF-GV e pelo APL, Nat\u00e1lia tamb\u00e9m representou institucionalmente a voz da presid\u00eancia, contribuindo para o fortalecimento da imagem da entidade perante as outras organiza\u00e7\u00f5es presentes. Sua fala foi descrita como altamente representativa e alinhada \u00e0s preocupa\u00e7\u00f5es mais atuais relacionadas ao tema de res\u00edduos.<\/p>\n\n\n\n<p>Mari\u00e2ngela Marcon fez quest\u00e3o de agradecer \u00e0 Nat\u00e1lia por sua dedica\u00e7\u00e3o neste contexto espec\u00edfico: \u201cEm nome n\u00e3o s\u00f3 da presid\u00eancia do Sindivest JF-GV, mas tamb\u00e9m da FIEMG Regional Zona da Mata, agrade\u00e7o profundamente \u00e0 Nat\u00e1lia por ter aceitado prontamente me representar nesse evento que tem uma import\u00e2ncia estrat\u00e9gica para todos n\u00f3s, refor\u00e7ando sua capacidade de entrega e comprometimento com o nosso setor. O segmento t\u00eaxtil e de confec\u00e7\u00e3o est\u00e1 cada vez mais engajado na constru\u00e7\u00e3o de um futuro ambientalmente respons\u00e1vel e economicamente vi\u00e1vel. Eventos como esse contribuem significativamente para consolidar pr\u00e1ticas inovadoras e sustent\u00e1veis, posicionando a regi\u00e3o de Juiz de Fora como refer\u00eancia em responsabilidade ambiental e gest\u00e3o eficiente de res\u00edduos\u201d, disse.<\/p>\n\n\n\n<p>O Sindivest JF-GV, a FIEMG Regional ZM e o APL Farol da Mata seguem comprometidos em manter esse protagonismo, sempre incentivando e apoiando seus integrantes a representarem de forma efetiva os interesses coletivos e as causas fundamentais para o desenvolvimento sustent\u00e1vel da ind\u00fastria e da comunidade regional.<\/p>\n\n\n\n<p><strong>Semana da Criatividade e Inova\u00e7\u00e3o de Juiz de Fora<\/strong><\/p>\n\n\n\n<p>A celebra\u00e7\u00e3o foi inclu\u00edda no calend\u00e1rio oficial da cidade em 2022 e tem por objetivo valorizar, incentivar e celebrar a criatividade e a inova\u00e7\u00e3o&nbsp; para o desenvolvimento econ\u00f4mico e social, sempre de forma sustent\u00e1vel. A programa\u00e7\u00e3o deste ano foi realizada de 24 a 26 de abril e a realiza\u00e7\u00e3o do evento \u00e9 do instituto Epros e do Studio Dialeto, com o apoio da Prefeitura de Juiz de Fora, Universidade Federal de Juiz de Fora, sociedade civil, inciativas privadas e da Rede Criativa de Juiz de Fora \u2013 Recria JF.<\/p>\n\n\n\n<p><em>Graciele Vianna<\/em><br><strong>Imprensa FIEMG<\/strong><\/p>\n\n\n\n<p><em>Colabora\u00e7\u00e3o: Sindivest JF-GV<\/em><\/p>\n","protected":false},"featured_media":4254,"template":"","categories":[15],"tags":[991,992,357,993,994,995],"class_list":["post-4250","noticias","type-noticias","status-publish","has-post-thumbnail","hentry","category-desenvolvimento-industrial","tag-criatividade","tag-fiemg-regional-zona-da-mata","tag-inovacao-2","tag-logistica","tag-painel","tag-sindvest"],"acf":[],"yoast_head":"<!-- This site is optimized with the Yoast SEO plugin v26.2 - https:\/\/yoast.com\/wordpress\/plugins\/seo\/ -->\n<title>Sindivest JF-GV e APL Farol da Mata marcam presen\u00e7a no Painel sobre Log\u00edstica Reversa da Semana de Criatividade e Inova\u00e7\u00e3o de Juiz de Fora - FIEMG<\/title>\n<meta name=\"description\" content=\"Debate sobre res\u00edduos, suas problematiza\u00e7\u00f5es e oportunidades destacou a relev\u00e2ncia da sustentabilidade para a ind\u00fastria regional\" \/>\n<meta name=\"robots\" content=\"index, follow, max-snippet:-1, max-image-preview:large, max-video-preview:-1\" \/>\n<link rel=\"canonical\" href=\"https:\/\/www.fiemg.com.br\/regional-sede\/noticias\/sindivest-jf-gv-e-apl-farol-da-mata-marcam-presenca-no-painel-sobre-logistica-reversa-da-semana-de-criatividade-e-inovacao-de-juiz-de-fora\/\" \/>\n<meta property=\"og:locale\" content=\"pt_BR\" \/>\n<meta property=\"og:type\" content=\"article\" \/>\n<meta property=\"og:title\" content=\"Sindivest JF-GV e APL Farol da Mata marcam presen\u00e7a no Painel sobre Log\u00edstica Reversa da Semana de Criatividade e Inova\u00e7\u00e3o de Juiz de Fora - FIEMG\" \/>\n<meta property=\"og:description\" content=\"Debate sobre res\u00edduos, suas problematiza\u00e7\u00f5es e oportunidades destacou a relev\u00e2ncia da sustentabilidade para a ind\u00fastria regional\" \/>\n<meta property=\"og:url\" content=\"https:\/\/www.fiemg.com.br\/regional-sede\/noticias\/sindivest-jf-gv-e-apl-farol-da-mata-marcam-presenca-no-painel-sobre-logistica-reversa-da-semana-de-criatividade-e-inovacao-de-juiz-de-fora\/\" \/>\n<meta property=\"og:site_name\" content=\"FIEMG\" \/>\n<meta property=\"article:modified_time\" content=\"2025-05-07T13:40:52+00:00\" \/>\n<meta property=\"og:image\" content=\"https:\/\/www.fiemg.com.br\/regional-sede\/wp-content\/uploads\/sites\/21\/2025\/05\/SINDVEST.png\" \/>\n\t<meta property=\"og:image:width\" content=\"512\" \/>\n\t<meta property=\"og:image:height\" content=\"512\" \/>\n\t<meta property=\"og:image:type\" content=\"image\/png\" \/>\n<meta name=\"twitter:card\" content=\"summary_large_image\" \/>\n<meta name=\"twitter:label1\" content=\"Est. tempo de leitura\" \/>\n\t<meta name=\"twitter:data1\" content=\"4 minutos\" \/>\n<script type=\"application\/ld+json\" class=\"yoast-schema-graph\">{\"@context\":\"https:\/\/schema.org\",\"@graph\":[{\"@type\":\"WebPage\",\"@id\":\"https:\/\/www.fiemg.com.br\/regional-sede\/noticias\/sindivest-jf-gv-e-apl-farol-da-mata-marcam-presenca-no-painel-sobre-logistica-reversa-da-semana-de-criatividade-e-inovacao-de-juiz-de-fora\/\",\"url\":\"https:\/\/www.fiemg.com.br\/regional-sede\/noticias\/sindivest-jf-gv-e-apl-farol-da-mata-marcam-presenca-no-painel-sobre-logistica-reversa-da-semana-de-criatividade-e-inovacao-de-juiz-de-fora\/\",\"name\":\"Sindivest JF-GV e APL Farol da Mata marcam presen\u00e7a no Painel sobre Log\u00edstica Reversa da Semana de Criatividade e Inova\u00e7\u00e3o de Juiz de Fora - FIEMG\",\"isPartOf\":{\"@id\":\"https:\/\/www.fiemg.com.br\/regional-sede\/#website\"},\"primaryImageOfPage\":{\"@id\":\"https:\/\/www.fiemg.com.br\/regional-sede\/noticias\/sindivest-jf-gv-e-apl-farol-da-mata-marcam-presenca-no-painel-sobre-logistica-reversa-da-semana-de-criatividade-e-inovacao-de-juiz-de-fora\/#primaryimage\"},\"image\":{\"@id\":\"https:\/\/www.fiemg.com.br\/regional-sede\/noticias\/sindivest-jf-gv-e-apl-farol-da-mata-marcam-presenca-no-painel-sobre-logistica-reversa-da-semana-de-criatividade-e-inovacao-de-juiz-de-fora\/#primaryimage\"},\"thumbnailUrl\":\"https:\/\/www.fiemg.com.br\/regional-sede\/wp-content\/uploads\/sites\/21\/2025\/05\/SINDVEST.png\",\"datePublished\":\"2025-05-07T12:56:20+00:00\",\"dateModified\":\"2025-05-07T13:40:52+00:00\",\"description\":\"Debate sobre res\u00edduos, suas problematiza\u00e7\u00f5es e oportunidades destacou a relev\u00e2ncia da sustentabilidade para a ind\u00fastria regional\",\"breadcrumb\":{\"@id\":\"https:\/\/www.fiemg.com.br\/regional-sede\/noticias\/sindivest-jf-gv-e-apl-farol-da-mata-marcam-presenca-no-painel-sobre-logistica-reversa-da-semana-de-criatividade-e-inovacao-de-juiz-de-fora\/#breadcrumb\"},\"inLanguage\":\"pt-BR\",\"potentialAction\":[{\"@type\":\"ReadAction\",\"target\":[\"https:\/\/www.fiemg.com.br\/regional-sede\/noticias\/sindivest-jf-gv-e-apl-farol-da-mata-marcam-presenca-no-painel-sobre-logistica-reversa-da-semana-de-criatividade-e-inovacao-de-juiz-de-fora\/\"]}]},{\"@type\":\"ImageObject\",\"inLanguage\":\"pt-BR\",\"@id\":\"https:\/\/www.fiemg.com.br\/regional-sede\/noticias\/sindivest-jf-gv-e-apl-farol-da-mata-marcam-presenca-no-painel-sobre-logistica-reversa-da-semana-de-criatividade-e-inovacao-de-juiz-de-fora\/#primaryimage\",\"url\":\"https:\/\/www.fiemg.com.br\/regional-sede\/wp-content\/uploads\/sites\/21\/2025\/05\/SINDVEST.png\",\"contentUrl\":\"https:\/\/www.fiemg.com.br\/regional-sede\/wp-content\/uploads\/sites\/21\/2025\/05\/SINDVEST.png\",\"width\":512,\"height\":512},{\"@type\":\"BreadcrumbList\",\"@id\":\"https:\/\/www.fiemg.com.br\/regional-sede\/noticias\/sindivest-jf-gv-e-apl-farol-da-mata-marcam-presenca-no-painel-sobre-logistica-reversa-da-semana-de-criatividade-e-inovacao-de-juiz-de-fora\/#breadcrumb\",\"itemListElement\":[{\"@type\":\"ListItem\",\"position\":1,\"name\":\"In\u00edcio\",\"item\":\"https:\/\/www.fiemg.com.br\/regional-sede\/\"},{\"@type\":\"ListItem\",\"position\":2,\"name\":\"Sindivest JF-GV e APL Farol da Mata marcam presen\u00e7a no Painel sobre Log\u00edstica Reversa da Semana de Criatividade e Inova\u00e7\u00e3o de Juiz de Fora\"}]},{\"@type\":\"WebSite\",\"@id\":\"https:\/\/www.fiemg.com.br\/regional-sede\/#website\",\"url\":\"https:\/\/www.fiemg.com.br\/regional-sede\/\",\"name\":\"FIEMG\",\"description\":\"Federa\u00e7\u00e3o das Ind\u00fastrias do Estado de Minas Gerais\",\"publisher\":{\"@id\":\"https:\/\/www.fiemg.com.br\/regional-sede\/#organization\"},\"potentialAction\":[{\"@type\":\"SearchAction\",\"target\":{\"@type\":\"EntryPoint\",\"urlTemplate\":\"https:\/\/www.fiemg.com.br\/regional-sede\/?s={search_term_string}\"},\"query-input\":{\"@type\":\"PropertyValueSpecification\",\"valueRequired\":true,\"valueName\":\"search_term_string\"}}],\"inLanguage\":\"pt-BR\"},{\"@type\":\"Organization\",\"@id\":\"https:\/\/www.fiemg.com.br\/regional-sede\/#organization\",\"name\":\"FIEMG\",\"url\":\"https:\/\/www.fiemg.com.br\/regional-sede\/\",\"logo\":{\"@type\":\"ImageObject\",\"inLanguage\":\"pt-BR\",\"@id\":\"https:\/\/www.fiemg.com.br\/regional-sede\/#\/schema\/logo\/image\/\",\"url\":\"https:\/\/www.fiemg.com.br\/regional-sede\/wp-content\/uploads\/sites\/21\/2023\/02\/Ativo-1.png\",\"contentUrl\":\"https:\/\/www.fiemg.com.br\/regional-sede\/wp-content\/uploads\/sites\/21\/2023\/02\/Ativo-1.png\",\"width\":563,\"height\":149,\"caption\":\"FIEMG\"},\"image\":{\"@id\":\"https:\/\/www.fiemg.com.br\/regional-sede\/#\/schema\/logo\/image\/\"}}]}<\/script>\n<!-- \/ Yoast SEO plugin. -->","yoast_head_json":{"title":"Sindivest JF-GV e APL Farol da Mata marcam presen\u00e7a no Painel sobre Log\u00edstica Reversa da Semana de Criatividade e Inova\u00e7\u00e3o de Juiz de Fora - FIEMG","description":"Debate sobre res\u00edduos, suas problematiza\u00e7\u00f5es e oportunidades destacou a relev\u00e2ncia da sustentabilidade para a ind\u00fastria regional","robots":{"index":"index","follow":"follow","max-snippet":"max-snippet:-1","max-image-preview":"max-image-preview:large","max-video-preview":"max-video-preview:-1"},"canonical":"https:\/\/www.fiemg.com.br\/regional-sede\/noticias\/sindivest-jf-gv-e-apl-farol-da-mata-marcam-presenca-no-painel-sobre-logistica-reversa-da-semana-de-criatividade-e-inovacao-de-juiz-de-fora\/","og_locale":"pt_BR","og_type":"article","og_title":"Sindivest JF-GV e APL Farol da Mata marcam presen\u00e7a no Painel sobre Log\u00edstica Reversa da Semana de Criatividade e Inova\u00e7\u00e3o de Juiz de Fora - FIEMG","og_description":"Debate sobre res\u00edduos, suas problematiza\u00e7\u00f5es e oportunidades destacou a relev\u00e2ncia da sustentabilidade para a ind\u00fastria regional","og_url":"https:\/\/www.fiemg.com.br\/regional-sede\/noticias\/sindivest-jf-gv-e-apl-farol-da-mata-marcam-presenca-no-painel-sobre-logistica-reversa-da-semana-de-criatividade-e-inovacao-de-juiz-de-fora\/","og_site_name":"FIEMG","article_modified_time":"2025-05-07T13:40:52+00:00","og_image":[{"width":512,"height":512,"url":"https:\/\/www.fiemg.com.br\/regional-sede\/wp-content\/uploads\/sites\/21\/2025\/05\/SINDVEST.png","type":"image\/png"}],"twitter_card":"summary_large_image","twitter_misc":{"Est. tempo de leitura":"4 minutos"},"schema":{"@context":"https:\/\/schema.org","@graph":[{"@type":"WebPage","@id":"https:\/\/www.fiemg.com.br\/regional-sede\/noticias\/sindivest-jf-gv-e-apl-farol-da-mata-marcam-presenca-no-painel-sobre-logistica-reversa-da-semana-de-criatividade-e-inovacao-de-juiz-de-fora\/","url":"https:\/\/www.fiemg.com.br\/regional-sede\/noticias\/sindivest-jf-gv-e-apl-farol-da-mata-marcam-presenca-no-painel-sobre-logistica-reversa-da-semana-de-criatividade-e-inovacao-de-juiz-de-fora\/","name":"Sindivest JF-GV e APL Farol da Mata marcam presen\u00e7a no Painel sobre Log\u00edstica Reversa da Semana de Criatividade e Inova\u00e7\u00e3o de Juiz de Fora - FIEMG","isPartOf":{"@id":"https:\/\/www.fiemg.com.br\/regional-sede\/#website"},"primaryImageOfPage":{"@id":"https:\/\/www.fiemg.com.br\/regional-sede\/noticias\/sindivest-jf-gv-e-apl-farol-da-mata-marcam-presenca-no-painel-sobre-logistica-reversa-da-semana-de-criatividade-e-inovacao-de-juiz-de-fora\/#primaryimage"},"image":{"@id":"https:\/\/www.fiemg.com.br\/regional-sede\/noticias\/sindivest-jf-gv-e-apl-farol-da-mata-marcam-presenca-no-painel-sobre-logistica-reversa-da-semana-de-criatividade-e-inovacao-de-juiz-de-fora\/#primaryimage"},"thumbnailUrl":"https:\/\/www.fiemg.com.br\/regional-sede\/wp-content\/uploads\/sites\/21\/2025\/05\/SINDVEST.png","datePublished":"2025-05-07T12:56:20+00:00","dateModified":"2025-05-07T13:40:52+00:00","description":"Debate sobre res\u00edduos, suas problematiza\u00e7\u00f5es e oportunidades destacou a relev\u00e2ncia da sustentabilidade para a ind\u00fastria regional","breadcrumb":{"@id":"https:\/\/www.fiemg.com.br\/regional-sede\/noticias\/sindivest-jf-gv-e-apl-farol-da-mata-marcam-presenca-no-painel-sobre-logistica-reversa-da-semana-de-criatividade-e-inovacao-de-juiz-de-fora\/#breadcrumb"},"inLanguage":"pt-BR","potentialAction":[{"@type":"ReadAction","target":["https:\/\/www.fiemg.com.br\/regional-sede\/noticias\/sindivest-jf-gv-e-apl-farol-da-mata-marcam-presenca-no-painel-sobre-logistica-reversa-da-semana-de-criatividade-e-inovacao-de-juiz-de-fora\/"]}]},{"@type":"ImageObject","inLanguage":"pt-BR","@id":"https:\/\/www.fiemg.com.br\/regional-sede\/noticias\/sindivest-jf-gv-e-apl-farol-da-mata-marcam-presenca-no-painel-sobre-logistica-reversa-da-semana-de-criatividade-e-inovacao-de-juiz-de-fora\/#primaryimage","url":"https:\/\/www.fiemg.com.br\/regional-sede\/wp-content\/uploads\/sites\/21\/2025\/05\/SINDVEST.png","contentUrl":"https:\/\/www.fiemg.com.br\/regional-sede\/wp-content\/uploads\/sites\/21\/2025\/05\/SINDVEST.png","width":512,"height":512},{"@type":"BreadcrumbList","@id":"https:\/\/www.fiemg.com.br\/regional-sede\/noticias\/sindivest-jf-gv-e-apl-farol-da-mata-marcam-presenca-no-painel-sobre-logistica-reversa-da-semana-de-criatividade-e-inovacao-de-juiz-de-fora\/#breadcrumb","itemListElement":[{"@type":"ListItem","position":1,"name":"In\u00edcio","item":"https:\/\/www.fiemg.com.br\/regional-sede\/"},{"@type":"ListItem","position":2,"name":"Sindivest JF-GV e APL Farol da Mata marcam presen\u00e7a no Painel sobre Log\u00edstica Reversa da Semana de Criatividade e Inova\u00e7\u00e3o de Juiz de Fora"}]},{"@type":"WebSite","@id":"https:\/\/www.fiemg.com.br\/regional-sede\/#website","url":"https:\/\/www.fiemg.com.br\/regional-sede\/","name":"FIEMG","description":"Federa\u00e7\u00e3o das Ind\u00fastrias do Estado de Minas Gerais","publisher":{"@id":"https:\/\/www.fiemg.com.br\/regional-sede\/#organization"},"potentialAction":[{"@type":"SearchAction","target":{"@type":"EntryPoint","urlTemplate":"https:\/\/www.fiemg.com.br\/regional-sede\/?s={search_term_string}"},"query-input":{"@type":"PropertyValueSpecification","valueRequired":true,"valueName":"search_term_string"}}],"inLanguage":"pt-BR"},{"@type":"Organization","@id":"https:\/\/www.fiemg.com.br\/regional-sede\/#organization","name":"FIEMG","url":"https:\/\/www.fiemg.com.br\/regional-sede\/","logo":{"@type":"ImageObject","inLanguage":"pt-BR","@id":"https:\/\/www.fiemg.com.br\/regional-sede\/#\/schema\/logo\/image\/","url":"https:\/\/www.fiemg.com.br\/regional-sede\/wp-content\/uploads\/sites\/21\/2023\/02\/Ativo-1.png","contentUrl":"https:\/\/www.fiemg.com.br\/regional-sede\/wp-content\/uploads\/sites\/21\/2023\/02\/Ativo-1.png","width":563,"height":149,"caption":"FIEMG"},"image":{"@id":"https:\/\/www.fiemg.com.br\/regional-sede\/#\/schema\/logo\/image\/"}}]}},"_links":{"self":[{"href":"https:\/\/www.fiemg.com.br\/regional-sede\/wp-json\/wp\/v2\/noticias\/4250","targetHints":{"allow":["GET"]}}],"collection":[{"href":"https:\/\/www.fiemg.com.br\/regional-sede\/wp-json\/wp\/v2\/noticias"}],"about":[{"href":"https:\/\/www.fiemg.com.br\/regional-sede\/wp-json\/wp\/v2\/types\/noticias"}],"wp:featuredmedia":[{"embeddable":true,"href":"https:\/\/www.fiemg.com.br\/regional-sede\/wp-json\/wp\/v2\/media\/4254"}],"wp:attachment":[{"href":"https:\/\/www.fiemg.com.br\/regional-sede\/wp-json\/wp\/v2\/media?parent=4250"}],"wp:term":[{"taxonomy":"category","embeddable":true,"href":"https:\/\/www.fiemg.com.br\/regional-sede\/wp-json\/wp\/v2\/categories?post=4250"},{"taxonomy":"post_tag","embeddable":true,"href":"https:\/\/www.fiemg.com.br\/regional-sede\/wp-json\/wp\/v2\/tags?post=4250"}],"curies":[{"name":"wp","href":"https:\/\/api.w.org\/{rel}","templated":true}]}}