{"id":4326,"date":"2025-05-15T15:04:16","date_gmt":"2025-05-15T18:04:16","guid":{"rendered":"https:\/\/www.fiemg.com.br\/regional-sede\/noticias\/nova-gestao-da-fiemg-regional-zm-promove-aproximacao-com-a-imprensa-local\/"},"modified":"2025-05-15T16:53:01","modified_gmt":"2025-05-15T19:53:01","slug":"nova-gestao-da-fiemg-regional-zm-promove-aproximacao-com-a-imprensa-local","status":"publish","type":"noticias","link":"https:\/\/www.fiemg.com.br\/regional-sede\/noticias\/nova-gestao-da-fiemg-regional-zm-promove-aproximacao-com-a-imprensa-local\/","title":{"rendered":"Nova gest\u00e3o da FIEMG Regional ZM promove aproxima\u00e7\u00e3o com a imprensa local"},"content":{"rendered":"\n<p>Como parte do planejamento estrat\u00e9gico da nova gest\u00e3o da FIEMG Regional Zona da Mata, a presidente Mari\u00e2ngela Miranda Marcon, que tamb\u00e9m lidera o Sindicato das Ind\u00fastrias do Vestu\u00e1rio de Juiz de Fora e Governador Valadares (Sindivest JF-GV), recebeu no dia 13 de maio, na sede da entidade, em Juiz de Fora, representantes da TV Integra\u00e7\u00e3o, afiliada da Rede Globo na regi\u00e3o. Estiveram presentes no encontro o gestor corporativo da emissora, Ant\u00f4nio Leonardo, e a gerente de neg\u00f3cios, Tais Alves.<\/p>\n\n\n\n<p>A reuni\u00e3o teve como foco o estreitamento de rela\u00e7\u00f5es entre as institui\u00e7\u00f5es, visando ampliar a visibilidade das a\u00e7\u00f5es da FIEMG e fortalecer a comunica\u00e7\u00e3o institucional com a sociedade. Tamb\u00e9m participou do encontro a consultora interna de Comunica\u00e7\u00e3o da FIEMG Regional ZM, Graciele Vianna.<\/p>\n\n\n\n<p>Segundo Mari\u00e2ngela Marcon, o planejamento de sua gest\u00e3o est\u00e1 alicer\u00e7ado em tr\u00eas pilares fundamentais: Posicionamento Estrat\u00e9gico e Comunica\u00e7\u00e3o; Articula\u00e7\u00e3o Pol\u00edtica e Institucional; e Impacto Econ\u00f4mico e Social. Dentro do primeiro ponto, a proposta \u00e9 fortalecer a imagem da ind\u00fastria regional, promover o desenvolvimento local e gerar impacto positivo para as empresas e a comunidade.<\/p>\n\n\n\n<p>\u201cTrabalhando neste pilar, estamos em busca de uma identidade forte, com uma narrativa que destaque o papel fundamental da FIEMG na regi\u00e3o; aumento da presen\u00e7a digital, aproxima\u00e7\u00e3o com a imprensa e realiza\u00e7\u00e3o de eventos institucionais\u201d, afirmou a presidente.<\/p>\n\n\n\n<p>A iniciativa reafirma o compromisso da FIEMG Regional ZM com a transpar\u00eancia, o di\u00e1logo e a valoriza\u00e7\u00e3o da ind\u00fastria mineira como motor de desenvolvimento econ\u00f4mico e social. A constru\u00e7\u00e3o de parcerias com ve\u00edculos de comunica\u00e7\u00e3o, como a TV Integra\u00e7\u00e3o, \u00e9 vista como essencial para ampliar o alcance das a\u00e7\u00f5es institucionais e refor\u00e7ar a representatividade da entidade perante o p\u00fablico regional.<\/p>\n\n\n\n<p>.<\/p>\n\n\n\n<p><em>Graciele Vianna<\/em><\/p>\n\n\n\n<p><strong>Imprensa FIEMG<\/strong><\/p>\n\n\n\n<p><\/p>\n","protected":false},"featured_media":4327,"template":"","categories":[15],"tags":[],"class_list":["post-4326","noticias","type-noticias","status-publish","has-post-thumbnail","hentry","category-desenvolvimento-industrial"],"acf":[],"yoast_head":"<!-- This site is optimized with the Yoast SEO plugin v26.2 - https:\/\/yoast.com\/wordpress\/plugins\/seo\/ -->\n<title>Nova gest\u00e3o da FIEMG Regional ZM promove aproxima\u00e7\u00e3o com a imprensa local - FIEMG<\/title>\n<meta name=\"robots\" content=\"index, follow, max-snippet:-1, max-image-preview:large, max-video-preview:-1\" \/>\n<link rel=\"canonical\" href=\"https:\/\/www.fiemg.com.br\/regional-sede\/noticias\/nova-gestao-da-fiemg-regional-zm-promove-aproximacao-com-a-imprensa-local\/\" \/>\n<meta property=\"og:locale\" content=\"pt_BR\" \/>\n<meta property=\"og:type\" content=\"article\" \/>\n<meta property=\"og:title\" content=\"Nova gest\u00e3o da FIEMG Regional ZM promove aproxima\u00e7\u00e3o com a imprensa local - FIEMG\" \/>\n<meta property=\"og:description\" content=\"Como parte do planejamento estrat\u00e9gico da nova gest\u00e3o da FIEMG Regional Zona da Mata, a presidente Mari\u00e2ngela Miranda Marcon, que tamb\u00e9m lidera o Sindicato das Ind\u00fastrias do Vestu\u00e1rio de Juiz de Fora e Governador Valadares (Sindivest JF-GV), recebeu no dia 13 de maio, na sede da entidade, em Juiz de Fora, representantes da TV Integra\u00e7\u00e3o, [&hellip;]\" \/>\n<meta property=\"og:url\" content=\"https:\/\/www.fiemg.com.br\/regional-sede\/noticias\/nova-gestao-da-fiemg-regional-zm-promove-aproximacao-com-a-imprensa-local\/\" \/>\n<meta property=\"og:site_name\" content=\"FIEMG\" \/>\n<meta property=\"article:modified_time\" content=\"2025-05-15T19:53:01+00:00\" \/>\n<meta property=\"og:image\" content=\"https:\/\/www.fiemg.com.br\/regional-sede\/wp-content\/uploads\/sites\/21\/2025\/05\/reuniao-tv-integracao4.jpg\" \/>\n\t<meta property=\"og:image:width\" content=\"720\" \/>\n\t<meta property=\"og:image:height\" content=\"1280\" \/>\n\t<meta property=\"og:image:type\" content=\"image\/jpeg\" \/>\n<meta name=\"twitter:card\" content=\"summary_large_image\" \/>\n<meta name=\"twitter:label1\" content=\"Est. tempo de leitura\" \/>\n\t<meta name=\"twitter:data1\" content=\"2 minutos\" \/>\n<script type=\"application\/ld+json\" class=\"yoast-schema-graph\">{\"@context\":\"https:\/\/schema.org\",\"@graph\":[{\"@type\":\"WebPage\",\"@id\":\"https:\/\/www.fiemg.com.br\/regional-sede\/noticias\/nova-gestao-da-fiemg-regional-zm-promove-aproximacao-com-a-imprensa-local\/\",\"url\":\"https:\/\/www.fiemg.com.br\/regional-sede\/noticias\/nova-gestao-da-fiemg-regional-zm-promove-aproximacao-com-a-imprensa-local\/\",\"name\":\"Nova gest\u00e3o da FIEMG Regional ZM promove aproxima\u00e7\u00e3o com a imprensa local - FIEMG\",\"isPartOf\":{\"@id\":\"https:\/\/www.fiemg.com.br\/regional-sede\/#website\"},\"primaryImageOfPage\":{\"@id\":\"https:\/\/www.fiemg.com.br\/regional-sede\/noticias\/nova-gestao-da-fiemg-regional-zm-promove-aproximacao-com-a-imprensa-local\/#primaryimage\"},\"image\":{\"@id\":\"https:\/\/www.fiemg.com.br\/regional-sede\/noticias\/nova-gestao-da-fiemg-regional-zm-promove-aproximacao-com-a-imprensa-local\/#primaryimage\"},\"thumbnailUrl\":\"https:\/\/www.fiemg.com.br\/regional-sede\/wp-content\/uploads\/sites\/21\/2025\/05\/reuniao-tv-integracao4.jpg\",\"datePublished\":\"2025-05-15T18:04:16+00:00\",\"dateModified\":\"2025-05-15T19:53:01+00:00\",\"breadcrumb\":{\"@id\":\"https:\/\/www.fiemg.com.br\/regional-sede\/noticias\/nova-gestao-da-fiemg-regional-zm-promove-aproximacao-com-a-imprensa-local\/#breadcrumb\"},\"inLanguage\":\"pt-BR\",\"potentialAction\":[{\"@type\":\"ReadAction\",\"target\":[\"https:\/\/www.fiemg.com.br\/regional-sede\/noticias\/nova-gestao-da-fiemg-regional-zm-promove-aproximacao-com-a-imprensa-local\/\"]}]},{\"@type\":\"ImageObject\",\"inLanguage\":\"pt-BR\",\"@id\":\"https:\/\/www.fiemg.com.br\/regional-sede\/noticias\/nova-gestao-da-fiemg-regional-zm-promove-aproximacao-com-a-imprensa-local\/#primaryimage\",\"url\":\"https:\/\/www.fiemg.com.br\/regional-sede\/wp-content\/uploads\/sites\/21\/2025\/05\/reuniao-tv-integracao4.jpg\",\"contentUrl\":\"https:\/\/www.fiemg.com.br\/regional-sede\/wp-content\/uploads\/sites\/21\/2025\/05\/reuniao-tv-integracao4.jpg\",\"width\":720,\"height\":1280},{\"@type\":\"BreadcrumbList\",\"@id\":\"https:\/\/www.fiemg.com.br\/regional-sede\/noticias\/nova-gestao-da-fiemg-regional-zm-promove-aproximacao-com-a-imprensa-local\/#breadcrumb\",\"itemListElement\":[{\"@type\":\"ListItem\",\"position\":1,\"name\":\"In\u00edcio\",\"item\":\"https:\/\/www.fiemg.com.br\/regional-sede\/\"},{\"@type\":\"ListItem\",\"position\":2,\"name\":\"Nova gest\u00e3o da FIEMG Regional ZM promove aproxima\u00e7\u00e3o com a imprensa local\"}]},{\"@type\":\"WebSite\",\"@id\":\"https:\/\/www.fiemg.com.br\/regional-sede\/#website\",\"url\":\"https:\/\/www.fiemg.com.br\/regional-sede\/\",\"name\":\"FIEMG\",\"description\":\"Federa\u00e7\u00e3o das Ind\u00fastrias do Estado de Minas Gerais\",\"publisher\":{\"@id\":\"https:\/\/www.fiemg.com.br\/regional-sede\/#organization\"},\"potentialAction\":[{\"@type\":\"SearchAction\",\"target\":{\"@type\":\"EntryPoint\",\"urlTemplate\":\"https:\/\/www.fiemg.com.br\/regional-sede\/?s={search_term_string}\"},\"query-input\":{\"@type\":\"PropertyValueSpecification\",\"valueRequired\":true,\"valueName\":\"search_term_string\"}}],\"inLanguage\":\"pt-BR\"},{\"@type\":\"Organization\",\"@id\":\"https:\/\/www.fiemg.com.br\/regional-sede\/#organization\",\"name\":\"FIEMG\",\"url\":\"https:\/\/www.fiemg.com.br\/regional-sede\/\",\"logo\":{\"@type\":\"ImageObject\",\"inLanguage\":\"pt-BR\",\"@id\":\"https:\/\/www.fiemg.com.br\/regional-sede\/#\/schema\/logo\/image\/\",\"url\":\"https:\/\/www.fiemg.com.br\/regional-sede\/wp-content\/uploads\/sites\/21\/2023\/02\/Ativo-1.png\",\"contentUrl\":\"https:\/\/www.fiemg.com.br\/regional-sede\/wp-content\/uploads\/sites\/21\/2023\/02\/Ativo-1.png\",\"width\":563,\"height\":149,\"caption\":\"FIEMG\"},\"image\":{\"@id\":\"https:\/\/www.fiemg.com.br\/regional-sede\/#\/schema\/logo\/image\/\"}}]}<\/script>\n<!-- \/ Yoast SEO plugin. -->","yoast_head_json":{"title":"Nova gest\u00e3o da FIEMG Regional ZM promove aproxima\u00e7\u00e3o com a imprensa local - FIEMG","robots":{"index":"index","follow":"follow","max-snippet":"max-snippet:-1","max-image-preview":"max-image-preview:large","max-video-preview":"max-video-preview:-1"},"canonical":"https:\/\/www.fiemg.com.br\/regional-sede\/noticias\/nova-gestao-da-fiemg-regional-zm-promove-aproximacao-com-a-imprensa-local\/","og_locale":"pt_BR","og_type":"article","og_title":"Nova gest\u00e3o da FIEMG Regional ZM promove aproxima\u00e7\u00e3o com a imprensa local - FIEMG","og_description":"Como parte do planejamento estrat\u00e9gico da nova gest\u00e3o da FIEMG Regional Zona da Mata, a presidente Mari\u00e2ngela Miranda Marcon, que tamb\u00e9m lidera o Sindicato das Ind\u00fastrias do Vestu\u00e1rio de Juiz de Fora e Governador Valadares (Sindivest JF-GV), recebeu no dia 13 de maio, na sede da entidade, em Juiz de Fora, representantes da TV Integra\u00e7\u00e3o, [&hellip;]","og_url":"https:\/\/www.fiemg.com.br\/regional-sede\/noticias\/nova-gestao-da-fiemg-regional-zm-promove-aproximacao-com-a-imprensa-local\/","og_site_name":"FIEMG","article_modified_time":"2025-05-15T19:53:01+00:00","og_image":[{"width":720,"height":1280,"url":"https:\/\/www.fiemg.com.br\/regional-sede\/wp-content\/uploads\/sites\/21\/2025\/05\/reuniao-tv-integracao4.jpg","type":"image\/jpeg"}],"twitter_card":"summary_large_image","twitter_misc":{"Est. tempo de leitura":"2 minutos"},"schema":{"@context":"https:\/\/schema.org","@graph":[{"@type":"WebPage","@id":"https:\/\/www.fiemg.com.br\/regional-sede\/noticias\/nova-gestao-da-fiemg-regional-zm-promove-aproximacao-com-a-imprensa-local\/","url":"https:\/\/www.fiemg.com.br\/regional-sede\/noticias\/nova-gestao-da-fiemg-regional-zm-promove-aproximacao-com-a-imprensa-local\/","name":"Nova gest\u00e3o da FIEMG Regional ZM promove aproxima\u00e7\u00e3o com a imprensa local - FIEMG","isPartOf":{"@id":"https:\/\/www.fiemg.com.br\/regional-sede\/#website"},"primaryImageOfPage":{"@id":"https:\/\/www.fiemg.com.br\/regional-sede\/noticias\/nova-gestao-da-fiemg-regional-zm-promove-aproximacao-com-a-imprensa-local\/#primaryimage"},"image":{"@id":"https:\/\/www.fiemg.com.br\/regional-sede\/noticias\/nova-gestao-da-fiemg-regional-zm-promove-aproximacao-com-a-imprensa-local\/#primaryimage"},"thumbnailUrl":"https:\/\/www.fiemg.com.br\/regional-sede\/wp-content\/uploads\/sites\/21\/2025\/05\/reuniao-tv-integracao4.jpg","datePublished":"2025-05-15T18:04:16+00:00","dateModified":"2025-05-15T19:53:01+00:00","breadcrumb":{"@id":"https:\/\/www.fiemg.com.br\/regional-sede\/noticias\/nova-gestao-da-fiemg-regional-zm-promove-aproximacao-com-a-imprensa-local\/#breadcrumb"},"inLanguage":"pt-BR","potentialAction":[{"@type":"ReadAction","target":["https:\/\/www.fiemg.com.br\/regional-sede\/noticias\/nova-gestao-da-fiemg-regional-zm-promove-aproximacao-com-a-imprensa-local\/"]}]},{"@type":"ImageObject","inLanguage":"pt-BR","@id":"https:\/\/www.fiemg.com.br\/regional-sede\/noticias\/nova-gestao-da-fiemg-regional-zm-promove-aproximacao-com-a-imprensa-local\/#primaryimage","url":"https:\/\/www.fiemg.com.br\/regional-sede\/wp-content\/uploads\/sites\/21\/2025\/05\/reuniao-tv-integracao4.jpg","contentUrl":"https:\/\/www.fiemg.com.br\/regional-sede\/wp-content\/uploads\/sites\/21\/2025\/05\/reuniao-tv-integracao4.jpg","width":720,"height":1280},{"@type":"BreadcrumbList","@id":"https:\/\/www.fiemg.com.br\/regional-sede\/noticias\/nova-gestao-da-fiemg-regional-zm-promove-aproximacao-com-a-imprensa-local\/#breadcrumb","itemListElement":[{"@type":"ListItem","position":1,"name":"In\u00edcio","item":"https:\/\/www.fiemg.com.br\/regional-sede\/"},{"@type":"ListItem","position":2,"name":"Nova gest\u00e3o da FIEMG Regional ZM promove aproxima\u00e7\u00e3o com a imprensa local"}]},{"@type":"WebSite","@id":"https:\/\/www.fiemg.com.br\/regional-sede\/#website","url":"https:\/\/www.fiemg.com.br\/regional-sede\/","name":"FIEMG","description":"Federa\u00e7\u00e3o das Ind\u00fastrias do Estado de Minas Gerais","publisher":{"@id":"https:\/\/www.fiemg.com.br\/regional-sede\/#organization"},"potentialAction":[{"@type":"SearchAction","target":{"@type":"EntryPoint","urlTemplate":"https:\/\/www.fiemg.com.br\/regional-sede\/?s={search_term_string}"},"query-input":{"@type":"PropertyValueSpecification","valueRequired":true,"valueName":"search_term_string"}}],"inLanguage":"pt-BR"},{"@type":"Organization","@id":"https:\/\/www.fiemg.com.br\/regional-sede\/#organization","name":"FIEMG","url":"https:\/\/www.fiemg.com.br\/regional-sede\/","logo":{"@type":"ImageObject","inLanguage":"pt-BR","@id":"https:\/\/www.fiemg.com.br\/regional-sede\/#\/schema\/logo\/image\/","url":"https:\/\/www.fiemg.com.br\/regional-sede\/wp-content\/uploads\/sites\/21\/2023\/02\/Ativo-1.png","contentUrl":"https:\/\/www.fiemg.com.br\/regional-sede\/wp-content\/uploads\/sites\/21\/2023\/02\/Ativo-1.png","width":563,"height":149,"caption":"FIEMG"},"image":{"@id":"https:\/\/www.fiemg.com.br\/regional-sede\/#\/schema\/logo\/image\/"}}]}},"_links":{"self":[{"href":"https:\/\/www.fiemg.com.br\/regional-sede\/wp-json\/wp\/v2\/noticias\/4326","targetHints":{"allow":["GET"]}}],"collection":[{"href":"https:\/\/www.fiemg.com.br\/regional-sede\/wp-json\/wp\/v2\/noticias"}],"about":[{"href":"https:\/\/www.fiemg.com.br\/regional-sede\/wp-json\/wp\/v2\/types\/noticias"}],"wp:featuredmedia":[{"embeddable":true,"href":"https:\/\/www.fiemg.com.br\/regional-sede\/wp-json\/wp\/v2\/media\/4327"}],"wp:attachment":[{"href":"https:\/\/www.fiemg.com.br\/regional-sede\/wp-json\/wp\/v2\/media?parent=4326"}],"wp:term":[{"taxonomy":"category","embeddable":true,"href":"https:\/\/www.fiemg.com.br\/regional-sede\/wp-json\/wp\/v2\/categories?post=4326"},{"taxonomy":"post_tag","embeddable":true,"href":"https:\/\/www.fiemg.com.br\/regional-sede\/wp-json\/wp\/v2\/tags?post=4326"}],"curies":[{"name":"wp","href":"https:\/\/api.w.org\/{rel}","templated":true}]}}