{"id":4414,"date":"2025-05-22T14:01:05","date_gmt":"2025-05-22T17:01:05","guid":{"rendered":"https:\/\/www.fiemg.com.br\/regional-sede\/noticias\/brasil-da-passo-historico-com-primeira-entrega-de-oxidos-de-terras-raras-reciclados-pela-viridion\/"},"modified":"2025-05-22T14:04:48","modified_gmt":"2025-05-22T17:04:48","slug":"brasil-da-passo-historico-com-primeira-entrega-de-oxidos-de-terras-raras-reciclados-pela-viridion","status":"publish","type":"noticias","link":"https:\/\/www.fiemg.com.br\/regional-sede\/noticias\/brasil-da-passo-historico-com-primeira-entrega-de-oxidos-de-terras-raras-reciclados-pela-viridion\/","title":{"rendered":"Brasil d\u00e1 passo hist\u00f3rico com primeira entrega de \u00f3xidos de terras raras reciclados pela Viridion"},"content":{"rendered":"\n<p><\/p>\n\n\n\n<p>A sede da Federa\u00e7\u00e3o das Ind\u00fastrias do Estado de Minas Gerais (FIEMG) foi palco, nesta quarta-feira (21\/05), de um evento hist\u00f3rico para a ind\u00fastria brasileira: a celebra\u00e7\u00e3o da primeira entrega de \u00f3xidos de terras raras obtidos a partir da reciclagem de \u00edm\u00e3s permanentes realizada pela Viridion Rare Earth Technologies Ltda., uma joint venture entre a brasileira Viridis Minera\u00e7\u00e3o e a brit\u00e2nica Ionic Technologies.<\/p>\n\n\n\n<p>O marco representa a primeira entrega deste tipo no Hemisf\u00e9rio Sul, colocando o Brasil como pioneiro na ado\u00e7\u00e3o de pr\u00e1ticas sustent\u00e1veis de reaproveitamento de materiais cr\u00edticos, essenciais \u00e0 produ\u00e7\u00e3o de tecnologias de alto valor agregado como motores de carros el\u00e9tricos, turbinas e\u00f3licas, sensores e equipamentos eletr\u00f4nicos.<\/p>\n\n\n\n<p>O processo desenvolvido pela Viridion permite a recupera\u00e7\u00e3o de \u00f3xidos de terras raras por meio da reciclagem de \u00edm\u00e3s permanentes usados, o que reduz a necessidade de minera\u00e7\u00e3o de novos recursos, al\u00e9m de aumentar a efici\u00eancia e diminuir o impacto ambiental da cadeia produtiva.&nbsp;<\/p>\n\n\n\n<p>&#8220;Coletamos \u00edm\u00e3s usados aqui no Brasil e os enviamos para nosso centro tecnol\u00f3gico em Belfast, na Irlanda do Norte, onde realizamos todo o processo de reciclagem. Agora, estamos devolvendo ao pa\u00eds os \u00f3xidos de terras raras obtidos, marcando um passo importante rumo \u00e0 produ\u00e7\u00e3o dos primeiros \u00edm\u00e3s reciclados no Brasil e na Am\u00e9rica do Sul. Estamos muito entusiasmados com a perspectiva de, em breve, trazer essa tecnologia para c\u00e1, permitindo que todo o ciclo \u2013 da minera\u00e7\u00e3o \u00e0 fabrica\u00e7\u00e3o dos \u00edm\u00e3s \u2013 seja realizado no Brasil, especialmente em Minas Gerais\u201d, disse o CEO da Viridis, Klaus Petersen.<\/p>\n\n\n\n<p>A maior parte dos materiais entregues \u00e0 FIEMG nesta quinta-feira &#8211; \u00d3xido de T\u00e9rbio, \u00d3xido de Neod\u00edmio, \u00d3xido de Dispr\u00f3sio e \u00d3xido de Neod\u00edmio e Praseod\u00edmio &#8211; teve origem na reciclagem de equipamentos utilizados em turbinas e\u00f3licas e resson\u00e2ncia magn\u00e9tica. &#8220;Os \u00edm\u00e3s que utilizamos vieram de turbinas e\u00f3licas e de equipamentos de resson\u00e2ncia magn\u00e9tica. Ou seja, estamos lidando com aplica\u00e7\u00f5es essenciais da tecnologia moderna. Agora, esses \u00edm\u00e3s reciclados ser\u00e3o reutilizados exatamente nas mesmas finalidades \u2014 refor\u00e7ando que o futuro da transi\u00e7\u00e3o energ\u00e9tica tamb\u00e9m passa pela sa\u00fade e por solu\u00e7\u00f5es tecnol\u00f3gicas sustent\u00e1veis\u201d, completou o CEO.&nbsp;<\/p>\n\n\n\n<p>A entrega dos \u00f3xidos reciclados demonstra, na pr\u00e1tica, a viabilidade t\u00e9cnica e econ\u00f4mica do processo e representa um avan\u00e7o no desenvolvimento da economia circular no Brasil, ao mesmo tempo em que fortalece a posi\u00e7\u00e3o do pa\u00eds como um player relevante na geopol\u00edtica dos metais cr\u00edticos.<\/p>\n\n\n\n<h3 class=\"wp-block-heading\"><strong>Converg\u00eancia internacional e apoio institucional<\/strong><\/h3>\n\n\n\n<p>A reciclagem dos materiais foi realizada na planta da Ionic Technologies em Belfast, no Reino Unido, e os \u00f3xidos foram entregues oficialmente na sede da FIEMG em Belo Horizonte, simbolizando n\u00e3o apenas a concretiza\u00e7\u00e3o de uma inova\u00e7\u00e3o industrial, mas tamb\u00e9m a colabora\u00e7\u00e3o internacional em torno de um modelo produtivo mais sustent\u00e1vel.<\/p>\n\n\n\n<p>A partir de agora, eles ser\u00e3o testados na estrutura do Instituto de Terras Raras (CIT SENAI ITR), localizado em Lagoa Santa (MG), mantido pela FIEMG, como centro de refer\u00eancia no desenvolvimento tecnol\u00f3gico da cadeia de terras raras no Brasil.&nbsp;<\/p>\n\n\n\n<p>&#8220;Esses \u00edm\u00e3s ser\u00e3o utilizados no laborat\u00f3rio do CIT SENAI ITR, unidade que hoje \u00e9 refer\u00eancia em inova\u00e7\u00e3o para a cadeia de terras raras. Estamos acompanhando de perto esse processo hist\u00f3rico, que destaca de forma exemplar a import\u00e2ncia da reciclagem \u2014 afinal, esses materiais n\u00e3o s\u00e3o novos, mas foram reaproveitados com alta efici\u00eancia. O projeto liderado pela Viridion tem potencial para atender at\u00e9 7% da demanda global, o que representa um avan\u00e7o estrat\u00e9gico, capaz de reduzir significativamente a depend\u00eancia de mercados internacionais \u2014 especialmente da China \u2014 no fornecimento de insumos essenciais para a transi\u00e7\u00e3o energ\u00e9tica&#8221;, destacou o presidente da FIEMG, Fl\u00e1vio Roscoe.<\/p>\n\n\n\n<p>A expectativa do gerente de Inova\u00e7\u00e3o e Tecnologia do SENAI do ITR, Jos\u00e9 Luciano Pereira, \u00e9 que ao longo do segundo semestre deste ano j\u00e1 tenham sido realizados todos os testes com a mat\u00e9ria-prima reciclada no ITR. \u201cAinda neste segundo semestre, j\u00e1 teremos uma avalia\u00e7\u00e3o t\u00e9cnica sobre a viabilidade desse processo. \u00c9 um passo importante e, sem d\u00favida, um marco para todos os envolvidos \u2014 FIEMG, SENAI, Viridion e demais parceiros \u2014 na constru\u00e7\u00e3o de uma cadeia nacional de terras raras baseada em inova\u00e7\u00e3o e sustentabilidade\u201d, destacou.<\/p>\n\n\n\n<p>Ele explicou ainda os processos que ser\u00e3o realizados no Instituto de Terras Raras. &#8220;No CIT SENAI ITR, vamos testar esses \u00f3xidos reciclados em escala de laborat\u00f3rio, produzindo pequenas quantidades de \u00edm\u00e3s a partir desse material. Nosso foco ser\u00e1 avaliar a qualidade dos \u00edm\u00e3s produzidos \u2014 vamos caracterizar o material, medir seu poder de magnetiza\u00e7\u00e3o e verificar se as propriedades das terras raras est\u00e3o dentro dos par\u00e2metros exigidos para aplica\u00e7\u00f5es de alto desempenho. Se os resultados forem positivos, esses \u00f3xidos poder\u00e3o abastecer outras etapas da produ\u00e7\u00e3o no ITR\u201d, disse.<\/p>\n\n\n\n<p>A iniciativa da Viridion tamb\u00e9m pode vir a integrar as a\u00e7\u00f5es do<a href=\"https:\/\/www.fiemg.com.br\/noticias\/projeto-de-industrializacao-de-terras-raras-e-aprovado-no-programa-mover\/\" target=\"_blank\" rel=\"noreferrer noopener\"> Projeto MagBras<\/a>, aprovado recentemente no Programa Mover, que visa consolidar uma cadeia produtiva nacional e sustent\u00e1vel para a fabrica\u00e7\u00e3o de \u00edm\u00e3s de Neod\u00edmio, Ferro e Boro (NdFeB) \u2014 componentes estrat\u00e9gicos para a ind\u00fastria verde global. O projeto re\u00fane empresas mineradoras, startups e grandes ind\u00fastrias &#8211; entre elas o CIT SENAI ITR e a Viridion, conectando diferentes elos da cadeia produtiva, da extra\u00e7\u00e3o ao produto final.<\/p>\n\n\n\n<p>&#8220;Esse \u00e9 um momento hist\u00f3rico n\u00e3o s\u00f3 para a FIEMG e a Viridion, mas para todo o projeto MAGBRAS. Pela primeira vez no hemisf\u00e9rio sul, estamos entregando \u00f3xidos de terras raras obtidos por reciclagem \u2014 um marco que d\u00e1 o pontap\u00e9 inicial para acelerarmos as pr\u00f3ximas etapas do projeto. A partir daqui, vamos poder demonstrar, com base em resultados concretos, que o Brasil tem plena capacidade de produzir \u00edm\u00e3s permanentes com alto desempenho e qualidade, e de se posicionar como um player global nesse setor estrat\u00e9gico&#8221;, completou Jos\u00e9 Luciano.<\/p>\n\n\n\n<h3 class=\"wp-block-heading\"><strong>Protagonismo brasileiro<\/strong><\/h3>\n\n\n\n<p>O Brasil det\u00e9m a segunda maior reserva mundial de terras raras e, com iniciativas como esta, d\u00e1 passos concretos rumo \u00e0 verticaliza\u00e7\u00e3o da produ\u00e7\u00e3o desses insumos estrat\u00e9gicos, reduzindo a depend\u00eancia de importa\u00e7\u00f5es e aumentando sua competitividade na economia global de baixo carbono.<\/p>\n\n\n\n<p>Por isso, a entrega dos \u00f3xidos de terras raras reciclados n\u00e3o apenas celebra uma entrega simb\u00f3lica, mas marca o in\u00edcio de uma nova fase para a ind\u00fastria nacional, com base na inova\u00e7\u00e3o, na sustentabilidade e na integra\u00e7\u00e3o entre ci\u00eancia, ind\u00fastria e meio ambiente. Uma jornada que come\u00e7a agora, mas com olhos voltados para um futuro mais limpo, independente e tecnologicamente soberano.<\/p>\n\n\n\n<p>Veja mais fotos do evento, <a href=\"https:\/\/www.flickr.com\/photos\/sistemafiemg\/sets\/72177720326299293\/\" target=\"_blank\" rel=\"noreferrer noopener\">clicando aqui<\/a><\/p>\n\n\n\n<p><strong>Leia tamb\u00e9m:<\/strong><br>&#8211; <a href=\"https:\/\/www.fiemg.com.br\/noticias\/projeto-de-industrializacao-de-terras-raras-e-aprovado-no-programa-mover\/\">P<\/a><a href=\"https:\/\/www.fiemg.com.br\/noticias\/projeto-de-industrializacao-de-terras-raras-e-aprovado-no-programa-mover\/\" target=\"_blank\" rel=\"noreferrer noopener\">rojeto de industrializa\u00e7\u00e3o de terras raras \u00e9 aprovado no Programa Mover<\/a><\/p>\n\n\n\n<p><em>Tha\u00eds Mota<\/em><br><strong>Imprensa FIEMG<\/strong><\/p>\n\n\n\n<p><\/p>\n","protected":false},"featured_media":4415,"template":"","categories":[15],"tags":[78,1018,1019,835,1020,1021,1022,1023],"class_list":["post-4414","noticias","type-noticias","status-publish","has-post-thumbnail","hentry","category-desenvolvimento-industrial","tag-fiemg","tag-imas","tag-instituto-de-terras-raras","tag-itr","tag-pocos-de-caldas","tag-terras-rarras","tag-viridion","tag-viridis"],"acf":[],"yoast_head":"<!-- This site is optimized with the Yoast SEO plugin v26.2 - https:\/\/yoast.com\/wordpress\/plugins\/seo\/ -->\n<title>Brasil d\u00e1 passo hist\u00f3rico com primeira entrega de \u00f3xidos de terras raras reciclados pela Viridion - FIEMG<\/title>\n<meta name=\"description\" content=\"Evento na FIEMG celebra marco in\u00e9dito no Hemisf\u00e9rio Sul e refor\u00e7a protagonismo mineiro na transi\u00e7\u00e3o energ\u00e9tica e economia circular\" \/>\n<meta name=\"robots\" content=\"index, follow, max-snippet:-1, max-image-preview:large, max-video-preview:-1\" \/>\n<link rel=\"canonical\" href=\"https:\/\/www.fiemg.com.br\/regional-sede\/noticias\/brasil-da-passo-historico-com-primeira-entrega-de-oxidos-de-terras-raras-reciclados-pela-viridion\/\" \/>\n<meta property=\"og:locale\" content=\"pt_BR\" \/>\n<meta property=\"og:type\" content=\"article\" \/>\n<meta property=\"og:title\" content=\"Brasil d\u00e1 passo hist\u00f3rico com primeira entrega de \u00f3xidos de terras raras reciclados pela Viridion - FIEMG\" \/>\n<meta property=\"og:description\" content=\"Evento na FIEMG celebra marco in\u00e9dito no Hemisf\u00e9rio Sul e refor\u00e7a protagonismo mineiro na transi\u00e7\u00e3o energ\u00e9tica e economia circular\" \/>\n<meta property=\"og:url\" content=\"https:\/\/www.fiemg.com.br\/regional-sede\/noticias\/brasil-da-passo-historico-com-primeira-entrega-de-oxidos-de-terras-raras-reciclados-pela-viridion\/\" \/>\n<meta property=\"og:site_name\" content=\"FIEMG\" \/>\n<meta property=\"article:modified_time\" content=\"2025-05-22T17:04:48+00:00\" \/>\n<meta property=\"og:image\" content=\"https:\/\/www.fiemg.com.br\/regional-sede\/wp-content\/uploads\/sites\/21\/2025\/05\/Oxidos-de-terras-raras-1.jpg\" \/>\n\t<meta property=\"og:image:width\" content=\"512\" \/>\n\t<meta property=\"og:image:height\" content=\"512\" \/>\n\t<meta property=\"og:image:type\" content=\"image\/jpeg\" \/>\n<meta name=\"twitter:card\" content=\"summary_large_image\" \/>\n<meta name=\"twitter:label1\" content=\"Est. tempo de leitura\" \/>\n\t<meta name=\"twitter:data1\" content=\"6 minutos\" \/>\n<script type=\"application\/ld+json\" class=\"yoast-schema-graph\">{\"@context\":\"https:\/\/schema.org\",\"@graph\":[{\"@type\":\"WebPage\",\"@id\":\"https:\/\/www.fiemg.com.br\/regional-sede\/noticias\/brasil-da-passo-historico-com-primeira-entrega-de-oxidos-de-terras-raras-reciclados-pela-viridion\/\",\"url\":\"https:\/\/www.fiemg.com.br\/regional-sede\/noticias\/brasil-da-passo-historico-com-primeira-entrega-de-oxidos-de-terras-raras-reciclados-pela-viridion\/\",\"name\":\"Brasil d\u00e1 passo hist\u00f3rico com primeira entrega de \u00f3xidos de terras raras reciclados pela Viridion - FIEMG\",\"isPartOf\":{\"@id\":\"https:\/\/www.fiemg.com.br\/regional-sede\/#website\"},\"primaryImageOfPage\":{\"@id\":\"https:\/\/www.fiemg.com.br\/regional-sede\/noticias\/brasil-da-passo-historico-com-primeira-entrega-de-oxidos-de-terras-raras-reciclados-pela-viridion\/#primaryimage\"},\"image\":{\"@id\":\"https:\/\/www.fiemg.com.br\/regional-sede\/noticias\/brasil-da-passo-historico-com-primeira-entrega-de-oxidos-de-terras-raras-reciclados-pela-viridion\/#primaryimage\"},\"thumbnailUrl\":\"https:\/\/www.fiemg.com.br\/regional-sede\/wp-content\/uploads\/sites\/21\/2025\/05\/Oxidos-de-terras-raras-1.jpg\",\"datePublished\":\"2025-05-22T17:01:05+00:00\",\"dateModified\":\"2025-05-22T17:04:48+00:00\",\"description\":\"Evento na FIEMG celebra marco in\u00e9dito no Hemisf\u00e9rio Sul e refor\u00e7a protagonismo mineiro na transi\u00e7\u00e3o energ\u00e9tica e economia circular\",\"breadcrumb\":{\"@id\":\"https:\/\/www.fiemg.com.br\/regional-sede\/noticias\/brasil-da-passo-historico-com-primeira-entrega-de-oxidos-de-terras-raras-reciclados-pela-viridion\/#breadcrumb\"},\"inLanguage\":\"pt-BR\",\"potentialAction\":[{\"@type\":\"ReadAction\",\"target\":[\"https:\/\/www.fiemg.com.br\/regional-sede\/noticias\/brasil-da-passo-historico-com-primeira-entrega-de-oxidos-de-terras-raras-reciclados-pela-viridion\/\"]}]},{\"@type\":\"ImageObject\",\"inLanguage\":\"pt-BR\",\"@id\":\"https:\/\/www.fiemg.com.br\/regional-sede\/noticias\/brasil-da-passo-historico-com-primeira-entrega-de-oxidos-de-terras-raras-reciclados-pela-viridion\/#primaryimage\",\"url\":\"https:\/\/www.fiemg.com.br\/regional-sede\/wp-content\/uploads\/sites\/21\/2025\/05\/Oxidos-de-terras-raras-1.jpg\",\"contentUrl\":\"https:\/\/www.fiemg.com.br\/regional-sede\/wp-content\/uploads\/sites\/21\/2025\/05\/Oxidos-de-terras-raras-1.jpg\",\"width\":512,\"height\":512},{\"@type\":\"BreadcrumbList\",\"@id\":\"https:\/\/www.fiemg.com.br\/regional-sede\/noticias\/brasil-da-passo-historico-com-primeira-entrega-de-oxidos-de-terras-raras-reciclados-pela-viridion\/#breadcrumb\",\"itemListElement\":[{\"@type\":\"ListItem\",\"position\":1,\"name\":\"In\u00edcio\",\"item\":\"https:\/\/www.fiemg.com.br\/regional-sede\/\"},{\"@type\":\"ListItem\",\"position\":2,\"name\":\"Brasil d\u00e1 passo hist\u00f3rico com primeira entrega de \u00f3xidos de terras raras reciclados pela Viridion\"}]},{\"@type\":\"WebSite\",\"@id\":\"https:\/\/www.fiemg.com.br\/regional-sede\/#website\",\"url\":\"https:\/\/www.fiemg.com.br\/regional-sede\/\",\"name\":\"FIEMG\",\"description\":\"Federa\u00e7\u00e3o das Ind\u00fastrias do Estado de Minas Gerais\",\"publisher\":{\"@id\":\"https:\/\/www.fiemg.com.br\/regional-sede\/#organization\"},\"potentialAction\":[{\"@type\":\"SearchAction\",\"target\":{\"@type\":\"EntryPoint\",\"urlTemplate\":\"https:\/\/www.fiemg.com.br\/regional-sede\/?s={search_term_string}\"},\"query-input\":{\"@type\":\"PropertyValueSpecification\",\"valueRequired\":true,\"valueName\":\"search_term_string\"}}],\"inLanguage\":\"pt-BR\"},{\"@type\":\"Organization\",\"@id\":\"https:\/\/www.fiemg.com.br\/regional-sede\/#organization\",\"name\":\"FIEMG\",\"url\":\"https:\/\/www.fiemg.com.br\/regional-sede\/\",\"logo\":{\"@type\":\"ImageObject\",\"inLanguage\":\"pt-BR\",\"@id\":\"https:\/\/www.fiemg.com.br\/regional-sede\/#\/schema\/logo\/image\/\",\"url\":\"https:\/\/www.fiemg.com.br\/regional-sede\/wp-content\/uploads\/sites\/21\/2023\/02\/Ativo-1.png\",\"contentUrl\":\"https:\/\/www.fiemg.com.br\/regional-sede\/wp-content\/uploads\/sites\/21\/2023\/02\/Ativo-1.png\",\"width\":563,\"height\":149,\"caption\":\"FIEMG\"},\"image\":{\"@id\":\"https:\/\/www.fiemg.com.br\/regional-sede\/#\/schema\/logo\/image\/\"}}]}<\/script>\n<!-- \/ Yoast SEO plugin. -->","yoast_head_json":{"title":"Brasil d\u00e1 passo hist\u00f3rico com primeira entrega de \u00f3xidos de terras raras reciclados pela Viridion - FIEMG","description":"Evento na FIEMG celebra marco in\u00e9dito no Hemisf\u00e9rio Sul e refor\u00e7a protagonismo mineiro na transi\u00e7\u00e3o energ\u00e9tica e economia circular","robots":{"index":"index","follow":"follow","max-snippet":"max-snippet:-1","max-image-preview":"max-image-preview:large","max-video-preview":"max-video-preview:-1"},"canonical":"https:\/\/www.fiemg.com.br\/regional-sede\/noticias\/brasil-da-passo-historico-com-primeira-entrega-de-oxidos-de-terras-raras-reciclados-pela-viridion\/","og_locale":"pt_BR","og_type":"article","og_title":"Brasil d\u00e1 passo hist\u00f3rico com primeira entrega de \u00f3xidos de terras raras reciclados pela Viridion - FIEMG","og_description":"Evento na FIEMG celebra marco in\u00e9dito no Hemisf\u00e9rio Sul e refor\u00e7a protagonismo mineiro na transi\u00e7\u00e3o energ\u00e9tica e economia circular","og_url":"https:\/\/www.fiemg.com.br\/regional-sede\/noticias\/brasil-da-passo-historico-com-primeira-entrega-de-oxidos-de-terras-raras-reciclados-pela-viridion\/","og_site_name":"FIEMG","article_modified_time":"2025-05-22T17:04:48+00:00","og_image":[{"width":512,"height":512,"url":"https:\/\/www.fiemg.com.br\/regional-sede\/wp-content\/uploads\/sites\/21\/2025\/05\/Oxidos-de-terras-raras-1.jpg","type":"image\/jpeg"}],"twitter_card":"summary_large_image","twitter_misc":{"Est. tempo de leitura":"6 minutos"},"schema":{"@context":"https:\/\/schema.org","@graph":[{"@type":"WebPage","@id":"https:\/\/www.fiemg.com.br\/regional-sede\/noticias\/brasil-da-passo-historico-com-primeira-entrega-de-oxidos-de-terras-raras-reciclados-pela-viridion\/","url":"https:\/\/www.fiemg.com.br\/regional-sede\/noticias\/brasil-da-passo-historico-com-primeira-entrega-de-oxidos-de-terras-raras-reciclados-pela-viridion\/","name":"Brasil d\u00e1 passo hist\u00f3rico com primeira entrega de \u00f3xidos de terras raras reciclados pela Viridion - FIEMG","isPartOf":{"@id":"https:\/\/www.fiemg.com.br\/regional-sede\/#website"},"primaryImageOfPage":{"@id":"https:\/\/www.fiemg.com.br\/regional-sede\/noticias\/brasil-da-passo-historico-com-primeira-entrega-de-oxidos-de-terras-raras-reciclados-pela-viridion\/#primaryimage"},"image":{"@id":"https:\/\/www.fiemg.com.br\/regional-sede\/noticias\/brasil-da-passo-historico-com-primeira-entrega-de-oxidos-de-terras-raras-reciclados-pela-viridion\/#primaryimage"},"thumbnailUrl":"https:\/\/www.fiemg.com.br\/regional-sede\/wp-content\/uploads\/sites\/21\/2025\/05\/Oxidos-de-terras-raras-1.jpg","datePublished":"2025-05-22T17:01:05+00:00","dateModified":"2025-05-22T17:04:48+00:00","description":"Evento na FIEMG celebra marco in\u00e9dito no Hemisf\u00e9rio Sul e refor\u00e7a protagonismo mineiro na transi\u00e7\u00e3o energ\u00e9tica e economia circular","breadcrumb":{"@id":"https:\/\/www.fiemg.com.br\/regional-sede\/noticias\/brasil-da-passo-historico-com-primeira-entrega-de-oxidos-de-terras-raras-reciclados-pela-viridion\/#breadcrumb"},"inLanguage":"pt-BR","potentialAction":[{"@type":"ReadAction","target":["https:\/\/www.fiemg.com.br\/regional-sede\/noticias\/brasil-da-passo-historico-com-primeira-entrega-de-oxidos-de-terras-raras-reciclados-pela-viridion\/"]}]},{"@type":"ImageObject","inLanguage":"pt-BR","@id":"https:\/\/www.fiemg.com.br\/regional-sede\/noticias\/brasil-da-passo-historico-com-primeira-entrega-de-oxidos-de-terras-raras-reciclados-pela-viridion\/#primaryimage","url":"https:\/\/www.fiemg.com.br\/regional-sede\/wp-content\/uploads\/sites\/21\/2025\/05\/Oxidos-de-terras-raras-1.jpg","contentUrl":"https:\/\/www.fiemg.com.br\/regional-sede\/wp-content\/uploads\/sites\/21\/2025\/05\/Oxidos-de-terras-raras-1.jpg","width":512,"height":512},{"@type":"BreadcrumbList","@id":"https:\/\/www.fiemg.com.br\/regional-sede\/noticias\/brasil-da-passo-historico-com-primeira-entrega-de-oxidos-de-terras-raras-reciclados-pela-viridion\/#breadcrumb","itemListElement":[{"@type":"ListItem","position":1,"name":"In\u00edcio","item":"https:\/\/www.fiemg.com.br\/regional-sede\/"},{"@type":"ListItem","position":2,"name":"Brasil d\u00e1 passo hist\u00f3rico com primeira entrega de \u00f3xidos de terras raras reciclados pela Viridion"}]},{"@type":"WebSite","@id":"https:\/\/www.fiemg.com.br\/regional-sede\/#website","url":"https:\/\/www.fiemg.com.br\/regional-sede\/","name":"FIEMG","description":"Federa\u00e7\u00e3o das Ind\u00fastrias do Estado de Minas Gerais","publisher":{"@id":"https:\/\/www.fiemg.com.br\/regional-sede\/#organization"},"potentialAction":[{"@type":"SearchAction","target":{"@type":"EntryPoint","urlTemplate":"https:\/\/www.fiemg.com.br\/regional-sede\/?s={search_term_string}"},"query-input":{"@type":"PropertyValueSpecification","valueRequired":true,"valueName":"search_term_string"}}],"inLanguage":"pt-BR"},{"@type":"Organization","@id":"https:\/\/www.fiemg.com.br\/regional-sede\/#organization","name":"FIEMG","url":"https:\/\/www.fiemg.com.br\/regional-sede\/","logo":{"@type":"ImageObject","inLanguage":"pt-BR","@id":"https:\/\/www.fiemg.com.br\/regional-sede\/#\/schema\/logo\/image\/","url":"https:\/\/www.fiemg.com.br\/regional-sede\/wp-content\/uploads\/sites\/21\/2023\/02\/Ativo-1.png","contentUrl":"https:\/\/www.fiemg.com.br\/regional-sede\/wp-content\/uploads\/sites\/21\/2023\/02\/Ativo-1.png","width":563,"height":149,"caption":"FIEMG"},"image":{"@id":"https:\/\/www.fiemg.com.br\/regional-sede\/#\/schema\/logo\/image\/"}}]}},"_links":{"self":[{"href":"https:\/\/www.fiemg.com.br\/regional-sede\/wp-json\/wp\/v2\/noticias\/4414","targetHints":{"allow":["GET"]}}],"collection":[{"href":"https:\/\/www.fiemg.com.br\/regional-sede\/wp-json\/wp\/v2\/noticias"}],"about":[{"href":"https:\/\/www.fiemg.com.br\/regional-sede\/wp-json\/wp\/v2\/types\/noticias"}],"wp:featuredmedia":[{"embeddable":true,"href":"https:\/\/www.fiemg.com.br\/regional-sede\/wp-json\/wp\/v2\/media\/4415"}],"wp:attachment":[{"href":"https:\/\/www.fiemg.com.br\/regional-sede\/wp-json\/wp\/v2\/media?parent=4414"}],"wp:term":[{"taxonomy":"category","embeddable":true,"href":"https:\/\/www.fiemg.com.br\/regional-sede\/wp-json\/wp\/v2\/categories?post=4414"},{"taxonomy":"post_tag","embeddable":true,"href":"https:\/\/www.fiemg.com.br\/regional-sede\/wp-json\/wp\/v2\/tags?post=4414"}],"curies":[{"name":"wp","href":"https:\/\/api.w.org\/{rel}","templated":true}]}}