{"id":4434,"date":"2025-05-26T10:28:30","date_gmt":"2025-05-26T13:28:30","guid":{"rendered":"https:\/\/www.fiemg.com.br\/regional-sede\/noticias\/evento-gratuito-resgata-brincadeiras-tradicionais-e-promove-experiencias-criativas-ao-ar-livre-em-sarzedo-betim-e-igarape\/"},"modified":"2025-05-26T10:28:39","modified_gmt":"2025-05-26T13:28:39","slug":"evento-gratuito-resgata-brincadeiras-tradicionais-e-promove-experiencias-criativas-ao-ar-livre-em-sarzedo-betim-e-igarape","status":"publish","type":"noticias","link":"https:\/\/www.fiemg.com.br\/regional-sede\/noticias\/evento-gratuito-resgata-brincadeiras-tradicionais-e-promove-experiencias-criativas-ao-ar-livre-em-sarzedo-betim-e-igarape\/","title":{"rendered":"Festival Viva Brincar convida fam\u00edlias para um dia de divers\u00e3o e conex\u00e3o com a natureza"},"content":{"rendered":"\n<p>O Festival Viva Brincar chega para aquecer cora\u00e7\u00f5es e reunir fam\u00edlias em um convite irresist\u00edvel: um dia inteiro para se desconectar das telas e mergulhar no universo l\u00fadico das brincadeiras simples. <strong>Realizado pelo SESI-MG, com patroc\u00ednio da LONAX e ALLE Alum\u00ednio, o festival integra o projeto Viva Brincar (PRONAC 2413033), viabilizado por meio da Lei Federal de Incentivo \u00e0 Cultura.<\/strong> O evento faz parte da <strong>Semana Mundial do Brincar 2025<\/strong>, que acontece de 25 de maio a 1\u00ba de junho com o tema <strong>\u201cProteger o encantamento das inf\u00e2ncias\u201d<\/strong>. Promovida pela Alian\u00e7a pela Inf\u00e2ncia, essa semana especial destaca a import\u00e2ncia de preservar a magia e a espontaneidade do brincar como direito essencial das crian\u00e7as, mobilizando fam\u00edlias, educadores e comunidades a criar ambientes que valorizem o l\u00fadico, a criatividade e a conex\u00e3o com a natureza.<\/p>\n\n\n\n<p>Dentro dessa programa\u00e7\u00e3o, o Festival Viva Brincar, promovido pelo SESI-MG, integra as a\u00e7\u00f5es em Minas Gerais, oferecendo atividades gratuitas voltadas \u00e0 cultura, \u00e0 conviv\u00eancia e ao resgate das brincadeiras tradicionais. Com entrada franca, o festival acontece em tr\u00eas datas e locais: 31 de maio no Parque Natural Municipal da Cachoeira de Sarzedo, 1\u00ba de junho no Parque Ecol\u00f3gico Municipal Cl\u00e9o Barbosa em Betim e 7 de junho na Pra\u00e7a Miguel Henriques da Silva em Igarap\u00e9.<\/p>\n\n\n\n<p>A programa\u00e7\u00e3o \u00e9 um convite para soltar a imagina\u00e7\u00e3o e o corpo! O palco recebe o grupo musical Do R\u00e9 Mirim, que une m\u00fasica e brincadeiras interativas, e a contadora de hist\u00f3rias O Quintal da Guegu\u00e9, que transforma narrativas em cantigas e brincadeiras. O espet\u00e1culo teatral \u201cNa Roda\u201d, do Grupo Maria Cutia, fecha a tarde com humor e m\u00fasica, convidando o p\u00fablico a entrar na roda e participar.<\/p>\n\n\n\n<p>Al\u00e9m das apresenta\u00e7\u00f5es, das 9h \u00e0s 16h, haver\u00e1 oficinas art\u00edsticas e de constru\u00e7\u00e3o de brinquedos reciclados, al\u00e9m de sess\u00f5es de brincadeiras coletivas e na natureza, como corrida de saco, futebol de pano, dan\u00e7a da laranja e muito mais. Para garantir a inclus\u00e3o de todos, o festival conta com int\u00e9rprete de Libras, audiodescri\u00e7\u00e3o e equipe preparada para atender pessoas com defici\u00eancia intelectual.<\/p>\n\n\n\n<p>A iniciativa busca mobilizar as fam\u00edlias para viver a ess\u00eancia do brincar: soltar a criatividade, valorizar o encontro e se encantar com as pequenas coisas que fazem a inf\u00e2ncia t\u00e3o rica e cheia de descobertas.<\/p>\n\n\n\n<p>Venha viver um dia especial com sua fam\u00edlia: desconecte-se das telas e redescubra a magia do brincar!<\/p>\n\n\n\n<p><strong>SERVI\u00c7O<\/strong><\/p>\n\n\n\n<p>\u2705 <strong>O que pode:<\/strong> passear com pets (com guia e coleira), caminhadas, piqueniques, uso das quadras e estruturas do parque.<br>\u274c <strong>O que n\u00e3o pode:<\/strong> uso de bicicletas e patinetes nas quadras, subst\u00e2ncias il\u00edcitas, com\u00e9rcio ambulante, colheita de plantas, fogueiras, churrasqueiras, bebidas alco\u00f3licas, som alto, entre outros.<\/p>\n\n\n\n<p><strong>Datas e locais:<\/strong><\/p>\n\n\n\n<ul class=\"wp-block-list\">\n<li>31\/05 \u2013 Parque Natural Municipal da Cachoeira de Sarzedo, Sarzedo<\/li>\n\n\n\n<li>01\/06 \u2013 Parque Ecol\u00f3gico Municipal Cl\u00e9o Barbosa, Betim<\/li>\n\n\n\n<li>07\/06 \u2013 Pra\u00e7a Miguel Henriques da Silva, Igarap\u00e9<\/li>\n<\/ul>\n\n\n\n<p><strong>Entrada gratuita e divers\u00e3o garantida para toda a fam\u00edlia!<\/strong><\/p>\n\n\n\n<p>\ud83d\ude80\u2728 Para mais informa\u00e7\u00f5es sobre o Festival Viva Brincar clique <a href=\"https:\/\/www.fiemg.com.br\/sesi-cultura\/programacao\/detalhe\/festival-viva-brincar\/\">NESTE LINK<\/a>.<\/p>\n\n\n\n<p><\/p>\n","protected":false},"featured_media":4257,"template":"","categories":[],"tags":[996,997,999,861,1030],"class_list":["post-4434","noticias","type-noticias","status-publish","has-post-thumbnail","hentry","tag-betim","tag-igarape","tag-sarzedo","tag-sesi-mg-2","tag-viva-brinca"],"acf":[],"yoast_head":"<!-- This site is optimized with the Yoast SEO plugin v26.2 - https:\/\/yoast.com\/wordpress\/plugins\/seo\/ -->\n<title>Festival Viva Brincar convida fam\u00edlias para um dia de divers\u00e3o e conex\u00e3o com a natureza - FIEMG<\/title>\n<meta name=\"description\" content=\"Evento gratuito resgata brincadeiras tradicionais e promove experi\u00eancias criativas ao ar livre em Sarzedo, Betim e Igarap\u00e9\" \/>\n<meta name=\"robots\" content=\"index, follow, max-snippet:-1, max-image-preview:large, max-video-preview:-1\" \/>\n<link rel=\"canonical\" href=\"https:\/\/www.fiemg.com.br\/regional-sede\/noticias\/evento-gratuito-resgata-brincadeiras-tradicionais-e-promove-experiencias-criativas-ao-ar-livre-em-sarzedo-betim-e-igarape\/\" \/>\n<meta property=\"og:locale\" content=\"pt_BR\" \/>\n<meta property=\"og:type\" content=\"article\" \/>\n<meta property=\"og:title\" content=\"Festival Viva Brincar convida fam\u00edlias para um dia de divers\u00e3o e conex\u00e3o com a natureza - FIEMG\" \/>\n<meta property=\"og:description\" content=\"Evento gratuito resgata brincadeiras tradicionais e promove experi\u00eancias criativas ao ar livre em Sarzedo, Betim e Igarap\u00e9\" \/>\n<meta property=\"og:url\" content=\"https:\/\/www.fiemg.com.br\/regional-sede\/noticias\/evento-gratuito-resgata-brincadeiras-tradicionais-e-promove-experiencias-criativas-ao-ar-livre-em-sarzedo-betim-e-igarape\/\" \/>\n<meta property=\"og:site_name\" content=\"FIEMG\" \/>\n<meta property=\"article:modified_time\" content=\"2025-05-26T13:28:39+00:00\" \/>\n<meta property=\"og:image\" content=\"https:\/\/www.fiemg.com.br\/regional-sede\/wp-content\/uploads\/sites\/21\/2025\/05\/0238.02_Viva-Brincar_Divulgacao_Banner-Site_B.-Noticia-1.png\" \/>\n\t<meta property=\"og:image:width\" content=\"390\" \/>\n\t<meta property=\"og:image:height\" content=\"370\" \/>\n\t<meta property=\"og:image:type\" content=\"image\/png\" \/>\n<meta name=\"twitter:card\" content=\"summary_large_image\" \/>\n<meta name=\"twitter:label1\" content=\"Est. tempo de leitura\" \/>\n\t<meta name=\"twitter:data1\" content=\"3 minutos\" \/>\n<script type=\"application\/ld+json\" class=\"yoast-schema-graph\">{\"@context\":\"https:\/\/schema.org\",\"@graph\":[{\"@type\":\"WebPage\",\"@id\":\"https:\/\/www.fiemg.com.br\/regional-sede\/noticias\/evento-gratuito-resgata-brincadeiras-tradicionais-e-promove-experiencias-criativas-ao-ar-livre-em-sarzedo-betim-e-igarape\/\",\"url\":\"https:\/\/www.fiemg.com.br\/regional-sede\/noticias\/evento-gratuito-resgata-brincadeiras-tradicionais-e-promove-experiencias-criativas-ao-ar-livre-em-sarzedo-betim-e-igarape\/\",\"name\":\"Festival Viva Brincar convida fam\u00edlias para um dia de divers\u00e3o e conex\u00e3o com a natureza - FIEMG\",\"isPartOf\":{\"@id\":\"https:\/\/www.fiemg.com.br\/regional-sede\/#website\"},\"primaryImageOfPage\":{\"@id\":\"https:\/\/www.fiemg.com.br\/regional-sede\/noticias\/evento-gratuito-resgata-brincadeiras-tradicionais-e-promove-experiencias-criativas-ao-ar-livre-em-sarzedo-betim-e-igarape\/#primaryimage\"},\"image\":{\"@id\":\"https:\/\/www.fiemg.com.br\/regional-sede\/noticias\/evento-gratuito-resgata-brincadeiras-tradicionais-e-promove-experiencias-criativas-ao-ar-livre-em-sarzedo-betim-e-igarape\/#primaryimage\"},\"thumbnailUrl\":\"https:\/\/www.fiemg.com.br\/regional-sede\/wp-content\/uploads\/sites\/21\/2025\/05\/0238.02_Viva-Brincar_Divulgacao_Banner-Site_B.-Noticia-1.png\",\"datePublished\":\"2025-05-26T13:28:30+00:00\",\"dateModified\":\"2025-05-26T13:28:39+00:00\",\"description\":\"Evento gratuito resgata brincadeiras tradicionais e promove experi\u00eancias criativas ao ar livre em Sarzedo, Betim e Igarap\u00e9\",\"breadcrumb\":{\"@id\":\"https:\/\/www.fiemg.com.br\/regional-sede\/noticias\/evento-gratuito-resgata-brincadeiras-tradicionais-e-promove-experiencias-criativas-ao-ar-livre-em-sarzedo-betim-e-igarape\/#breadcrumb\"},\"inLanguage\":\"pt-BR\",\"potentialAction\":[{\"@type\":\"ReadAction\",\"target\":[\"https:\/\/www.fiemg.com.br\/regional-sede\/noticias\/evento-gratuito-resgata-brincadeiras-tradicionais-e-promove-experiencias-criativas-ao-ar-livre-em-sarzedo-betim-e-igarape\/\"]}]},{\"@type\":\"ImageObject\",\"inLanguage\":\"pt-BR\",\"@id\":\"https:\/\/www.fiemg.com.br\/regional-sede\/noticias\/evento-gratuito-resgata-brincadeiras-tradicionais-e-promove-experiencias-criativas-ao-ar-livre-em-sarzedo-betim-e-igarape\/#primaryimage\",\"url\":\"https:\/\/www.fiemg.com.br\/regional-sede\/wp-content\/uploads\/sites\/21\/2025\/05\/0238.02_Viva-Brincar_Divulgacao_Banner-Site_B.-Noticia-1.png\",\"contentUrl\":\"https:\/\/www.fiemg.com.br\/regional-sede\/wp-content\/uploads\/sites\/21\/2025\/05\/0238.02_Viva-Brincar_Divulgacao_Banner-Site_B.-Noticia-1.png\",\"width\":390,\"height\":370},{\"@type\":\"BreadcrumbList\",\"@id\":\"https:\/\/www.fiemg.com.br\/regional-sede\/noticias\/evento-gratuito-resgata-brincadeiras-tradicionais-e-promove-experiencias-criativas-ao-ar-livre-em-sarzedo-betim-e-igarape\/#breadcrumb\",\"itemListElement\":[{\"@type\":\"ListItem\",\"position\":1,\"name\":\"In\u00edcio\",\"item\":\"https:\/\/www.fiemg.com.br\/regional-sede\/\"},{\"@type\":\"ListItem\",\"position\":2,\"name\":\"Festival Viva Brincar convida fam\u00edlias para um dia de divers\u00e3o e conex\u00e3o com a natureza\"}]},{\"@type\":\"WebSite\",\"@id\":\"https:\/\/www.fiemg.com.br\/regional-sede\/#website\",\"url\":\"https:\/\/www.fiemg.com.br\/regional-sede\/\",\"name\":\"FIEMG\",\"description\":\"Federa\u00e7\u00e3o das Ind\u00fastrias do Estado de Minas Gerais\",\"publisher\":{\"@id\":\"https:\/\/www.fiemg.com.br\/regional-sede\/#organization\"},\"potentialAction\":[{\"@type\":\"SearchAction\",\"target\":{\"@type\":\"EntryPoint\",\"urlTemplate\":\"https:\/\/www.fiemg.com.br\/regional-sede\/?s={search_term_string}\"},\"query-input\":{\"@type\":\"PropertyValueSpecification\",\"valueRequired\":true,\"valueName\":\"search_term_string\"}}],\"inLanguage\":\"pt-BR\"},{\"@type\":\"Organization\",\"@id\":\"https:\/\/www.fiemg.com.br\/regional-sede\/#organization\",\"name\":\"FIEMG\",\"url\":\"https:\/\/www.fiemg.com.br\/regional-sede\/\",\"logo\":{\"@type\":\"ImageObject\",\"inLanguage\":\"pt-BR\",\"@id\":\"https:\/\/www.fiemg.com.br\/regional-sede\/#\/schema\/logo\/image\/\",\"url\":\"https:\/\/www.fiemg.com.br\/regional-sede\/wp-content\/uploads\/sites\/21\/2023\/02\/Ativo-1.png\",\"contentUrl\":\"https:\/\/www.fiemg.com.br\/regional-sede\/wp-content\/uploads\/sites\/21\/2023\/02\/Ativo-1.png\",\"width\":563,\"height\":149,\"caption\":\"FIEMG\"},\"image\":{\"@id\":\"https:\/\/www.fiemg.com.br\/regional-sede\/#\/schema\/logo\/image\/\"}}]}<\/script>\n<!-- \/ Yoast SEO plugin. -->","yoast_head_json":{"title":"Festival Viva Brincar convida fam\u00edlias para um dia de divers\u00e3o e conex\u00e3o com a natureza - FIEMG","description":"Evento gratuito resgata brincadeiras tradicionais e promove experi\u00eancias criativas ao ar livre em Sarzedo, Betim e Igarap\u00e9","robots":{"index":"index","follow":"follow","max-snippet":"max-snippet:-1","max-image-preview":"max-image-preview:large","max-video-preview":"max-video-preview:-1"},"canonical":"https:\/\/www.fiemg.com.br\/regional-sede\/noticias\/evento-gratuito-resgata-brincadeiras-tradicionais-e-promove-experiencias-criativas-ao-ar-livre-em-sarzedo-betim-e-igarape\/","og_locale":"pt_BR","og_type":"article","og_title":"Festival Viva Brincar convida fam\u00edlias para um dia de divers\u00e3o e conex\u00e3o com a natureza - FIEMG","og_description":"Evento gratuito resgata brincadeiras tradicionais e promove experi\u00eancias criativas ao ar livre em Sarzedo, Betim e Igarap\u00e9","og_url":"https:\/\/www.fiemg.com.br\/regional-sede\/noticias\/evento-gratuito-resgata-brincadeiras-tradicionais-e-promove-experiencias-criativas-ao-ar-livre-em-sarzedo-betim-e-igarape\/","og_site_name":"FIEMG","article_modified_time":"2025-05-26T13:28:39+00:00","og_image":[{"width":390,"height":370,"url":"https:\/\/www.fiemg.com.br\/regional-sede\/wp-content\/uploads\/sites\/21\/2025\/05\/0238.02_Viva-Brincar_Divulgacao_Banner-Site_B.-Noticia-1.png","type":"image\/png"}],"twitter_card":"summary_large_image","twitter_misc":{"Est. tempo de leitura":"3 minutos"},"schema":{"@context":"https:\/\/schema.org","@graph":[{"@type":"WebPage","@id":"https:\/\/www.fiemg.com.br\/regional-sede\/noticias\/evento-gratuito-resgata-brincadeiras-tradicionais-e-promove-experiencias-criativas-ao-ar-livre-em-sarzedo-betim-e-igarape\/","url":"https:\/\/www.fiemg.com.br\/regional-sede\/noticias\/evento-gratuito-resgata-brincadeiras-tradicionais-e-promove-experiencias-criativas-ao-ar-livre-em-sarzedo-betim-e-igarape\/","name":"Festival Viva Brincar convida fam\u00edlias para um dia de divers\u00e3o e conex\u00e3o com a natureza - FIEMG","isPartOf":{"@id":"https:\/\/www.fiemg.com.br\/regional-sede\/#website"},"primaryImageOfPage":{"@id":"https:\/\/www.fiemg.com.br\/regional-sede\/noticias\/evento-gratuito-resgata-brincadeiras-tradicionais-e-promove-experiencias-criativas-ao-ar-livre-em-sarzedo-betim-e-igarape\/#primaryimage"},"image":{"@id":"https:\/\/www.fiemg.com.br\/regional-sede\/noticias\/evento-gratuito-resgata-brincadeiras-tradicionais-e-promove-experiencias-criativas-ao-ar-livre-em-sarzedo-betim-e-igarape\/#primaryimage"},"thumbnailUrl":"https:\/\/www.fiemg.com.br\/regional-sede\/wp-content\/uploads\/sites\/21\/2025\/05\/0238.02_Viva-Brincar_Divulgacao_Banner-Site_B.-Noticia-1.png","datePublished":"2025-05-26T13:28:30+00:00","dateModified":"2025-05-26T13:28:39+00:00","description":"Evento gratuito resgata brincadeiras tradicionais e promove experi\u00eancias criativas ao ar livre em Sarzedo, Betim e Igarap\u00e9","breadcrumb":{"@id":"https:\/\/www.fiemg.com.br\/regional-sede\/noticias\/evento-gratuito-resgata-brincadeiras-tradicionais-e-promove-experiencias-criativas-ao-ar-livre-em-sarzedo-betim-e-igarape\/#breadcrumb"},"inLanguage":"pt-BR","potentialAction":[{"@type":"ReadAction","target":["https:\/\/www.fiemg.com.br\/regional-sede\/noticias\/evento-gratuito-resgata-brincadeiras-tradicionais-e-promove-experiencias-criativas-ao-ar-livre-em-sarzedo-betim-e-igarape\/"]}]},{"@type":"ImageObject","inLanguage":"pt-BR","@id":"https:\/\/www.fiemg.com.br\/regional-sede\/noticias\/evento-gratuito-resgata-brincadeiras-tradicionais-e-promove-experiencias-criativas-ao-ar-livre-em-sarzedo-betim-e-igarape\/#primaryimage","url":"https:\/\/www.fiemg.com.br\/regional-sede\/wp-content\/uploads\/sites\/21\/2025\/05\/0238.02_Viva-Brincar_Divulgacao_Banner-Site_B.-Noticia-1.png","contentUrl":"https:\/\/www.fiemg.com.br\/regional-sede\/wp-content\/uploads\/sites\/21\/2025\/05\/0238.02_Viva-Brincar_Divulgacao_Banner-Site_B.-Noticia-1.png","width":390,"height":370},{"@type":"BreadcrumbList","@id":"https:\/\/www.fiemg.com.br\/regional-sede\/noticias\/evento-gratuito-resgata-brincadeiras-tradicionais-e-promove-experiencias-criativas-ao-ar-livre-em-sarzedo-betim-e-igarape\/#breadcrumb","itemListElement":[{"@type":"ListItem","position":1,"name":"In\u00edcio","item":"https:\/\/www.fiemg.com.br\/regional-sede\/"},{"@type":"ListItem","position":2,"name":"Festival Viva Brincar convida fam\u00edlias para um dia de divers\u00e3o e conex\u00e3o com a natureza"}]},{"@type":"WebSite","@id":"https:\/\/www.fiemg.com.br\/regional-sede\/#website","url":"https:\/\/www.fiemg.com.br\/regional-sede\/","name":"FIEMG","description":"Federa\u00e7\u00e3o das Ind\u00fastrias do Estado de Minas Gerais","publisher":{"@id":"https:\/\/www.fiemg.com.br\/regional-sede\/#organization"},"potentialAction":[{"@type":"SearchAction","target":{"@type":"EntryPoint","urlTemplate":"https:\/\/www.fiemg.com.br\/regional-sede\/?s={search_term_string}"},"query-input":{"@type":"PropertyValueSpecification","valueRequired":true,"valueName":"search_term_string"}}],"inLanguage":"pt-BR"},{"@type":"Organization","@id":"https:\/\/www.fiemg.com.br\/regional-sede\/#organization","name":"FIEMG","url":"https:\/\/www.fiemg.com.br\/regional-sede\/","logo":{"@type":"ImageObject","inLanguage":"pt-BR","@id":"https:\/\/www.fiemg.com.br\/regional-sede\/#\/schema\/logo\/image\/","url":"https:\/\/www.fiemg.com.br\/regional-sede\/wp-content\/uploads\/sites\/21\/2023\/02\/Ativo-1.png","contentUrl":"https:\/\/www.fiemg.com.br\/regional-sede\/wp-content\/uploads\/sites\/21\/2023\/02\/Ativo-1.png","width":563,"height":149,"caption":"FIEMG"},"image":{"@id":"https:\/\/www.fiemg.com.br\/regional-sede\/#\/schema\/logo\/image\/"}}]}},"_links":{"self":[{"href":"https:\/\/www.fiemg.com.br\/regional-sede\/wp-json\/wp\/v2\/noticias\/4434","targetHints":{"allow":["GET"]}}],"collection":[{"href":"https:\/\/www.fiemg.com.br\/regional-sede\/wp-json\/wp\/v2\/noticias"}],"about":[{"href":"https:\/\/www.fiemg.com.br\/regional-sede\/wp-json\/wp\/v2\/types\/noticias"}],"wp:featuredmedia":[{"embeddable":true,"href":"https:\/\/www.fiemg.com.br\/regional-sede\/wp-json\/wp\/v2\/media\/4257"}],"wp:attachment":[{"href":"https:\/\/www.fiemg.com.br\/regional-sede\/wp-json\/wp\/v2\/media?parent=4434"}],"wp:term":[{"taxonomy":"category","embeddable":true,"href":"https:\/\/www.fiemg.com.br\/regional-sede\/wp-json\/wp\/v2\/categories?post=4434"},{"taxonomy":"post_tag","embeddable":true,"href":"https:\/\/www.fiemg.com.br\/regional-sede\/wp-json\/wp\/v2\/tags?post=4434"}],"curies":[{"name":"wp","href":"https:\/\/api.w.org\/{rel}","templated":true}]}}