{"id":4452,"date":"2025-05-29T14:52:22","date_gmt":"2025-05-29T17:52:22","guid":{"rendered":"https:\/\/www.fiemg.com.br\/regional-sede\/?post_type=noticias&#038;p=4452"},"modified":"2025-05-29T14:52:23","modified_gmt":"2025-05-29T17:52:23","slug":"camara-da-industria-de-base-florestal-discute-desafios-ambientais-e-regulatorios","status":"publish","type":"noticias","link":"https:\/\/www.fiemg.com.br\/regional-sede\/noticias\/camara-da-industria-de-base-florestal-discute-desafios-ambientais-e-regulatorios\/","title":{"rendered":"C\u00e2mara da Ind\u00fastria de Base Florestal discute desafios ambientais e regulat\u00f3rios"},"content":{"rendered":"\n<p>A C\u00e2mara da Ind\u00fastria de Base Florestal da FIEMG se reuniu, no dia 28 de maio, na sede da FIEMG, em Belo Horizonte, para debater quest\u00f5es fundamentais para o setor florestal e o meio ambiente. O evento contou com a participa\u00e7\u00e3o de empres\u00e1rios, especialistas e representantes do setor p\u00fablico, com o objetivo de discutir solu\u00e7\u00f5es para os desafios enfrentados pela ind\u00fastria florestal em Minas Gerais.<\/p>\n\n\n\n<p>O Fausto Varela Can\u00e7ado, presidente da C\u00e2mara da Ind\u00fastria de Base Florestal e do SINDIFER, iniciou os debates destacando a relev\u00e2ncia do di\u00e1logo entre o setor empresarial e o poder p\u00fablico para promover pol\u00edticas favor\u00e1veis ao desenvolvimento da ind\u00fastria florestal. Ele tamb\u00e9m abordou as dificuldades enfrentadas pelas empresas devido a algumas pol\u00edticas p\u00fablicas que, segundo ele, podem impactar negativamente a competitividade do setor. \u201cEstamos atravessando uma situa\u00e7\u00e3o dif\u00edcil e que continua a se agravar. O setor empresarial tem sido submetido a desafios constantes. A redu\u00e7\u00e3o da jornada de trabalho, por exemplo, poderia afetar gravemente as empresas, especialmente aquelas que necessitam de maior tempo de opera\u00e7\u00e3o ou que funcionam em regime de 24 horas&#8221;, afirmou Can\u00e7ado.<\/p>\n\n\n\n<p>O primeiro tema da reuni\u00e3o foi a Confer\u00eancia Nacional de Meio Ambiente, tema abordado por Nathalia Martins, analista ambientalista da GMA FIEMG. Ela apresentou os avan\u00e7os das discuss\u00f5es e os desafios das pol\u00edticas ambientais, ressaltando a import\u00e2ncia da confer\u00eancia para o futuro das regulamenta\u00e7\u00f5es que afetam o setor florestal. &#8220;Na confer\u00eancia, discutimos mais de 100 propostas, algumas dessas propostas foram priorizadas pelos delegados, e muitas delas foram levadas para an\u00e1lise e prioriza\u00e7\u00e3o pelo governo federal na COP 30. Apesar do car\u00e1ter predominantemente ambientalista da confer\u00eancia, a FIEMG trabalhou para equilibrar as propostas, representando os interesses do setor produtivo, e buscando garantir que as propostas que afetam o setor florestal sejam mais equilibradas&#8221;, explicou Martins.<\/p>\n\n\n\n<p>Em sequ\u00eancia, a analista destacou a import\u00e2ncia do programa 360 da FIEMG, que visa garantir a representatividade da ind\u00fastria nas audi\u00eancias p\u00fablicas, especialmente em quest\u00f5es ambientais. \u201cO programa 360 foi criado para garantir que a voz da ind\u00fastria fosse ouvida nas audi\u00eancias p\u00fablicas, onde historicamente o vi\u00e9s ambientalista dominava as discuss\u00f5es. O programa \u00e9 volunt\u00e1rio e conta com cerca de 900 participantes, que defendem projetos da ind\u00fastria, buscando equilibrar as discuss\u00f5es e fortalecer a posi\u00e7\u00e3o do setor\u201d, explicou Martins.<\/p>\n\n\n\n<p>Ela tamb\u00e9m ressaltou a relev\u00e2ncia da participa\u00e7\u00e3o da FIEMG nas audi\u00eancias, como a que discutiu o projeto de alteamento de barragem da Anglo American, fundamental para a continuidade das opera\u00e7\u00f5es da mineradora e para o desenvolvimento econ\u00f4mico da regi\u00e3o.<\/p>\n\n\n\n<p>Seguindo, foi apresentado a Minuta de Delibera\u00e7\u00e3o Normativa CERH-MG foi apresentada, discutindo a suspens\u00e3o e cassa\u00e7\u00e3o das outorgas de direito de uso de recursos h\u00eddricos devido ao n\u00e3o-pagamento da cobran\u00e7a pela utiliza\u00e7\u00e3o desses recursos. O debate gerou reflex\u00f5es sobre os impactos dessa medida para a sustentabilidade da ind\u00fastria florestal e alternativas para garantir o uso respons\u00e1vel da \u00e1gua no setor.<\/p>\n\n\n\n<p>A reuni\u00e3o tamb\u00e9m abordou a certifica\u00e7\u00e3o para madeira tratada, com a apresenta\u00e7\u00e3o do PROMAT, que explicou o processo de certifica\u00e7\u00e3o desenvolvido em parceria com a ABNT, visando padronizar e garantir a qualidade do produto final.<\/p>\n\n\n\n<p><em>Fernanda Borges<\/em><br><strong>Imprensa FIEMG<\/strong><\/p>\n\n\n\n<p><\/p>\n","protected":false},"featured_media":4461,"template":"","categories":[15],"tags":[1036,1037,78,1038,1039,1040],"class_list":["post-4452","noticias","type-noticias","status-publish","has-post-thumbnail","hentry","category-desenvolvimento-industrial","tag-camara-da-industriada-base-florestal","tag-cerh-mg","tag-fiemg","tag-projeto-360","tag-promat","tag-sindifer"],"acf":[],"yoast_head":"<!-- This site is optimized with the Yoast SEO plugin v26.2 - https:\/\/yoast.com\/wordpress\/plugins\/seo\/ -->\n<title>C\u00e2mara da Ind\u00fastria de Base Florestal discute desafios ambientais e regulat\u00f3rios - FIEMG<\/title>\n<meta name=\"description\" content=\"FIEMG debate pol\u00edticas ambientais, o programa 360 e a certifica\u00e7\u00e3o da madeira tratada.\" \/>\n<meta name=\"robots\" content=\"index, follow, max-snippet:-1, max-image-preview:large, max-video-preview:-1\" \/>\n<link rel=\"canonical\" href=\"https:\/\/www.fiemg.com.br\/regional-sede\/noticias\/camara-da-industria-de-base-florestal-discute-desafios-ambientais-e-regulatorios\/\" \/>\n<meta property=\"og:locale\" content=\"pt_BR\" \/>\n<meta property=\"og:type\" content=\"article\" \/>\n<meta property=\"og:title\" content=\"C\u00e2mara da Ind\u00fastria de Base Florestal discute desafios ambientais e regulat\u00f3rios - FIEMG\" \/>\n<meta property=\"og:description\" content=\"FIEMG debate pol\u00edticas ambientais, o programa 360 e a certifica\u00e7\u00e3o da madeira tratada.\" \/>\n<meta property=\"og:url\" content=\"https:\/\/www.fiemg.com.br\/regional-sede\/noticias\/camara-da-industria-de-base-florestal-discute-desafios-ambientais-e-regulatorios\/\" \/>\n<meta property=\"og:site_name\" content=\"FIEMG\" \/>\n<meta property=\"article:modified_time\" content=\"2025-05-29T17:52:23+00:00\" \/>\n<meta property=\"og:image\" content=\"https:\/\/www.fiemg.com.br\/regional-sede\/wp-content\/uploads\/sites\/21\/2025\/05\/CAMARA-DA-BASE-FLORESTAL.png\" \/>\n\t<meta property=\"og:image:width\" content=\"512\" \/>\n\t<meta property=\"og:image:height\" content=\"512\" \/>\n\t<meta property=\"og:image:type\" content=\"image\/png\" \/>\n<meta name=\"twitter:card\" content=\"summary_large_image\" \/>\n<meta name=\"twitter:label1\" content=\"Est. tempo de leitura\" \/>\n\t<meta name=\"twitter:data1\" content=\"4 minutos\" \/>\n<script type=\"application\/ld+json\" class=\"yoast-schema-graph\">{\"@context\":\"https:\/\/schema.org\",\"@graph\":[{\"@type\":\"WebPage\",\"@id\":\"https:\/\/www.fiemg.com.br\/regional-sede\/noticias\/camara-da-industria-de-base-florestal-discute-desafios-ambientais-e-regulatorios\/\",\"url\":\"https:\/\/www.fiemg.com.br\/regional-sede\/noticias\/camara-da-industria-de-base-florestal-discute-desafios-ambientais-e-regulatorios\/\",\"name\":\"C\u00e2mara da Ind\u00fastria de Base Florestal discute desafios ambientais e regulat\u00f3rios - FIEMG\",\"isPartOf\":{\"@id\":\"https:\/\/www.fiemg.com.br\/regional-sede\/#website\"},\"primaryImageOfPage\":{\"@id\":\"https:\/\/www.fiemg.com.br\/regional-sede\/noticias\/camara-da-industria-de-base-florestal-discute-desafios-ambientais-e-regulatorios\/#primaryimage\"},\"image\":{\"@id\":\"https:\/\/www.fiemg.com.br\/regional-sede\/noticias\/camara-da-industria-de-base-florestal-discute-desafios-ambientais-e-regulatorios\/#primaryimage\"},\"thumbnailUrl\":\"https:\/\/www.fiemg.com.br\/regional-sede\/wp-content\/uploads\/sites\/21\/2025\/05\/CAMARA-DA-BASE-FLORESTAL.png\",\"datePublished\":\"2025-05-29T17:52:22+00:00\",\"dateModified\":\"2025-05-29T17:52:23+00:00\",\"description\":\"FIEMG debate pol\u00edticas ambientais, o programa 360 e a certifica\u00e7\u00e3o da madeira tratada.\",\"breadcrumb\":{\"@id\":\"https:\/\/www.fiemg.com.br\/regional-sede\/noticias\/camara-da-industria-de-base-florestal-discute-desafios-ambientais-e-regulatorios\/#breadcrumb\"},\"inLanguage\":\"pt-BR\",\"potentialAction\":[{\"@type\":\"ReadAction\",\"target\":[\"https:\/\/www.fiemg.com.br\/regional-sede\/noticias\/camara-da-industria-de-base-florestal-discute-desafios-ambientais-e-regulatorios\/\"]}]},{\"@type\":\"ImageObject\",\"inLanguage\":\"pt-BR\",\"@id\":\"https:\/\/www.fiemg.com.br\/regional-sede\/noticias\/camara-da-industria-de-base-florestal-discute-desafios-ambientais-e-regulatorios\/#primaryimage\",\"url\":\"https:\/\/www.fiemg.com.br\/regional-sede\/wp-content\/uploads\/sites\/21\/2025\/05\/CAMARA-DA-BASE-FLORESTAL.png\",\"contentUrl\":\"https:\/\/www.fiemg.com.br\/regional-sede\/wp-content\/uploads\/sites\/21\/2025\/05\/CAMARA-DA-BASE-FLORESTAL.png\",\"width\":512,\"height\":512},{\"@type\":\"BreadcrumbList\",\"@id\":\"https:\/\/www.fiemg.com.br\/regional-sede\/noticias\/camara-da-industria-de-base-florestal-discute-desafios-ambientais-e-regulatorios\/#breadcrumb\",\"itemListElement\":[{\"@type\":\"ListItem\",\"position\":1,\"name\":\"In\u00edcio\",\"item\":\"https:\/\/www.fiemg.com.br\/regional-sede\/\"},{\"@type\":\"ListItem\",\"position\":2,\"name\":\"C\u00e2mara da Ind\u00fastria de Base Florestal discute desafios ambientais e regulat\u00f3rios\"}]},{\"@type\":\"WebSite\",\"@id\":\"https:\/\/www.fiemg.com.br\/regional-sede\/#website\",\"url\":\"https:\/\/www.fiemg.com.br\/regional-sede\/\",\"name\":\"FIEMG\",\"description\":\"Federa\u00e7\u00e3o das Ind\u00fastrias do Estado de Minas Gerais\",\"publisher\":{\"@id\":\"https:\/\/www.fiemg.com.br\/regional-sede\/#organization\"},\"potentialAction\":[{\"@type\":\"SearchAction\",\"target\":{\"@type\":\"EntryPoint\",\"urlTemplate\":\"https:\/\/www.fiemg.com.br\/regional-sede\/?s={search_term_string}\"},\"query-input\":{\"@type\":\"PropertyValueSpecification\",\"valueRequired\":true,\"valueName\":\"search_term_string\"}}],\"inLanguage\":\"pt-BR\"},{\"@type\":\"Organization\",\"@id\":\"https:\/\/www.fiemg.com.br\/regional-sede\/#organization\",\"name\":\"FIEMG\",\"url\":\"https:\/\/www.fiemg.com.br\/regional-sede\/\",\"logo\":{\"@type\":\"ImageObject\",\"inLanguage\":\"pt-BR\",\"@id\":\"https:\/\/www.fiemg.com.br\/regional-sede\/#\/schema\/logo\/image\/\",\"url\":\"https:\/\/www.fiemg.com.br\/regional-sede\/wp-content\/uploads\/sites\/21\/2023\/02\/Ativo-1.png\",\"contentUrl\":\"https:\/\/www.fiemg.com.br\/regional-sede\/wp-content\/uploads\/sites\/21\/2023\/02\/Ativo-1.png\",\"width\":563,\"height\":149,\"caption\":\"FIEMG\"},\"image\":{\"@id\":\"https:\/\/www.fiemg.com.br\/regional-sede\/#\/schema\/logo\/image\/\"}}]}<\/script>\n<!-- \/ Yoast SEO plugin. -->","yoast_head_json":{"title":"C\u00e2mara da Ind\u00fastria de Base Florestal discute desafios ambientais e regulat\u00f3rios - FIEMG","description":"FIEMG debate pol\u00edticas ambientais, o programa 360 e a certifica\u00e7\u00e3o da madeira tratada.","robots":{"index":"index","follow":"follow","max-snippet":"max-snippet:-1","max-image-preview":"max-image-preview:large","max-video-preview":"max-video-preview:-1"},"canonical":"https:\/\/www.fiemg.com.br\/regional-sede\/noticias\/camara-da-industria-de-base-florestal-discute-desafios-ambientais-e-regulatorios\/","og_locale":"pt_BR","og_type":"article","og_title":"C\u00e2mara da Ind\u00fastria de Base Florestal discute desafios ambientais e regulat\u00f3rios - FIEMG","og_description":"FIEMG debate pol\u00edticas ambientais, o programa 360 e a certifica\u00e7\u00e3o da madeira tratada.","og_url":"https:\/\/www.fiemg.com.br\/regional-sede\/noticias\/camara-da-industria-de-base-florestal-discute-desafios-ambientais-e-regulatorios\/","og_site_name":"FIEMG","article_modified_time":"2025-05-29T17:52:23+00:00","og_image":[{"width":512,"height":512,"url":"https:\/\/www.fiemg.com.br\/regional-sede\/wp-content\/uploads\/sites\/21\/2025\/05\/CAMARA-DA-BASE-FLORESTAL.png","type":"image\/png"}],"twitter_card":"summary_large_image","twitter_misc":{"Est. tempo de leitura":"4 minutos"},"schema":{"@context":"https:\/\/schema.org","@graph":[{"@type":"WebPage","@id":"https:\/\/www.fiemg.com.br\/regional-sede\/noticias\/camara-da-industria-de-base-florestal-discute-desafios-ambientais-e-regulatorios\/","url":"https:\/\/www.fiemg.com.br\/regional-sede\/noticias\/camara-da-industria-de-base-florestal-discute-desafios-ambientais-e-regulatorios\/","name":"C\u00e2mara da Ind\u00fastria de Base Florestal discute desafios ambientais e regulat\u00f3rios - FIEMG","isPartOf":{"@id":"https:\/\/www.fiemg.com.br\/regional-sede\/#website"},"primaryImageOfPage":{"@id":"https:\/\/www.fiemg.com.br\/regional-sede\/noticias\/camara-da-industria-de-base-florestal-discute-desafios-ambientais-e-regulatorios\/#primaryimage"},"image":{"@id":"https:\/\/www.fiemg.com.br\/regional-sede\/noticias\/camara-da-industria-de-base-florestal-discute-desafios-ambientais-e-regulatorios\/#primaryimage"},"thumbnailUrl":"https:\/\/www.fiemg.com.br\/regional-sede\/wp-content\/uploads\/sites\/21\/2025\/05\/CAMARA-DA-BASE-FLORESTAL.png","datePublished":"2025-05-29T17:52:22+00:00","dateModified":"2025-05-29T17:52:23+00:00","description":"FIEMG debate pol\u00edticas ambientais, o programa 360 e a certifica\u00e7\u00e3o da madeira tratada.","breadcrumb":{"@id":"https:\/\/www.fiemg.com.br\/regional-sede\/noticias\/camara-da-industria-de-base-florestal-discute-desafios-ambientais-e-regulatorios\/#breadcrumb"},"inLanguage":"pt-BR","potentialAction":[{"@type":"ReadAction","target":["https:\/\/www.fiemg.com.br\/regional-sede\/noticias\/camara-da-industria-de-base-florestal-discute-desafios-ambientais-e-regulatorios\/"]}]},{"@type":"ImageObject","inLanguage":"pt-BR","@id":"https:\/\/www.fiemg.com.br\/regional-sede\/noticias\/camara-da-industria-de-base-florestal-discute-desafios-ambientais-e-regulatorios\/#primaryimage","url":"https:\/\/www.fiemg.com.br\/regional-sede\/wp-content\/uploads\/sites\/21\/2025\/05\/CAMARA-DA-BASE-FLORESTAL.png","contentUrl":"https:\/\/www.fiemg.com.br\/regional-sede\/wp-content\/uploads\/sites\/21\/2025\/05\/CAMARA-DA-BASE-FLORESTAL.png","width":512,"height":512},{"@type":"BreadcrumbList","@id":"https:\/\/www.fiemg.com.br\/regional-sede\/noticias\/camara-da-industria-de-base-florestal-discute-desafios-ambientais-e-regulatorios\/#breadcrumb","itemListElement":[{"@type":"ListItem","position":1,"name":"In\u00edcio","item":"https:\/\/www.fiemg.com.br\/regional-sede\/"},{"@type":"ListItem","position":2,"name":"C\u00e2mara da Ind\u00fastria de Base Florestal discute desafios ambientais e regulat\u00f3rios"}]},{"@type":"WebSite","@id":"https:\/\/www.fiemg.com.br\/regional-sede\/#website","url":"https:\/\/www.fiemg.com.br\/regional-sede\/","name":"FIEMG","description":"Federa\u00e7\u00e3o das Ind\u00fastrias do Estado de Minas Gerais","publisher":{"@id":"https:\/\/www.fiemg.com.br\/regional-sede\/#organization"},"potentialAction":[{"@type":"SearchAction","target":{"@type":"EntryPoint","urlTemplate":"https:\/\/www.fiemg.com.br\/regional-sede\/?s={search_term_string}"},"query-input":{"@type":"PropertyValueSpecification","valueRequired":true,"valueName":"search_term_string"}}],"inLanguage":"pt-BR"},{"@type":"Organization","@id":"https:\/\/www.fiemg.com.br\/regional-sede\/#organization","name":"FIEMG","url":"https:\/\/www.fiemg.com.br\/regional-sede\/","logo":{"@type":"ImageObject","inLanguage":"pt-BR","@id":"https:\/\/www.fiemg.com.br\/regional-sede\/#\/schema\/logo\/image\/","url":"https:\/\/www.fiemg.com.br\/regional-sede\/wp-content\/uploads\/sites\/21\/2023\/02\/Ativo-1.png","contentUrl":"https:\/\/www.fiemg.com.br\/regional-sede\/wp-content\/uploads\/sites\/21\/2023\/02\/Ativo-1.png","width":563,"height":149,"caption":"FIEMG"},"image":{"@id":"https:\/\/www.fiemg.com.br\/regional-sede\/#\/schema\/logo\/image\/"}}]}},"_links":{"self":[{"href":"https:\/\/www.fiemg.com.br\/regional-sede\/wp-json\/wp\/v2\/noticias\/4452","targetHints":{"allow":["GET"]}}],"collection":[{"href":"https:\/\/www.fiemg.com.br\/regional-sede\/wp-json\/wp\/v2\/noticias"}],"about":[{"href":"https:\/\/www.fiemg.com.br\/regional-sede\/wp-json\/wp\/v2\/types\/noticias"}],"wp:featuredmedia":[{"embeddable":true,"href":"https:\/\/www.fiemg.com.br\/regional-sede\/wp-json\/wp\/v2\/media\/4461"}],"wp:attachment":[{"href":"https:\/\/www.fiemg.com.br\/regional-sede\/wp-json\/wp\/v2\/media?parent=4452"}],"wp:term":[{"taxonomy":"category","embeddable":true,"href":"https:\/\/www.fiemg.com.br\/regional-sede\/wp-json\/wp\/v2\/categories?post=4452"},{"taxonomy":"post_tag","embeddable":true,"href":"https:\/\/www.fiemg.com.br\/regional-sede\/wp-json\/wp\/v2\/tags?post=4452"}],"curies":[{"name":"wp","href":"https:\/\/api.w.org\/{rel}","templated":true}]}}