{"id":4500,"date":"2025-06-09T13:27:10","date_gmt":"2025-06-09T16:27:10","guid":{"rendered":"https:\/\/www.fiemg.com.br\/regional-sede\/?post_type=noticias&#038;p=4500"},"modified":"2025-06-09T13:27:12","modified_gmt":"2025-06-09T16:27:12","slug":"fiemg-lanca-projeto-consumo-em-foco-para-impulsionar-inteligencia-de-mercado-no-setor-b2c","status":"publish","type":"noticias","link":"https:\/\/www.fiemg.com.br\/regional-sede\/noticias\/fiemg-lanca-projeto-consumo-em-foco-para-impulsionar-inteligencia-de-mercado-no-setor-b2c\/","title":{"rendered":"FIEMG lan\u00e7a projeto &#8220;Consumo em Foco&#8221; para impulsionar intelig\u00eancia de mercado no setor B2C"},"content":{"rendered":"\n<p>A Federa\u00e7\u00e3o das Ind\u00fastrias de Minas Gerais (FIEMG), em parceria com o Instituto Euvaldo Lodi (IEL), anuncia o lan\u00e7amento do projeto Consumo em Foco, uma pesquisa de mercado in\u00e9dita que visa ampliar o acesso das ind\u00fastrias B2C a dados estrat\u00e9gicos sobre o comportamento do consumidor brasileiro, com foco especial em Minas Gerais.<\/p>\n\n\n\n<p>Realizado anualmente, o estudo atender\u00e1 a uma demanda crescente das empresas industriais de m\u00e9dio e grande porte \u2013 especialmente dos setores de alimentos e bebidas, moda, m\u00f3veis, m\u00eddia, cosm\u00e9ticos e limpeza \u2013 por informa\u00e7\u00f5es confi\u00e1veis e acess\u00edveis para embasar decis\u00f5es de marketing, desenvolvimento de produtos e estrat\u00e9gias comerciais.<\/p>\n\n\n\n<p><strong>Diferenciais do projeto<\/strong><\/p>\n\n\n\n<p>Com representatividade nacional e um recorte detalhado por renda e regi\u00f5es do pa\u00eds, a pesquisa entrevistar\u00e1 quase 3.000 consumidores. O levantamento gerar\u00e1 dados multissetoriais e insights acion\u00e1veis sobre tend\u00eancias de compra, percep\u00e7\u00e3o de marca e prefer\u00eancias de consumo.<\/p>\n\n\n\n<p>Al\u00e9m disso, o Consumo em Foco adota um modelo colaborativo: empresas interessadas poder\u00e3o patrocinar a pesquisa, compartilhando custos e garantindo acesso a dados de alto valor. Os patrocinadores tamb\u00e9m ter\u00e3o a oportunidade de incluir at\u00e9 10 perguntas exclusivas no question\u00e1rio, para obter informa\u00e7\u00f5es customizadas e relevantes para seus neg\u00f3cios.<\/p>\n\n\n\n<p><strong>Benef\u00edcios para as empresas patrocinadoras<\/strong><\/p>\n\n\n\n<p>As empresas que aderirem ao projeto como patrocinadoras contar\u00e3o com uma s\u00e9rie de vantagens, entre elas:<\/p>\n\n\n\n<ul class=\"wp-block-list\">\n<li>Obten\u00e7\u00e3o de dados exclusivos e personalizados para apoiar lan\u00e7amentos de produtos, campanhas e decis\u00f5es comerciais;<br><\/li>\n\n\n\n<li>Exposi\u00e7\u00e3o de marca em materiais promocionais e em evento oficial de divulga\u00e7\u00e3o dos resultados;<br><\/li>\n\n\n\n<li>Participa\u00e7\u00e3o em um evento exclusivo para apresenta\u00e7\u00e3o dos dados;<br><\/li>\n\n\n\n<li>Reconhecimento como parceiras estrat\u00e9gicas de uma pesquisa in\u00e9dita no mercado;<br><\/li>\n\n\n\n<li>An\u00e1lise consultiva com caminhos claros de a\u00e7\u00e3o baseados nas respostas obtidas.<br><\/li>\n<\/ul>\n\n\n\n<p>O projeto posiciona a FIEMG e o IEL como refer\u00eancias em intelig\u00eancia de mercado para a ind\u00fastria e abre espa\u00e7o para que empresas patrocinadoras fortale\u00e7am sua atua\u00e7\u00e3o com informa\u00e7\u00f5es essenciais para se destacar no cen\u00e1rio competitivo.<\/p>\n\n\n\n<p>Para saber mais sobre as cotas de patroc\u00ednio e garantir a participa\u00e7\u00e3o da sua empresa, entre em contato pelo e-mail <a href=\"mailto:consultoriaparanegocios@fiemg.com.br\">consultoriaparanegocios@fiemg.com.br<\/a> ou pelo telefone (31) 2118-5585.<\/p>\n\n\n\n<p><em>Tha\u00eds Mota<\/em><br><strong>Imprensa FIEMG<\/strong><\/p>\n","protected":false},"featured_media":4556,"template":"","categories":[15],"tags":[1047,75,1048,1049],"class_list":["post-4500","noticias","type-noticias","status-publish","has-post-thumbnail","hentry","category-desenvolvimento-industrial","tag-consumo-em-foco","tag-iel","tag-inteligencia-de-mercado","tag-pesquisa"],"acf":[],"yoast_head":"<!-- This site is optimized with the Yoast SEO plugin v26.2 - https:\/\/yoast.com\/wordpress\/plugins\/seo\/ -->\n<title>FIEMG lan\u00e7a projeto &quot;Consumo em Foco&quot; para impulsionar intelig\u00eancia de mercado no setor B2C - FIEMG<\/title>\n<meta name=\"description\" content=\"Com representatividade nacional e um recorte detalhado por renda e regi\u00f5es do pa\u00eds, a pesquisa entrevistar\u00e1 quase 3.000 consumidores.\" \/>\n<meta name=\"robots\" content=\"index, follow, max-snippet:-1, max-image-preview:large, max-video-preview:-1\" \/>\n<link rel=\"canonical\" href=\"https:\/\/www.fiemg.com.br\/regional-sede\/?post_type=noticias&p=4500\" \/>\n<meta property=\"og:locale\" content=\"pt_BR\" \/>\n<meta property=\"og:type\" content=\"article\" \/>\n<meta property=\"og:title\" content=\"FIEMG lan\u00e7a projeto &quot;Consumo em Foco&quot; para impulsionar intelig\u00eancia de mercado no setor B2C - FIEMG\" \/>\n<meta property=\"og:description\" content=\"Com representatividade nacional e um recorte detalhado por renda e regi\u00f5es do pa\u00eds, a pesquisa entrevistar\u00e1 quase 3.000 consumidores.\" \/>\n<meta property=\"og:url\" content=\"https:\/\/www.fiemg.com.br\/regional-sede\/?post_type=noticias&amp;p=4500\" \/>\n<meta property=\"og:site_name\" content=\"FIEMG\" \/>\n<meta property=\"article:modified_time\" content=\"2025-06-09T16:27:12+00:00\" \/>\n<meta property=\"og:image\" content=\"https:\/\/www.fiemg.com.br\/regional-sede\/wp-content\/uploads\/sites\/21\/2023\/08\/default.png\" \/>\n\t<meta property=\"og:image:width\" content=\"300\" \/>\n\t<meta property=\"og:image:height\" content=\"300\" \/>\n\t<meta property=\"og:image:type\" content=\"image\/png\" \/>\n<meta name=\"twitter:card\" content=\"summary_large_image\" \/>\n<meta name=\"twitter:label1\" content=\"Est. tempo de leitura\" \/>\n\t<meta name=\"twitter:data1\" content=\"3 minutos\" \/>\n<script type=\"application\/ld+json\" class=\"yoast-schema-graph\">{\"@context\":\"https:\/\/schema.org\",\"@graph\":[{\"@type\":\"WebPage\",\"@id\":\"https:\/\/www.fiemg.com.br\/regional-sede\/?post_type=noticias&p=4500\",\"url\":\"https:\/\/www.fiemg.com.br\/regional-sede\/?post_type=noticias&p=4500\",\"name\":\"FIEMG lan\u00e7a projeto \\\"Consumo em Foco\\\" para impulsionar intelig\u00eancia de mercado no setor B2C - FIEMG\",\"isPartOf\":{\"@id\":\"https:\/\/www.fiemg.com.br\/regional-sede\/#website\"},\"primaryImageOfPage\":{\"@id\":\"https:\/\/www.fiemg.com.br\/regional-sede\/?post_type=noticias&p=4500#primaryimage\"},\"image\":{\"@id\":\"https:\/\/www.fiemg.com.br\/regional-sede\/?post_type=noticias&p=4500#primaryimage\"},\"thumbnailUrl\":\"https:\/\/www.fiemg.com.br\/regional-sede\/wp-content\/uploads\/sites\/21\/2025\/06\/Consumo-em-Foco-2.png\",\"datePublished\":\"2025-06-09T16:27:10+00:00\",\"dateModified\":\"2025-06-09T16:27:12+00:00\",\"description\":\"Com representatividade nacional e um recorte detalhado por renda e regi\u00f5es do pa\u00eds, a pesquisa entrevistar\u00e1 quase 3.000 consumidores.\",\"breadcrumb\":{\"@id\":\"https:\/\/www.fiemg.com.br\/regional-sede\/?post_type=noticias&p=4500#breadcrumb\"},\"inLanguage\":\"pt-BR\",\"potentialAction\":[{\"@type\":\"ReadAction\",\"target\":[\"https:\/\/www.fiemg.com.br\/regional-sede\/?post_type=noticias&p=4500\"]}]},{\"@type\":\"ImageObject\",\"inLanguage\":\"pt-BR\",\"@id\":\"https:\/\/www.fiemg.com.br\/regional-sede\/?post_type=noticias&p=4500#primaryimage\",\"url\":\"https:\/\/www.fiemg.com.br\/regional-sede\/wp-content\/uploads\/sites\/21\/2025\/06\/Consumo-em-Foco-2.png\",\"contentUrl\":\"https:\/\/www.fiemg.com.br\/regional-sede\/wp-content\/uploads\/sites\/21\/2025\/06\/Consumo-em-Foco-2.png\",\"width\":512,\"height\":512},{\"@type\":\"BreadcrumbList\",\"@id\":\"https:\/\/www.fiemg.com.br\/regional-sede\/?post_type=noticias&p=4500#breadcrumb\",\"itemListElement\":[{\"@type\":\"ListItem\",\"position\":1,\"name\":\"In\u00edcio\",\"item\":\"https:\/\/www.fiemg.com.br\/regional-sede\/\"},{\"@type\":\"ListItem\",\"position\":2,\"name\":\"FIEMG lan\u00e7a projeto &#8220;Consumo em Foco&#8221; para impulsionar intelig\u00eancia de mercado no setor B2C\"}]},{\"@type\":\"WebSite\",\"@id\":\"https:\/\/www.fiemg.com.br\/regional-sede\/#website\",\"url\":\"https:\/\/www.fiemg.com.br\/regional-sede\/\",\"name\":\"FIEMG\",\"description\":\"Federa\u00e7\u00e3o das Ind\u00fastrias do Estado de Minas Gerais\",\"publisher\":{\"@id\":\"https:\/\/www.fiemg.com.br\/regional-sede\/#organization\"},\"potentialAction\":[{\"@type\":\"SearchAction\",\"target\":{\"@type\":\"EntryPoint\",\"urlTemplate\":\"https:\/\/www.fiemg.com.br\/regional-sede\/?s={search_term_string}\"},\"query-input\":{\"@type\":\"PropertyValueSpecification\",\"valueRequired\":true,\"valueName\":\"search_term_string\"}}],\"inLanguage\":\"pt-BR\"},{\"@type\":\"Organization\",\"@id\":\"https:\/\/www.fiemg.com.br\/regional-sede\/#organization\",\"name\":\"FIEMG\",\"url\":\"https:\/\/www.fiemg.com.br\/regional-sede\/\",\"logo\":{\"@type\":\"ImageObject\",\"inLanguage\":\"pt-BR\",\"@id\":\"https:\/\/www.fiemg.com.br\/regional-sede\/#\/schema\/logo\/image\/\",\"url\":\"https:\/\/www.fiemg.com.br\/regional-sede\/wp-content\/uploads\/sites\/21\/2023\/02\/Ativo-1.png\",\"contentUrl\":\"https:\/\/www.fiemg.com.br\/regional-sede\/wp-content\/uploads\/sites\/21\/2023\/02\/Ativo-1.png\",\"width\":563,\"height\":149,\"caption\":\"FIEMG\"},\"image\":{\"@id\":\"https:\/\/www.fiemg.com.br\/regional-sede\/#\/schema\/logo\/image\/\"}}]}<\/script>\n<!-- \/ Yoast SEO plugin. -->","yoast_head_json":{"title":"FIEMG lan\u00e7a projeto \"Consumo em Foco\" para impulsionar intelig\u00eancia de mercado no setor B2C - FIEMG","description":"Com representatividade nacional e um recorte detalhado por renda e regi\u00f5es do pa\u00eds, a pesquisa entrevistar\u00e1 quase 3.000 consumidores.","robots":{"index":"index","follow":"follow","max-snippet":"max-snippet:-1","max-image-preview":"max-image-preview:large","max-video-preview":"max-video-preview:-1"},"canonical":"https:\/\/www.fiemg.com.br\/regional-sede\/?post_type=noticias&p=4500","og_locale":"pt_BR","og_type":"article","og_title":"FIEMG lan\u00e7a projeto \"Consumo em Foco\" para impulsionar intelig\u00eancia de mercado no setor B2C - FIEMG","og_description":"Com representatividade nacional e um recorte detalhado por renda e regi\u00f5es do pa\u00eds, a pesquisa entrevistar\u00e1 quase 3.000 consumidores.","og_url":"https:\/\/www.fiemg.com.br\/regional-sede\/?post_type=noticias&p=4500","og_site_name":"FIEMG","article_modified_time":"2025-06-09T16:27:12+00:00","og_image":[{"width":300,"height":300,"url":"https:\/\/www.fiemg.com.br\/regional-sede\/wp-content\/uploads\/sites\/21\/2023\/08\/default.png","type":"image\/png"}],"twitter_card":"summary_large_image","twitter_misc":{"Est. tempo de leitura":"3 minutos"},"schema":{"@context":"https:\/\/schema.org","@graph":[{"@type":"WebPage","@id":"https:\/\/www.fiemg.com.br\/regional-sede\/?post_type=noticias&p=4500","url":"https:\/\/www.fiemg.com.br\/regional-sede\/?post_type=noticias&p=4500","name":"FIEMG lan\u00e7a projeto \"Consumo em Foco\" para impulsionar intelig\u00eancia de mercado no setor B2C - FIEMG","isPartOf":{"@id":"https:\/\/www.fiemg.com.br\/regional-sede\/#website"},"primaryImageOfPage":{"@id":"https:\/\/www.fiemg.com.br\/regional-sede\/?post_type=noticias&p=4500#primaryimage"},"image":{"@id":"https:\/\/www.fiemg.com.br\/regional-sede\/?post_type=noticias&p=4500#primaryimage"},"thumbnailUrl":"https:\/\/www.fiemg.com.br\/regional-sede\/wp-content\/uploads\/sites\/21\/2025\/06\/Consumo-em-Foco-2.png","datePublished":"2025-06-09T16:27:10+00:00","dateModified":"2025-06-09T16:27:12+00:00","description":"Com representatividade nacional e um recorte detalhado por renda e regi\u00f5es do pa\u00eds, a pesquisa entrevistar\u00e1 quase 3.000 consumidores.","breadcrumb":{"@id":"https:\/\/www.fiemg.com.br\/regional-sede\/?post_type=noticias&p=4500#breadcrumb"},"inLanguage":"pt-BR","potentialAction":[{"@type":"ReadAction","target":["https:\/\/www.fiemg.com.br\/regional-sede\/?post_type=noticias&p=4500"]}]},{"@type":"ImageObject","inLanguage":"pt-BR","@id":"https:\/\/www.fiemg.com.br\/regional-sede\/?post_type=noticias&p=4500#primaryimage","url":"https:\/\/www.fiemg.com.br\/regional-sede\/wp-content\/uploads\/sites\/21\/2025\/06\/Consumo-em-Foco-2.png","contentUrl":"https:\/\/www.fiemg.com.br\/regional-sede\/wp-content\/uploads\/sites\/21\/2025\/06\/Consumo-em-Foco-2.png","width":512,"height":512},{"@type":"BreadcrumbList","@id":"https:\/\/www.fiemg.com.br\/regional-sede\/?post_type=noticias&p=4500#breadcrumb","itemListElement":[{"@type":"ListItem","position":1,"name":"In\u00edcio","item":"https:\/\/www.fiemg.com.br\/regional-sede\/"},{"@type":"ListItem","position":2,"name":"FIEMG lan\u00e7a projeto &#8220;Consumo em Foco&#8221; para impulsionar intelig\u00eancia de mercado no setor B2C"}]},{"@type":"WebSite","@id":"https:\/\/www.fiemg.com.br\/regional-sede\/#website","url":"https:\/\/www.fiemg.com.br\/regional-sede\/","name":"FIEMG","description":"Federa\u00e7\u00e3o das Ind\u00fastrias do Estado de Minas Gerais","publisher":{"@id":"https:\/\/www.fiemg.com.br\/regional-sede\/#organization"},"potentialAction":[{"@type":"SearchAction","target":{"@type":"EntryPoint","urlTemplate":"https:\/\/www.fiemg.com.br\/regional-sede\/?s={search_term_string}"},"query-input":{"@type":"PropertyValueSpecification","valueRequired":true,"valueName":"search_term_string"}}],"inLanguage":"pt-BR"},{"@type":"Organization","@id":"https:\/\/www.fiemg.com.br\/regional-sede\/#organization","name":"FIEMG","url":"https:\/\/www.fiemg.com.br\/regional-sede\/","logo":{"@type":"ImageObject","inLanguage":"pt-BR","@id":"https:\/\/www.fiemg.com.br\/regional-sede\/#\/schema\/logo\/image\/","url":"https:\/\/www.fiemg.com.br\/regional-sede\/wp-content\/uploads\/sites\/21\/2023\/02\/Ativo-1.png","contentUrl":"https:\/\/www.fiemg.com.br\/regional-sede\/wp-content\/uploads\/sites\/21\/2023\/02\/Ativo-1.png","width":563,"height":149,"caption":"FIEMG"},"image":{"@id":"https:\/\/www.fiemg.com.br\/regional-sede\/#\/schema\/logo\/image\/"}}]}},"_links":{"self":[{"href":"https:\/\/www.fiemg.com.br\/regional-sede\/wp-json\/wp\/v2\/noticias\/4500","targetHints":{"allow":["GET"]}}],"collection":[{"href":"https:\/\/www.fiemg.com.br\/regional-sede\/wp-json\/wp\/v2\/noticias"}],"about":[{"href":"https:\/\/www.fiemg.com.br\/regional-sede\/wp-json\/wp\/v2\/types\/noticias"}],"wp:featuredmedia":[{"embeddable":true,"href":"https:\/\/www.fiemg.com.br\/regional-sede\/wp-json\/wp\/v2\/media\/4556"}],"wp:attachment":[{"href":"https:\/\/www.fiemg.com.br\/regional-sede\/wp-json\/wp\/v2\/media?parent=4500"}],"wp:term":[{"taxonomy":"category","embeddable":true,"href":"https:\/\/www.fiemg.com.br\/regional-sede\/wp-json\/wp\/v2\/categories?post=4500"},{"taxonomy":"post_tag","embeddable":true,"href":"https:\/\/www.fiemg.com.br\/regional-sede\/wp-json\/wp\/v2\/tags?post=4500"}],"curies":[{"name":"wp","href":"https:\/\/api.w.org\/{rel}","templated":true}]}}