{"id":4583,"date":"2025-06-12T09:34:07","date_gmt":"2025-06-12T12:34:07","guid":{"rendered":"https:\/\/www.fiemg.com.br\/regional-sede\/noticias\/com-transmissao-ao-vivo-e-instrutores-experientes-capacitacao-prepara-profissionais-para-os-desafios-reais-da-importacao\/"},"modified":"2025-06-12T09:34:11","modified_gmt":"2025-06-12T12:34:11","slug":"com-transmissao-ao-vivo-e-instrutores-experientes-capacitacao-prepara-profissionais-para-os-desafios-reais-da-importacao","status":"publish","type":"noticias","link":"https:\/\/www.fiemg.com.br\/regional-sede\/noticias\/com-transmissao-ao-vivo-e-instrutores-experientes-capacitacao-prepara-profissionais-para-os-desafios-reais-da-importacao\/","title":{"rendered":"Capacita\u00e7\u00e3o &#8220;Importa\u00e7\u00e3o na Pr\u00e1tica&#8221; traz abordagem atual para profissionais do com\u00e9rcio exterior"},"content":{"rendered":"\n<p><br><br><br><br>Nos dias 25 e 26 de junho, das 14h \u00e0s 17h, acontece a capacita\u00e7\u00e3o <strong>&#8220;Importa\u00e7\u00e3o na Pr\u00e1tica&#8221;<\/strong>, uma oportunidade \u00fanica para profissionais e empresas que desejam compreender e aplicar, com seguran\u00e7a e planejamento, as etapas do processo de importa\u00e7\u00e3o. Com carga hor\u00e1ria total de 6 horas, o curso ser\u00e1 transmitido <strong>ao vivo<\/strong>, por videoconfer\u00eancia, por meio da plataforma Teams, permitindo intera\u00e7\u00e3o em tempo real entre os participantes e os instrutores. O investimento \u00e9 de R$ 240.<\/p>\n\n\n\n<p>A capacita\u00e7\u00e3o ser\u00e1 conduzida por dois especialistas com ampla experi\u00eancia no setor: <strong>Miron Korenowski<\/strong>, administrador com habilita\u00e7\u00e3o em Com\u00e9rcio Exterior pela UNISINOS-RS, com p\u00f3s-gradua\u00e7\u00e3o em Rela\u00e7\u00f5es e Neg\u00f3cios Internacionais (UNISINOS-RS) e Gest\u00e3o Comercial e Vendas (FGV). Despachante Aduaneiro credenciado pela Receita Federal e s\u00f3cio fundador da Conexo Log\u00edstics, Miron acumula mais de 37 anos de experi\u00eancia no com\u00e9rcio exterior. O segundo instrutor \u00e9 <strong>Luis Carlos dos Santos<\/strong>, Despachante Aduaneiro (n\u00ba 10D.01.030), gestor de importa\u00e7\u00e3o e tamb\u00e9m s\u00f3cio fundador da Conexo Log\u00edstics, com 40 anos de atua\u00e7\u00e3o na \u00e1rea e profundo conhecimento pr\u00e1tico dos tr\u00e2mites de importa\u00e7\u00e3o.<\/p>\n\n\n\n<p>O conte\u00fado foi elaborado para preparar os participantes de forma pr\u00e1tica e estrat\u00e9gica, abordando desde os primeiros passos do processo \u2014 como o planejamento da importa\u00e7\u00e3o e a habilita\u00e7\u00e3o no Radar Siscomex \u2014 at\u00e9 temas mais atuais e complexos, como importa\u00e7\u00e3o via e-commerce, custos, documenta\u00e7\u00e3o, despacho e desembara\u00e7o aduaneiro. Tamb\u00e9m ser\u00e3o tratados assuntos como o cronograma de implanta\u00e7\u00e3o da DUIMP, tend\u00eancias nas cadeias globais de suprimento e os regimes aduaneiros especiais, como o drawback e o entreposto aduaneiro.<\/p>\n\n\n\n<p>A participa\u00e7\u00e3o nos dois dias da capacita\u00e7\u00e3o garante um <strong>certificado digital<\/strong>, que ser\u00e1 enviado em at\u00e9 10 dias ap\u00f3s a conclus\u00e3o das aulas. \u00c9 importante ressaltar que <strong>a capacita\u00e7\u00e3o n\u00e3o ser\u00e1 gravada<\/strong> nem disponibilizada ap\u00f3s sua realiza\u00e7\u00e3o. A presen\u00e7a ao vivo \u00e9 essencial para o aproveitamento completo do conte\u00fado.<\/p>\n\n\n\n<p>As inscri\u00e7\u00f5es j\u00e1 est\u00e3o abertas e podem ser feitas<a href=\"https:\/\/docs.google.com\/forms\/d\/e\/1FAIpQLSe86GjCheBnVREgAqhcUMRRZrbvM6FmHeSJdIdP-xtXudb2SA\/viewform\"> NESTE LINK<\/a>.<a href=\"https:\/\/docs.google.com\/forms\/d\/e\/1FAIpQLSe86GjCheBnVREgAqhcUMRRZrbvM6FmHeSJdIdP-xtXudb2SA\/viewform\"><br><br><\/a><strong>SERVI\u00c7O<\/strong><strong><br><\/strong><strong>Capacita\u00e7\u00e3o: Importa\u00e7\u00e3o na Pr\u00e1tica<\/strong><\/p>\n\n\n\n<p>\ud83d\udcc5 Datas: 25 e 26 de junho de 2025<br>\u23f0 Hor\u00e1rio: das 14h \u00e0s 17h<br>\ud83c\udf93 Carga hor\u00e1ria: 6 horas<br>\ud83d\udcbb Modalidade: Online, ao vivo (via Teams)<br>\ud83d\udcb0 Investimento: R$ 240<br>\ud83d\udcc4 Certificado: Enviado por e-mail em at\u00e9 10 dias ap\u00f3s o curso<br>\u2757Aten\u00e7\u00e3o: a capacita\u00e7\u00e3o n\u00e3o ser\u00e1 gravada nem disponibilizada posteriormente<br>\ud83d\udd17 Inscri\u00e7\u00f5es:<a href=\"https:\/\/docs.google.com\/forms\/d\/e\/1FAIpQLSe86GjCheBnVREgAqhcUMRRZrbvM6FmHeSJdIdP-xtXudb2SA\/viewform\"> Clique aqui para se inscrever<\/a><\/p>\n\n\n\n<p><em>Denise Lucas<\/em><strong><br>Imprensa FIEMG<\/strong><\/p>\n\n\n\n<p><\/p>\n","protected":false},"featured_media":4585,"template":"","categories":[15],"tags":[103,78,475],"class_list":["post-4583","noticias","type-noticias","status-publish","has-post-thumbnail","hentry","category-desenvolvimento-industrial","tag-cin","tag-fiemg","tag-importacao"],"acf":[],"yoast_head":"<!-- This site is optimized with the Yoast SEO plugin v26.2 - https:\/\/yoast.com\/wordpress\/plugins\/seo\/ -->\n<title>Capacita\u00e7\u00e3o &quot;Importa\u00e7\u00e3o na Pr\u00e1tica&quot; traz abordagem atual para profissionais do com\u00e9rcio exterior - FIEMG<\/title>\n<meta name=\"description\" content=\"Com transmiss\u00e3o ao vivo e instrutores experientes, capacita\u00e7\u00e3o prepara profissionais para os desafios reais da importa\u00e7\u00e3o\" \/>\n<meta name=\"robots\" content=\"index, follow, max-snippet:-1, max-image-preview:large, max-video-preview:-1\" \/>\n<link rel=\"canonical\" href=\"https:\/\/www.fiemg.com.br\/regional-sede\/noticias\/com-transmissao-ao-vivo-e-instrutores-experientes-capacitacao-prepara-profissionais-para-os-desafios-reais-da-importacao\/\" \/>\n<meta property=\"og:locale\" content=\"pt_BR\" \/>\n<meta property=\"og:type\" content=\"article\" \/>\n<meta property=\"og:title\" content=\"Capacita\u00e7\u00e3o &quot;Importa\u00e7\u00e3o na Pr\u00e1tica&quot; traz abordagem atual para profissionais do com\u00e9rcio exterior - FIEMG\" \/>\n<meta property=\"og:description\" content=\"Com transmiss\u00e3o ao vivo e instrutores experientes, capacita\u00e7\u00e3o prepara profissionais para os desafios reais da importa\u00e7\u00e3o\" \/>\n<meta property=\"og:url\" content=\"https:\/\/www.fiemg.com.br\/regional-sede\/noticias\/com-transmissao-ao-vivo-e-instrutores-experientes-capacitacao-prepara-profissionais-para-os-desafios-reais-da-importacao\/\" \/>\n<meta property=\"og:site_name\" content=\"FIEMG\" \/>\n<meta property=\"article:modified_time\" content=\"2025-06-12T12:34:11+00:00\" \/>\n<meta property=\"og:image\" content=\"https:\/\/www.fiemg.com.br\/regional-sede\/wp-content\/uploads\/sites\/21\/2025\/06\/CAPACITACAO-IMPORTACAO.png\" \/>\n\t<meta property=\"og:image:width\" content=\"1600\" \/>\n\t<meta property=\"og:image:height\" content=\"1600\" \/>\n\t<meta property=\"og:image:type\" content=\"image\/png\" \/>\n<meta name=\"twitter:card\" content=\"summary_large_image\" \/>\n<meta name=\"twitter:label1\" content=\"Est. tempo de leitura\" \/>\n\t<meta name=\"twitter:data1\" content=\"3 minutos\" \/>\n<script type=\"application\/ld+json\" class=\"yoast-schema-graph\">{\"@context\":\"https:\/\/schema.org\",\"@graph\":[{\"@type\":\"WebPage\",\"@id\":\"https:\/\/www.fiemg.com.br\/regional-sede\/noticias\/com-transmissao-ao-vivo-e-instrutores-experientes-capacitacao-prepara-profissionais-para-os-desafios-reais-da-importacao\/\",\"url\":\"https:\/\/www.fiemg.com.br\/regional-sede\/noticias\/com-transmissao-ao-vivo-e-instrutores-experientes-capacitacao-prepara-profissionais-para-os-desafios-reais-da-importacao\/\",\"name\":\"Capacita\u00e7\u00e3o \\\"Importa\u00e7\u00e3o na Pr\u00e1tica\\\" traz abordagem atual para profissionais do com\u00e9rcio exterior - FIEMG\",\"isPartOf\":{\"@id\":\"https:\/\/www.fiemg.com.br\/regional-sede\/#website\"},\"primaryImageOfPage\":{\"@id\":\"https:\/\/www.fiemg.com.br\/regional-sede\/noticias\/com-transmissao-ao-vivo-e-instrutores-experientes-capacitacao-prepara-profissionais-para-os-desafios-reais-da-importacao\/#primaryimage\"},\"image\":{\"@id\":\"https:\/\/www.fiemg.com.br\/regional-sede\/noticias\/com-transmissao-ao-vivo-e-instrutores-experientes-capacitacao-prepara-profissionais-para-os-desafios-reais-da-importacao\/#primaryimage\"},\"thumbnailUrl\":\"https:\/\/www.fiemg.com.br\/regional-sede\/wp-content\/uploads\/sites\/21\/2025\/06\/CAPACITACAO-IMPORTACAO.png\",\"datePublished\":\"2025-06-12T12:34:07+00:00\",\"dateModified\":\"2025-06-12T12:34:11+00:00\",\"description\":\"Com transmiss\u00e3o ao vivo e instrutores experientes, capacita\u00e7\u00e3o prepara profissionais para os desafios reais da importa\u00e7\u00e3o\",\"breadcrumb\":{\"@id\":\"https:\/\/www.fiemg.com.br\/regional-sede\/noticias\/com-transmissao-ao-vivo-e-instrutores-experientes-capacitacao-prepara-profissionais-para-os-desafios-reais-da-importacao\/#breadcrumb\"},\"inLanguage\":\"pt-BR\",\"potentialAction\":[{\"@type\":\"ReadAction\",\"target\":[\"https:\/\/www.fiemg.com.br\/regional-sede\/noticias\/com-transmissao-ao-vivo-e-instrutores-experientes-capacitacao-prepara-profissionais-para-os-desafios-reais-da-importacao\/\"]}]},{\"@type\":\"ImageObject\",\"inLanguage\":\"pt-BR\",\"@id\":\"https:\/\/www.fiemg.com.br\/regional-sede\/noticias\/com-transmissao-ao-vivo-e-instrutores-experientes-capacitacao-prepara-profissionais-para-os-desafios-reais-da-importacao\/#primaryimage\",\"url\":\"https:\/\/www.fiemg.com.br\/regional-sede\/wp-content\/uploads\/sites\/21\/2025\/06\/CAPACITACAO-IMPORTACAO.png\",\"contentUrl\":\"https:\/\/www.fiemg.com.br\/regional-sede\/wp-content\/uploads\/sites\/21\/2025\/06\/CAPACITACAO-IMPORTACAO.png\",\"width\":1600,\"height\":1600},{\"@type\":\"BreadcrumbList\",\"@id\":\"https:\/\/www.fiemg.com.br\/regional-sede\/noticias\/com-transmissao-ao-vivo-e-instrutores-experientes-capacitacao-prepara-profissionais-para-os-desafios-reais-da-importacao\/#breadcrumb\",\"itemListElement\":[{\"@type\":\"ListItem\",\"position\":1,\"name\":\"In\u00edcio\",\"item\":\"https:\/\/www.fiemg.com.br\/regional-sede\/\"},{\"@type\":\"ListItem\",\"position\":2,\"name\":\"Capacita\u00e7\u00e3o &#8220;Importa\u00e7\u00e3o na Pr\u00e1tica&#8221; traz abordagem atual para profissionais do com\u00e9rcio exterior\"}]},{\"@type\":\"WebSite\",\"@id\":\"https:\/\/www.fiemg.com.br\/regional-sede\/#website\",\"url\":\"https:\/\/www.fiemg.com.br\/regional-sede\/\",\"name\":\"FIEMG\",\"description\":\"Federa\u00e7\u00e3o das Ind\u00fastrias do Estado de Minas Gerais\",\"publisher\":{\"@id\":\"https:\/\/www.fiemg.com.br\/regional-sede\/#organization\"},\"potentialAction\":[{\"@type\":\"SearchAction\",\"target\":{\"@type\":\"EntryPoint\",\"urlTemplate\":\"https:\/\/www.fiemg.com.br\/regional-sede\/?s={search_term_string}\"},\"query-input\":{\"@type\":\"PropertyValueSpecification\",\"valueRequired\":true,\"valueName\":\"search_term_string\"}}],\"inLanguage\":\"pt-BR\"},{\"@type\":\"Organization\",\"@id\":\"https:\/\/www.fiemg.com.br\/regional-sede\/#organization\",\"name\":\"FIEMG\",\"url\":\"https:\/\/www.fiemg.com.br\/regional-sede\/\",\"logo\":{\"@type\":\"ImageObject\",\"inLanguage\":\"pt-BR\",\"@id\":\"https:\/\/www.fiemg.com.br\/regional-sede\/#\/schema\/logo\/image\/\",\"url\":\"https:\/\/www.fiemg.com.br\/regional-sede\/wp-content\/uploads\/sites\/21\/2023\/02\/Ativo-1.png\",\"contentUrl\":\"https:\/\/www.fiemg.com.br\/regional-sede\/wp-content\/uploads\/sites\/21\/2023\/02\/Ativo-1.png\",\"width\":563,\"height\":149,\"caption\":\"FIEMG\"},\"image\":{\"@id\":\"https:\/\/www.fiemg.com.br\/regional-sede\/#\/schema\/logo\/image\/\"}}]}<\/script>\n<!-- \/ Yoast SEO plugin. -->","yoast_head_json":{"title":"Capacita\u00e7\u00e3o \"Importa\u00e7\u00e3o na Pr\u00e1tica\" traz abordagem atual para profissionais do com\u00e9rcio exterior - FIEMG","description":"Com transmiss\u00e3o ao vivo e instrutores experientes, capacita\u00e7\u00e3o prepara profissionais para os desafios reais da importa\u00e7\u00e3o","robots":{"index":"index","follow":"follow","max-snippet":"max-snippet:-1","max-image-preview":"max-image-preview:large","max-video-preview":"max-video-preview:-1"},"canonical":"https:\/\/www.fiemg.com.br\/regional-sede\/noticias\/com-transmissao-ao-vivo-e-instrutores-experientes-capacitacao-prepara-profissionais-para-os-desafios-reais-da-importacao\/","og_locale":"pt_BR","og_type":"article","og_title":"Capacita\u00e7\u00e3o \"Importa\u00e7\u00e3o na Pr\u00e1tica\" traz abordagem atual para profissionais do com\u00e9rcio exterior - FIEMG","og_description":"Com transmiss\u00e3o ao vivo e instrutores experientes, capacita\u00e7\u00e3o prepara profissionais para os desafios reais da importa\u00e7\u00e3o","og_url":"https:\/\/www.fiemg.com.br\/regional-sede\/noticias\/com-transmissao-ao-vivo-e-instrutores-experientes-capacitacao-prepara-profissionais-para-os-desafios-reais-da-importacao\/","og_site_name":"FIEMG","article_modified_time":"2025-06-12T12:34:11+00:00","og_image":[{"width":1600,"height":1600,"url":"https:\/\/www.fiemg.com.br\/regional-sede\/wp-content\/uploads\/sites\/21\/2025\/06\/CAPACITACAO-IMPORTACAO.png","type":"image\/png"}],"twitter_card":"summary_large_image","twitter_misc":{"Est. tempo de leitura":"3 minutos"},"schema":{"@context":"https:\/\/schema.org","@graph":[{"@type":"WebPage","@id":"https:\/\/www.fiemg.com.br\/regional-sede\/noticias\/com-transmissao-ao-vivo-e-instrutores-experientes-capacitacao-prepara-profissionais-para-os-desafios-reais-da-importacao\/","url":"https:\/\/www.fiemg.com.br\/regional-sede\/noticias\/com-transmissao-ao-vivo-e-instrutores-experientes-capacitacao-prepara-profissionais-para-os-desafios-reais-da-importacao\/","name":"Capacita\u00e7\u00e3o \"Importa\u00e7\u00e3o na Pr\u00e1tica\" traz abordagem atual para profissionais do com\u00e9rcio exterior - FIEMG","isPartOf":{"@id":"https:\/\/www.fiemg.com.br\/regional-sede\/#website"},"primaryImageOfPage":{"@id":"https:\/\/www.fiemg.com.br\/regional-sede\/noticias\/com-transmissao-ao-vivo-e-instrutores-experientes-capacitacao-prepara-profissionais-para-os-desafios-reais-da-importacao\/#primaryimage"},"image":{"@id":"https:\/\/www.fiemg.com.br\/regional-sede\/noticias\/com-transmissao-ao-vivo-e-instrutores-experientes-capacitacao-prepara-profissionais-para-os-desafios-reais-da-importacao\/#primaryimage"},"thumbnailUrl":"https:\/\/www.fiemg.com.br\/regional-sede\/wp-content\/uploads\/sites\/21\/2025\/06\/CAPACITACAO-IMPORTACAO.png","datePublished":"2025-06-12T12:34:07+00:00","dateModified":"2025-06-12T12:34:11+00:00","description":"Com transmiss\u00e3o ao vivo e instrutores experientes, capacita\u00e7\u00e3o prepara profissionais para os desafios reais da importa\u00e7\u00e3o","breadcrumb":{"@id":"https:\/\/www.fiemg.com.br\/regional-sede\/noticias\/com-transmissao-ao-vivo-e-instrutores-experientes-capacitacao-prepara-profissionais-para-os-desafios-reais-da-importacao\/#breadcrumb"},"inLanguage":"pt-BR","potentialAction":[{"@type":"ReadAction","target":["https:\/\/www.fiemg.com.br\/regional-sede\/noticias\/com-transmissao-ao-vivo-e-instrutores-experientes-capacitacao-prepara-profissionais-para-os-desafios-reais-da-importacao\/"]}]},{"@type":"ImageObject","inLanguage":"pt-BR","@id":"https:\/\/www.fiemg.com.br\/regional-sede\/noticias\/com-transmissao-ao-vivo-e-instrutores-experientes-capacitacao-prepara-profissionais-para-os-desafios-reais-da-importacao\/#primaryimage","url":"https:\/\/www.fiemg.com.br\/regional-sede\/wp-content\/uploads\/sites\/21\/2025\/06\/CAPACITACAO-IMPORTACAO.png","contentUrl":"https:\/\/www.fiemg.com.br\/regional-sede\/wp-content\/uploads\/sites\/21\/2025\/06\/CAPACITACAO-IMPORTACAO.png","width":1600,"height":1600},{"@type":"BreadcrumbList","@id":"https:\/\/www.fiemg.com.br\/regional-sede\/noticias\/com-transmissao-ao-vivo-e-instrutores-experientes-capacitacao-prepara-profissionais-para-os-desafios-reais-da-importacao\/#breadcrumb","itemListElement":[{"@type":"ListItem","position":1,"name":"In\u00edcio","item":"https:\/\/www.fiemg.com.br\/regional-sede\/"},{"@type":"ListItem","position":2,"name":"Capacita\u00e7\u00e3o &#8220;Importa\u00e7\u00e3o na Pr\u00e1tica&#8221; traz abordagem atual para profissionais do com\u00e9rcio exterior"}]},{"@type":"WebSite","@id":"https:\/\/www.fiemg.com.br\/regional-sede\/#website","url":"https:\/\/www.fiemg.com.br\/regional-sede\/","name":"FIEMG","description":"Federa\u00e7\u00e3o das Ind\u00fastrias do Estado de Minas Gerais","publisher":{"@id":"https:\/\/www.fiemg.com.br\/regional-sede\/#organization"},"potentialAction":[{"@type":"SearchAction","target":{"@type":"EntryPoint","urlTemplate":"https:\/\/www.fiemg.com.br\/regional-sede\/?s={search_term_string}"},"query-input":{"@type":"PropertyValueSpecification","valueRequired":true,"valueName":"search_term_string"}}],"inLanguage":"pt-BR"},{"@type":"Organization","@id":"https:\/\/www.fiemg.com.br\/regional-sede\/#organization","name":"FIEMG","url":"https:\/\/www.fiemg.com.br\/regional-sede\/","logo":{"@type":"ImageObject","inLanguage":"pt-BR","@id":"https:\/\/www.fiemg.com.br\/regional-sede\/#\/schema\/logo\/image\/","url":"https:\/\/www.fiemg.com.br\/regional-sede\/wp-content\/uploads\/sites\/21\/2023\/02\/Ativo-1.png","contentUrl":"https:\/\/www.fiemg.com.br\/regional-sede\/wp-content\/uploads\/sites\/21\/2023\/02\/Ativo-1.png","width":563,"height":149,"caption":"FIEMG"},"image":{"@id":"https:\/\/www.fiemg.com.br\/regional-sede\/#\/schema\/logo\/image\/"}}]}},"_links":{"self":[{"href":"https:\/\/www.fiemg.com.br\/regional-sede\/wp-json\/wp\/v2\/noticias\/4583","targetHints":{"allow":["GET"]}}],"collection":[{"href":"https:\/\/www.fiemg.com.br\/regional-sede\/wp-json\/wp\/v2\/noticias"}],"about":[{"href":"https:\/\/www.fiemg.com.br\/regional-sede\/wp-json\/wp\/v2\/types\/noticias"}],"wp:featuredmedia":[{"embeddable":true,"href":"https:\/\/www.fiemg.com.br\/regional-sede\/wp-json\/wp\/v2\/media\/4585"}],"wp:attachment":[{"href":"https:\/\/www.fiemg.com.br\/regional-sede\/wp-json\/wp\/v2\/media?parent=4583"}],"wp:term":[{"taxonomy":"category","embeddable":true,"href":"https:\/\/www.fiemg.com.br\/regional-sede\/wp-json\/wp\/v2\/categories?post=4583"},{"taxonomy":"post_tag","embeddable":true,"href":"https:\/\/www.fiemg.com.br\/regional-sede\/wp-json\/wp\/v2\/tags?post=4583"}],"curies":[{"name":"wp","href":"https:\/\/api.w.org\/{rel}","templated":true}]}}