{"id":4586,"date":"2025-06-12T11:15:30","date_gmt":"2025-06-12T14:15:30","guid":{"rendered":"https:\/\/www.fiemg.com.br\/regional-sede\/noticias\/fiemg-destaca-acoes-para-fortalecimento-das-micro-e-pequenas-industrias-em-reuniao-do-conselho-setorial\/"},"modified":"2025-06-12T11:15:35","modified_gmt":"2025-06-12T14:15:35","slug":"fiemg-destaca-acoes-para-fortalecimento-das-micro-e-pequenas-industrias-em-reuniao-do-conselho-setorial","status":"publish","type":"noticias","link":"https:\/\/www.fiemg.com.br\/regional-sede\/noticias\/fiemg-destaca-acoes-para-fortalecimento-das-micro-e-pequenas-industrias-em-reuniao-do-conselho-setorial\/","title":{"rendered":"FIEMG destaca a\u00e7\u00f5es para fortalecimento das micro e pequenas ind\u00fastrias em reuni\u00e3o do conselho setorial"},"content":{"rendered":"\n<p>A Federa\u00e7\u00e3o das Ind\u00fastrias de Minas Gerais (FIEMG) realizou, na manh\u00e3 do dia 12 de junho, a reuni\u00e3o ordin\u00e1ria do Conselho da Micro e Pequena Ind\u00fastria. O evento contou com a presen\u00e7a do presidente da FIEMG, Fl\u00e1vio Roscoe, al\u00e9m de empres\u00e1rios, representantes de sindicatos e institui\u00e7\u00f5es parceiras. O objetivo do encontro foi apresentar iniciativas voltadas ao fortalecimento das micro e pequenas ind\u00fastrias mineiras, com \u00eanfase em inova\u00e7\u00e3o, melhoria da gest\u00e3o e amplia\u00e7\u00e3o da competitividade.<\/p>\n\n\n\n<p>A abertura foi conduzida pelo presidente do Conselho, Alexandre Mol, que destacou a recente aprova\u00e7\u00e3o da Lei da Liberdade Econ\u00f4mica na C\u00e2mara Municipal de Belo Horizonte como um avan\u00e7o positivo para o ambiente de neg\u00f3cios da capital. Mol ressaltou a import\u00e2ncia de sua regulamenta\u00e7\u00e3o e afirmou que a medida representa um passo relevante para a desburocratiza\u00e7\u00e3o do setor produtivo. \u201cEsse \u00e9 um passo gigantesco. Desde a \u00e9poca do prefeito Kalil esse tema era discutido, e agora estamos em contato com a prefeitura para garantir sua implementa\u00e7\u00e3o efetiva\u201d, declarou.<\/p>\n\n\n\n<p>Na sequ\u00eancia, foi apresentada a nova Cartilha Orientativa para a Micro e Pequena Ind\u00fastria, desenvolvida com o objetivo de oferecer suporte qualificado \u00e0 gest\u00e3o empresarial dos pequenos neg\u00f3cios. O material re\u00fane, de forma clara e acess\u00edvel, informa\u00e7\u00f5es sobre temas essenciais como regimes tribut\u00e1rios, processos de licenciamento, propriedade intelectual, aspectos ambientais, abertura de empresas, benef\u00edcios fiscais, entre outros.<\/p>\n\n\n\n<p>A exposi\u00e7\u00e3o do conte\u00fado foi conduzida por Thadeu Neves, secret\u00e1rio executivo do Conselho da Micro e Pequena Ind\u00fastria e gerente de Projetos da Ind\u00fastria no IEL, que destacou a proposta da publica\u00e7\u00e3o como um instrumento pr\u00e1tico de orienta\u00e7\u00e3o aos empreendedores diante dos principais desafios operacionais e legais do setor.<\/p>\n\n\n\n<p>O presidente da FIEMG, Fl\u00e1vio Roscoe, acompanhou a apresenta\u00e7\u00e3o da cartilha e manifestou total apoio \u00e0 iniciativa, ressaltando a import\u00e2ncia da dissemina\u00e7\u00e3o de informa\u00e7\u00f5es estrat\u00e9gicas e acess\u00edveis para a sustentabilidade e o crescimento das micro e pequenas ind\u00fastrias. Roscoe tamb\u00e9m refor\u00e7ou o compromisso da Federa\u00e7\u00e3o em promover o engajamento dos sindicatos e ampliar o alcance da publica\u00e7\u00e3o junto ao empresariado mineiro.<\/p>\n\n\n\n<p>Durante a reuni\u00e3o, o l\u00edder empresarial tamb\u00e9m destacou a relev\u00e2ncia do Compete Minas, programa de subven\u00e7\u00e3o econ\u00f4mica com recursos n\u00e3o reembols\u00e1veis voltado ao financiamento de projetos de inova\u00e7\u00e3o desenvolvidos por empresas sediadas no estado. Com R$50 milh\u00f5es dispon\u00edveis, o edital busca impulsionar investimentos produtivos de base tecnol\u00f3gica. \u201cMuitas ind\u00fastrias ainda desconhecem essa oportunidade. Nosso papel \u00e9 esclarecer, orientar e estimular o uso estrat\u00e9gico desses recursos para transformar a realidade dos pequenos neg\u00f3cios\u201d, afirmou.<\/p>\n\n\n\n<p>Outro momento significativo da reuni\u00e3o foi a apresenta\u00e7\u00e3o do ganhador da Medalha do M\u00e9rito Industrial \u2013 Destaque Micro e Pequena Ind\u00fastria 2025, o empres\u00e1rio Shelber de Abreu, homenageado por sua trajet\u00f3ria e contribui\u00e7\u00e3o ao setor produtivo mineiro.<\/p>\n\n\n\n<p>Entre os projetos apresentados durante o encontro, destacou-se a nova edi\u00e7\u00e3o do Experimenta Sebrae, iniciativa que mobilizar\u00e1 estudantes do ensino fundamental e m\u00e9dio em desafios voltados \u00e0 solu\u00e7\u00e3o de problemas reais da ind\u00fastria. Os participantes trabalhar\u00e3o temas relacionados \u00e0 gest\u00e3o, inova\u00e7\u00e3o, produtividade e uso de tecnologias emergentes. O projeto visa aproximar os jovens do setor industrial e estimular o pensamento criativo, a colabora\u00e7\u00e3o e a cultura empreendedora.<\/p>\n\n\n\n<p>A programa\u00e7\u00e3o incluiu ainda orienta\u00e7\u00f5es sobre o Edital EMBRAPII, realizado em parceria entre o Sebrae Minas e o SENAI-MG.<\/p>\n\n\n\n<p>Encerrando os trabalhos, Mauro Oddo, do Instituto de Pesquisa Econ\u00f4mica Aplicada (IPEA), compartilhou uma an\u00e1lise sobre os principais gargalos e oportunidades para o aumento da produtividade nas micro e pequenas ind\u00fastrias brasileiras, com base em estudos recentes e indicadores nacionais.<\/p>\n\n\n\n<p>Confira as fotos da reuni\u00e3o no <a href=\"https:\/\/www.flickr.com\/photos\/sistemafiemg\/albums\/72177720326805721\/with\/54583573057\">Flickr da FIEMG.<\/a><\/p>\n\n\n\n<p><em>Fernanda Borges<\/em><br><strong>Imprensa FIEMG<\/strong><\/p>\n\n\n\n<p><\/p>\n","protected":false},"featured_media":4588,"template":"","categories":[15],"tags":[1082,78,1083],"class_list":["post-4586","noticias","type-noticias","status-publish","has-post-thumbnail","hentry","category-desenvolvimento-industrial","tag-conselho-da-micro-e-pequena-industria","tag-fiemg","tag-presidente-flavio-roscoe"],"acf":[],"yoast_head":"<!-- This site is optimized with the Yoast SEO plugin v26.2 - https:\/\/yoast.com\/wordpress\/plugins\/seo\/ -->\n<title>FIEMG destaca a\u00e7\u00f5es para fortalecimento das micro e pequenas ind\u00fastrias em reuni\u00e3o do conselho setorial - FIEMG<\/title>\n<meta name=\"description\" content=\"Presidente Fl\u00e1vio Roscoe participa de reuni\u00e3o que destaca a\u00e7\u00f5es pr\u00e1ticas, programas de incentivo e protagonismo jovem no setor produtivo\" \/>\n<meta name=\"robots\" content=\"index, follow, max-snippet:-1, max-image-preview:large, max-video-preview:-1\" \/>\n<link rel=\"canonical\" href=\"https:\/\/www.fiemg.com.br\/regional-sede\/noticias\/fiemg-destaca-acoes-para-fortalecimento-das-micro-e-pequenas-industrias-em-reuniao-do-conselho-setorial\/\" \/>\n<meta property=\"og:locale\" content=\"pt_BR\" \/>\n<meta property=\"og:type\" content=\"article\" \/>\n<meta property=\"og:title\" content=\"FIEMG destaca a\u00e7\u00f5es para fortalecimento das micro e pequenas ind\u00fastrias em reuni\u00e3o do conselho setorial - FIEMG\" \/>\n<meta property=\"og:description\" content=\"Presidente Fl\u00e1vio Roscoe participa de reuni\u00e3o que destaca a\u00e7\u00f5es pr\u00e1ticas, programas de incentivo e protagonismo jovem no setor produtivo\" \/>\n<meta property=\"og:url\" content=\"https:\/\/www.fiemg.com.br\/regional-sede\/noticias\/fiemg-destaca-acoes-para-fortalecimento-das-micro-e-pequenas-industrias-em-reuniao-do-conselho-setorial\/\" \/>\n<meta property=\"og:site_name\" content=\"FIEMG\" \/>\n<meta property=\"article:modified_time\" content=\"2025-06-12T14:15:35+00:00\" \/>\n<meta property=\"og:image\" content=\"https:\/\/www.fiemg.com.br\/regional-sede\/wp-content\/uploads\/sites\/21\/2025\/06\/CONSELHO-MICRO-E-PEQUENA-INDUSTRIA.png\" \/>\n\t<meta property=\"og:image:width\" content=\"512\" \/>\n\t<meta property=\"og:image:height\" content=\"512\" \/>\n\t<meta property=\"og:image:type\" content=\"image\/png\" \/>\n<meta name=\"twitter:card\" content=\"summary_large_image\" \/>\n<meta name=\"twitter:label1\" content=\"Est. tempo de leitura\" \/>\n\t<meta name=\"twitter:data1\" content=\"4 minutos\" \/>\n<script type=\"application\/ld+json\" class=\"yoast-schema-graph\">{\"@context\":\"https:\/\/schema.org\",\"@graph\":[{\"@type\":\"WebPage\",\"@id\":\"https:\/\/www.fiemg.com.br\/regional-sede\/noticias\/fiemg-destaca-acoes-para-fortalecimento-das-micro-e-pequenas-industrias-em-reuniao-do-conselho-setorial\/\",\"url\":\"https:\/\/www.fiemg.com.br\/regional-sede\/noticias\/fiemg-destaca-acoes-para-fortalecimento-das-micro-e-pequenas-industrias-em-reuniao-do-conselho-setorial\/\",\"name\":\"FIEMG destaca a\u00e7\u00f5es para fortalecimento das micro e pequenas ind\u00fastrias em reuni\u00e3o do conselho setorial - FIEMG\",\"isPartOf\":{\"@id\":\"https:\/\/www.fiemg.com.br\/regional-sede\/#website\"},\"primaryImageOfPage\":{\"@id\":\"https:\/\/www.fiemg.com.br\/regional-sede\/noticias\/fiemg-destaca-acoes-para-fortalecimento-das-micro-e-pequenas-industrias-em-reuniao-do-conselho-setorial\/#primaryimage\"},\"image\":{\"@id\":\"https:\/\/www.fiemg.com.br\/regional-sede\/noticias\/fiemg-destaca-acoes-para-fortalecimento-das-micro-e-pequenas-industrias-em-reuniao-do-conselho-setorial\/#primaryimage\"},\"thumbnailUrl\":\"https:\/\/www.fiemg.com.br\/regional-sede\/wp-content\/uploads\/sites\/21\/2025\/06\/CONSELHO-MICRO-E-PEQUENA-INDUSTRIA.png\",\"datePublished\":\"2025-06-12T14:15:30+00:00\",\"dateModified\":\"2025-06-12T14:15:35+00:00\",\"description\":\"Presidente Fl\u00e1vio Roscoe participa de reuni\u00e3o que destaca a\u00e7\u00f5es pr\u00e1ticas, programas de incentivo e protagonismo jovem no setor produtivo\",\"breadcrumb\":{\"@id\":\"https:\/\/www.fiemg.com.br\/regional-sede\/noticias\/fiemg-destaca-acoes-para-fortalecimento-das-micro-e-pequenas-industrias-em-reuniao-do-conselho-setorial\/#breadcrumb\"},\"inLanguage\":\"pt-BR\",\"potentialAction\":[{\"@type\":\"ReadAction\",\"target\":[\"https:\/\/www.fiemg.com.br\/regional-sede\/noticias\/fiemg-destaca-acoes-para-fortalecimento-das-micro-e-pequenas-industrias-em-reuniao-do-conselho-setorial\/\"]}]},{\"@type\":\"ImageObject\",\"inLanguage\":\"pt-BR\",\"@id\":\"https:\/\/www.fiemg.com.br\/regional-sede\/noticias\/fiemg-destaca-acoes-para-fortalecimento-das-micro-e-pequenas-industrias-em-reuniao-do-conselho-setorial\/#primaryimage\",\"url\":\"https:\/\/www.fiemg.com.br\/regional-sede\/wp-content\/uploads\/sites\/21\/2025\/06\/CONSELHO-MICRO-E-PEQUENA-INDUSTRIA.png\",\"contentUrl\":\"https:\/\/www.fiemg.com.br\/regional-sede\/wp-content\/uploads\/sites\/21\/2025\/06\/CONSELHO-MICRO-E-PEQUENA-INDUSTRIA.png\",\"width\":512,\"height\":512},{\"@type\":\"BreadcrumbList\",\"@id\":\"https:\/\/www.fiemg.com.br\/regional-sede\/noticias\/fiemg-destaca-acoes-para-fortalecimento-das-micro-e-pequenas-industrias-em-reuniao-do-conselho-setorial\/#breadcrumb\",\"itemListElement\":[{\"@type\":\"ListItem\",\"position\":1,\"name\":\"In\u00edcio\",\"item\":\"https:\/\/www.fiemg.com.br\/regional-sede\/\"},{\"@type\":\"ListItem\",\"position\":2,\"name\":\"FIEMG destaca a\u00e7\u00f5es para fortalecimento das micro e pequenas ind\u00fastrias em reuni\u00e3o do conselho setorial\"}]},{\"@type\":\"WebSite\",\"@id\":\"https:\/\/www.fiemg.com.br\/regional-sede\/#website\",\"url\":\"https:\/\/www.fiemg.com.br\/regional-sede\/\",\"name\":\"FIEMG\",\"description\":\"Federa\u00e7\u00e3o das Ind\u00fastrias do Estado de Minas Gerais\",\"publisher\":{\"@id\":\"https:\/\/www.fiemg.com.br\/regional-sede\/#organization\"},\"potentialAction\":[{\"@type\":\"SearchAction\",\"target\":{\"@type\":\"EntryPoint\",\"urlTemplate\":\"https:\/\/www.fiemg.com.br\/regional-sede\/?s={search_term_string}\"},\"query-input\":{\"@type\":\"PropertyValueSpecification\",\"valueRequired\":true,\"valueName\":\"search_term_string\"}}],\"inLanguage\":\"pt-BR\"},{\"@type\":\"Organization\",\"@id\":\"https:\/\/www.fiemg.com.br\/regional-sede\/#organization\",\"name\":\"FIEMG\",\"url\":\"https:\/\/www.fiemg.com.br\/regional-sede\/\",\"logo\":{\"@type\":\"ImageObject\",\"inLanguage\":\"pt-BR\",\"@id\":\"https:\/\/www.fiemg.com.br\/regional-sede\/#\/schema\/logo\/image\/\",\"url\":\"https:\/\/www.fiemg.com.br\/regional-sede\/wp-content\/uploads\/sites\/21\/2023\/02\/Ativo-1.png\",\"contentUrl\":\"https:\/\/www.fiemg.com.br\/regional-sede\/wp-content\/uploads\/sites\/21\/2023\/02\/Ativo-1.png\",\"width\":563,\"height\":149,\"caption\":\"FIEMG\"},\"image\":{\"@id\":\"https:\/\/www.fiemg.com.br\/regional-sede\/#\/schema\/logo\/image\/\"}}]}<\/script>\n<!-- \/ Yoast SEO plugin. -->","yoast_head_json":{"title":"FIEMG destaca a\u00e7\u00f5es para fortalecimento das micro e pequenas ind\u00fastrias em reuni\u00e3o do conselho setorial - FIEMG","description":"Presidente Fl\u00e1vio Roscoe participa de reuni\u00e3o que destaca a\u00e7\u00f5es pr\u00e1ticas, programas de incentivo e protagonismo jovem no setor produtivo","robots":{"index":"index","follow":"follow","max-snippet":"max-snippet:-1","max-image-preview":"max-image-preview:large","max-video-preview":"max-video-preview:-1"},"canonical":"https:\/\/www.fiemg.com.br\/regional-sede\/noticias\/fiemg-destaca-acoes-para-fortalecimento-das-micro-e-pequenas-industrias-em-reuniao-do-conselho-setorial\/","og_locale":"pt_BR","og_type":"article","og_title":"FIEMG destaca a\u00e7\u00f5es para fortalecimento das micro e pequenas ind\u00fastrias em reuni\u00e3o do conselho setorial - FIEMG","og_description":"Presidente Fl\u00e1vio Roscoe participa de reuni\u00e3o que destaca a\u00e7\u00f5es pr\u00e1ticas, programas de incentivo e protagonismo jovem no setor produtivo","og_url":"https:\/\/www.fiemg.com.br\/regional-sede\/noticias\/fiemg-destaca-acoes-para-fortalecimento-das-micro-e-pequenas-industrias-em-reuniao-do-conselho-setorial\/","og_site_name":"FIEMG","article_modified_time":"2025-06-12T14:15:35+00:00","og_image":[{"width":512,"height":512,"url":"https:\/\/www.fiemg.com.br\/regional-sede\/wp-content\/uploads\/sites\/21\/2025\/06\/CONSELHO-MICRO-E-PEQUENA-INDUSTRIA.png","type":"image\/png"}],"twitter_card":"summary_large_image","twitter_misc":{"Est. tempo de leitura":"4 minutos"},"schema":{"@context":"https:\/\/schema.org","@graph":[{"@type":"WebPage","@id":"https:\/\/www.fiemg.com.br\/regional-sede\/noticias\/fiemg-destaca-acoes-para-fortalecimento-das-micro-e-pequenas-industrias-em-reuniao-do-conselho-setorial\/","url":"https:\/\/www.fiemg.com.br\/regional-sede\/noticias\/fiemg-destaca-acoes-para-fortalecimento-das-micro-e-pequenas-industrias-em-reuniao-do-conselho-setorial\/","name":"FIEMG destaca a\u00e7\u00f5es para fortalecimento das micro e pequenas ind\u00fastrias em reuni\u00e3o do conselho setorial - FIEMG","isPartOf":{"@id":"https:\/\/www.fiemg.com.br\/regional-sede\/#website"},"primaryImageOfPage":{"@id":"https:\/\/www.fiemg.com.br\/regional-sede\/noticias\/fiemg-destaca-acoes-para-fortalecimento-das-micro-e-pequenas-industrias-em-reuniao-do-conselho-setorial\/#primaryimage"},"image":{"@id":"https:\/\/www.fiemg.com.br\/regional-sede\/noticias\/fiemg-destaca-acoes-para-fortalecimento-das-micro-e-pequenas-industrias-em-reuniao-do-conselho-setorial\/#primaryimage"},"thumbnailUrl":"https:\/\/www.fiemg.com.br\/regional-sede\/wp-content\/uploads\/sites\/21\/2025\/06\/CONSELHO-MICRO-E-PEQUENA-INDUSTRIA.png","datePublished":"2025-06-12T14:15:30+00:00","dateModified":"2025-06-12T14:15:35+00:00","description":"Presidente Fl\u00e1vio Roscoe participa de reuni\u00e3o que destaca a\u00e7\u00f5es pr\u00e1ticas, programas de incentivo e protagonismo jovem no setor produtivo","breadcrumb":{"@id":"https:\/\/www.fiemg.com.br\/regional-sede\/noticias\/fiemg-destaca-acoes-para-fortalecimento-das-micro-e-pequenas-industrias-em-reuniao-do-conselho-setorial\/#breadcrumb"},"inLanguage":"pt-BR","potentialAction":[{"@type":"ReadAction","target":["https:\/\/www.fiemg.com.br\/regional-sede\/noticias\/fiemg-destaca-acoes-para-fortalecimento-das-micro-e-pequenas-industrias-em-reuniao-do-conselho-setorial\/"]}]},{"@type":"ImageObject","inLanguage":"pt-BR","@id":"https:\/\/www.fiemg.com.br\/regional-sede\/noticias\/fiemg-destaca-acoes-para-fortalecimento-das-micro-e-pequenas-industrias-em-reuniao-do-conselho-setorial\/#primaryimage","url":"https:\/\/www.fiemg.com.br\/regional-sede\/wp-content\/uploads\/sites\/21\/2025\/06\/CONSELHO-MICRO-E-PEQUENA-INDUSTRIA.png","contentUrl":"https:\/\/www.fiemg.com.br\/regional-sede\/wp-content\/uploads\/sites\/21\/2025\/06\/CONSELHO-MICRO-E-PEQUENA-INDUSTRIA.png","width":512,"height":512},{"@type":"BreadcrumbList","@id":"https:\/\/www.fiemg.com.br\/regional-sede\/noticias\/fiemg-destaca-acoes-para-fortalecimento-das-micro-e-pequenas-industrias-em-reuniao-do-conselho-setorial\/#breadcrumb","itemListElement":[{"@type":"ListItem","position":1,"name":"In\u00edcio","item":"https:\/\/www.fiemg.com.br\/regional-sede\/"},{"@type":"ListItem","position":2,"name":"FIEMG destaca a\u00e7\u00f5es para fortalecimento das micro e pequenas ind\u00fastrias em reuni\u00e3o do conselho setorial"}]},{"@type":"WebSite","@id":"https:\/\/www.fiemg.com.br\/regional-sede\/#website","url":"https:\/\/www.fiemg.com.br\/regional-sede\/","name":"FIEMG","description":"Federa\u00e7\u00e3o das Ind\u00fastrias do Estado de Minas Gerais","publisher":{"@id":"https:\/\/www.fiemg.com.br\/regional-sede\/#organization"},"potentialAction":[{"@type":"SearchAction","target":{"@type":"EntryPoint","urlTemplate":"https:\/\/www.fiemg.com.br\/regional-sede\/?s={search_term_string}"},"query-input":{"@type":"PropertyValueSpecification","valueRequired":true,"valueName":"search_term_string"}}],"inLanguage":"pt-BR"},{"@type":"Organization","@id":"https:\/\/www.fiemg.com.br\/regional-sede\/#organization","name":"FIEMG","url":"https:\/\/www.fiemg.com.br\/regional-sede\/","logo":{"@type":"ImageObject","inLanguage":"pt-BR","@id":"https:\/\/www.fiemg.com.br\/regional-sede\/#\/schema\/logo\/image\/","url":"https:\/\/www.fiemg.com.br\/regional-sede\/wp-content\/uploads\/sites\/21\/2023\/02\/Ativo-1.png","contentUrl":"https:\/\/www.fiemg.com.br\/regional-sede\/wp-content\/uploads\/sites\/21\/2023\/02\/Ativo-1.png","width":563,"height":149,"caption":"FIEMG"},"image":{"@id":"https:\/\/www.fiemg.com.br\/regional-sede\/#\/schema\/logo\/image\/"}}]}},"_links":{"self":[{"href":"https:\/\/www.fiemg.com.br\/regional-sede\/wp-json\/wp\/v2\/noticias\/4586","targetHints":{"allow":["GET"]}}],"collection":[{"href":"https:\/\/www.fiemg.com.br\/regional-sede\/wp-json\/wp\/v2\/noticias"}],"about":[{"href":"https:\/\/www.fiemg.com.br\/regional-sede\/wp-json\/wp\/v2\/types\/noticias"}],"wp:featuredmedia":[{"embeddable":true,"href":"https:\/\/www.fiemg.com.br\/regional-sede\/wp-json\/wp\/v2\/media\/4588"}],"wp:attachment":[{"href":"https:\/\/www.fiemg.com.br\/regional-sede\/wp-json\/wp\/v2\/media?parent=4586"}],"wp:term":[{"taxonomy":"category","embeddable":true,"href":"https:\/\/www.fiemg.com.br\/regional-sede\/wp-json\/wp\/v2\/categories?post=4586"},{"taxonomy":"post_tag","embeddable":true,"href":"https:\/\/www.fiemg.com.br\/regional-sede\/wp-json\/wp\/v2\/tags?post=4586"}],"curies":[{"name":"wp","href":"https:\/\/api.w.org\/{rel}","templated":true}]}}