{"id":4618,"date":"2025-06-24T11:55:59","date_gmt":"2025-06-24T14:55:59","guid":{"rendered":"https:\/\/www.fiemg.com.br\/regional-sede\/noticias\/iel-lidera-transformacao-da-ceramica-mineira-r450-mil-investidos-e-foco-em-inovacao-energia-e-exportacao\/"},"modified":"2025-06-24T11:56:05","modified_gmt":"2025-06-24T14:56:05","slug":"iel-lidera-transformacao-da-ceramica-mineira-r450-mil-investidos-e-foco-em-inovacao-energia-e-exportacao","status":"publish","type":"noticias","link":"https:\/\/www.fiemg.com.br\/regional-sede\/noticias\/iel-lidera-transformacao-da-ceramica-mineira-r450-mil-investidos-e-foco-em-inovacao-energia-e-exportacao\/","title":{"rendered":"IEL lidera transforma\u00e7\u00e3o da cer\u00e2mica mineira: R$450 mil investidos e foco em inova\u00e7\u00e3o, energia e exporta\u00e7\u00e3o"},"content":{"rendered":"\n<p>A ind\u00fastria de cer\u00e2mica vermelha do Tri\u00e2ngulo Mineiro e Alto Parana\u00edba vive um novo momento. Ap\u00f3s anos enfrentando desafios como a falta de m\u00e3o de obra qualificada, custos crescentes de produ\u00e7\u00e3o e a concorr\u00eancia com materiais alternativos, o setor come\u00e7a a colher os frutos de uma transforma\u00e7\u00e3o liderada pelo Instituto Euvaldo Lodi (IEL), com o apoio do Sindicato da Ind\u00fastria de Cer\u00e2mica para Constru\u00e7\u00e3o do Estado de Minas Gerais (SINCOTAP) e da Federa\u00e7\u00e3o das Ind\u00fastrias de Minas Gerais (FIEMG).<\/p>\n\n\n\n<p>Desde 2021, mais de R$450 mil foram investidos diretamente em projetos de fortalecimento e inova\u00e7\u00e3o no setor, impactando 25 ind\u00fastrias da regi\u00e3o e capacitando mais de 50 profissionais.<\/p>\n\n\n\n<p><strong>Tecnologia no ch\u00e3o de f\u00e1brica<\/strong><\/p>\n\n\n\n<p>Entre as principais iniciativas est\u00e1 o Projeto SIMM \u2013 Sistema Inteligente de Monitoramento de M\u00e1quinas, que levou a Ind\u00fastria 4.0 para dentro das f\u00e1bricas. Por meio da instala\u00e7\u00e3o de sensores conectados \u00e0 nuvem, as empresas passaram a monitorar em tempo real vari\u00e1veis cr\u00edticas como temperatura, umidade e absor\u00e7\u00e3o de \u00e1gua nos blocos cer\u00e2micos.<\/p>\n\n\n\n<p>\u201cA redu\u00e7\u00e3o de falhas operacionais e o ganho de produtividade foram os principais resultados. Hoje, os empres\u00e1rios t\u00eam dados para tomar decis\u00f5es r\u00e1pidas e assertivas\u201d, explica Thadeu Chaves, gerente de Projetos para a Ind\u00fastria do IEL\/FIEMG.<\/p>\n\n\n\n<p><strong>Energia mais barata: R$3,6 milh\u00f5es de economia prevista<\/strong><\/p>\n\n\n\n<p>Outro avan\u00e7o relevante foi no campo da efici\u00eancia energ\u00e9tica. Ap\u00f3s diagn\u00f3sticos realizados pela Ger\u00eancia de Energia da FIEMG, oito empresas j\u00e1 est\u00e3o aptas a migrar para o mercado livre de energia, com previs\u00e3o de economia m\u00e9dia de 23,8% nas contas mensais. O impacto financeiro \u00e9 expressivo: uma redu\u00e7\u00e3o anual de mais de R$3,6 milh\u00f5es para o conjunto das ind\u00fastrias atendidas.<\/p>\n\n\n\n<p>\u201cAs empresas j\u00e1 est\u00e3o em processo de negocia\u00e7\u00e3o com comercializadoras de energia e contam com acompanhamento t\u00e9cnico para garantir o sucesso na transi\u00e7\u00e3o\u201d, destaca Thadeu.<\/p>\n\n\n\n<p><strong>Internacionaliza\u00e7\u00e3o: Am\u00e9rica Latina, EUA e M\u00e9xico no radar<\/strong><\/p>\n\n\n\n<p>A abertura de mercados internacionais tamb\u00e9m est\u00e1 no foco. Com o apoio t\u00e9cnico do Centro Internacional de Neg\u00f3cios da FIEMG (CIN), foram realizados estudos de mercado para a Am\u00e9rica Latina, os Estados Unidos e o M\u00e9xico, mapeando oportunidades para a exporta\u00e7\u00e3o de telhas cer\u00e2micas.<\/p>\n\n\n\n<p>\u201cA exporta\u00e7\u00e3o virou uma estrat\u00e9gia de sobreviv\u00eancia. Esses estudos nos deram um norte claro de como as ind\u00fastrias da regi\u00e3o podem atuar fora do Brasil\u201d, afirma Ivan Abr\u00e3o Filho, presidente do SINCOTAP.<\/p>\n\n\n\n<p>Os documentos trazem an\u00e1lises detalhadas sobre demanda, exig\u00eancias t\u00e9cnicas, log\u00edstica e oportunidades comerciais em pa\u00edses como Argentina, Paraguai, Uruguai, Panam\u00e1, Rep\u00fablica Dominicana, Estados Unidos e M\u00e9xico.<\/p>\n\n\n\n<p><strong>Produtividade em alta com o Brasil Mais Produtivo<\/strong><\/p>\n\n\n\n<p>Com apoio do SENAI, Sebrae e Governo Federal, as ind\u00fastrias da regi\u00e3o tamb\u00e9m aderiram ao Programa Brasil Mais Produtivo, com foco em Lean Manufacturing e efici\u00eancia energ\u00e9tica. Foram cerca de R$20 mil por empresa, totalizando mais de R$320 mil investidos no setor. Os resultados j\u00e1 s\u00e3o vis\u00edveis: algumas empresas registraram ganhos de produtividade superiores a 50% e redu\u00e7\u00e3o de mais de 29% no consumo de energia em sistemas de refrigera\u00e7\u00e3o.<\/p>\n\n\n\n<p><strong>Automa\u00e7\u00e3o: o pr\u00f3ximo passo<\/strong><\/p>\n\n\n\n<p>O futuro passa pela automa\u00e7\u00e3o. Em parceria com o SENAI 4.0, o IEL est\u00e1 conduzindo diagn\u00f3sticos personalizados nas empresas para a constru\u00e7\u00e3o de roadmaps de automa\u00e7\u00e3o industrial.<\/p>\n\n\n\n<p>\u201cA automa\u00e7\u00e3o deixou de ser uma escolha. Hoje, \u00e9 uma quest\u00e3o de sobreviv\u00eancia para o setor\u201d, refor\u00e7a Ivan Abr\u00e3o Filho.<\/p>\n\n\n\n<p>As etapas incluem redesenho de layout, defini\u00e7\u00e3o de processos cr\u00edticos a serem automatizados, an\u00e1lise de retorno sobre investimento (ROI) e planejamento de implanta\u00e7\u00e3o de tecnologias, com investimento m\u00e9dio de R$29 mil por empresa, em grupos de atendimento.<\/p>\n\n\n\n<p><strong>Compras coletivas: economia de escala como diferencial<\/strong><\/p>\n\n\n\n<p>Outra inova\u00e7\u00e3o foi a cria\u00e7\u00e3o de um sistema de compras coletivas, desenvolvido com o apoio do IEL e da empresa especializada \u00c1rea Central. A ideia \u00e9 simples: unir as empresas para negociar melhores condi\u00e7\u00f5es na compra de insumos, equipamentos e servi\u00e7os.<\/p>\n\n\n\n<p>\u201cA central de compras \u00e9 um marco para o setor. Estamos mostrando que, unidos, conseguimos muito mais for\u00e7a comercial\u201d, afirma Ivan.<\/p>\n\n\n\n<p><strong>O protagonismo do IEL<\/strong><\/p>\n\n\n\n<p>Para o IEL, os n\u00fameros comprovam o impacto das a\u00e7\u00f5es:<br>\u2714\ufe0f R$ 450 mil em investimentos<br>\u2714\ufe0f 25 empresas atendidas<br>\u2714\ufe0f 50 profissionais capacitados<br>\u2714\ufe0f Economia m\u00e9dia de 23,8% em energia<br>\u2714\ufe0f Mercados internacionais mapeados<br>\u2714\ufe0f Expectativa de crescimento de 6% no setor<\/p>\n\n\n\n<p>\u201cO papel do IEL tem sido construir solu\u00e7\u00f5es integradas: ouvimos os empres\u00e1rios, entendemos as demandas e entregamos projetos que geram resultados reais. Esse \u00e9 o nosso compromisso com a ind\u00fastria de Minas Gerais\u201d, conclui Thadeu Chaves.<\/p>\n\n\n\n<p><strong>Imprensa FIEMG<\/strong><\/p>\n","protected":false},"featured_media":4619,"template":"","categories":[15],"tags":[1090,78,75],"class_list":["post-4618","noticias","type-noticias","status-publish","has-post-thumbnail","hentry","category-desenvolvimento-industrial","tag-ceramica-mineira","tag-fiemg","tag-iel"],"acf":[],"yoast_head":"<!-- This site is optimized with the Yoast SEO plugin v26.2 - https:\/\/yoast.com\/wordpress\/plugins\/seo\/ -->\n<title>IEL lidera transforma\u00e7\u00e3o da cer\u00e2mica mineira: R$450 mil investidos e foco em inova\u00e7\u00e3o, energia e exporta\u00e7\u00e3o - FIEMG<\/title>\n<meta name=\"description\" content=\"Com apoio do IEL, ceramistas do Tri\u00e2ngulo e Alto Parana\u00edba modernizam processos, reduzem custos e miram o mercado internacional.\" \/>\n<meta name=\"robots\" content=\"index, follow, max-snippet:-1, max-image-preview:large, max-video-preview:-1\" \/>\n<link rel=\"canonical\" href=\"https:\/\/www.fiemg.com.br\/regional-sede\/noticias\/iel-lidera-transformacao-da-ceramica-mineira-r450-mil-investidos-e-foco-em-inovacao-energia-e-exportacao\/\" \/>\n<meta property=\"og:locale\" content=\"pt_BR\" \/>\n<meta property=\"og:type\" content=\"article\" \/>\n<meta property=\"og:title\" content=\"IEL lidera transforma\u00e7\u00e3o da cer\u00e2mica mineira: R$450 mil investidos e foco em inova\u00e7\u00e3o, energia e exporta\u00e7\u00e3o - FIEMG\" \/>\n<meta property=\"og:description\" content=\"Com apoio do IEL, ceramistas do Tri\u00e2ngulo e Alto Parana\u00edba modernizam processos, reduzem custos e miram o mercado internacional.\" \/>\n<meta property=\"og:url\" content=\"https:\/\/www.fiemg.com.br\/regional-sede\/noticias\/iel-lidera-transformacao-da-ceramica-mineira-r450-mil-investidos-e-foco-em-inovacao-energia-e-exportacao\/\" \/>\n<meta property=\"og:site_name\" content=\"FIEMG\" \/>\n<meta property=\"article:modified_time\" content=\"2025-06-24T14:56:05+00:00\" \/>\n<meta property=\"og:image\" content=\"https:\/\/www.fiemg.com.br\/regional-sede\/wp-content\/uploads\/sites\/21\/2025\/06\/IEL-1.png\" \/>\n\t<meta property=\"og:image:width\" content=\"512\" \/>\n\t<meta property=\"og:image:height\" content=\"512\" \/>\n\t<meta property=\"og:image:type\" content=\"image\/png\" \/>\n<meta name=\"twitter:card\" content=\"summary_large_image\" \/>\n<meta name=\"twitter:label1\" content=\"Est. tempo de leitura\" \/>\n\t<meta name=\"twitter:data1\" content=\"5 minutos\" \/>\n<script type=\"application\/ld+json\" class=\"yoast-schema-graph\">{\"@context\":\"https:\/\/schema.org\",\"@graph\":[{\"@type\":\"WebPage\",\"@id\":\"https:\/\/www.fiemg.com.br\/regional-sede\/noticias\/iel-lidera-transformacao-da-ceramica-mineira-r450-mil-investidos-e-foco-em-inovacao-energia-e-exportacao\/\",\"url\":\"https:\/\/www.fiemg.com.br\/regional-sede\/noticias\/iel-lidera-transformacao-da-ceramica-mineira-r450-mil-investidos-e-foco-em-inovacao-energia-e-exportacao\/\",\"name\":\"IEL lidera transforma\u00e7\u00e3o da cer\u00e2mica mineira: R$450 mil investidos e foco em inova\u00e7\u00e3o, energia e exporta\u00e7\u00e3o - FIEMG\",\"isPartOf\":{\"@id\":\"https:\/\/www.fiemg.com.br\/regional-sede\/#website\"},\"primaryImageOfPage\":{\"@id\":\"https:\/\/www.fiemg.com.br\/regional-sede\/noticias\/iel-lidera-transformacao-da-ceramica-mineira-r450-mil-investidos-e-foco-em-inovacao-energia-e-exportacao\/#primaryimage\"},\"image\":{\"@id\":\"https:\/\/www.fiemg.com.br\/regional-sede\/noticias\/iel-lidera-transformacao-da-ceramica-mineira-r450-mil-investidos-e-foco-em-inovacao-energia-e-exportacao\/#primaryimage\"},\"thumbnailUrl\":\"https:\/\/www.fiemg.com.br\/regional-sede\/wp-content\/uploads\/sites\/21\/2025\/06\/IEL-1.png\",\"datePublished\":\"2025-06-24T14:55:59+00:00\",\"dateModified\":\"2025-06-24T14:56:05+00:00\",\"description\":\"Com apoio do IEL, ceramistas do Tri\u00e2ngulo e Alto Parana\u00edba modernizam processos, reduzem custos e miram o mercado internacional.\",\"breadcrumb\":{\"@id\":\"https:\/\/www.fiemg.com.br\/regional-sede\/noticias\/iel-lidera-transformacao-da-ceramica-mineira-r450-mil-investidos-e-foco-em-inovacao-energia-e-exportacao\/#breadcrumb\"},\"inLanguage\":\"pt-BR\",\"potentialAction\":[{\"@type\":\"ReadAction\",\"target\":[\"https:\/\/www.fiemg.com.br\/regional-sede\/noticias\/iel-lidera-transformacao-da-ceramica-mineira-r450-mil-investidos-e-foco-em-inovacao-energia-e-exportacao\/\"]}]},{\"@type\":\"ImageObject\",\"inLanguage\":\"pt-BR\",\"@id\":\"https:\/\/www.fiemg.com.br\/regional-sede\/noticias\/iel-lidera-transformacao-da-ceramica-mineira-r450-mil-investidos-e-foco-em-inovacao-energia-e-exportacao\/#primaryimage\",\"url\":\"https:\/\/www.fiemg.com.br\/regional-sede\/wp-content\/uploads\/sites\/21\/2025\/06\/IEL-1.png\",\"contentUrl\":\"https:\/\/www.fiemg.com.br\/regional-sede\/wp-content\/uploads\/sites\/21\/2025\/06\/IEL-1.png\",\"width\":512,\"height\":512},{\"@type\":\"BreadcrumbList\",\"@id\":\"https:\/\/www.fiemg.com.br\/regional-sede\/noticias\/iel-lidera-transformacao-da-ceramica-mineira-r450-mil-investidos-e-foco-em-inovacao-energia-e-exportacao\/#breadcrumb\",\"itemListElement\":[{\"@type\":\"ListItem\",\"position\":1,\"name\":\"In\u00edcio\",\"item\":\"https:\/\/www.fiemg.com.br\/regional-sede\/\"},{\"@type\":\"ListItem\",\"position\":2,\"name\":\"IEL lidera transforma\u00e7\u00e3o da cer\u00e2mica mineira: R$450 mil investidos e foco em inova\u00e7\u00e3o, energia e exporta\u00e7\u00e3o\"}]},{\"@type\":\"WebSite\",\"@id\":\"https:\/\/www.fiemg.com.br\/regional-sede\/#website\",\"url\":\"https:\/\/www.fiemg.com.br\/regional-sede\/\",\"name\":\"FIEMG\",\"description\":\"Federa\u00e7\u00e3o das Ind\u00fastrias do Estado de Minas Gerais\",\"publisher\":{\"@id\":\"https:\/\/www.fiemg.com.br\/regional-sede\/#organization\"},\"potentialAction\":[{\"@type\":\"SearchAction\",\"target\":{\"@type\":\"EntryPoint\",\"urlTemplate\":\"https:\/\/www.fiemg.com.br\/regional-sede\/?s={search_term_string}\"},\"query-input\":{\"@type\":\"PropertyValueSpecification\",\"valueRequired\":true,\"valueName\":\"search_term_string\"}}],\"inLanguage\":\"pt-BR\"},{\"@type\":\"Organization\",\"@id\":\"https:\/\/www.fiemg.com.br\/regional-sede\/#organization\",\"name\":\"FIEMG\",\"url\":\"https:\/\/www.fiemg.com.br\/regional-sede\/\",\"logo\":{\"@type\":\"ImageObject\",\"inLanguage\":\"pt-BR\",\"@id\":\"https:\/\/www.fiemg.com.br\/regional-sede\/#\/schema\/logo\/image\/\",\"url\":\"https:\/\/www.fiemg.com.br\/regional-sede\/wp-content\/uploads\/sites\/21\/2023\/02\/Ativo-1.png\",\"contentUrl\":\"https:\/\/www.fiemg.com.br\/regional-sede\/wp-content\/uploads\/sites\/21\/2023\/02\/Ativo-1.png\",\"width\":563,\"height\":149,\"caption\":\"FIEMG\"},\"image\":{\"@id\":\"https:\/\/www.fiemg.com.br\/regional-sede\/#\/schema\/logo\/image\/\"}}]}<\/script>\n<!-- \/ Yoast SEO plugin. -->","yoast_head_json":{"title":"IEL lidera transforma\u00e7\u00e3o da cer\u00e2mica mineira: R$450 mil investidos e foco em inova\u00e7\u00e3o, energia e exporta\u00e7\u00e3o - FIEMG","description":"Com apoio do IEL, ceramistas do Tri\u00e2ngulo e Alto Parana\u00edba modernizam processos, reduzem custos e miram o mercado internacional.","robots":{"index":"index","follow":"follow","max-snippet":"max-snippet:-1","max-image-preview":"max-image-preview:large","max-video-preview":"max-video-preview:-1"},"canonical":"https:\/\/www.fiemg.com.br\/regional-sede\/noticias\/iel-lidera-transformacao-da-ceramica-mineira-r450-mil-investidos-e-foco-em-inovacao-energia-e-exportacao\/","og_locale":"pt_BR","og_type":"article","og_title":"IEL lidera transforma\u00e7\u00e3o da cer\u00e2mica mineira: R$450 mil investidos e foco em inova\u00e7\u00e3o, energia e exporta\u00e7\u00e3o - FIEMG","og_description":"Com apoio do IEL, ceramistas do Tri\u00e2ngulo e Alto Parana\u00edba modernizam processos, reduzem custos e miram o mercado internacional.","og_url":"https:\/\/www.fiemg.com.br\/regional-sede\/noticias\/iel-lidera-transformacao-da-ceramica-mineira-r450-mil-investidos-e-foco-em-inovacao-energia-e-exportacao\/","og_site_name":"FIEMG","article_modified_time":"2025-06-24T14:56:05+00:00","og_image":[{"width":512,"height":512,"url":"https:\/\/www.fiemg.com.br\/regional-sede\/wp-content\/uploads\/sites\/21\/2025\/06\/IEL-1.png","type":"image\/png"}],"twitter_card":"summary_large_image","twitter_misc":{"Est. tempo de leitura":"5 minutos"},"schema":{"@context":"https:\/\/schema.org","@graph":[{"@type":"WebPage","@id":"https:\/\/www.fiemg.com.br\/regional-sede\/noticias\/iel-lidera-transformacao-da-ceramica-mineira-r450-mil-investidos-e-foco-em-inovacao-energia-e-exportacao\/","url":"https:\/\/www.fiemg.com.br\/regional-sede\/noticias\/iel-lidera-transformacao-da-ceramica-mineira-r450-mil-investidos-e-foco-em-inovacao-energia-e-exportacao\/","name":"IEL lidera transforma\u00e7\u00e3o da cer\u00e2mica mineira: R$450 mil investidos e foco em inova\u00e7\u00e3o, energia e exporta\u00e7\u00e3o - FIEMG","isPartOf":{"@id":"https:\/\/www.fiemg.com.br\/regional-sede\/#website"},"primaryImageOfPage":{"@id":"https:\/\/www.fiemg.com.br\/regional-sede\/noticias\/iel-lidera-transformacao-da-ceramica-mineira-r450-mil-investidos-e-foco-em-inovacao-energia-e-exportacao\/#primaryimage"},"image":{"@id":"https:\/\/www.fiemg.com.br\/regional-sede\/noticias\/iel-lidera-transformacao-da-ceramica-mineira-r450-mil-investidos-e-foco-em-inovacao-energia-e-exportacao\/#primaryimage"},"thumbnailUrl":"https:\/\/www.fiemg.com.br\/regional-sede\/wp-content\/uploads\/sites\/21\/2025\/06\/IEL-1.png","datePublished":"2025-06-24T14:55:59+00:00","dateModified":"2025-06-24T14:56:05+00:00","description":"Com apoio do IEL, ceramistas do Tri\u00e2ngulo e Alto Parana\u00edba modernizam processos, reduzem custos e miram o mercado internacional.","breadcrumb":{"@id":"https:\/\/www.fiemg.com.br\/regional-sede\/noticias\/iel-lidera-transformacao-da-ceramica-mineira-r450-mil-investidos-e-foco-em-inovacao-energia-e-exportacao\/#breadcrumb"},"inLanguage":"pt-BR","potentialAction":[{"@type":"ReadAction","target":["https:\/\/www.fiemg.com.br\/regional-sede\/noticias\/iel-lidera-transformacao-da-ceramica-mineira-r450-mil-investidos-e-foco-em-inovacao-energia-e-exportacao\/"]}]},{"@type":"ImageObject","inLanguage":"pt-BR","@id":"https:\/\/www.fiemg.com.br\/regional-sede\/noticias\/iel-lidera-transformacao-da-ceramica-mineira-r450-mil-investidos-e-foco-em-inovacao-energia-e-exportacao\/#primaryimage","url":"https:\/\/www.fiemg.com.br\/regional-sede\/wp-content\/uploads\/sites\/21\/2025\/06\/IEL-1.png","contentUrl":"https:\/\/www.fiemg.com.br\/regional-sede\/wp-content\/uploads\/sites\/21\/2025\/06\/IEL-1.png","width":512,"height":512},{"@type":"BreadcrumbList","@id":"https:\/\/www.fiemg.com.br\/regional-sede\/noticias\/iel-lidera-transformacao-da-ceramica-mineira-r450-mil-investidos-e-foco-em-inovacao-energia-e-exportacao\/#breadcrumb","itemListElement":[{"@type":"ListItem","position":1,"name":"In\u00edcio","item":"https:\/\/www.fiemg.com.br\/regional-sede\/"},{"@type":"ListItem","position":2,"name":"IEL lidera transforma\u00e7\u00e3o da cer\u00e2mica mineira: R$450 mil investidos e foco em inova\u00e7\u00e3o, energia e exporta\u00e7\u00e3o"}]},{"@type":"WebSite","@id":"https:\/\/www.fiemg.com.br\/regional-sede\/#website","url":"https:\/\/www.fiemg.com.br\/regional-sede\/","name":"FIEMG","description":"Federa\u00e7\u00e3o das Ind\u00fastrias do Estado de Minas Gerais","publisher":{"@id":"https:\/\/www.fiemg.com.br\/regional-sede\/#organization"},"potentialAction":[{"@type":"SearchAction","target":{"@type":"EntryPoint","urlTemplate":"https:\/\/www.fiemg.com.br\/regional-sede\/?s={search_term_string}"},"query-input":{"@type":"PropertyValueSpecification","valueRequired":true,"valueName":"search_term_string"}}],"inLanguage":"pt-BR"},{"@type":"Organization","@id":"https:\/\/www.fiemg.com.br\/regional-sede\/#organization","name":"FIEMG","url":"https:\/\/www.fiemg.com.br\/regional-sede\/","logo":{"@type":"ImageObject","inLanguage":"pt-BR","@id":"https:\/\/www.fiemg.com.br\/regional-sede\/#\/schema\/logo\/image\/","url":"https:\/\/www.fiemg.com.br\/regional-sede\/wp-content\/uploads\/sites\/21\/2023\/02\/Ativo-1.png","contentUrl":"https:\/\/www.fiemg.com.br\/regional-sede\/wp-content\/uploads\/sites\/21\/2023\/02\/Ativo-1.png","width":563,"height":149,"caption":"FIEMG"},"image":{"@id":"https:\/\/www.fiemg.com.br\/regional-sede\/#\/schema\/logo\/image\/"}}]}},"_links":{"self":[{"href":"https:\/\/www.fiemg.com.br\/regional-sede\/wp-json\/wp\/v2\/noticias\/4618","targetHints":{"allow":["GET"]}}],"collection":[{"href":"https:\/\/www.fiemg.com.br\/regional-sede\/wp-json\/wp\/v2\/noticias"}],"about":[{"href":"https:\/\/www.fiemg.com.br\/regional-sede\/wp-json\/wp\/v2\/types\/noticias"}],"wp:featuredmedia":[{"embeddable":true,"href":"https:\/\/www.fiemg.com.br\/regional-sede\/wp-json\/wp\/v2\/media\/4619"}],"wp:attachment":[{"href":"https:\/\/www.fiemg.com.br\/regional-sede\/wp-json\/wp\/v2\/media?parent=4618"}],"wp:term":[{"taxonomy":"category","embeddable":true,"href":"https:\/\/www.fiemg.com.br\/regional-sede\/wp-json\/wp\/v2\/categories?post=4618"},{"taxonomy":"post_tag","embeddable":true,"href":"https:\/\/www.fiemg.com.br\/regional-sede\/wp-json\/wp\/v2\/tags?post=4618"}],"curies":[{"name":"wp","href":"https:\/\/api.w.org\/{rel}","templated":true}]}}