{"id":4940,"date":"2025-08-04T15:11:41","date_gmt":"2025-08-04T18:11:41","guid":{"rendered":"https:\/\/www.fiemg.com.br\/regional-sede\/noticias\/ciemg-realiza-seminario-de-rh-nos-dias-5-e-6-de-agosto-em-belo-horizonte\/"},"modified":"2025-08-04T15:11:41","modified_gmt":"2025-08-04T18:11:41","slug":"ciemg-realiza-seminario-de-rh-nos-dias-5-e-6-de-agosto-em-belo-horizonte","status":"publish","type":"noticias","link":"https:\/\/www.fiemg.com.br\/regional-sede\/noticias\/ciemg-realiza-seminario-de-rh-nos-dias-5-e-6-de-agosto-em-belo-horizonte\/","title":{"rendered":"CIEMG realiza Semin\u00e1rio de RH nos dias 5 e 6 de agosto, em Belo Horizonte"},"content":{"rendered":"\n<figure class=\"wp-block-image aligncenter size-large\"><img fetchpriority=\"high\" decoding=\"async\" width=\"1024\" height=\"397\" src=\"https:\/\/www.fiemg.com.br\/regional-sede\/wp-content\/uploads\/sites\/21\/2025\/08\/RH-SEMI-1024x397.jpg\" alt=\"\" class=\"wp-image-4942\" srcset=\"https:\/\/www.fiemg.com.br\/regional-sede\/wp-content\/uploads\/sites\/21\/2025\/08\/RH-SEMI-1024x397.jpg 1024w, https:\/\/www.fiemg.com.br\/regional-sede\/wp-content\/uploads\/sites\/21\/2025\/08\/RH-SEMI-300x116.jpg 300w, https:\/\/www.fiemg.com.br\/regional-sede\/wp-content\/uploads\/sites\/21\/2025\/08\/RH-SEMI-768x298.jpg 768w, https:\/\/www.fiemg.com.br\/regional-sede\/wp-content\/uploads\/sites\/21\/2025\/08\/RH-SEMI.jpg 1080w\" sizes=\"(max-width: 1024px) 100vw, 1024px\" \/><\/figure>\n\n\n\n<p><\/p>\n\n\n\n<p>O Centro Industrial e Empresarial de Minas Gerais (CIEMG) promove, nos dias 5 e 6 de agosto, em Contagem, o Semin\u00e1rio de Recursos Humanos. O evento \u00e9 gratuito e voltado a empres\u00e1rios, gestores, coordenadores, analistas e profissionais das \u00e1reas de RH e Departamento Pessoal.<\/p>\n\n\n\n<p>A programa\u00e7\u00e3o ser\u00e1 distribu\u00edda em dois dias e inclui palestras, pain\u00e9is de discuss\u00e3o e exposi\u00e7\u00f5es com foco em temas atuais e estrat\u00e9gicos relacionados \u00e0 gest\u00e3o de pessoas. A proposta \u00e9 contribuir para a atualiza\u00e7\u00e3o de conhecimentos, estimular a troca de experi\u00eancias entre especialistas e participantes, fomentar conex\u00f5es profissionais e apresentar solu\u00e7\u00f5es e ferramentas voltadas ao aprimoramento das pr\u00e1ticas de RH nas organiza\u00e7\u00f5es.<\/p>\n\n\n\n<p>O semin\u00e1rio ter\u00e1 in\u00edcio com uma sess\u00e3o de abertura e boas-vindas, seguida por uma agenda de conte\u00fados t\u00e9cnicos conduzidos por profissionais e lideran\u00e7as do setor. Entre os temas abordados est\u00e3o os desafios enfrentados pelas empresas na gest\u00e3o de talentos, as novas exig\u00eancias do mercado de trabalho, o uso de tecnologias e ferramentas digitais no RH, al\u00e9m de debates sobre inova\u00e7\u00e3o, legisla\u00e7\u00e3o trabalhista e desenvolvimento de compet\u00eancias.<\/p>\n\n\n\n<p>O evento tamb\u00e9m contar\u00e1 com um espa\u00e7o de exposi\u00e7\u00f5es, em que empresas e fornecedores poder\u00e3o apresentar produtos e servi\u00e7os voltados \u00e0 \u00e1rea de recursos humanos, promovendo a integra\u00e7\u00e3o entre solu\u00e7\u00f5es de mercado e as demandas das empresas participantes.<\/p>\n\n\n\n<p>O Semin\u00e1rio de RH do CIEMG tem como foco o desenvolvimento profissional e a melhoria cont\u00ednua da gest\u00e3o de pessoas nas organiza\u00e7\u00f5es, contribuindo para a qualifica\u00e7\u00e3o do setor e para o fortalecimento do ambiente corporativo. As inscri\u00e7\u00f5es s\u00e3o gratuitas e devem ser feitas on-line, por meio <a href=\"https:\/\/ciemgcursos.com.br\/curso\/seminario-de-rh\/\" target=\"_blank\" rel=\"noreferrer noopener\">deste link<\/a>.<br><\/p>\n\n\n\n<p><em>Caio T\u00e1rcia<\/em><br><strong>Imprensa FIEMG<\/strong><\/p>\n\n\n\n<p><\/p>\n","protected":false},"featured_media":4941,"template":"","categories":[15],"tags":[78,80],"class_list":["post-4940","noticias","type-noticias","status-publish","has-post-thumbnail","hentry","category-desenvolvimento-industrial","tag-fiemg","tag-industria"],"acf":[],"yoast_head":"<!-- This site is optimized with the Yoast SEO plugin v26.2 - https:\/\/yoast.com\/wordpress\/plugins\/seo\/ -->\n<title>CIEMG realiza Semin\u00e1rio de RH nos dias 5 e 6 de agosto, em Belo Horizonte - FIEMG<\/title>\n<meta name=\"description\" content=\"Evento gratuito re\u00fane especialistas para discutir desafios e inova\u00e7\u00f5es na \u00e1rea de Recursos Humanos\" \/>\n<meta name=\"robots\" content=\"index, follow, max-snippet:-1, max-image-preview:large, max-video-preview:-1\" \/>\n<link rel=\"canonical\" href=\"https:\/\/www.fiemg.com.br\/regional-sede\/noticias\/ciemg-realiza-seminario-de-rh-nos-dias-5-e-6-de-agosto-em-belo-horizonte\/\" \/>\n<meta property=\"og:locale\" content=\"pt_BR\" \/>\n<meta property=\"og:type\" content=\"article\" \/>\n<meta property=\"og:title\" content=\"CIEMG realiza Semin\u00e1rio de RH nos dias 5 e 6 de agosto, em Belo Horizonte - FIEMG\" \/>\n<meta property=\"og:description\" content=\"Evento gratuito re\u00fane especialistas para discutir desafios e inova\u00e7\u00f5es na \u00e1rea de Recursos Humanos\" \/>\n<meta property=\"og:url\" content=\"https:\/\/www.fiemg.com.br\/regional-sede\/noticias\/ciemg-realiza-seminario-de-rh-nos-dias-5-e-6-de-agosto-em-belo-horizonte\/\" \/>\n<meta property=\"og:site_name\" content=\"FIEMG\" \/>\n<meta property=\"og:image\" content=\"https:\/\/www.fiemg.com.br\/regional-sede\/wp-content\/uploads\/sites\/21\/2025\/08\/SEMI-2.jpg\" \/>\n\t<meta property=\"og:image:width\" content=\"513\" \/>\n\t<meta property=\"og:image:height\" content=\"513\" \/>\n\t<meta property=\"og:image:type\" content=\"image\/jpeg\" \/>\n<meta name=\"twitter:card\" content=\"summary_large_image\" \/>\n<meta name=\"twitter:label1\" content=\"Est. tempo de leitura\" \/>\n\t<meta name=\"twitter:data1\" content=\"2 minutos\" \/>\n<script type=\"application\/ld+json\" class=\"yoast-schema-graph\">{\"@context\":\"https:\/\/schema.org\",\"@graph\":[{\"@type\":\"WebPage\",\"@id\":\"https:\/\/www.fiemg.com.br\/regional-sede\/noticias\/ciemg-realiza-seminario-de-rh-nos-dias-5-e-6-de-agosto-em-belo-horizonte\/\",\"url\":\"https:\/\/www.fiemg.com.br\/regional-sede\/noticias\/ciemg-realiza-seminario-de-rh-nos-dias-5-e-6-de-agosto-em-belo-horizonte\/\",\"name\":\"CIEMG realiza Semin\u00e1rio de RH nos dias 5 e 6 de agosto, em Belo Horizonte - FIEMG\",\"isPartOf\":{\"@id\":\"https:\/\/www.fiemg.com.br\/regional-sede\/#website\"},\"primaryImageOfPage\":{\"@id\":\"https:\/\/www.fiemg.com.br\/regional-sede\/noticias\/ciemg-realiza-seminario-de-rh-nos-dias-5-e-6-de-agosto-em-belo-horizonte\/#primaryimage\"},\"image\":{\"@id\":\"https:\/\/www.fiemg.com.br\/regional-sede\/noticias\/ciemg-realiza-seminario-de-rh-nos-dias-5-e-6-de-agosto-em-belo-horizonte\/#primaryimage\"},\"thumbnailUrl\":\"https:\/\/www.fiemg.com.br\/regional-sede\/wp-content\/uploads\/sites\/21\/2025\/08\/SEMI-2.jpg\",\"datePublished\":\"2025-08-04T18:11:41+00:00\",\"description\":\"Evento gratuito re\u00fane especialistas para discutir desafios e inova\u00e7\u00f5es na \u00e1rea de Recursos Humanos\",\"breadcrumb\":{\"@id\":\"https:\/\/www.fiemg.com.br\/regional-sede\/noticias\/ciemg-realiza-seminario-de-rh-nos-dias-5-e-6-de-agosto-em-belo-horizonte\/#breadcrumb\"},\"inLanguage\":\"pt-BR\",\"potentialAction\":[{\"@type\":\"ReadAction\",\"target\":[\"https:\/\/www.fiemg.com.br\/regional-sede\/noticias\/ciemg-realiza-seminario-de-rh-nos-dias-5-e-6-de-agosto-em-belo-horizonte\/\"]}]},{\"@type\":\"ImageObject\",\"inLanguage\":\"pt-BR\",\"@id\":\"https:\/\/www.fiemg.com.br\/regional-sede\/noticias\/ciemg-realiza-seminario-de-rh-nos-dias-5-e-6-de-agosto-em-belo-horizonte\/#primaryimage\",\"url\":\"https:\/\/www.fiemg.com.br\/regional-sede\/wp-content\/uploads\/sites\/21\/2025\/08\/SEMI-2.jpg\",\"contentUrl\":\"https:\/\/www.fiemg.com.br\/regional-sede\/wp-content\/uploads\/sites\/21\/2025\/08\/SEMI-2.jpg\",\"width\":513,\"height\":513},{\"@type\":\"BreadcrumbList\",\"@id\":\"https:\/\/www.fiemg.com.br\/regional-sede\/noticias\/ciemg-realiza-seminario-de-rh-nos-dias-5-e-6-de-agosto-em-belo-horizonte\/#breadcrumb\",\"itemListElement\":[{\"@type\":\"ListItem\",\"position\":1,\"name\":\"In\u00edcio\",\"item\":\"https:\/\/www.fiemg.com.br\/regional-sede\/\"},{\"@type\":\"ListItem\",\"position\":2,\"name\":\"CIEMG realiza Semin\u00e1rio de RH nos dias 5 e 6 de agosto, em Belo Horizonte\"}]},{\"@type\":\"WebSite\",\"@id\":\"https:\/\/www.fiemg.com.br\/regional-sede\/#website\",\"url\":\"https:\/\/www.fiemg.com.br\/regional-sede\/\",\"name\":\"FIEMG\",\"description\":\"Federa\u00e7\u00e3o das Ind\u00fastrias do Estado de Minas Gerais\",\"publisher\":{\"@id\":\"https:\/\/www.fiemg.com.br\/regional-sede\/#organization\"},\"potentialAction\":[{\"@type\":\"SearchAction\",\"target\":{\"@type\":\"EntryPoint\",\"urlTemplate\":\"https:\/\/www.fiemg.com.br\/regional-sede\/?s={search_term_string}\"},\"query-input\":{\"@type\":\"PropertyValueSpecification\",\"valueRequired\":true,\"valueName\":\"search_term_string\"}}],\"inLanguage\":\"pt-BR\"},{\"@type\":\"Organization\",\"@id\":\"https:\/\/www.fiemg.com.br\/regional-sede\/#organization\",\"name\":\"FIEMG\",\"url\":\"https:\/\/www.fiemg.com.br\/regional-sede\/\",\"logo\":{\"@type\":\"ImageObject\",\"inLanguage\":\"pt-BR\",\"@id\":\"https:\/\/www.fiemg.com.br\/regional-sede\/#\/schema\/logo\/image\/\",\"url\":\"https:\/\/www.fiemg.com.br\/regional-sede\/wp-content\/uploads\/sites\/21\/2023\/02\/Ativo-1.png\",\"contentUrl\":\"https:\/\/www.fiemg.com.br\/regional-sede\/wp-content\/uploads\/sites\/21\/2023\/02\/Ativo-1.png\",\"width\":563,\"height\":149,\"caption\":\"FIEMG\"},\"image\":{\"@id\":\"https:\/\/www.fiemg.com.br\/regional-sede\/#\/schema\/logo\/image\/\"}}]}<\/script>\n<!-- \/ Yoast SEO plugin. -->","yoast_head_json":{"title":"CIEMG realiza Semin\u00e1rio de RH nos dias 5 e 6 de agosto, em Belo Horizonte - FIEMG","description":"Evento gratuito re\u00fane especialistas para discutir desafios e inova\u00e7\u00f5es na \u00e1rea de Recursos Humanos","robots":{"index":"index","follow":"follow","max-snippet":"max-snippet:-1","max-image-preview":"max-image-preview:large","max-video-preview":"max-video-preview:-1"},"canonical":"https:\/\/www.fiemg.com.br\/regional-sede\/noticias\/ciemg-realiza-seminario-de-rh-nos-dias-5-e-6-de-agosto-em-belo-horizonte\/","og_locale":"pt_BR","og_type":"article","og_title":"CIEMG realiza Semin\u00e1rio de RH nos dias 5 e 6 de agosto, em Belo Horizonte - FIEMG","og_description":"Evento gratuito re\u00fane especialistas para discutir desafios e inova\u00e7\u00f5es na \u00e1rea de Recursos Humanos","og_url":"https:\/\/www.fiemg.com.br\/regional-sede\/noticias\/ciemg-realiza-seminario-de-rh-nos-dias-5-e-6-de-agosto-em-belo-horizonte\/","og_site_name":"FIEMG","og_image":[{"width":513,"height":513,"url":"https:\/\/www.fiemg.com.br\/regional-sede\/wp-content\/uploads\/sites\/21\/2025\/08\/SEMI-2.jpg","type":"image\/jpeg"}],"twitter_card":"summary_large_image","twitter_misc":{"Est. tempo de leitura":"2 minutos"},"schema":{"@context":"https:\/\/schema.org","@graph":[{"@type":"WebPage","@id":"https:\/\/www.fiemg.com.br\/regional-sede\/noticias\/ciemg-realiza-seminario-de-rh-nos-dias-5-e-6-de-agosto-em-belo-horizonte\/","url":"https:\/\/www.fiemg.com.br\/regional-sede\/noticias\/ciemg-realiza-seminario-de-rh-nos-dias-5-e-6-de-agosto-em-belo-horizonte\/","name":"CIEMG realiza Semin\u00e1rio de RH nos dias 5 e 6 de agosto, em Belo Horizonte - FIEMG","isPartOf":{"@id":"https:\/\/www.fiemg.com.br\/regional-sede\/#website"},"primaryImageOfPage":{"@id":"https:\/\/www.fiemg.com.br\/regional-sede\/noticias\/ciemg-realiza-seminario-de-rh-nos-dias-5-e-6-de-agosto-em-belo-horizonte\/#primaryimage"},"image":{"@id":"https:\/\/www.fiemg.com.br\/regional-sede\/noticias\/ciemg-realiza-seminario-de-rh-nos-dias-5-e-6-de-agosto-em-belo-horizonte\/#primaryimage"},"thumbnailUrl":"https:\/\/www.fiemg.com.br\/regional-sede\/wp-content\/uploads\/sites\/21\/2025\/08\/SEMI-2.jpg","datePublished":"2025-08-04T18:11:41+00:00","description":"Evento gratuito re\u00fane especialistas para discutir desafios e inova\u00e7\u00f5es na \u00e1rea de Recursos Humanos","breadcrumb":{"@id":"https:\/\/www.fiemg.com.br\/regional-sede\/noticias\/ciemg-realiza-seminario-de-rh-nos-dias-5-e-6-de-agosto-em-belo-horizonte\/#breadcrumb"},"inLanguage":"pt-BR","potentialAction":[{"@type":"ReadAction","target":["https:\/\/www.fiemg.com.br\/regional-sede\/noticias\/ciemg-realiza-seminario-de-rh-nos-dias-5-e-6-de-agosto-em-belo-horizonte\/"]}]},{"@type":"ImageObject","inLanguage":"pt-BR","@id":"https:\/\/www.fiemg.com.br\/regional-sede\/noticias\/ciemg-realiza-seminario-de-rh-nos-dias-5-e-6-de-agosto-em-belo-horizonte\/#primaryimage","url":"https:\/\/www.fiemg.com.br\/regional-sede\/wp-content\/uploads\/sites\/21\/2025\/08\/SEMI-2.jpg","contentUrl":"https:\/\/www.fiemg.com.br\/regional-sede\/wp-content\/uploads\/sites\/21\/2025\/08\/SEMI-2.jpg","width":513,"height":513},{"@type":"BreadcrumbList","@id":"https:\/\/www.fiemg.com.br\/regional-sede\/noticias\/ciemg-realiza-seminario-de-rh-nos-dias-5-e-6-de-agosto-em-belo-horizonte\/#breadcrumb","itemListElement":[{"@type":"ListItem","position":1,"name":"In\u00edcio","item":"https:\/\/www.fiemg.com.br\/regional-sede\/"},{"@type":"ListItem","position":2,"name":"CIEMG realiza Semin\u00e1rio de RH nos dias 5 e 6 de agosto, em Belo Horizonte"}]},{"@type":"WebSite","@id":"https:\/\/www.fiemg.com.br\/regional-sede\/#website","url":"https:\/\/www.fiemg.com.br\/regional-sede\/","name":"FIEMG","description":"Federa\u00e7\u00e3o das Ind\u00fastrias do Estado de Minas Gerais","publisher":{"@id":"https:\/\/www.fiemg.com.br\/regional-sede\/#organization"},"potentialAction":[{"@type":"SearchAction","target":{"@type":"EntryPoint","urlTemplate":"https:\/\/www.fiemg.com.br\/regional-sede\/?s={search_term_string}"},"query-input":{"@type":"PropertyValueSpecification","valueRequired":true,"valueName":"search_term_string"}}],"inLanguage":"pt-BR"},{"@type":"Organization","@id":"https:\/\/www.fiemg.com.br\/regional-sede\/#organization","name":"FIEMG","url":"https:\/\/www.fiemg.com.br\/regional-sede\/","logo":{"@type":"ImageObject","inLanguage":"pt-BR","@id":"https:\/\/www.fiemg.com.br\/regional-sede\/#\/schema\/logo\/image\/","url":"https:\/\/www.fiemg.com.br\/regional-sede\/wp-content\/uploads\/sites\/21\/2023\/02\/Ativo-1.png","contentUrl":"https:\/\/www.fiemg.com.br\/regional-sede\/wp-content\/uploads\/sites\/21\/2023\/02\/Ativo-1.png","width":563,"height":149,"caption":"FIEMG"},"image":{"@id":"https:\/\/www.fiemg.com.br\/regional-sede\/#\/schema\/logo\/image\/"}}]}},"_links":{"self":[{"href":"https:\/\/www.fiemg.com.br\/regional-sede\/wp-json\/wp\/v2\/noticias\/4940","targetHints":{"allow":["GET"]}}],"collection":[{"href":"https:\/\/www.fiemg.com.br\/regional-sede\/wp-json\/wp\/v2\/noticias"}],"about":[{"href":"https:\/\/www.fiemg.com.br\/regional-sede\/wp-json\/wp\/v2\/types\/noticias"}],"wp:featuredmedia":[{"embeddable":true,"href":"https:\/\/www.fiemg.com.br\/regional-sede\/wp-json\/wp\/v2\/media\/4941"}],"wp:attachment":[{"href":"https:\/\/www.fiemg.com.br\/regional-sede\/wp-json\/wp\/v2\/media?parent=4940"}],"wp:term":[{"taxonomy":"category","embeddable":true,"href":"https:\/\/www.fiemg.com.br\/regional-sede\/wp-json\/wp\/v2\/categories?post=4940"},{"taxonomy":"post_tag","embeddable":true,"href":"https:\/\/www.fiemg.com.br\/regional-sede\/wp-json\/wp\/v2\/tags?post=4940"}],"curies":[{"name":"wp","href":"https:\/\/api.w.org\/{rel}","templated":true}]}}