{"id":5135,"date":"2025-08-26T11:33:30","date_gmt":"2025-08-26T14:33:30","guid":{"rendered":"https:\/\/www.fiemg.com.br\/regional-sede\/noticias\/vice-presidente-da-fiemg-regional-vale-do-paranaiba-jose-alves-participa-de-reuniao-em-belo-horizonte-para-reivindicar-retorno-da-regional-do-sebrae-para-uberlandia\/"},"modified":"2025-08-26T13:08:52","modified_gmt":"2025-08-26T16:08:52","slug":"vice-presidente-da-fiemg-regional-vale-do-paranaiba-jose-alves-participa-de-reuniao-em-belo-horizonte-para-reivindicar-retorno-da-regional-do-sebrae-para-uberlandia","status":"publish","type":"noticias","link":"https:\/\/www.fiemg.com.br\/regional-sede\/noticias\/vice-presidente-da-fiemg-regional-vale-do-paranaiba-jose-alves-participa-de-reuniao-em-belo-horizonte-para-reivindicar-retorno-da-regional-do-sebrae-para-uberlandia\/","title":{"rendered":"FIEMG Regional Vale do Parana\u00edba defende Sebrae em Uberl\u00e2ndia"},"content":{"rendered":"\n<p>Foi realizada na tarde de ontem (25) a reuni\u00e3o mensal do Conselho Deliberativo do SEBRAE na capital, Belo Horizonte; e o vice presidente da FIEMG Regional Vale do Parna\u00edba e empres\u00e1rio, Jos\u00e9 Alves marcou presen\u00e7a acompanhado do prefeito de Uberl\u00e2ndia, Paulo S\u00e9rgio, do presidente da CDL Uberl\u00e2ndia, Paulo Vitiello, do secret\u00e1rio de desenvolvimento do mesmo munic\u00edpio, Fabiano Alves e do secret\u00e1rio de governo governo, Renato Rezende.<\/p>\n\n\n\n<p>Uma das pautas do encontro foi a possibilidade do retorno de uma Regional do SEBRAE para a cidade de Uberl\u00e2ndia. No cen\u00e1rio atual, a Regional do SEBRAE est\u00e1 instalada apenas na cidade de Uberaba; de acordo com o prefeito, Paulo S\u00e9rgio, a cidade Uberl\u00e2ndia por ser a segunda maior do Estado merece ter uma Regional da entidade novamente: \u201cH\u00e1 mais de 20 anos n\u00e3o temos uma Regional do SEBRAE em Uberl\u00e2ndia, somos a segunda cidade do Estado, ficando atr\u00e1s apenas de Belo Horizonte; n\u00f3s temos compet\u00eancia e necessidade para este retorno e viemos em Belo Horizonte hoje para esta tratativa.\u201d<\/p>\n\n\n\n<p>O presidente da FIEMG Regional Vale do Parana\u00edba, Jos\u00e9 Alves, tamb\u00e9m destacou a import\u00e2ncia da Regional do SEBRAE em Uberl\u00e2ndia, em especial devido ao momento pujante e de constante crescimento que o munic\u00edpio est\u00e1 atravessando. \u201cUberl\u00e2ndia hoje \u00e9 refer\u00eancia em diversos segmentos para todo Brasil. Sa\u00fade, lazer, qualidade de vida e desenvolvimento industrial e do empreendedorismo. Estamos otimistas para este retorno da Regional do SEBRAE para c\u00e1.\u201d<\/p>\n\n\n\n<p>De acordo com a assessoria de comunica\u00e7\u00e3o da prefeitura de Uberl\u00e2ndia, a expectativa \u00e9 de que o pedido seja colocado em vota\u00e7\u00e3o durante a pr\u00f3xima reuni\u00e3o do conselho deliberativo do Sebrae Minas, prevista para ocorrer no m\u00eas de setembro.<\/p>\n\n\n\n<p><strong>Imprensa FIEMG<\/strong><\/p>\n","protected":false},"featured_media":5137,"template":"","categories":[15],"tags":[78,1172,275],"class_list":["post-5135","noticias","type-noticias","status-publish","has-post-thumbnail","hentry","category-desenvolvimento-industrial","tag-fiemg","tag-regional-vale-do-paranaiba","tag-sebrae"],"acf":[],"yoast_head":"<!-- This site is optimized with the Yoast SEO plugin v26.2 - https:\/\/yoast.com\/wordpress\/plugins\/seo\/ -->\n<title>FIEMG Regional Vale do Parana\u00edba defende Sebrae em Uberl\u00e2ndia - FIEMG<\/title>\n<meta name=\"description\" content=\"Al\u00e9m da FIEMG, Jos\u00e9 Alves representou tamb\u00e9m ACIUB (Assoc. Comercial e Industrial de Uberl\u00e2ndia) na reuni\u00e3o do Conselho Deliberativo do SEBRAE\" \/>\n<meta name=\"robots\" content=\"index, follow, max-snippet:-1, max-image-preview:large, max-video-preview:-1\" \/>\n<link rel=\"canonical\" href=\"https:\/\/www.fiemg.com.br\/regional-sede\/noticias\/vice-presidente-da-fiemg-regional-vale-do-paranaiba-jose-alves-participa-de-reuniao-em-belo-horizonte-para-reivindicar-retorno-da-regional-do-sebrae-para-uberlandia\/\" \/>\n<meta property=\"og:locale\" content=\"pt_BR\" \/>\n<meta property=\"og:type\" content=\"article\" \/>\n<meta property=\"og:title\" content=\"FIEMG Regional Vale do Parana\u00edba defende Sebrae em Uberl\u00e2ndia - FIEMG\" \/>\n<meta property=\"og:description\" content=\"Al\u00e9m da FIEMG, Jos\u00e9 Alves representou tamb\u00e9m ACIUB (Assoc. Comercial e Industrial de Uberl\u00e2ndia) na reuni\u00e3o do Conselho Deliberativo do SEBRAE\" \/>\n<meta property=\"og:url\" content=\"https:\/\/www.fiemg.com.br\/regional-sede\/noticias\/vice-presidente-da-fiemg-regional-vale-do-paranaiba-jose-alves-participa-de-reuniao-em-belo-horizonte-para-reivindicar-retorno-da-regional-do-sebrae-para-uberlandia\/\" \/>\n<meta property=\"og:site_name\" content=\"FIEMG\" \/>\n<meta property=\"article:modified_time\" content=\"2025-08-26T16:08:52+00:00\" \/>\n<meta property=\"og:image\" content=\"https:\/\/www.fiemg.com.br\/regional-sede\/wp-content\/uploads\/sites\/21\/2025\/08\/FIEMG-SEBRAE.png\" \/>\n\t<meta property=\"og:image:width\" content=\"520\" \/>\n\t<meta property=\"og:image:height\" content=\"493\" \/>\n\t<meta property=\"og:image:type\" content=\"image\/png\" \/>\n<meta name=\"twitter:card\" content=\"summary_large_image\" \/>\n<meta name=\"twitter:label1\" content=\"Est. tempo de leitura\" \/>\n\t<meta name=\"twitter:data1\" content=\"2 minutos\" \/>\n<script type=\"application\/ld+json\" class=\"yoast-schema-graph\">{\"@context\":\"https:\/\/schema.org\",\"@graph\":[{\"@type\":\"WebPage\",\"@id\":\"https:\/\/www.fiemg.com.br\/regional-sede\/noticias\/vice-presidente-da-fiemg-regional-vale-do-paranaiba-jose-alves-participa-de-reuniao-em-belo-horizonte-para-reivindicar-retorno-da-regional-do-sebrae-para-uberlandia\/\",\"url\":\"https:\/\/www.fiemg.com.br\/regional-sede\/noticias\/vice-presidente-da-fiemg-regional-vale-do-paranaiba-jose-alves-participa-de-reuniao-em-belo-horizonte-para-reivindicar-retorno-da-regional-do-sebrae-para-uberlandia\/\",\"name\":\"FIEMG Regional Vale do Parana\u00edba defende Sebrae em Uberl\u00e2ndia - FIEMG\",\"isPartOf\":{\"@id\":\"https:\/\/www.fiemg.com.br\/regional-sede\/#website\"},\"primaryImageOfPage\":{\"@id\":\"https:\/\/www.fiemg.com.br\/regional-sede\/noticias\/vice-presidente-da-fiemg-regional-vale-do-paranaiba-jose-alves-participa-de-reuniao-em-belo-horizonte-para-reivindicar-retorno-da-regional-do-sebrae-para-uberlandia\/#primaryimage\"},\"image\":{\"@id\":\"https:\/\/www.fiemg.com.br\/regional-sede\/noticias\/vice-presidente-da-fiemg-regional-vale-do-paranaiba-jose-alves-participa-de-reuniao-em-belo-horizonte-para-reivindicar-retorno-da-regional-do-sebrae-para-uberlandia\/#primaryimage\"},\"thumbnailUrl\":\"https:\/\/www.fiemg.com.br\/regional-sede\/wp-content\/uploads\/sites\/21\/2025\/08\/FIEMG-SEBRAE.png\",\"datePublished\":\"2025-08-26T14:33:30+00:00\",\"dateModified\":\"2025-08-26T16:08:52+00:00\",\"description\":\"Al\u00e9m da FIEMG, Jos\u00e9 Alves representou tamb\u00e9m ACIUB (Assoc. Comercial e Industrial de Uberl\u00e2ndia) na reuni\u00e3o do Conselho Deliberativo do SEBRAE\",\"breadcrumb\":{\"@id\":\"https:\/\/www.fiemg.com.br\/regional-sede\/noticias\/vice-presidente-da-fiemg-regional-vale-do-paranaiba-jose-alves-participa-de-reuniao-em-belo-horizonte-para-reivindicar-retorno-da-regional-do-sebrae-para-uberlandia\/#breadcrumb\"},\"inLanguage\":\"pt-BR\",\"potentialAction\":[{\"@type\":\"ReadAction\",\"target\":[\"https:\/\/www.fiemg.com.br\/regional-sede\/noticias\/vice-presidente-da-fiemg-regional-vale-do-paranaiba-jose-alves-participa-de-reuniao-em-belo-horizonte-para-reivindicar-retorno-da-regional-do-sebrae-para-uberlandia\/\"]}]},{\"@type\":\"ImageObject\",\"inLanguage\":\"pt-BR\",\"@id\":\"https:\/\/www.fiemg.com.br\/regional-sede\/noticias\/vice-presidente-da-fiemg-regional-vale-do-paranaiba-jose-alves-participa-de-reuniao-em-belo-horizonte-para-reivindicar-retorno-da-regional-do-sebrae-para-uberlandia\/#primaryimage\",\"url\":\"https:\/\/www.fiemg.com.br\/regional-sede\/wp-content\/uploads\/sites\/21\/2025\/08\/FIEMG-SEBRAE.png\",\"contentUrl\":\"https:\/\/www.fiemg.com.br\/regional-sede\/wp-content\/uploads\/sites\/21\/2025\/08\/FIEMG-SEBRAE.png\",\"width\":520,\"height\":493},{\"@type\":\"BreadcrumbList\",\"@id\":\"https:\/\/www.fiemg.com.br\/regional-sede\/noticias\/vice-presidente-da-fiemg-regional-vale-do-paranaiba-jose-alves-participa-de-reuniao-em-belo-horizonte-para-reivindicar-retorno-da-regional-do-sebrae-para-uberlandia\/#breadcrumb\",\"itemListElement\":[{\"@type\":\"ListItem\",\"position\":1,\"name\":\"In\u00edcio\",\"item\":\"https:\/\/www.fiemg.com.br\/regional-sede\/\"},{\"@type\":\"ListItem\",\"position\":2,\"name\":\"Vice-presidente da FIEMG Regional Vale do Parana\u00edba, Jos\u00e9 Alves, participa de reuni\u00e3o em Belo Horizonte para reivindicar retorno da Regional do SEBRAE para Uberl\u00e2ndia\"}]},{\"@type\":\"WebSite\",\"@id\":\"https:\/\/www.fiemg.com.br\/regional-sede\/#website\",\"url\":\"https:\/\/www.fiemg.com.br\/regional-sede\/\",\"name\":\"FIEMG\",\"description\":\"Federa\u00e7\u00e3o das Ind\u00fastrias do Estado de Minas Gerais\",\"publisher\":{\"@id\":\"https:\/\/www.fiemg.com.br\/regional-sede\/#organization\"},\"potentialAction\":[{\"@type\":\"SearchAction\",\"target\":{\"@type\":\"EntryPoint\",\"urlTemplate\":\"https:\/\/www.fiemg.com.br\/regional-sede\/?s={search_term_string}\"},\"query-input\":{\"@type\":\"PropertyValueSpecification\",\"valueRequired\":true,\"valueName\":\"search_term_string\"}}],\"inLanguage\":\"pt-BR\"},{\"@type\":\"Organization\",\"@id\":\"https:\/\/www.fiemg.com.br\/regional-sede\/#organization\",\"name\":\"FIEMG\",\"url\":\"https:\/\/www.fiemg.com.br\/regional-sede\/\",\"logo\":{\"@type\":\"ImageObject\",\"inLanguage\":\"pt-BR\",\"@id\":\"https:\/\/www.fiemg.com.br\/regional-sede\/#\/schema\/logo\/image\/\",\"url\":\"https:\/\/www.fiemg.com.br\/regional-sede\/wp-content\/uploads\/sites\/21\/2023\/02\/Ativo-1.png\",\"contentUrl\":\"https:\/\/www.fiemg.com.br\/regional-sede\/wp-content\/uploads\/sites\/21\/2023\/02\/Ativo-1.png\",\"width\":563,\"height\":149,\"caption\":\"FIEMG\"},\"image\":{\"@id\":\"https:\/\/www.fiemg.com.br\/regional-sede\/#\/schema\/logo\/image\/\"}}]}<\/script>\n<!-- \/ Yoast SEO plugin. -->","yoast_head_json":{"title":"FIEMG Regional Vale do Parana\u00edba defende Sebrae em Uberl\u00e2ndia - FIEMG","description":"Al\u00e9m da FIEMG, Jos\u00e9 Alves representou tamb\u00e9m ACIUB (Assoc. Comercial e Industrial de Uberl\u00e2ndia) na reuni\u00e3o do Conselho Deliberativo do SEBRAE","robots":{"index":"index","follow":"follow","max-snippet":"max-snippet:-1","max-image-preview":"max-image-preview:large","max-video-preview":"max-video-preview:-1"},"canonical":"https:\/\/www.fiemg.com.br\/regional-sede\/noticias\/vice-presidente-da-fiemg-regional-vale-do-paranaiba-jose-alves-participa-de-reuniao-em-belo-horizonte-para-reivindicar-retorno-da-regional-do-sebrae-para-uberlandia\/","og_locale":"pt_BR","og_type":"article","og_title":"FIEMG Regional Vale do Parana\u00edba defende Sebrae em Uberl\u00e2ndia - FIEMG","og_description":"Al\u00e9m da FIEMG, Jos\u00e9 Alves representou tamb\u00e9m ACIUB (Assoc. Comercial e Industrial de Uberl\u00e2ndia) na reuni\u00e3o do Conselho Deliberativo do SEBRAE","og_url":"https:\/\/www.fiemg.com.br\/regional-sede\/noticias\/vice-presidente-da-fiemg-regional-vale-do-paranaiba-jose-alves-participa-de-reuniao-em-belo-horizonte-para-reivindicar-retorno-da-regional-do-sebrae-para-uberlandia\/","og_site_name":"FIEMG","article_modified_time":"2025-08-26T16:08:52+00:00","og_image":[{"width":520,"height":493,"url":"https:\/\/www.fiemg.com.br\/regional-sede\/wp-content\/uploads\/sites\/21\/2025\/08\/FIEMG-SEBRAE.png","type":"image\/png"}],"twitter_card":"summary_large_image","twitter_misc":{"Est. tempo de leitura":"2 minutos"},"schema":{"@context":"https:\/\/schema.org","@graph":[{"@type":"WebPage","@id":"https:\/\/www.fiemg.com.br\/regional-sede\/noticias\/vice-presidente-da-fiemg-regional-vale-do-paranaiba-jose-alves-participa-de-reuniao-em-belo-horizonte-para-reivindicar-retorno-da-regional-do-sebrae-para-uberlandia\/","url":"https:\/\/www.fiemg.com.br\/regional-sede\/noticias\/vice-presidente-da-fiemg-regional-vale-do-paranaiba-jose-alves-participa-de-reuniao-em-belo-horizonte-para-reivindicar-retorno-da-regional-do-sebrae-para-uberlandia\/","name":"FIEMG Regional Vale do Parana\u00edba defende Sebrae em Uberl\u00e2ndia - FIEMG","isPartOf":{"@id":"https:\/\/www.fiemg.com.br\/regional-sede\/#website"},"primaryImageOfPage":{"@id":"https:\/\/www.fiemg.com.br\/regional-sede\/noticias\/vice-presidente-da-fiemg-regional-vale-do-paranaiba-jose-alves-participa-de-reuniao-em-belo-horizonte-para-reivindicar-retorno-da-regional-do-sebrae-para-uberlandia\/#primaryimage"},"image":{"@id":"https:\/\/www.fiemg.com.br\/regional-sede\/noticias\/vice-presidente-da-fiemg-regional-vale-do-paranaiba-jose-alves-participa-de-reuniao-em-belo-horizonte-para-reivindicar-retorno-da-regional-do-sebrae-para-uberlandia\/#primaryimage"},"thumbnailUrl":"https:\/\/www.fiemg.com.br\/regional-sede\/wp-content\/uploads\/sites\/21\/2025\/08\/FIEMG-SEBRAE.png","datePublished":"2025-08-26T14:33:30+00:00","dateModified":"2025-08-26T16:08:52+00:00","description":"Al\u00e9m da FIEMG, Jos\u00e9 Alves representou tamb\u00e9m ACIUB (Assoc. Comercial e Industrial de Uberl\u00e2ndia) na reuni\u00e3o do Conselho Deliberativo do SEBRAE","breadcrumb":{"@id":"https:\/\/www.fiemg.com.br\/regional-sede\/noticias\/vice-presidente-da-fiemg-regional-vale-do-paranaiba-jose-alves-participa-de-reuniao-em-belo-horizonte-para-reivindicar-retorno-da-regional-do-sebrae-para-uberlandia\/#breadcrumb"},"inLanguage":"pt-BR","potentialAction":[{"@type":"ReadAction","target":["https:\/\/www.fiemg.com.br\/regional-sede\/noticias\/vice-presidente-da-fiemg-regional-vale-do-paranaiba-jose-alves-participa-de-reuniao-em-belo-horizonte-para-reivindicar-retorno-da-regional-do-sebrae-para-uberlandia\/"]}]},{"@type":"ImageObject","inLanguage":"pt-BR","@id":"https:\/\/www.fiemg.com.br\/regional-sede\/noticias\/vice-presidente-da-fiemg-regional-vale-do-paranaiba-jose-alves-participa-de-reuniao-em-belo-horizonte-para-reivindicar-retorno-da-regional-do-sebrae-para-uberlandia\/#primaryimage","url":"https:\/\/www.fiemg.com.br\/regional-sede\/wp-content\/uploads\/sites\/21\/2025\/08\/FIEMG-SEBRAE.png","contentUrl":"https:\/\/www.fiemg.com.br\/regional-sede\/wp-content\/uploads\/sites\/21\/2025\/08\/FIEMG-SEBRAE.png","width":520,"height":493},{"@type":"BreadcrumbList","@id":"https:\/\/www.fiemg.com.br\/regional-sede\/noticias\/vice-presidente-da-fiemg-regional-vale-do-paranaiba-jose-alves-participa-de-reuniao-em-belo-horizonte-para-reivindicar-retorno-da-regional-do-sebrae-para-uberlandia\/#breadcrumb","itemListElement":[{"@type":"ListItem","position":1,"name":"In\u00edcio","item":"https:\/\/www.fiemg.com.br\/regional-sede\/"},{"@type":"ListItem","position":2,"name":"Vice-presidente da FIEMG Regional Vale do Parana\u00edba, Jos\u00e9 Alves, participa de reuni\u00e3o em Belo Horizonte para reivindicar retorno da Regional do SEBRAE para Uberl\u00e2ndia"}]},{"@type":"WebSite","@id":"https:\/\/www.fiemg.com.br\/regional-sede\/#website","url":"https:\/\/www.fiemg.com.br\/regional-sede\/","name":"FIEMG","description":"Federa\u00e7\u00e3o das Ind\u00fastrias do Estado de Minas Gerais","publisher":{"@id":"https:\/\/www.fiemg.com.br\/regional-sede\/#organization"},"potentialAction":[{"@type":"SearchAction","target":{"@type":"EntryPoint","urlTemplate":"https:\/\/www.fiemg.com.br\/regional-sede\/?s={search_term_string}"},"query-input":{"@type":"PropertyValueSpecification","valueRequired":true,"valueName":"search_term_string"}}],"inLanguage":"pt-BR"},{"@type":"Organization","@id":"https:\/\/www.fiemg.com.br\/regional-sede\/#organization","name":"FIEMG","url":"https:\/\/www.fiemg.com.br\/regional-sede\/","logo":{"@type":"ImageObject","inLanguage":"pt-BR","@id":"https:\/\/www.fiemg.com.br\/regional-sede\/#\/schema\/logo\/image\/","url":"https:\/\/www.fiemg.com.br\/regional-sede\/wp-content\/uploads\/sites\/21\/2023\/02\/Ativo-1.png","contentUrl":"https:\/\/www.fiemg.com.br\/regional-sede\/wp-content\/uploads\/sites\/21\/2023\/02\/Ativo-1.png","width":563,"height":149,"caption":"FIEMG"},"image":{"@id":"https:\/\/www.fiemg.com.br\/regional-sede\/#\/schema\/logo\/image\/"}}]}},"_links":{"self":[{"href":"https:\/\/www.fiemg.com.br\/regional-sede\/wp-json\/wp\/v2\/noticias\/5135","targetHints":{"allow":["GET"]}}],"collection":[{"href":"https:\/\/www.fiemg.com.br\/regional-sede\/wp-json\/wp\/v2\/noticias"}],"about":[{"href":"https:\/\/www.fiemg.com.br\/regional-sede\/wp-json\/wp\/v2\/types\/noticias"}],"wp:featuredmedia":[{"embeddable":true,"href":"https:\/\/www.fiemg.com.br\/regional-sede\/wp-json\/wp\/v2\/media\/5137"}],"wp:attachment":[{"href":"https:\/\/www.fiemg.com.br\/regional-sede\/wp-json\/wp\/v2\/media?parent=5135"}],"wp:term":[{"taxonomy":"category","embeddable":true,"href":"https:\/\/www.fiemg.com.br\/regional-sede\/wp-json\/wp\/v2\/categories?post=5135"},{"taxonomy":"post_tag","embeddable":true,"href":"https:\/\/www.fiemg.com.br\/regional-sede\/wp-json\/wp\/v2\/tags?post=5135"}],"curies":[{"name":"wp","href":"https:\/\/api.w.org\/{rel}","templated":true}]}}