{"id":5878,"date":"2025-11-05T18:38:37","date_gmt":"2025-11-05T21:38:37","guid":{"rendered":"https:\/\/www.fiemg.com.br\/regional-sede\/noticias\/selic-em-15-freia-producao-e-enfraquece-a-industria-nacional-alerta-fiemg\/"},"modified":"2025-11-05T18:38:47","modified_gmt":"2025-11-05T21:38:47","slug":"selic-em-15-freia-producao-e-enfraquece-a-industria-nacional-alerta-fiemg","status":"publish","type":"noticias","link":"https:\/\/www.fiemg.com.br\/regional-sede\/noticias\/selic-em-15-freia-producao-e-enfraquece-a-industria-nacional-alerta-fiemg\/","title":{"rendered":"Selic em 15% freia produ\u00e7\u00e3o e enfraquece a ind\u00fastria nacional, alerta FIEMG"},"content":{"rendered":"\n<p><\/p>\n\n\n\n<p>A Federa\u00e7\u00e3o das Ind\u00fastrias do Estado de Minas Gerais (FIEMG) avalia que manuten\u00e7\u00e3o da taxa Selic em 15% ao ano mant\u00e9m o ambiente econ\u00f4mico brasileiro sob forte restri\u00e7\u00e3o, com efeitos negativos sobre a ind\u00fastria. O custo do cr\u00e9dito elevado afeta diretamente a capacidade das empresas de manter suas opera\u00e7\u00f5es e planejar novos investimentos. \u201cCom a Selic elevada por mais tempo, as empresas ter\u00e3o mais dificuldade para financiar capital de giro e investir em novos projetos\u201d, alerta Fl\u00e1vio Roscoe, presidente da entidade.<\/p>\n\n\n\n<p>Como consequ\u00eancia, avalia a Federa\u00e7\u00e3o, haver\u00e1 desacelera\u00e7\u00e3o no ritmo de produ\u00e7\u00e3o e na gera\u00e7\u00e3o de empregos. A demanda dom\u00e9stica tamb\u00e9m sofrer\u00e1 forte impacto. Com o cr\u00e9dito ao consumo mais caro, as fam\u00edlias reduzem compras de maior valor, o que afeta diretamente setores como o automotivo, o eletroeletr\u00f4nico e a constru\u00e7\u00e3o civil. Esses segmentos dependem das condi\u00e7\u00f5es de cr\u00e9dito e do poder de compra da popula\u00e7\u00e3o. \u201cQuando o consumo encolhe, a ind\u00fastria sente o efeito em cadeia, postergando planos de expans\u00e3o, e enfraquecendo a capacidade produtiva do pa\u00eds\u201d, destaca Roscoe.<\/p>\n\n\n\n<p>Outro problema \u00e9 a deteriora\u00e7\u00e3o do parque industrial. Muitos empres\u00e1rios adiam a moderniza\u00e7\u00e3o das plantas e a compra de equipamentos, o que compromete a competitividade da ind\u00fastria brasileira. De acordo com a FIEMG, sem incentivos ou condi\u00e7\u00f5es favor\u00e1veis para investir, o setor perde efici\u00eancia e espa\u00e7o frente \u00e0 concorr\u00eancia internacional.<\/p>\n\n\n\n<p>\u201cManter os juros elevados por um per\u00edodo prolongado representa um entrave ao crescimento econ\u00f4mico. O Brasil precisa alinhar a pol\u00edtica monet\u00e1ria ao esfor\u00e7o de dinamiza\u00e7\u00e3o do setor industrial, sem sufocar a for\u00e7a produtiva da sua ind\u00fastria\u201d, ressalta o presidente da FIEMG.<\/p>\n\n\n\n<p><strong>Imprensa FIEMG<\/strong><\/p>\n\n\n\n<p><\/p>\n","protected":false},"featured_media":4810,"template":"","categories":[15],"tags":[283,284,479,1297],"class_list":["post-5878","noticias","type-noticias","status-publish","has-post-thumbnail","hentry","category-desenvolvimento-industrial","tag-banco-central","tag-copom","tag-selic","tag-taxa-basica-de-juros"],"acf":[],"yoast_head":"<!-- This site is optimized with the Yoast SEO plugin v26.2 - https:\/\/yoast.com\/wordpress\/plugins\/seo\/ -->\n<title>Selic em 15% freia produ\u00e7\u00e3o e enfraquece a ind\u00fastria nacional, alerta FIEMG - FIEMG<\/title>\n<meta name=\"description\" content=\"Taxa de juros elevada pode aprofundar a perda de competitividade e atrasar a retomada do crescimento econ\u00f4mico\" \/>\n<meta name=\"robots\" content=\"index, follow, max-snippet:-1, max-image-preview:large, max-video-preview:-1\" \/>\n<link rel=\"canonical\" href=\"https:\/\/www.fiemg.com.br\/regional-sede\/noticias\/selic-em-15-freia-producao-e-enfraquece-a-industria-nacional-alerta-fiemg\/\" \/>\n<meta property=\"og:locale\" content=\"pt_BR\" \/>\n<meta property=\"og:type\" content=\"article\" \/>\n<meta property=\"og:title\" content=\"Selic em 15% freia produ\u00e7\u00e3o e enfraquece a ind\u00fastria nacional, alerta FIEMG - FIEMG\" \/>\n<meta property=\"og:description\" content=\"Taxa de juros elevada pode aprofundar a perda de competitividade e atrasar a retomada do crescimento econ\u00f4mico\" \/>\n<meta property=\"og:url\" content=\"https:\/\/www.fiemg.com.br\/regional-sede\/noticias\/selic-em-15-freia-producao-e-enfraquece-a-industria-nacional-alerta-fiemg\/\" \/>\n<meta property=\"og:site_name\" content=\"FIEMG\" \/>\n<meta property=\"article:modified_time\" content=\"2025-11-05T21:38:47+00:00\" \/>\n<meta property=\"og:image\" content=\"https:\/\/www.fiemg.com.br\/regional-sede\/wp-content\/uploads\/sites\/21\/2025\/07\/NOVO-LOGO-SITE.png\" \/>\n\t<meta property=\"og:image:width\" content=\"263\" \/>\n\t<meta property=\"og:image:height\" content=\"267\" \/>\n\t<meta property=\"og:image:type\" content=\"image\/png\" \/>\n<meta name=\"twitter:card\" content=\"summary_large_image\" \/>\n<meta name=\"twitter:label1\" content=\"Est. tempo de leitura\" \/>\n\t<meta name=\"twitter:data1\" content=\"2 minutos\" \/>\n<script type=\"application\/ld+json\" class=\"yoast-schema-graph\">{\"@context\":\"https:\/\/schema.org\",\"@graph\":[{\"@type\":\"WebPage\",\"@id\":\"https:\/\/www.fiemg.com.br\/regional-sede\/noticias\/selic-em-15-freia-producao-e-enfraquece-a-industria-nacional-alerta-fiemg\/\",\"url\":\"https:\/\/www.fiemg.com.br\/regional-sede\/noticias\/selic-em-15-freia-producao-e-enfraquece-a-industria-nacional-alerta-fiemg\/\",\"name\":\"Selic em 15% freia produ\u00e7\u00e3o e enfraquece a ind\u00fastria nacional, alerta FIEMG - FIEMG\",\"isPartOf\":{\"@id\":\"https:\/\/www.fiemg.com.br\/regional-sede\/#website\"},\"primaryImageOfPage\":{\"@id\":\"https:\/\/www.fiemg.com.br\/regional-sede\/noticias\/selic-em-15-freia-producao-e-enfraquece-a-industria-nacional-alerta-fiemg\/#primaryimage\"},\"image\":{\"@id\":\"https:\/\/www.fiemg.com.br\/regional-sede\/noticias\/selic-em-15-freia-producao-e-enfraquece-a-industria-nacional-alerta-fiemg\/#primaryimage\"},\"thumbnailUrl\":\"https:\/\/www.fiemg.com.br\/regional-sede\/wp-content\/uploads\/sites\/21\/2025\/07\/NOVO-LOGO-SITE.png\",\"datePublished\":\"2025-11-05T21:38:37+00:00\",\"dateModified\":\"2025-11-05T21:38:47+00:00\",\"description\":\"Taxa de juros elevada pode aprofundar a perda de competitividade e atrasar a retomada do crescimento econ\u00f4mico\",\"breadcrumb\":{\"@id\":\"https:\/\/www.fiemg.com.br\/regional-sede\/noticias\/selic-em-15-freia-producao-e-enfraquece-a-industria-nacional-alerta-fiemg\/#breadcrumb\"},\"inLanguage\":\"pt-BR\",\"potentialAction\":[{\"@type\":\"ReadAction\",\"target\":[\"https:\/\/www.fiemg.com.br\/regional-sede\/noticias\/selic-em-15-freia-producao-e-enfraquece-a-industria-nacional-alerta-fiemg\/\"]}]},{\"@type\":\"ImageObject\",\"inLanguage\":\"pt-BR\",\"@id\":\"https:\/\/www.fiemg.com.br\/regional-sede\/noticias\/selic-em-15-freia-producao-e-enfraquece-a-industria-nacional-alerta-fiemg\/#primaryimage\",\"url\":\"https:\/\/www.fiemg.com.br\/regional-sede\/wp-content\/uploads\/sites\/21\/2025\/07\/NOVO-LOGO-SITE.png\",\"contentUrl\":\"https:\/\/www.fiemg.com.br\/regional-sede\/wp-content\/uploads\/sites\/21\/2025\/07\/NOVO-LOGO-SITE.png\",\"width\":263,\"height\":267},{\"@type\":\"BreadcrumbList\",\"@id\":\"https:\/\/www.fiemg.com.br\/regional-sede\/noticias\/selic-em-15-freia-producao-e-enfraquece-a-industria-nacional-alerta-fiemg\/#breadcrumb\",\"itemListElement\":[{\"@type\":\"ListItem\",\"position\":1,\"name\":\"In\u00edcio\",\"item\":\"https:\/\/www.fiemg.com.br\/regional-sede\/\"},{\"@type\":\"ListItem\",\"position\":2,\"name\":\"Selic em 15% freia produ\u00e7\u00e3o e enfraquece a ind\u00fastria nacional, alerta FIEMG\"}]},{\"@type\":\"WebSite\",\"@id\":\"https:\/\/www.fiemg.com.br\/regional-sede\/#website\",\"url\":\"https:\/\/www.fiemg.com.br\/regional-sede\/\",\"name\":\"FIEMG\",\"description\":\"Federa\u00e7\u00e3o das Ind\u00fastrias do Estado de Minas Gerais\",\"publisher\":{\"@id\":\"https:\/\/www.fiemg.com.br\/regional-sede\/#organization\"},\"potentialAction\":[{\"@type\":\"SearchAction\",\"target\":{\"@type\":\"EntryPoint\",\"urlTemplate\":\"https:\/\/www.fiemg.com.br\/regional-sede\/?s={search_term_string}\"},\"query-input\":{\"@type\":\"PropertyValueSpecification\",\"valueRequired\":true,\"valueName\":\"search_term_string\"}}],\"inLanguage\":\"pt-BR\"},{\"@type\":\"Organization\",\"@id\":\"https:\/\/www.fiemg.com.br\/regional-sede\/#organization\",\"name\":\"FIEMG\",\"url\":\"https:\/\/www.fiemg.com.br\/regional-sede\/\",\"logo\":{\"@type\":\"ImageObject\",\"inLanguage\":\"pt-BR\",\"@id\":\"https:\/\/www.fiemg.com.br\/regional-sede\/#\/schema\/logo\/image\/\",\"url\":\"https:\/\/www.fiemg.com.br\/regional-sede\/wp-content\/uploads\/sites\/21\/2023\/02\/Ativo-1.png\",\"contentUrl\":\"https:\/\/www.fiemg.com.br\/regional-sede\/wp-content\/uploads\/sites\/21\/2023\/02\/Ativo-1.png\",\"width\":563,\"height\":149,\"caption\":\"FIEMG\"},\"image\":{\"@id\":\"https:\/\/www.fiemg.com.br\/regional-sede\/#\/schema\/logo\/image\/\"}}]}<\/script>\n<!-- \/ Yoast SEO plugin. -->","yoast_head_json":{"title":"Selic em 15% freia produ\u00e7\u00e3o e enfraquece a ind\u00fastria nacional, alerta FIEMG - FIEMG","description":"Taxa de juros elevada pode aprofundar a perda de competitividade e atrasar a retomada do crescimento econ\u00f4mico","robots":{"index":"index","follow":"follow","max-snippet":"max-snippet:-1","max-image-preview":"max-image-preview:large","max-video-preview":"max-video-preview:-1"},"canonical":"https:\/\/www.fiemg.com.br\/regional-sede\/noticias\/selic-em-15-freia-producao-e-enfraquece-a-industria-nacional-alerta-fiemg\/","og_locale":"pt_BR","og_type":"article","og_title":"Selic em 15% freia produ\u00e7\u00e3o e enfraquece a ind\u00fastria nacional, alerta FIEMG - FIEMG","og_description":"Taxa de juros elevada pode aprofundar a perda de competitividade e atrasar a retomada do crescimento econ\u00f4mico","og_url":"https:\/\/www.fiemg.com.br\/regional-sede\/noticias\/selic-em-15-freia-producao-e-enfraquece-a-industria-nacional-alerta-fiemg\/","og_site_name":"FIEMG","article_modified_time":"2025-11-05T21:38:47+00:00","og_image":[{"width":263,"height":267,"url":"https:\/\/www.fiemg.com.br\/regional-sede\/wp-content\/uploads\/sites\/21\/2025\/07\/NOVO-LOGO-SITE.png","type":"image\/png"}],"twitter_card":"summary_large_image","twitter_misc":{"Est. tempo de leitura":"2 minutos"},"schema":{"@context":"https:\/\/schema.org","@graph":[{"@type":"WebPage","@id":"https:\/\/www.fiemg.com.br\/regional-sede\/noticias\/selic-em-15-freia-producao-e-enfraquece-a-industria-nacional-alerta-fiemg\/","url":"https:\/\/www.fiemg.com.br\/regional-sede\/noticias\/selic-em-15-freia-producao-e-enfraquece-a-industria-nacional-alerta-fiemg\/","name":"Selic em 15% freia produ\u00e7\u00e3o e enfraquece a ind\u00fastria nacional, alerta FIEMG - FIEMG","isPartOf":{"@id":"https:\/\/www.fiemg.com.br\/regional-sede\/#website"},"primaryImageOfPage":{"@id":"https:\/\/www.fiemg.com.br\/regional-sede\/noticias\/selic-em-15-freia-producao-e-enfraquece-a-industria-nacional-alerta-fiemg\/#primaryimage"},"image":{"@id":"https:\/\/www.fiemg.com.br\/regional-sede\/noticias\/selic-em-15-freia-producao-e-enfraquece-a-industria-nacional-alerta-fiemg\/#primaryimage"},"thumbnailUrl":"https:\/\/www.fiemg.com.br\/regional-sede\/wp-content\/uploads\/sites\/21\/2025\/07\/NOVO-LOGO-SITE.png","datePublished":"2025-11-05T21:38:37+00:00","dateModified":"2025-11-05T21:38:47+00:00","description":"Taxa de juros elevada pode aprofundar a perda de competitividade e atrasar a retomada do crescimento econ\u00f4mico","breadcrumb":{"@id":"https:\/\/www.fiemg.com.br\/regional-sede\/noticias\/selic-em-15-freia-producao-e-enfraquece-a-industria-nacional-alerta-fiemg\/#breadcrumb"},"inLanguage":"pt-BR","potentialAction":[{"@type":"ReadAction","target":["https:\/\/www.fiemg.com.br\/regional-sede\/noticias\/selic-em-15-freia-producao-e-enfraquece-a-industria-nacional-alerta-fiemg\/"]}]},{"@type":"ImageObject","inLanguage":"pt-BR","@id":"https:\/\/www.fiemg.com.br\/regional-sede\/noticias\/selic-em-15-freia-producao-e-enfraquece-a-industria-nacional-alerta-fiemg\/#primaryimage","url":"https:\/\/www.fiemg.com.br\/regional-sede\/wp-content\/uploads\/sites\/21\/2025\/07\/NOVO-LOGO-SITE.png","contentUrl":"https:\/\/www.fiemg.com.br\/regional-sede\/wp-content\/uploads\/sites\/21\/2025\/07\/NOVO-LOGO-SITE.png","width":263,"height":267},{"@type":"BreadcrumbList","@id":"https:\/\/www.fiemg.com.br\/regional-sede\/noticias\/selic-em-15-freia-producao-e-enfraquece-a-industria-nacional-alerta-fiemg\/#breadcrumb","itemListElement":[{"@type":"ListItem","position":1,"name":"In\u00edcio","item":"https:\/\/www.fiemg.com.br\/regional-sede\/"},{"@type":"ListItem","position":2,"name":"Selic em 15% freia produ\u00e7\u00e3o e enfraquece a ind\u00fastria nacional, alerta FIEMG"}]},{"@type":"WebSite","@id":"https:\/\/www.fiemg.com.br\/regional-sede\/#website","url":"https:\/\/www.fiemg.com.br\/regional-sede\/","name":"FIEMG","description":"Federa\u00e7\u00e3o das Ind\u00fastrias do Estado de Minas Gerais","publisher":{"@id":"https:\/\/www.fiemg.com.br\/regional-sede\/#organization"},"potentialAction":[{"@type":"SearchAction","target":{"@type":"EntryPoint","urlTemplate":"https:\/\/www.fiemg.com.br\/regional-sede\/?s={search_term_string}"},"query-input":{"@type":"PropertyValueSpecification","valueRequired":true,"valueName":"search_term_string"}}],"inLanguage":"pt-BR"},{"@type":"Organization","@id":"https:\/\/www.fiemg.com.br\/regional-sede\/#organization","name":"FIEMG","url":"https:\/\/www.fiemg.com.br\/regional-sede\/","logo":{"@type":"ImageObject","inLanguage":"pt-BR","@id":"https:\/\/www.fiemg.com.br\/regional-sede\/#\/schema\/logo\/image\/","url":"https:\/\/www.fiemg.com.br\/regional-sede\/wp-content\/uploads\/sites\/21\/2023\/02\/Ativo-1.png","contentUrl":"https:\/\/www.fiemg.com.br\/regional-sede\/wp-content\/uploads\/sites\/21\/2023\/02\/Ativo-1.png","width":563,"height":149,"caption":"FIEMG"},"image":{"@id":"https:\/\/www.fiemg.com.br\/regional-sede\/#\/schema\/logo\/image\/"}}]}},"_links":{"self":[{"href":"https:\/\/www.fiemg.com.br\/regional-sede\/wp-json\/wp\/v2\/noticias\/5878","targetHints":{"allow":["GET"]}}],"collection":[{"href":"https:\/\/www.fiemg.com.br\/regional-sede\/wp-json\/wp\/v2\/noticias"}],"about":[{"href":"https:\/\/www.fiemg.com.br\/regional-sede\/wp-json\/wp\/v2\/types\/noticias"}],"wp:featuredmedia":[{"embeddable":true,"href":"https:\/\/www.fiemg.com.br\/regional-sede\/wp-json\/wp\/v2\/media\/4810"}],"wp:attachment":[{"href":"https:\/\/www.fiemg.com.br\/regional-sede\/wp-json\/wp\/v2\/media?parent=5878"}],"wp:term":[{"taxonomy":"category","embeddable":true,"href":"https:\/\/www.fiemg.com.br\/regional-sede\/wp-json\/wp\/v2\/categories?post=5878"},{"taxonomy":"post_tag","embeddable":true,"href":"https:\/\/www.fiemg.com.br\/regional-sede\/wp-json\/wp\/v2\/tags?post=5878"}],"curies":[{"name":"wp","href":"https:\/\/api.w.org\/{rel}","templated":true}]}}