{"id":5909,"date":"2025-11-07T18:31:25","date_gmt":"2025-11-07T21:31:25","guid":{"rendered":"https:\/\/www.fiemg.com.br\/regional-sede\/noticias\/delegacao-mineira-representa-o-brasil-na-worldskills-americas-2025-no-chile\/"},"modified":"2025-11-07T18:31:33","modified_gmt":"2025-11-07T21:31:33","slug":"delegacao-mineira-representa-o-brasil-na-worldskills-americas-2025-no-chile","status":"publish","type":"noticias","link":"https:\/\/www.fiemg.com.br\/regional-sede\/noticias\/delegacao-mineira-representa-o-brasil-na-worldskills-americas-2025-no-chile\/","title":{"rendered":"Delega\u00e7\u00e3o mineira representa o Brasil na WorldSkills Am\u00e9ricas 2025, no Chile"},"content":{"rendered":"\n<p><\/p>\n\n\n\n<p>A delega\u00e7\u00e3o mineira da WorldSkills Brasil est\u00e1 em Santiago, no Chile, para participar da 6\u00aa edi\u00e7\u00e3o da WorldSkills Am\u00e9ricas, que acontece at\u00e9 o dia 8 de novembro. O torneio re\u00fane mais de 300 participantes, entre competidores, especialistas e delegados t\u00e9cnicos de 13 pa\u00edses: Bol\u00edvia, Barbados, Chile, Col\u00f4mbia, Costa Rica, Guatemala, M\u00e9xico, Panam\u00e1, Paraguai, Peru, Rep\u00fablica Dominicana, Uruguai e Brasil.<\/p>\n\n\n\n<p>O evento, considerado o principal encontro das Am\u00e9ricas voltado \u00e0 educa\u00e7\u00e3o profissional, tem o objetivo de promover a troca de experi\u00eancias, o aprimoramento t\u00e9cnico e a integra\u00e7\u00e3o entre os pa\u00edses por meio da competi\u00e7\u00e3o de habilidades.<\/p>\n\n\n\n<p><strong>Minas Gerais em destaque<\/strong><\/p>\n\n\n\n<p>A delega\u00e7\u00e3o mineira, formada por competidores do SENAI-MG, representa o Brasil em seis ocupa\u00e7\u00f5es nesta edi\u00e7\u00e3o da WorldSkills Am\u00e9ricas: #04 \u2013 Mecatr\u00f4nica; #05 \u2013 Desenho Mec\u00e2nico em CAD; #23 \u2013 Rob\u00f3tica M\u00f3vel; #32 \u2013 Confeitaria; #48 \u2013 Ind\u00fastria 4.0; e #54 \u2013 Seguran\u00e7a Cibern\u00e9tica.<\/p>\n\n\n\n<p>A presen\u00e7a mineira refor\u00e7a a tradi\u00e7\u00e3o do Estado como um dos principais polos de forma\u00e7\u00e3o t\u00e9cnica e tecnol\u00f3gica do pa\u00eds. Somente na etapa nacional da WorldSkills Brasil 2025, realizada em setembro, em Bras\u00edlia, <a href=\"https:\/\/www.fiemg.com.br\/noticias\/senai-mg-conquista-35-medalhas-na-worldskills-brasil-2025-e-consolida-lideranca-nacional\/\" target=\"_blank\" rel=\"noreferrer noopener\">Minas conquistou 14 medalhas de ouro, 14 de prata, 7 de bronze e 2 de excel\u00eancia<\/a>, consolidando seu papel de destaque entre os Departamentos Regionais do SENAI.<\/p>\n\n\n\n<p>Competi\u00e7<strong>\u00e3o continental<\/strong><\/p>\n\n\n\n<p>Ao todo, a delega\u00e7\u00e3o brasileira disputa 19 das 20 ocupa\u00e7\u00f5es da competi\u00e7\u00e3o. Algumas modalidades tiveram ajustes nesta edi\u00e7\u00e3o: a ocupa\u00e7\u00e3o Sistema de Energia Fotovoltaica, que no Brasil \u00e9 individual, passou a ser disputada em dupla, com os dois primeiros colocados da etapa nacional. J\u00e1 as provas de Tornearia CNC e Fresagem CNC foram unificadas na categoria Usinagem CNC, com representa\u00e7\u00e3o de um \u00fanico competidor.<\/p>\n\n\n\n<p><strong>Acompanhe ao vivo<\/strong><\/p>\n\n\n\n<p>As provas e demonstra\u00e7\u00f5es da WorldSkills Am\u00e9ricas 2025 est\u00e3o sendo transmitidas ao vivo pelo canal oficial do evento:  twitch.tv\/worldskillschile<\/p>\n\n\n\n<p><em>Tha\u00eds Mota<\/em><br><strong>Imprensa FIEMG<\/strong><\/p>\n","protected":false},"featured_media":5910,"template":"","categories":[5,34],"tags":[1300,1215,1161,1301],"class_list":["post-5909","noticias","type-noticias","status-publish","has-post-thumbnail","hentry","category-capacitacao-empresarial","category-senai","tag-chile","tag-delegacao-mineira","tag-senai-mg","tag-worldskills-americas-2025"],"acf":[],"yoast_head":"<!-- This site is optimized with the Yoast SEO plugin v26.2 - https:\/\/yoast.com\/wordpress\/plugins\/seo\/ -->\n<title>Delega\u00e7\u00e3o mineira representa o Brasil na WorldSkills Am\u00e9ricas 2025, no Chile - FIEMG<\/title>\n<meta name=\"description\" content=\"Competi\u00e7\u00e3o re\u00fane 13 pa\u00edses e mais de 300 participantes em Santiago; Minas disputa seis ocupa\u00e7\u00f5es\" \/>\n<meta name=\"robots\" content=\"index, follow, max-snippet:-1, max-image-preview:large, max-video-preview:-1\" \/>\n<link rel=\"canonical\" href=\"https:\/\/www.fiemg.com.br\/regional-sede\/noticias\/delegacao-mineira-representa-o-brasil-na-worldskills-americas-2025-no-chile\/\" \/>\n<meta property=\"og:locale\" content=\"pt_BR\" \/>\n<meta property=\"og:type\" content=\"article\" \/>\n<meta property=\"og:title\" content=\"Delega\u00e7\u00e3o mineira representa o Brasil na WorldSkills Am\u00e9ricas 2025, no Chile - FIEMG\" \/>\n<meta property=\"og:description\" content=\"Competi\u00e7\u00e3o re\u00fane 13 pa\u00edses e mais de 300 participantes em Santiago; Minas disputa seis ocupa\u00e7\u00f5es\" \/>\n<meta property=\"og:url\" content=\"https:\/\/www.fiemg.com.br\/regional-sede\/noticias\/delegacao-mineira-representa-o-brasil-na-worldskills-americas-2025-no-chile\/\" \/>\n<meta property=\"og:site_name\" content=\"FIEMG\" \/>\n<meta property=\"article:modified_time\" content=\"2025-11-07T21:31:33+00:00\" \/>\n<meta property=\"og:image\" content=\"https:\/\/www.fiemg.com.br\/regional-sede\/wp-content\/uploads\/sites\/21\/2025\/11\/WorldSkills-America-2.jpg\" \/>\n\t<meta property=\"og:image:width\" content=\"512\" \/>\n\t<meta property=\"og:image:height\" content=\"512\" \/>\n\t<meta property=\"og:image:type\" content=\"image\/jpeg\" \/>\n<meta name=\"twitter:card\" content=\"summary_large_image\" \/>\n<meta name=\"twitter:label1\" content=\"Est. tempo de leitura\" \/>\n\t<meta name=\"twitter:data1\" content=\"2 minutos\" \/>\n<script type=\"application\/ld+json\" class=\"yoast-schema-graph\">{\"@context\":\"https:\/\/schema.org\",\"@graph\":[{\"@type\":\"WebPage\",\"@id\":\"https:\/\/www.fiemg.com.br\/regional-sede\/noticias\/delegacao-mineira-representa-o-brasil-na-worldskills-americas-2025-no-chile\/\",\"url\":\"https:\/\/www.fiemg.com.br\/regional-sede\/noticias\/delegacao-mineira-representa-o-brasil-na-worldskills-americas-2025-no-chile\/\",\"name\":\"Delega\u00e7\u00e3o mineira representa o Brasil na WorldSkills Am\u00e9ricas 2025, no Chile - FIEMG\",\"isPartOf\":{\"@id\":\"https:\/\/www.fiemg.com.br\/regional-sede\/#website\"},\"primaryImageOfPage\":{\"@id\":\"https:\/\/www.fiemg.com.br\/regional-sede\/noticias\/delegacao-mineira-representa-o-brasil-na-worldskills-americas-2025-no-chile\/#primaryimage\"},\"image\":{\"@id\":\"https:\/\/www.fiemg.com.br\/regional-sede\/noticias\/delegacao-mineira-representa-o-brasil-na-worldskills-americas-2025-no-chile\/#primaryimage\"},\"thumbnailUrl\":\"https:\/\/www.fiemg.com.br\/regional-sede\/wp-content\/uploads\/sites\/21\/2025\/11\/WorldSkills-America-2.jpg\",\"datePublished\":\"2025-11-07T21:31:25+00:00\",\"dateModified\":\"2025-11-07T21:31:33+00:00\",\"description\":\"Competi\u00e7\u00e3o re\u00fane 13 pa\u00edses e mais de 300 participantes em Santiago; Minas disputa seis ocupa\u00e7\u00f5es\",\"breadcrumb\":{\"@id\":\"https:\/\/www.fiemg.com.br\/regional-sede\/noticias\/delegacao-mineira-representa-o-brasil-na-worldskills-americas-2025-no-chile\/#breadcrumb\"},\"inLanguage\":\"pt-BR\",\"potentialAction\":[{\"@type\":\"ReadAction\",\"target\":[\"https:\/\/www.fiemg.com.br\/regional-sede\/noticias\/delegacao-mineira-representa-o-brasil-na-worldskills-americas-2025-no-chile\/\"]}]},{\"@type\":\"ImageObject\",\"inLanguage\":\"pt-BR\",\"@id\":\"https:\/\/www.fiemg.com.br\/regional-sede\/noticias\/delegacao-mineira-representa-o-brasil-na-worldskills-americas-2025-no-chile\/#primaryimage\",\"url\":\"https:\/\/www.fiemg.com.br\/regional-sede\/wp-content\/uploads\/sites\/21\/2025\/11\/WorldSkills-America-2.jpg\",\"contentUrl\":\"https:\/\/www.fiemg.com.br\/regional-sede\/wp-content\/uploads\/sites\/21\/2025\/11\/WorldSkills-America-2.jpg\",\"width\":512,\"height\":512},{\"@type\":\"BreadcrumbList\",\"@id\":\"https:\/\/www.fiemg.com.br\/regional-sede\/noticias\/delegacao-mineira-representa-o-brasil-na-worldskills-americas-2025-no-chile\/#breadcrumb\",\"itemListElement\":[{\"@type\":\"ListItem\",\"position\":1,\"name\":\"In\u00edcio\",\"item\":\"https:\/\/www.fiemg.com.br\/regional-sede\/\"},{\"@type\":\"ListItem\",\"position\":2,\"name\":\"Delega\u00e7\u00e3o mineira representa o Brasil na WorldSkills Am\u00e9ricas 2025, no Chile\"}]},{\"@type\":\"WebSite\",\"@id\":\"https:\/\/www.fiemg.com.br\/regional-sede\/#website\",\"url\":\"https:\/\/www.fiemg.com.br\/regional-sede\/\",\"name\":\"FIEMG\",\"description\":\"Federa\u00e7\u00e3o das Ind\u00fastrias do Estado de Minas Gerais\",\"publisher\":{\"@id\":\"https:\/\/www.fiemg.com.br\/regional-sede\/#organization\"},\"potentialAction\":[{\"@type\":\"SearchAction\",\"target\":{\"@type\":\"EntryPoint\",\"urlTemplate\":\"https:\/\/www.fiemg.com.br\/regional-sede\/?s={search_term_string}\"},\"query-input\":{\"@type\":\"PropertyValueSpecification\",\"valueRequired\":true,\"valueName\":\"search_term_string\"}}],\"inLanguage\":\"pt-BR\"},{\"@type\":\"Organization\",\"@id\":\"https:\/\/www.fiemg.com.br\/regional-sede\/#organization\",\"name\":\"FIEMG\",\"url\":\"https:\/\/www.fiemg.com.br\/regional-sede\/\",\"logo\":{\"@type\":\"ImageObject\",\"inLanguage\":\"pt-BR\",\"@id\":\"https:\/\/www.fiemg.com.br\/regional-sede\/#\/schema\/logo\/image\/\",\"url\":\"https:\/\/www.fiemg.com.br\/regional-sede\/wp-content\/uploads\/sites\/21\/2023\/02\/Ativo-1.png\",\"contentUrl\":\"https:\/\/www.fiemg.com.br\/regional-sede\/wp-content\/uploads\/sites\/21\/2023\/02\/Ativo-1.png\",\"width\":563,\"height\":149,\"caption\":\"FIEMG\"},\"image\":{\"@id\":\"https:\/\/www.fiemg.com.br\/regional-sede\/#\/schema\/logo\/image\/\"}}]}<\/script>\n<!-- \/ Yoast SEO plugin. -->","yoast_head_json":{"title":"Delega\u00e7\u00e3o mineira representa o Brasil na WorldSkills Am\u00e9ricas 2025, no Chile - FIEMG","description":"Competi\u00e7\u00e3o re\u00fane 13 pa\u00edses e mais de 300 participantes em Santiago; Minas disputa seis ocupa\u00e7\u00f5es","robots":{"index":"index","follow":"follow","max-snippet":"max-snippet:-1","max-image-preview":"max-image-preview:large","max-video-preview":"max-video-preview:-1"},"canonical":"https:\/\/www.fiemg.com.br\/regional-sede\/noticias\/delegacao-mineira-representa-o-brasil-na-worldskills-americas-2025-no-chile\/","og_locale":"pt_BR","og_type":"article","og_title":"Delega\u00e7\u00e3o mineira representa o Brasil na WorldSkills Am\u00e9ricas 2025, no Chile - FIEMG","og_description":"Competi\u00e7\u00e3o re\u00fane 13 pa\u00edses e mais de 300 participantes em Santiago; Minas disputa seis ocupa\u00e7\u00f5es","og_url":"https:\/\/www.fiemg.com.br\/regional-sede\/noticias\/delegacao-mineira-representa-o-brasil-na-worldskills-americas-2025-no-chile\/","og_site_name":"FIEMG","article_modified_time":"2025-11-07T21:31:33+00:00","og_image":[{"width":512,"height":512,"url":"https:\/\/www.fiemg.com.br\/regional-sede\/wp-content\/uploads\/sites\/21\/2025\/11\/WorldSkills-America-2.jpg","type":"image\/jpeg"}],"twitter_card":"summary_large_image","twitter_misc":{"Est. tempo de leitura":"2 minutos"},"schema":{"@context":"https:\/\/schema.org","@graph":[{"@type":"WebPage","@id":"https:\/\/www.fiemg.com.br\/regional-sede\/noticias\/delegacao-mineira-representa-o-brasil-na-worldskills-americas-2025-no-chile\/","url":"https:\/\/www.fiemg.com.br\/regional-sede\/noticias\/delegacao-mineira-representa-o-brasil-na-worldskills-americas-2025-no-chile\/","name":"Delega\u00e7\u00e3o mineira representa o Brasil na WorldSkills Am\u00e9ricas 2025, no Chile - FIEMG","isPartOf":{"@id":"https:\/\/www.fiemg.com.br\/regional-sede\/#website"},"primaryImageOfPage":{"@id":"https:\/\/www.fiemg.com.br\/regional-sede\/noticias\/delegacao-mineira-representa-o-brasil-na-worldskills-americas-2025-no-chile\/#primaryimage"},"image":{"@id":"https:\/\/www.fiemg.com.br\/regional-sede\/noticias\/delegacao-mineira-representa-o-brasil-na-worldskills-americas-2025-no-chile\/#primaryimage"},"thumbnailUrl":"https:\/\/www.fiemg.com.br\/regional-sede\/wp-content\/uploads\/sites\/21\/2025\/11\/WorldSkills-America-2.jpg","datePublished":"2025-11-07T21:31:25+00:00","dateModified":"2025-11-07T21:31:33+00:00","description":"Competi\u00e7\u00e3o re\u00fane 13 pa\u00edses e mais de 300 participantes em Santiago; Minas disputa seis ocupa\u00e7\u00f5es","breadcrumb":{"@id":"https:\/\/www.fiemg.com.br\/regional-sede\/noticias\/delegacao-mineira-representa-o-brasil-na-worldskills-americas-2025-no-chile\/#breadcrumb"},"inLanguage":"pt-BR","potentialAction":[{"@type":"ReadAction","target":["https:\/\/www.fiemg.com.br\/regional-sede\/noticias\/delegacao-mineira-representa-o-brasil-na-worldskills-americas-2025-no-chile\/"]}]},{"@type":"ImageObject","inLanguage":"pt-BR","@id":"https:\/\/www.fiemg.com.br\/regional-sede\/noticias\/delegacao-mineira-representa-o-brasil-na-worldskills-americas-2025-no-chile\/#primaryimage","url":"https:\/\/www.fiemg.com.br\/regional-sede\/wp-content\/uploads\/sites\/21\/2025\/11\/WorldSkills-America-2.jpg","contentUrl":"https:\/\/www.fiemg.com.br\/regional-sede\/wp-content\/uploads\/sites\/21\/2025\/11\/WorldSkills-America-2.jpg","width":512,"height":512},{"@type":"BreadcrumbList","@id":"https:\/\/www.fiemg.com.br\/regional-sede\/noticias\/delegacao-mineira-representa-o-brasil-na-worldskills-americas-2025-no-chile\/#breadcrumb","itemListElement":[{"@type":"ListItem","position":1,"name":"In\u00edcio","item":"https:\/\/www.fiemg.com.br\/regional-sede\/"},{"@type":"ListItem","position":2,"name":"Delega\u00e7\u00e3o mineira representa o Brasil na WorldSkills Am\u00e9ricas 2025, no Chile"}]},{"@type":"WebSite","@id":"https:\/\/www.fiemg.com.br\/regional-sede\/#website","url":"https:\/\/www.fiemg.com.br\/regional-sede\/","name":"FIEMG","description":"Federa\u00e7\u00e3o das Ind\u00fastrias do Estado de Minas Gerais","publisher":{"@id":"https:\/\/www.fiemg.com.br\/regional-sede\/#organization"},"potentialAction":[{"@type":"SearchAction","target":{"@type":"EntryPoint","urlTemplate":"https:\/\/www.fiemg.com.br\/regional-sede\/?s={search_term_string}"},"query-input":{"@type":"PropertyValueSpecification","valueRequired":true,"valueName":"search_term_string"}}],"inLanguage":"pt-BR"},{"@type":"Organization","@id":"https:\/\/www.fiemg.com.br\/regional-sede\/#organization","name":"FIEMG","url":"https:\/\/www.fiemg.com.br\/regional-sede\/","logo":{"@type":"ImageObject","inLanguage":"pt-BR","@id":"https:\/\/www.fiemg.com.br\/regional-sede\/#\/schema\/logo\/image\/","url":"https:\/\/www.fiemg.com.br\/regional-sede\/wp-content\/uploads\/sites\/21\/2023\/02\/Ativo-1.png","contentUrl":"https:\/\/www.fiemg.com.br\/regional-sede\/wp-content\/uploads\/sites\/21\/2023\/02\/Ativo-1.png","width":563,"height":149,"caption":"FIEMG"},"image":{"@id":"https:\/\/www.fiemg.com.br\/regional-sede\/#\/schema\/logo\/image\/"}}]}},"_links":{"self":[{"href":"https:\/\/www.fiemg.com.br\/regional-sede\/wp-json\/wp\/v2\/noticias\/5909","targetHints":{"allow":["GET"]}}],"collection":[{"href":"https:\/\/www.fiemg.com.br\/regional-sede\/wp-json\/wp\/v2\/noticias"}],"about":[{"href":"https:\/\/www.fiemg.com.br\/regional-sede\/wp-json\/wp\/v2\/types\/noticias"}],"wp:featuredmedia":[{"embeddable":true,"href":"https:\/\/www.fiemg.com.br\/regional-sede\/wp-json\/wp\/v2\/media\/5910"}],"wp:attachment":[{"href":"https:\/\/www.fiemg.com.br\/regional-sede\/wp-json\/wp\/v2\/media?parent=5909"}],"wp:term":[{"taxonomy":"category","embeddable":true,"href":"https:\/\/www.fiemg.com.br\/regional-sede\/wp-json\/wp\/v2\/categories?post=5909"},{"taxonomy":"post_tag","embeddable":true,"href":"https:\/\/www.fiemg.com.br\/regional-sede\/wp-json\/wp\/v2\/tags?post=5909"}],"curies":[{"name":"wp","href":"https:\/\/api.w.org\/{rel}","templated":true}]}}