{"id":5926,"date":"2025-11-06T14:58:12","date_gmt":"2025-11-06T17:58:12","guid":{"rendered":"https:\/\/www.fiemg.com.br\/regional-sede\/noticias\/fiemg-regional-zm-apoia-acoes-do-conselho-municipal-dos-direitos-da-pessoa-idosa-e-campanha-leao-solidario\/"},"modified":"2025-11-10T16:29:13","modified_gmt":"2025-11-10T19:29:13","slug":"fiemg-regional-zm-apoia-acoes-do-conselho-municipal-dos-direitos-da-pessoa-idosa-e-campanha-leao-solidario","status":"publish","type":"noticias","link":"https:\/\/www.fiemg.com.br\/regional-sede\/noticias\/fiemg-regional-zm-apoia-acoes-do-conselho-municipal-dos-direitos-da-pessoa-idosa-e-campanha-leao-solidario\/","title":{"rendered":"FIEMG Regional ZM apoia a\u00e7\u00f5es do Conselho Municipal dos Direitos da Pessoa Idosa e campanha Le\u00e3o Solid\u00e1rio"},"content":{"rendered":"\n<p>A presidente da FIEMG Regional Zona da Mata e do Sindivest JF-GV, Mari\u00e2ngela Marcon, recebeu no dia 30 de outubro, na sede da Regional, representantes do Conselho Municipal dos Direitos da Pessoa Idosa (CMDPI) para uma reuni\u00e3o voltada \u00e0 promo\u00e7\u00e3o da cidadania e da inclus\u00e3o social. Estiveram presentes Maria Cristina Alves Pereira, presidente do Conselho e integrante da Assessoria da Pol\u00edtica da Pessoa Idosa da Secretaria Especial de Direitos Humanos da Prefeitura de Juiz de Fora; Ana Maria de Paula, primeira tesoureira do CMDPI, coordenadora adjunta da Comiss\u00e3o de Finan\u00e7as e conselheira governamental representante da SEDIC; e Ant\u00f4nio Moraes, segundo tesoureiro &nbsp;do CMDPI, membro da comiss\u00e3o de finan\u00e7as e representante da sociedade civil no Conselho pelo IMEPP.<\/p>\n\n\n\n<p>Durante o encontro, os representantes apresentaram o trabalho desenvolvido pelo Conselho e destacaram a import\u00e2ncia da Campanha Le\u00e3o Solid\u00e1rio, iniciativa que permite a destina\u00e7\u00e3o de parte do Imposto de Renda (IRPF e IRPJ) para o Fundo Municipal de Promo\u00e7\u00e3o do Idoso (FUMPI), destinado ao financiamento de projetos que garantem os direitos e a qualidade de vida das pessoas idosas. A campanha \u00e9 uma ferramenta essencial para o fortalecimento das pol\u00edticas p\u00fablicas voltadas \u00e0 popula\u00e7\u00e3o idosa e n\u00e3o implica custo adicional para quem realiza a doa\u00e7\u00e3o \u2014 pessoas f\u00edsicas podem destinar at\u00e9 6% do imposto devido e pessoas jur\u00eddicas at\u00e9 1%.<\/p>\n\n\n\n<p>Maria Cristina Alves Pereira apresentou os principais pontos da pol\u00edtica municipal da pessoa idosa, com base no Estatuto da Pessoa Idosa (Lei n\u00ba 10.741\/2003), ressaltando que o envelhecimento deve ser visto como um processo natural, que exige pol\u00edticas de promo\u00e7\u00e3o \u00e0 autonomia e ao envelhecimento saud\u00e1vel. Ela tamb\u00e9m abordou os desafios do cen\u00e1rio demogr\u00e1fico de Juiz de Fora, onde mais de 20% da popula\u00e7\u00e3o j\u00e1 tem 60 anos ou mais, segundo dados do IBGE (2022). \u201cQuando promovemos a autonomia e o envelhecimento ativo, reduzimos a demanda pelos servi\u00e7os p\u00fablicos e aumentamos a qualidade de vida da popula\u00e7\u00e3o\u201d, destacou.<\/p>\n\n\n\n<p>A reuni\u00e3o tamb\u00e9m refor\u00e7ou a import\u00e2ncia da parceria com o setor produtivo. Diante da ampla rede de relacionamento da FIEMG com as empresas, os conselheiros solicitaram apoio para divulgar a Campanha Le\u00e3o Solid\u00e1rio entre empres\u00e1rios e contadores, sensibilizando-os sobre o impacto positivo das doa\u00e7\u00f5es. \u201c\u00c9 fundamental envolver as grandes empresas e conscientizar o empresariado de que investir no envelhecimento digno \u00e9 investir em toda a sociedade\u201d, afirmou Ana Maria de Paula, acrescentando que o Conselho planeja realizar um evento em janeiro para ampliar a mobiliza\u00e7\u00e3o, ao qual a presidente Mari\u00e2ngela foi convidada a participar.<\/p>\n\n\n\n<p>Mari\u00e2ngela Marcon elogiou a iniciativa e refor\u00e7ou o compromisso da FIEMG com a causa: \u201cPodem contar conosco. A FIEMG compreende a import\u00e2ncia dessa pauta e entende que o papel social das empresas vai al\u00e9m da gera\u00e7\u00e3o de empregos \u2014 ele tamb\u00e9m passa pelo fortalecimento de pol\u00edticas que promovam o respeito, a dignidade e a inclus\u00e3o\u201d, destacou.<\/p>\n\n\n\n<p>O Conselho Municipal dos Direitos da Pessoa Idosa<\/p>\n\n\n\n<p>O CMDPI \u00e9 um \u00f3rg\u00e3o colegiado e parit\u00e1rio, respons\u00e1vel por formular, fiscalizar e deliberar sobre pol\u00edticas p\u00fablicas voltadas \u00e0 pessoa idosa. Entre suas atribui\u00e7\u00f5es est\u00e1 a gest\u00e3o do FUMPI, que viabiliza a execu\u00e7\u00e3o de projetos sociais nas \u00e1reas de sa\u00fade, educa\u00e7\u00e3o, assist\u00eancia e conviv\u00eancia. A campanha Le\u00e3o Solid\u00e1rio \u00e9 o principal mecanismo de arrecada\u00e7\u00e3o do Fundo, possibilitando que parte dos tributos pagos permane\u00e7a na cidade, revertendo-se em benef\u00edcios diretos para a comunidade.<\/p>\n\n\n\n<p>Com base na parceria entre o CMDPI e a FIEMG Regional Zona da Mata, o encontro reafirmou o prop\u00f3sito comum de construir uma cidade mais inclusiva e acolhedora para todas as gera\u00e7\u00f5es, unindo esfor\u00e7os do poder p\u00fablico, das entidades da sociedade civil e do setor empresarial.<\/p>\n\n\n\n<p>\ud83d\udccd Saiba mais sobre a campanha em <a href=\"http:\/\/www.leaosolidario.com.br\">www.leaosolidario.com.br<\/a><\/p>\n\n\n\n<p>.<\/p>\n\n\n\n<p><em>Graciele Vianna<\/em><\/p>\n\n\n\n<p><strong>Imprensa FIEMG<\/strong><\/p>\n","protected":false},"featured_media":5928,"template":"","categories":[15,14],"tags":[],"class_list":["post-5926","noticias","type-noticias","status-publish","has-post-thumbnail","hentry","category-desenvolvimento-industrial","category-noticias"],"acf":[],"yoast_head":"<!-- This site is optimized with the Yoast SEO plugin v26.2 - https:\/\/yoast.com\/wordpress\/plugins\/seo\/ -->\n<title>FIEMG Regional ZM apoia a\u00e7\u00f5es do Conselho Municipal dos Direitos da Pessoa Idosa e campanha Le\u00e3o Solid\u00e1rio - FIEMG<\/title>\n<meta name=\"robots\" content=\"index, follow, max-snippet:-1, max-image-preview:large, max-video-preview:-1\" \/>\n<link rel=\"canonical\" href=\"https:\/\/www.fiemg.com.br\/regional-sede\/noticias\/fiemg-regional-zm-apoia-acoes-do-conselho-municipal-dos-direitos-da-pessoa-idosa-e-campanha-leao-solidario\/\" \/>\n<meta property=\"og:locale\" content=\"pt_BR\" \/>\n<meta property=\"og:type\" content=\"article\" \/>\n<meta property=\"og:title\" content=\"FIEMG Regional ZM apoia a\u00e7\u00f5es do Conselho Municipal dos Direitos da Pessoa Idosa e campanha Le\u00e3o Solid\u00e1rio - FIEMG\" \/>\n<meta property=\"og:description\" content=\"A presidente da FIEMG Regional Zona da Mata e do Sindivest JF-GV, Mari\u00e2ngela Marcon, recebeu no dia 30 de outubro, na sede da Regional, representantes do Conselho Municipal dos Direitos da Pessoa Idosa (CMDPI) para uma reuni\u00e3o voltada \u00e0 promo\u00e7\u00e3o da cidadania e da inclus\u00e3o social. Estiveram presentes Maria Cristina Alves Pereira, presidente do Conselho [&hellip;]\" \/>\n<meta property=\"og:url\" content=\"https:\/\/www.fiemg.com.br\/regional-sede\/noticias\/fiemg-regional-zm-apoia-acoes-do-conselho-municipal-dos-direitos-da-pessoa-idosa-e-campanha-leao-solidario\/\" \/>\n<meta property=\"og:site_name\" content=\"FIEMG\" \/>\n<meta property=\"article:modified_time\" content=\"2025-11-10T19:29:13+00:00\" \/>\n<meta property=\"og:image\" content=\"https:\/\/www.fiemg.com.br\/regional-sede\/wp-content\/uploads\/sites\/21\/2025\/11\/Conselho-do-Idoso-thumb.png\" \/>\n\t<meta property=\"og:image:width\" content=\"512\" \/>\n\t<meta property=\"og:image:height\" content=\"512\" \/>\n\t<meta property=\"og:image:type\" content=\"image\/png\" \/>\n<meta name=\"twitter:card\" content=\"summary_large_image\" \/>\n<meta name=\"twitter:label1\" content=\"Est. tempo de leitura\" \/>\n\t<meta name=\"twitter:data1\" content=\"4 minutos\" \/>\n<script type=\"application\/ld+json\" class=\"yoast-schema-graph\">{\"@context\":\"https:\/\/schema.org\",\"@graph\":[{\"@type\":\"WebPage\",\"@id\":\"https:\/\/www.fiemg.com.br\/regional-sede\/noticias\/fiemg-regional-zm-apoia-acoes-do-conselho-municipal-dos-direitos-da-pessoa-idosa-e-campanha-leao-solidario\/\",\"url\":\"https:\/\/www.fiemg.com.br\/regional-sede\/noticias\/fiemg-regional-zm-apoia-acoes-do-conselho-municipal-dos-direitos-da-pessoa-idosa-e-campanha-leao-solidario\/\",\"name\":\"FIEMG Regional ZM apoia a\u00e7\u00f5es do Conselho Municipal dos Direitos da Pessoa Idosa e campanha Le\u00e3o Solid\u00e1rio - FIEMG\",\"isPartOf\":{\"@id\":\"https:\/\/www.fiemg.com.br\/regional-sede\/#website\"},\"primaryImageOfPage\":{\"@id\":\"https:\/\/www.fiemg.com.br\/regional-sede\/noticias\/fiemg-regional-zm-apoia-acoes-do-conselho-municipal-dos-direitos-da-pessoa-idosa-e-campanha-leao-solidario\/#primaryimage\"},\"image\":{\"@id\":\"https:\/\/www.fiemg.com.br\/regional-sede\/noticias\/fiemg-regional-zm-apoia-acoes-do-conselho-municipal-dos-direitos-da-pessoa-idosa-e-campanha-leao-solidario\/#primaryimage\"},\"thumbnailUrl\":\"https:\/\/www.fiemg.com.br\/regional-sede\/wp-content\/uploads\/sites\/21\/2025\/11\/Conselho-do-Idoso-thumb.png\",\"datePublished\":\"2025-11-06T17:58:12+00:00\",\"dateModified\":\"2025-11-10T19:29:13+00:00\",\"breadcrumb\":{\"@id\":\"https:\/\/www.fiemg.com.br\/regional-sede\/noticias\/fiemg-regional-zm-apoia-acoes-do-conselho-municipal-dos-direitos-da-pessoa-idosa-e-campanha-leao-solidario\/#breadcrumb\"},\"inLanguage\":\"pt-BR\",\"potentialAction\":[{\"@type\":\"ReadAction\",\"target\":[\"https:\/\/www.fiemg.com.br\/regional-sede\/noticias\/fiemg-regional-zm-apoia-acoes-do-conselho-municipal-dos-direitos-da-pessoa-idosa-e-campanha-leao-solidario\/\"]}]},{\"@type\":\"ImageObject\",\"inLanguage\":\"pt-BR\",\"@id\":\"https:\/\/www.fiemg.com.br\/regional-sede\/noticias\/fiemg-regional-zm-apoia-acoes-do-conselho-municipal-dos-direitos-da-pessoa-idosa-e-campanha-leao-solidario\/#primaryimage\",\"url\":\"https:\/\/www.fiemg.com.br\/regional-sede\/wp-content\/uploads\/sites\/21\/2025\/11\/Conselho-do-Idoso-thumb.png\",\"contentUrl\":\"https:\/\/www.fiemg.com.br\/regional-sede\/wp-content\/uploads\/sites\/21\/2025\/11\/Conselho-do-Idoso-thumb.png\",\"width\":512,\"height\":512},{\"@type\":\"BreadcrumbList\",\"@id\":\"https:\/\/www.fiemg.com.br\/regional-sede\/noticias\/fiemg-regional-zm-apoia-acoes-do-conselho-municipal-dos-direitos-da-pessoa-idosa-e-campanha-leao-solidario\/#breadcrumb\",\"itemListElement\":[{\"@type\":\"ListItem\",\"position\":1,\"name\":\"In\u00edcio\",\"item\":\"https:\/\/www.fiemg.com.br\/regional-sede\/\"},{\"@type\":\"ListItem\",\"position\":2,\"name\":\"FIEMG Regional ZM apoia a\u00e7\u00f5es do Conselho Municipal dos Direitos da Pessoa Idosa e campanha Le\u00e3o Solid\u00e1rio\"}]},{\"@type\":\"WebSite\",\"@id\":\"https:\/\/www.fiemg.com.br\/regional-sede\/#website\",\"url\":\"https:\/\/www.fiemg.com.br\/regional-sede\/\",\"name\":\"FIEMG\",\"description\":\"Federa\u00e7\u00e3o das Ind\u00fastrias do Estado de Minas Gerais\",\"publisher\":{\"@id\":\"https:\/\/www.fiemg.com.br\/regional-sede\/#organization\"},\"potentialAction\":[{\"@type\":\"SearchAction\",\"target\":{\"@type\":\"EntryPoint\",\"urlTemplate\":\"https:\/\/www.fiemg.com.br\/regional-sede\/?s={search_term_string}\"},\"query-input\":{\"@type\":\"PropertyValueSpecification\",\"valueRequired\":true,\"valueName\":\"search_term_string\"}}],\"inLanguage\":\"pt-BR\"},{\"@type\":\"Organization\",\"@id\":\"https:\/\/www.fiemg.com.br\/regional-sede\/#organization\",\"name\":\"FIEMG\",\"url\":\"https:\/\/www.fiemg.com.br\/regional-sede\/\",\"logo\":{\"@type\":\"ImageObject\",\"inLanguage\":\"pt-BR\",\"@id\":\"https:\/\/www.fiemg.com.br\/regional-sede\/#\/schema\/logo\/image\/\",\"url\":\"https:\/\/www.fiemg.com.br\/regional-sede\/wp-content\/uploads\/sites\/21\/2023\/02\/Ativo-1.png\",\"contentUrl\":\"https:\/\/www.fiemg.com.br\/regional-sede\/wp-content\/uploads\/sites\/21\/2023\/02\/Ativo-1.png\",\"width\":563,\"height\":149,\"caption\":\"FIEMG\"},\"image\":{\"@id\":\"https:\/\/www.fiemg.com.br\/regional-sede\/#\/schema\/logo\/image\/\"}}]}<\/script>\n<!-- \/ Yoast SEO plugin. -->","yoast_head_json":{"title":"FIEMG Regional ZM apoia a\u00e7\u00f5es do Conselho Municipal dos Direitos da Pessoa Idosa e campanha Le\u00e3o Solid\u00e1rio - FIEMG","robots":{"index":"index","follow":"follow","max-snippet":"max-snippet:-1","max-image-preview":"max-image-preview:large","max-video-preview":"max-video-preview:-1"},"canonical":"https:\/\/www.fiemg.com.br\/regional-sede\/noticias\/fiemg-regional-zm-apoia-acoes-do-conselho-municipal-dos-direitos-da-pessoa-idosa-e-campanha-leao-solidario\/","og_locale":"pt_BR","og_type":"article","og_title":"FIEMG Regional ZM apoia a\u00e7\u00f5es do Conselho Municipal dos Direitos da Pessoa Idosa e campanha Le\u00e3o Solid\u00e1rio - FIEMG","og_description":"A presidente da FIEMG Regional Zona da Mata e do Sindivest JF-GV, Mari\u00e2ngela Marcon, recebeu no dia 30 de outubro, na sede da Regional, representantes do Conselho Municipal dos Direitos da Pessoa Idosa (CMDPI) para uma reuni\u00e3o voltada \u00e0 promo\u00e7\u00e3o da cidadania e da inclus\u00e3o social. Estiveram presentes Maria Cristina Alves Pereira, presidente do Conselho [&hellip;]","og_url":"https:\/\/www.fiemg.com.br\/regional-sede\/noticias\/fiemg-regional-zm-apoia-acoes-do-conselho-municipal-dos-direitos-da-pessoa-idosa-e-campanha-leao-solidario\/","og_site_name":"FIEMG","article_modified_time":"2025-11-10T19:29:13+00:00","og_image":[{"width":512,"height":512,"url":"https:\/\/www.fiemg.com.br\/regional-sede\/wp-content\/uploads\/sites\/21\/2025\/11\/Conselho-do-Idoso-thumb.png","type":"image\/png"}],"twitter_card":"summary_large_image","twitter_misc":{"Est. tempo de leitura":"4 minutos"},"schema":{"@context":"https:\/\/schema.org","@graph":[{"@type":"WebPage","@id":"https:\/\/www.fiemg.com.br\/regional-sede\/noticias\/fiemg-regional-zm-apoia-acoes-do-conselho-municipal-dos-direitos-da-pessoa-idosa-e-campanha-leao-solidario\/","url":"https:\/\/www.fiemg.com.br\/regional-sede\/noticias\/fiemg-regional-zm-apoia-acoes-do-conselho-municipal-dos-direitos-da-pessoa-idosa-e-campanha-leao-solidario\/","name":"FIEMG Regional ZM apoia a\u00e7\u00f5es do Conselho Municipal dos Direitos da Pessoa Idosa e campanha Le\u00e3o Solid\u00e1rio - FIEMG","isPartOf":{"@id":"https:\/\/www.fiemg.com.br\/regional-sede\/#website"},"primaryImageOfPage":{"@id":"https:\/\/www.fiemg.com.br\/regional-sede\/noticias\/fiemg-regional-zm-apoia-acoes-do-conselho-municipal-dos-direitos-da-pessoa-idosa-e-campanha-leao-solidario\/#primaryimage"},"image":{"@id":"https:\/\/www.fiemg.com.br\/regional-sede\/noticias\/fiemg-regional-zm-apoia-acoes-do-conselho-municipal-dos-direitos-da-pessoa-idosa-e-campanha-leao-solidario\/#primaryimage"},"thumbnailUrl":"https:\/\/www.fiemg.com.br\/regional-sede\/wp-content\/uploads\/sites\/21\/2025\/11\/Conselho-do-Idoso-thumb.png","datePublished":"2025-11-06T17:58:12+00:00","dateModified":"2025-11-10T19:29:13+00:00","breadcrumb":{"@id":"https:\/\/www.fiemg.com.br\/regional-sede\/noticias\/fiemg-regional-zm-apoia-acoes-do-conselho-municipal-dos-direitos-da-pessoa-idosa-e-campanha-leao-solidario\/#breadcrumb"},"inLanguage":"pt-BR","potentialAction":[{"@type":"ReadAction","target":["https:\/\/www.fiemg.com.br\/regional-sede\/noticias\/fiemg-regional-zm-apoia-acoes-do-conselho-municipal-dos-direitos-da-pessoa-idosa-e-campanha-leao-solidario\/"]}]},{"@type":"ImageObject","inLanguage":"pt-BR","@id":"https:\/\/www.fiemg.com.br\/regional-sede\/noticias\/fiemg-regional-zm-apoia-acoes-do-conselho-municipal-dos-direitos-da-pessoa-idosa-e-campanha-leao-solidario\/#primaryimage","url":"https:\/\/www.fiemg.com.br\/regional-sede\/wp-content\/uploads\/sites\/21\/2025\/11\/Conselho-do-Idoso-thumb.png","contentUrl":"https:\/\/www.fiemg.com.br\/regional-sede\/wp-content\/uploads\/sites\/21\/2025\/11\/Conselho-do-Idoso-thumb.png","width":512,"height":512},{"@type":"BreadcrumbList","@id":"https:\/\/www.fiemg.com.br\/regional-sede\/noticias\/fiemg-regional-zm-apoia-acoes-do-conselho-municipal-dos-direitos-da-pessoa-idosa-e-campanha-leao-solidario\/#breadcrumb","itemListElement":[{"@type":"ListItem","position":1,"name":"In\u00edcio","item":"https:\/\/www.fiemg.com.br\/regional-sede\/"},{"@type":"ListItem","position":2,"name":"FIEMG Regional ZM apoia a\u00e7\u00f5es do Conselho Municipal dos Direitos da Pessoa Idosa e campanha Le\u00e3o Solid\u00e1rio"}]},{"@type":"WebSite","@id":"https:\/\/www.fiemg.com.br\/regional-sede\/#website","url":"https:\/\/www.fiemg.com.br\/regional-sede\/","name":"FIEMG","description":"Federa\u00e7\u00e3o das Ind\u00fastrias do Estado de Minas Gerais","publisher":{"@id":"https:\/\/www.fiemg.com.br\/regional-sede\/#organization"},"potentialAction":[{"@type":"SearchAction","target":{"@type":"EntryPoint","urlTemplate":"https:\/\/www.fiemg.com.br\/regional-sede\/?s={search_term_string}"},"query-input":{"@type":"PropertyValueSpecification","valueRequired":true,"valueName":"search_term_string"}}],"inLanguage":"pt-BR"},{"@type":"Organization","@id":"https:\/\/www.fiemg.com.br\/regional-sede\/#organization","name":"FIEMG","url":"https:\/\/www.fiemg.com.br\/regional-sede\/","logo":{"@type":"ImageObject","inLanguage":"pt-BR","@id":"https:\/\/www.fiemg.com.br\/regional-sede\/#\/schema\/logo\/image\/","url":"https:\/\/www.fiemg.com.br\/regional-sede\/wp-content\/uploads\/sites\/21\/2023\/02\/Ativo-1.png","contentUrl":"https:\/\/www.fiemg.com.br\/regional-sede\/wp-content\/uploads\/sites\/21\/2023\/02\/Ativo-1.png","width":563,"height":149,"caption":"FIEMG"},"image":{"@id":"https:\/\/www.fiemg.com.br\/regional-sede\/#\/schema\/logo\/image\/"}}]}},"_links":{"self":[{"href":"https:\/\/www.fiemg.com.br\/regional-sede\/wp-json\/wp\/v2\/noticias\/5926","targetHints":{"allow":["GET"]}}],"collection":[{"href":"https:\/\/www.fiemg.com.br\/regional-sede\/wp-json\/wp\/v2\/noticias"}],"about":[{"href":"https:\/\/www.fiemg.com.br\/regional-sede\/wp-json\/wp\/v2\/types\/noticias"}],"wp:featuredmedia":[{"embeddable":true,"href":"https:\/\/www.fiemg.com.br\/regional-sede\/wp-json\/wp\/v2\/media\/5928"}],"wp:attachment":[{"href":"https:\/\/www.fiemg.com.br\/regional-sede\/wp-json\/wp\/v2\/media?parent=5926"}],"wp:term":[{"taxonomy":"category","embeddable":true,"href":"https:\/\/www.fiemg.com.br\/regional-sede\/wp-json\/wp\/v2\/categories?post=5926"},{"taxonomy":"post_tag","embeddable":true,"href":"https:\/\/www.fiemg.com.br\/regional-sede\/wp-json\/wp\/v2\/tags?post=5926"}],"curies":[{"name":"wp","href":"https:\/\/api.w.org\/{rel}","templated":true}]}}