{"id":5950,"date":"2025-11-12T10:49:52","date_gmt":"2025-11-12T13:49:52","guid":{"rendered":"https:\/\/www.fiemg.com.br\/regional-sede\/noticias\/adauto-marques-visitou-sede-de-farmaceuticas-em-sao-paulo\/"},"modified":"2025-11-12T10:49:59","modified_gmt":"2025-11-12T13:49:59","slug":"adauto-marques-visitou-sede-de-farmaceuticas-em-sao-paulo","status":"publish","type":"noticias","link":"https:\/\/www.fiemg.com.br\/regional-sede\/noticias\/adauto-marques-visitou-sede-de-farmaceuticas-em-sao-paulo\/","title":{"rendered":"Presidente da FIEMG Regional Norte articula expans\u00e3o do Polo Farmac\u00eautico de Montes Claros e busca atrair novas ind\u00fastrias"},"content":{"rendered":"\n<h2 class=\"wp-block-heading\"><\/h2>\n\n\n\n<p>O presidente da&nbsp;<strong>FIEMG Regional Norte<\/strong>,&nbsp;<strong>Adauto Marques Batista<\/strong>, esteve em&nbsp;<strong>S\u00e3o Paulo (SP)<\/strong>&nbsp;visitando empresas do setor farmac\u00eautico, acompanhado pelo&nbsp;<strong>superintendente do Banco do Nordeste para Minas Gerais, Wesley Maciel<\/strong>, e diretores do&nbsp;<strong>BNB<\/strong>. A agenda teve como objetivo&nbsp;<strong>criar ambi\u00eancia favor\u00e1vel \u00e0 atra\u00e7\u00e3o de novas ind\u00fastrias<\/strong>&nbsp;para o&nbsp;<strong>Polo Farmac\u00eautico de Montes Claros<\/strong>, que vem se consolidando como um dos mais importantes do pa\u00eds.<\/p>\n\n\n\n<p>Durante a visita, a comitiva esteve na sede da&nbsp;<strong>Eurofarma<\/strong>, empresa que est\u00e1 implantando uma unidade em&nbsp;<strong>Montes Claros<\/strong>, e na sede da&nbsp;<strong>Uni\u00e3o Qu\u00edmica<\/strong>, que recentemente adquiriu a&nbsp;<strong>MSD<\/strong>, ind\u00fastria que atuava na \u00e1rea de sa\u00fade animal em Montes Claros.<\/p>\n\n\n\n<p>Segundo Adauto Marques, as a\u00e7\u00f5es seguem as orienta\u00e7\u00f5es do presidente da&nbsp;<strong>Federa\u00e7\u00e3o das Ind\u00fastrias do Estado de Minas Gerais (FIEMG)<\/strong>,&nbsp;<strong>Fl\u00e1vio Roscoe<\/strong>, no sentido de&nbsp;<strong>apresentar \u00e0s ind\u00fastrias farmac\u00eauticas os benef\u00edcios e incentivos fiscais oferecidos por Montes Claros<\/strong>, cidade situada na \u00e1rea mineira da&nbsp;<strong>Superintend\u00eancia de Desenvolvimento do Nordeste (Sudene)<\/strong>.<\/p>\n\n\n\n<p>\u201cNosso prop\u00f3sito \u00e9 mostrar que Montes Claros re\u00fane todas as condi\u00e7\u00f5es para receber novos investimentos, oferecendo infraestrutura, incentivos e um ambiente prop\u00edcio para o crescimento do setor farmac\u00eautico\u201d, destacou o presidente da FIEMG Regional Norte.<\/p>\n\n\n\n<figure class=\"wp-block-image\"><a href=\"https:\/\/www.fiemg.com.br\/regional-norte\/wp-content\/uploads\/sites\/17\/2025\/11\/FOTO-ADAUTO-UNIAO-QUIMICA-SP-2.jpg\"><img decoding=\"async\" src=\"https:\/\/www.fiemg.com.br\/regional-norte\/wp-content\/uploads\/sites\/17\/2025\/11\/FOTO-ADAUTO-UNIAO-QUIMICA-SP-2.jpg\" alt=\"\" \/><\/a><\/figure>\n\n\n\n<figure class=\"wp-block-image is-resized\"><a href=\"https:\/\/www.fiemg.com.br\/regional-norte\/wp-content\/uploads\/sites\/17\/2025\/11\/FOTO-PARQUE-FABRIL-UNIAO-QUIMICA-2.jpg\"><img decoding=\"async\" src=\"https:\/\/www.fiemg.com.br\/regional-norte\/wp-content\/uploads\/sites\/17\/2025\/11\/FOTO-PARQUE-FABRIL-UNIAO-QUIMICA-2.jpg\" alt=\"\" style=\"width:7000px\" \/><\/a><\/figure>\n","protected":false},"featured_media":5952,"template":"","categories":[15],"tags":[78,1044],"class_list":["post-5950","noticias","type-noticias","status-publish","has-post-thumbnail","hentry","category-desenvolvimento-industrial","tag-fiemg","tag-fiemg-regional-norte"],"acf":[],"yoast_head":"<!-- This site is optimized with the Yoast SEO plugin v26.2 - https:\/\/yoast.com\/wordpress\/plugins\/seo\/ -->\n<title>Presidente da FIEMG Regional Norte articula expans\u00e3o do Polo Farmac\u00eautico de Montes Claros e busca atrair novas ind\u00fastrias - FIEMG<\/title>\n<meta name=\"description\" content=\"Adauto Marques visitou sede de farmac\u00eauticas em S\u00e3o Paulo\" \/>\n<meta name=\"robots\" content=\"index, follow, max-snippet:-1, max-image-preview:large, max-video-preview:-1\" \/>\n<link rel=\"canonical\" href=\"https:\/\/www.fiemg.com.br\/regional-sede\/noticias\/adauto-marques-visitou-sede-de-farmaceuticas-em-sao-paulo\/\" \/>\n<meta property=\"og:locale\" content=\"pt_BR\" \/>\n<meta property=\"og:type\" content=\"article\" \/>\n<meta property=\"og:title\" content=\"Presidente da FIEMG Regional Norte articula expans\u00e3o do Polo Farmac\u00eautico de Montes Claros e busca atrair novas ind\u00fastrias - FIEMG\" \/>\n<meta property=\"og:description\" content=\"Adauto Marques visitou sede de farmac\u00eauticas em S\u00e3o Paulo\" \/>\n<meta property=\"og:url\" content=\"https:\/\/www.fiemg.com.br\/regional-sede\/noticias\/adauto-marques-visitou-sede-de-farmaceuticas-em-sao-paulo\/\" \/>\n<meta property=\"og:site_name\" content=\"FIEMG\" \/>\n<meta property=\"article:modified_time\" content=\"2025-11-12T13:49:59+00:00\" \/>\n<meta property=\"og:image\" content=\"https:\/\/www.fiemg.com.br\/regional-sede\/wp-content\/uploads\/sites\/21\/2025\/11\/NORTE.png\" \/>\n\t<meta property=\"og:image:width\" content=\"1600\" \/>\n\t<meta property=\"og:image:height\" content=\"1600\" \/>\n\t<meta property=\"og:image:type\" content=\"image\/png\" \/>\n<meta name=\"twitter:card\" content=\"summary_large_image\" \/>\n<meta name=\"twitter:label1\" content=\"Est. tempo de leitura\" \/>\n\t<meta name=\"twitter:data1\" content=\"2 minutos\" \/>\n<script type=\"application\/ld+json\" class=\"yoast-schema-graph\">{\"@context\":\"https:\/\/schema.org\",\"@graph\":[{\"@type\":\"WebPage\",\"@id\":\"https:\/\/www.fiemg.com.br\/regional-sede\/noticias\/adauto-marques-visitou-sede-de-farmaceuticas-em-sao-paulo\/\",\"url\":\"https:\/\/www.fiemg.com.br\/regional-sede\/noticias\/adauto-marques-visitou-sede-de-farmaceuticas-em-sao-paulo\/\",\"name\":\"Presidente da FIEMG Regional Norte articula expans\u00e3o do Polo Farmac\u00eautico de Montes Claros e busca atrair novas ind\u00fastrias - FIEMG\",\"isPartOf\":{\"@id\":\"https:\/\/www.fiemg.com.br\/regional-sede\/#website\"},\"primaryImageOfPage\":{\"@id\":\"https:\/\/www.fiemg.com.br\/regional-sede\/noticias\/adauto-marques-visitou-sede-de-farmaceuticas-em-sao-paulo\/#primaryimage\"},\"image\":{\"@id\":\"https:\/\/www.fiemg.com.br\/regional-sede\/noticias\/adauto-marques-visitou-sede-de-farmaceuticas-em-sao-paulo\/#primaryimage\"},\"thumbnailUrl\":\"https:\/\/www.fiemg.com.br\/regional-sede\/wp-content\/uploads\/sites\/21\/2025\/11\/NORTE.png\",\"datePublished\":\"2025-11-12T13:49:52+00:00\",\"dateModified\":\"2025-11-12T13:49:59+00:00\",\"description\":\"Adauto Marques visitou sede de farmac\u00eauticas em S\u00e3o Paulo\",\"breadcrumb\":{\"@id\":\"https:\/\/www.fiemg.com.br\/regional-sede\/noticias\/adauto-marques-visitou-sede-de-farmaceuticas-em-sao-paulo\/#breadcrumb\"},\"inLanguage\":\"pt-BR\",\"potentialAction\":[{\"@type\":\"ReadAction\",\"target\":[\"https:\/\/www.fiemg.com.br\/regional-sede\/noticias\/adauto-marques-visitou-sede-de-farmaceuticas-em-sao-paulo\/\"]}]},{\"@type\":\"ImageObject\",\"inLanguage\":\"pt-BR\",\"@id\":\"https:\/\/www.fiemg.com.br\/regional-sede\/noticias\/adauto-marques-visitou-sede-de-farmaceuticas-em-sao-paulo\/#primaryimage\",\"url\":\"https:\/\/www.fiemg.com.br\/regional-sede\/wp-content\/uploads\/sites\/21\/2025\/11\/NORTE.png\",\"contentUrl\":\"https:\/\/www.fiemg.com.br\/regional-sede\/wp-content\/uploads\/sites\/21\/2025\/11\/NORTE.png\",\"width\":1600,\"height\":1600},{\"@type\":\"BreadcrumbList\",\"@id\":\"https:\/\/www.fiemg.com.br\/regional-sede\/noticias\/adauto-marques-visitou-sede-de-farmaceuticas-em-sao-paulo\/#breadcrumb\",\"itemListElement\":[{\"@type\":\"ListItem\",\"position\":1,\"name\":\"In\u00edcio\",\"item\":\"https:\/\/www.fiemg.com.br\/regional-sede\/\"},{\"@type\":\"ListItem\",\"position\":2,\"name\":\"Presidente da FIEMG Regional Norte articula expans\u00e3o do Polo Farmac\u00eautico de Montes Claros e busca atrair novas ind\u00fastrias\"}]},{\"@type\":\"WebSite\",\"@id\":\"https:\/\/www.fiemg.com.br\/regional-sede\/#website\",\"url\":\"https:\/\/www.fiemg.com.br\/regional-sede\/\",\"name\":\"FIEMG\",\"description\":\"Federa\u00e7\u00e3o das Ind\u00fastrias do Estado de Minas Gerais\",\"publisher\":{\"@id\":\"https:\/\/www.fiemg.com.br\/regional-sede\/#organization\"},\"potentialAction\":[{\"@type\":\"SearchAction\",\"target\":{\"@type\":\"EntryPoint\",\"urlTemplate\":\"https:\/\/www.fiemg.com.br\/regional-sede\/?s={search_term_string}\"},\"query-input\":{\"@type\":\"PropertyValueSpecification\",\"valueRequired\":true,\"valueName\":\"search_term_string\"}}],\"inLanguage\":\"pt-BR\"},{\"@type\":\"Organization\",\"@id\":\"https:\/\/www.fiemg.com.br\/regional-sede\/#organization\",\"name\":\"FIEMG\",\"url\":\"https:\/\/www.fiemg.com.br\/regional-sede\/\",\"logo\":{\"@type\":\"ImageObject\",\"inLanguage\":\"pt-BR\",\"@id\":\"https:\/\/www.fiemg.com.br\/regional-sede\/#\/schema\/logo\/image\/\",\"url\":\"https:\/\/www.fiemg.com.br\/regional-sede\/wp-content\/uploads\/sites\/21\/2023\/02\/Ativo-1.png\",\"contentUrl\":\"https:\/\/www.fiemg.com.br\/regional-sede\/wp-content\/uploads\/sites\/21\/2023\/02\/Ativo-1.png\",\"width\":563,\"height\":149,\"caption\":\"FIEMG\"},\"image\":{\"@id\":\"https:\/\/www.fiemg.com.br\/regional-sede\/#\/schema\/logo\/image\/\"}}]}<\/script>\n<!-- \/ Yoast SEO plugin. -->","yoast_head_json":{"title":"Presidente da FIEMG Regional Norte articula expans\u00e3o do Polo Farmac\u00eautico de Montes Claros e busca atrair novas ind\u00fastrias - FIEMG","description":"Adauto Marques visitou sede de farmac\u00eauticas em S\u00e3o Paulo","robots":{"index":"index","follow":"follow","max-snippet":"max-snippet:-1","max-image-preview":"max-image-preview:large","max-video-preview":"max-video-preview:-1"},"canonical":"https:\/\/www.fiemg.com.br\/regional-sede\/noticias\/adauto-marques-visitou-sede-de-farmaceuticas-em-sao-paulo\/","og_locale":"pt_BR","og_type":"article","og_title":"Presidente da FIEMG Regional Norte articula expans\u00e3o do Polo Farmac\u00eautico de Montes Claros e busca atrair novas ind\u00fastrias - FIEMG","og_description":"Adauto Marques visitou sede de farmac\u00eauticas em S\u00e3o Paulo","og_url":"https:\/\/www.fiemg.com.br\/regional-sede\/noticias\/adauto-marques-visitou-sede-de-farmaceuticas-em-sao-paulo\/","og_site_name":"FIEMG","article_modified_time":"2025-11-12T13:49:59+00:00","og_image":[{"width":1600,"height":1600,"url":"https:\/\/www.fiemg.com.br\/regional-sede\/wp-content\/uploads\/sites\/21\/2025\/11\/NORTE.png","type":"image\/png"}],"twitter_card":"summary_large_image","twitter_misc":{"Est. tempo de leitura":"2 minutos"},"schema":{"@context":"https:\/\/schema.org","@graph":[{"@type":"WebPage","@id":"https:\/\/www.fiemg.com.br\/regional-sede\/noticias\/adauto-marques-visitou-sede-de-farmaceuticas-em-sao-paulo\/","url":"https:\/\/www.fiemg.com.br\/regional-sede\/noticias\/adauto-marques-visitou-sede-de-farmaceuticas-em-sao-paulo\/","name":"Presidente da FIEMG Regional Norte articula expans\u00e3o do Polo Farmac\u00eautico de Montes Claros e busca atrair novas ind\u00fastrias - FIEMG","isPartOf":{"@id":"https:\/\/www.fiemg.com.br\/regional-sede\/#website"},"primaryImageOfPage":{"@id":"https:\/\/www.fiemg.com.br\/regional-sede\/noticias\/adauto-marques-visitou-sede-de-farmaceuticas-em-sao-paulo\/#primaryimage"},"image":{"@id":"https:\/\/www.fiemg.com.br\/regional-sede\/noticias\/adauto-marques-visitou-sede-de-farmaceuticas-em-sao-paulo\/#primaryimage"},"thumbnailUrl":"https:\/\/www.fiemg.com.br\/regional-sede\/wp-content\/uploads\/sites\/21\/2025\/11\/NORTE.png","datePublished":"2025-11-12T13:49:52+00:00","dateModified":"2025-11-12T13:49:59+00:00","description":"Adauto Marques visitou sede de farmac\u00eauticas em S\u00e3o Paulo","breadcrumb":{"@id":"https:\/\/www.fiemg.com.br\/regional-sede\/noticias\/adauto-marques-visitou-sede-de-farmaceuticas-em-sao-paulo\/#breadcrumb"},"inLanguage":"pt-BR","potentialAction":[{"@type":"ReadAction","target":["https:\/\/www.fiemg.com.br\/regional-sede\/noticias\/adauto-marques-visitou-sede-de-farmaceuticas-em-sao-paulo\/"]}]},{"@type":"ImageObject","inLanguage":"pt-BR","@id":"https:\/\/www.fiemg.com.br\/regional-sede\/noticias\/adauto-marques-visitou-sede-de-farmaceuticas-em-sao-paulo\/#primaryimage","url":"https:\/\/www.fiemg.com.br\/regional-sede\/wp-content\/uploads\/sites\/21\/2025\/11\/NORTE.png","contentUrl":"https:\/\/www.fiemg.com.br\/regional-sede\/wp-content\/uploads\/sites\/21\/2025\/11\/NORTE.png","width":1600,"height":1600},{"@type":"BreadcrumbList","@id":"https:\/\/www.fiemg.com.br\/regional-sede\/noticias\/adauto-marques-visitou-sede-de-farmaceuticas-em-sao-paulo\/#breadcrumb","itemListElement":[{"@type":"ListItem","position":1,"name":"In\u00edcio","item":"https:\/\/www.fiemg.com.br\/regional-sede\/"},{"@type":"ListItem","position":2,"name":"Presidente da FIEMG Regional Norte articula expans\u00e3o do Polo Farmac\u00eautico de Montes Claros e busca atrair novas ind\u00fastrias"}]},{"@type":"WebSite","@id":"https:\/\/www.fiemg.com.br\/regional-sede\/#website","url":"https:\/\/www.fiemg.com.br\/regional-sede\/","name":"FIEMG","description":"Federa\u00e7\u00e3o das Ind\u00fastrias do Estado de Minas Gerais","publisher":{"@id":"https:\/\/www.fiemg.com.br\/regional-sede\/#organization"},"potentialAction":[{"@type":"SearchAction","target":{"@type":"EntryPoint","urlTemplate":"https:\/\/www.fiemg.com.br\/regional-sede\/?s={search_term_string}"},"query-input":{"@type":"PropertyValueSpecification","valueRequired":true,"valueName":"search_term_string"}}],"inLanguage":"pt-BR"},{"@type":"Organization","@id":"https:\/\/www.fiemg.com.br\/regional-sede\/#organization","name":"FIEMG","url":"https:\/\/www.fiemg.com.br\/regional-sede\/","logo":{"@type":"ImageObject","inLanguage":"pt-BR","@id":"https:\/\/www.fiemg.com.br\/regional-sede\/#\/schema\/logo\/image\/","url":"https:\/\/www.fiemg.com.br\/regional-sede\/wp-content\/uploads\/sites\/21\/2023\/02\/Ativo-1.png","contentUrl":"https:\/\/www.fiemg.com.br\/regional-sede\/wp-content\/uploads\/sites\/21\/2023\/02\/Ativo-1.png","width":563,"height":149,"caption":"FIEMG"},"image":{"@id":"https:\/\/www.fiemg.com.br\/regional-sede\/#\/schema\/logo\/image\/"}}]}},"_links":{"self":[{"href":"https:\/\/www.fiemg.com.br\/regional-sede\/wp-json\/wp\/v2\/noticias\/5950","targetHints":{"allow":["GET"]}}],"collection":[{"href":"https:\/\/www.fiemg.com.br\/regional-sede\/wp-json\/wp\/v2\/noticias"}],"about":[{"href":"https:\/\/www.fiemg.com.br\/regional-sede\/wp-json\/wp\/v2\/types\/noticias"}],"wp:featuredmedia":[{"embeddable":true,"href":"https:\/\/www.fiemg.com.br\/regional-sede\/wp-json\/wp\/v2\/media\/5952"}],"wp:attachment":[{"href":"https:\/\/www.fiemg.com.br\/regional-sede\/wp-json\/wp\/v2\/media?parent=5950"}],"wp:term":[{"taxonomy":"category","embeddable":true,"href":"https:\/\/www.fiemg.com.br\/regional-sede\/wp-json\/wp\/v2\/categories?post=5950"},{"taxonomy":"post_tag","embeddable":true,"href":"https:\/\/www.fiemg.com.br\/regional-sede\/wp-json\/wp\/v2\/tags?post=5950"}],"curies":[{"name":"wp","href":"https:\/\/api.w.org\/{rel}","templated":true}]}}