{"id":5986,"date":"2025-11-14T11:15:48","date_gmt":"2025-11-14T14:15:48","guid":{"rendered":"https:\/\/www.fiemg.com.br\/regional-sede\/noticias\/fiemg-pontal-impulsiona-inovacao-com-foco-em-inteligencia-artificial\/"},"modified":"2025-11-14T11:54:24","modified_gmt":"2025-11-14T14:54:24","slug":"fiemg-pontal-impulsiona-inovacao-com-foco-em-inteligencia-artificial","status":"publish","type":"noticias","link":"https:\/\/www.fiemg.com.br\/regional-sede\/noticias\/fiemg-pontal-impulsiona-inovacao-com-foco-em-inteligencia-artificial\/","title":{"rendered":"FIEMG Pontal impulsiona inova\u00e7\u00e3o com foco em Intelig\u00eancia Artificial"},"content":{"rendered":"\n<p><br><em>Evento \u201cConectando o Futuro\u201d destaca o papel da Intelig\u00eancia Artificial nos neg\u00f3cios<\/em><\/p>\n\n\n\n<p>Na \u00faltima ter\u00e7a-feira, 11 de novembro, a FIEMG Regional Pontal do Tri\u00e2ngulo, o SIAP-Sindicato das Ind\u00fastrias de Alimenta\u00e7\u00e3o do Pontal Mineiro e o SENAI Ituiutaba realizaram o evento \u201cConectando o Futuro: Intelig\u00eancia Artificial para Processos Administrativos\u201d, reunindo associados, diretoria dos sindicados Siap e Sincotap, profissionais e convidados para um momento de aprendizado, networking e troca de experi\u00eancias sobre o impacto da tecnologia no ambiente corporativo.<\/p>\n\n\n\n<p>Thiago Florentino, presidente da FIEMG Regional Pontal e do SIAP, compartilhou &nbsp;a import\u00e2ncia da inova\u00e7\u00e3o e das tecnologias de ponta apresentadas no Programa do IEL-Instituto Euvaldo Lodi, de Forma\u00e7\u00e3o de Executivos Globais, realizado em Boston. &nbsp;&nbsp;\u201cA FIEMG, sob a lideran\u00e7a do nosso presidente Fl\u00e1vio Roscoe, tem apoiado e incentivado eventos como este, reconhecendo a necessidade e a import\u00e2ncia de debatermos temas que impactam diretamente o futuro da ind\u00fastria e dos neg\u00f3cios. A Intelig\u00eancia Artificial \u00e9 uma realidade, e precisamos preparar nossas empresas e profissionais para os desafios do futuro\u201d, ressaltou Thiago.<\/p>\n\n\n\n<p>O evento tamb\u00e9m contou com a palestra de Florivan Vilela de Andrade, Instrutor de Forma\u00e7\u00e3o Profissional do SENAI, que abordou a integra\u00e7\u00e3o entre tecnologia, processos e pessoas, destacando a import\u00e2ncia da inova\u00e7\u00e3o e da efici\u00eancia operacional nas organiza\u00e7\u00f5es.<\/p>\n\n\n\n<p>Durante o evento, foi entre o Certificado de Conclus\u00e3o do Programa de Desenvolvimento de Conselheiros, do IEL, ao Diretor Administrativo do SIAP e Delegado Efetivo junto \u00e0 FIEMG, Relson Dias Caetano, reconhecendo sua dedica\u00e7\u00e3o e compromisso com o fortalecimento da governan\u00e7a e do desenvolvimento empresarial.<\/p>\n\n\n\n<p>O Happy Hour \u201cConectando o Futuro\u201d refor\u00e7ou o compromisso da FIEMG em promover a transforma\u00e7\u00e3o digital e fortalecer o ecossistema industrial da regi\u00e3o por meio da troca de conhecimento e da constru\u00e7\u00e3o de uma vis\u00e3o estrat\u00e9gica para o futuro.<\/p>\n\n\n\n<p><\/p>\n\n\n\n<p><\/p>\n\n\n\n<p>Dina Gon\u00e7alves &#8211; Imprensa FIEMG Pontal<\/p>\n","protected":false},"featured_media":5987,"template":"","categories":[],"tags":[],"class_list":["post-5986","noticias","type-noticias","status-publish","has-post-thumbnail","hentry"],"acf":[],"yoast_head":"<!-- This site is optimized with the Yoast SEO plugin v26.2 - https:\/\/yoast.com\/wordpress\/plugins\/seo\/ -->\n<title>FIEMG Pontal impulsiona inova\u00e7\u00e3o com foco em Intelig\u00eancia Artificial - FIEMG<\/title>\n<meta name=\"robots\" content=\"index, follow, max-snippet:-1, max-image-preview:large, max-video-preview:-1\" \/>\n<link rel=\"canonical\" href=\"https:\/\/www.fiemg.com.br\/regional-sede\/noticias\/fiemg-pontal-impulsiona-inovacao-com-foco-em-inteligencia-artificial\/\" \/>\n<meta property=\"og:locale\" content=\"pt_BR\" \/>\n<meta property=\"og:type\" content=\"article\" \/>\n<meta property=\"og:title\" content=\"FIEMG Pontal impulsiona inova\u00e7\u00e3o com foco em Intelig\u00eancia Artificial - FIEMG\" \/>\n<meta property=\"og:description\" content=\"Evento \u201cConectando o Futuro\u201d destaca o papel da Intelig\u00eancia Artificial nos neg\u00f3cios Na \u00faltima ter\u00e7a-feira, 11 de novembro, a FIEMG Regional Pontal do Tri\u00e2ngulo, o SIAP-Sindicato das Ind\u00fastrias de Alimenta\u00e7\u00e3o do Pontal Mineiro e o SENAI Ituiutaba realizaram o evento \u201cConectando o Futuro: Intelig\u00eancia Artificial para Processos Administrativos\u201d, reunindo associados, diretoria dos sindicados Siap e [&hellip;]\" \/>\n<meta property=\"og:url\" content=\"https:\/\/www.fiemg.com.br\/regional-sede\/noticias\/fiemg-pontal-impulsiona-inovacao-com-foco-em-inteligencia-artificial\/\" \/>\n<meta property=\"og:site_name\" content=\"FIEMG\" \/>\n<meta property=\"article:modified_time\" content=\"2025-11-14T14:54:24+00:00\" \/>\n<meta property=\"og:image\" content=\"https:\/\/www.fiemg.com.br\/regional-sede\/wp-content\/uploads\/sites\/21\/2025\/11\/Thiago-Florentino.jpg\" \/>\n\t<meta property=\"og:image:width\" content=\"1256\" \/>\n\t<meta property=\"og:image:height\" content=\"1382\" \/>\n\t<meta property=\"og:image:type\" content=\"image\/jpeg\" \/>\n<meta name=\"twitter:card\" content=\"summary_large_image\" \/>\n<meta name=\"twitter:label1\" content=\"Est. tempo de leitura\" \/>\n\t<meta name=\"twitter:data1\" content=\"2 minutos\" \/>\n<script type=\"application\/ld+json\" class=\"yoast-schema-graph\">{\"@context\":\"https:\/\/schema.org\",\"@graph\":[{\"@type\":\"WebPage\",\"@id\":\"https:\/\/www.fiemg.com.br\/regional-sede\/noticias\/fiemg-pontal-impulsiona-inovacao-com-foco-em-inteligencia-artificial\/\",\"url\":\"https:\/\/www.fiemg.com.br\/regional-sede\/noticias\/fiemg-pontal-impulsiona-inovacao-com-foco-em-inteligencia-artificial\/\",\"name\":\"FIEMG Pontal impulsiona inova\u00e7\u00e3o com foco em Intelig\u00eancia Artificial - FIEMG\",\"isPartOf\":{\"@id\":\"https:\/\/www.fiemg.com.br\/regional-sede\/#website\"},\"primaryImageOfPage\":{\"@id\":\"https:\/\/www.fiemg.com.br\/regional-sede\/noticias\/fiemg-pontal-impulsiona-inovacao-com-foco-em-inteligencia-artificial\/#primaryimage\"},\"image\":{\"@id\":\"https:\/\/www.fiemg.com.br\/regional-sede\/noticias\/fiemg-pontal-impulsiona-inovacao-com-foco-em-inteligencia-artificial\/#primaryimage\"},\"thumbnailUrl\":\"https:\/\/www.fiemg.com.br\/regional-sede\/wp-content\/uploads\/sites\/21\/2025\/11\/Thiago-Florentino.jpg\",\"datePublished\":\"2025-11-14T14:15:48+00:00\",\"dateModified\":\"2025-11-14T14:54:24+00:00\",\"breadcrumb\":{\"@id\":\"https:\/\/www.fiemg.com.br\/regional-sede\/noticias\/fiemg-pontal-impulsiona-inovacao-com-foco-em-inteligencia-artificial\/#breadcrumb\"},\"inLanguage\":\"pt-BR\",\"potentialAction\":[{\"@type\":\"ReadAction\",\"target\":[\"https:\/\/www.fiemg.com.br\/regional-sede\/noticias\/fiemg-pontal-impulsiona-inovacao-com-foco-em-inteligencia-artificial\/\"]}]},{\"@type\":\"ImageObject\",\"inLanguage\":\"pt-BR\",\"@id\":\"https:\/\/www.fiemg.com.br\/regional-sede\/noticias\/fiemg-pontal-impulsiona-inovacao-com-foco-em-inteligencia-artificial\/#primaryimage\",\"url\":\"https:\/\/www.fiemg.com.br\/regional-sede\/wp-content\/uploads\/sites\/21\/2025\/11\/Thiago-Florentino.jpg\",\"contentUrl\":\"https:\/\/www.fiemg.com.br\/regional-sede\/wp-content\/uploads\/sites\/21\/2025\/11\/Thiago-Florentino.jpg\",\"width\":1256,\"height\":1382},{\"@type\":\"BreadcrumbList\",\"@id\":\"https:\/\/www.fiemg.com.br\/regional-sede\/noticias\/fiemg-pontal-impulsiona-inovacao-com-foco-em-inteligencia-artificial\/#breadcrumb\",\"itemListElement\":[{\"@type\":\"ListItem\",\"position\":1,\"name\":\"In\u00edcio\",\"item\":\"https:\/\/www.fiemg.com.br\/regional-sede\/\"},{\"@type\":\"ListItem\",\"position\":2,\"name\":\"FIEMG Pontal impulsiona inova\u00e7\u00e3o com foco em Intelig\u00eancia Artificial\"}]},{\"@type\":\"WebSite\",\"@id\":\"https:\/\/www.fiemg.com.br\/regional-sede\/#website\",\"url\":\"https:\/\/www.fiemg.com.br\/regional-sede\/\",\"name\":\"FIEMG\",\"description\":\"Federa\u00e7\u00e3o das Ind\u00fastrias do Estado de Minas Gerais\",\"publisher\":{\"@id\":\"https:\/\/www.fiemg.com.br\/regional-sede\/#organization\"},\"potentialAction\":[{\"@type\":\"SearchAction\",\"target\":{\"@type\":\"EntryPoint\",\"urlTemplate\":\"https:\/\/www.fiemg.com.br\/regional-sede\/?s={search_term_string}\"},\"query-input\":{\"@type\":\"PropertyValueSpecification\",\"valueRequired\":true,\"valueName\":\"search_term_string\"}}],\"inLanguage\":\"pt-BR\"},{\"@type\":\"Organization\",\"@id\":\"https:\/\/www.fiemg.com.br\/regional-sede\/#organization\",\"name\":\"FIEMG\",\"url\":\"https:\/\/www.fiemg.com.br\/regional-sede\/\",\"logo\":{\"@type\":\"ImageObject\",\"inLanguage\":\"pt-BR\",\"@id\":\"https:\/\/www.fiemg.com.br\/regional-sede\/#\/schema\/logo\/image\/\",\"url\":\"https:\/\/www.fiemg.com.br\/regional-sede\/wp-content\/uploads\/sites\/21\/2023\/02\/Ativo-1.png\",\"contentUrl\":\"https:\/\/www.fiemg.com.br\/regional-sede\/wp-content\/uploads\/sites\/21\/2023\/02\/Ativo-1.png\",\"width\":563,\"height\":149,\"caption\":\"FIEMG\"},\"image\":{\"@id\":\"https:\/\/www.fiemg.com.br\/regional-sede\/#\/schema\/logo\/image\/\"}}]}<\/script>\n<!-- \/ Yoast SEO plugin. -->","yoast_head_json":{"title":"FIEMG Pontal impulsiona inova\u00e7\u00e3o com foco em Intelig\u00eancia Artificial - FIEMG","robots":{"index":"index","follow":"follow","max-snippet":"max-snippet:-1","max-image-preview":"max-image-preview:large","max-video-preview":"max-video-preview:-1"},"canonical":"https:\/\/www.fiemg.com.br\/regional-sede\/noticias\/fiemg-pontal-impulsiona-inovacao-com-foco-em-inteligencia-artificial\/","og_locale":"pt_BR","og_type":"article","og_title":"FIEMG Pontal impulsiona inova\u00e7\u00e3o com foco em Intelig\u00eancia Artificial - FIEMG","og_description":"Evento \u201cConectando o Futuro\u201d destaca o papel da Intelig\u00eancia Artificial nos neg\u00f3cios Na \u00faltima ter\u00e7a-feira, 11 de novembro, a FIEMG Regional Pontal do Tri\u00e2ngulo, o SIAP-Sindicato das Ind\u00fastrias de Alimenta\u00e7\u00e3o do Pontal Mineiro e o SENAI Ituiutaba realizaram o evento \u201cConectando o Futuro: Intelig\u00eancia Artificial para Processos Administrativos\u201d, reunindo associados, diretoria dos sindicados Siap e [&hellip;]","og_url":"https:\/\/www.fiemg.com.br\/regional-sede\/noticias\/fiemg-pontal-impulsiona-inovacao-com-foco-em-inteligencia-artificial\/","og_site_name":"FIEMG","article_modified_time":"2025-11-14T14:54:24+00:00","og_image":[{"width":1256,"height":1382,"url":"https:\/\/www.fiemg.com.br\/regional-sede\/wp-content\/uploads\/sites\/21\/2025\/11\/Thiago-Florentino.jpg","type":"image\/jpeg"}],"twitter_card":"summary_large_image","twitter_misc":{"Est. tempo de leitura":"2 minutos"},"schema":{"@context":"https:\/\/schema.org","@graph":[{"@type":"WebPage","@id":"https:\/\/www.fiemg.com.br\/regional-sede\/noticias\/fiemg-pontal-impulsiona-inovacao-com-foco-em-inteligencia-artificial\/","url":"https:\/\/www.fiemg.com.br\/regional-sede\/noticias\/fiemg-pontal-impulsiona-inovacao-com-foco-em-inteligencia-artificial\/","name":"FIEMG Pontal impulsiona inova\u00e7\u00e3o com foco em Intelig\u00eancia Artificial - FIEMG","isPartOf":{"@id":"https:\/\/www.fiemg.com.br\/regional-sede\/#website"},"primaryImageOfPage":{"@id":"https:\/\/www.fiemg.com.br\/regional-sede\/noticias\/fiemg-pontal-impulsiona-inovacao-com-foco-em-inteligencia-artificial\/#primaryimage"},"image":{"@id":"https:\/\/www.fiemg.com.br\/regional-sede\/noticias\/fiemg-pontal-impulsiona-inovacao-com-foco-em-inteligencia-artificial\/#primaryimage"},"thumbnailUrl":"https:\/\/www.fiemg.com.br\/regional-sede\/wp-content\/uploads\/sites\/21\/2025\/11\/Thiago-Florentino.jpg","datePublished":"2025-11-14T14:15:48+00:00","dateModified":"2025-11-14T14:54:24+00:00","breadcrumb":{"@id":"https:\/\/www.fiemg.com.br\/regional-sede\/noticias\/fiemg-pontal-impulsiona-inovacao-com-foco-em-inteligencia-artificial\/#breadcrumb"},"inLanguage":"pt-BR","potentialAction":[{"@type":"ReadAction","target":["https:\/\/www.fiemg.com.br\/regional-sede\/noticias\/fiemg-pontal-impulsiona-inovacao-com-foco-em-inteligencia-artificial\/"]}]},{"@type":"ImageObject","inLanguage":"pt-BR","@id":"https:\/\/www.fiemg.com.br\/regional-sede\/noticias\/fiemg-pontal-impulsiona-inovacao-com-foco-em-inteligencia-artificial\/#primaryimage","url":"https:\/\/www.fiemg.com.br\/regional-sede\/wp-content\/uploads\/sites\/21\/2025\/11\/Thiago-Florentino.jpg","contentUrl":"https:\/\/www.fiemg.com.br\/regional-sede\/wp-content\/uploads\/sites\/21\/2025\/11\/Thiago-Florentino.jpg","width":1256,"height":1382},{"@type":"BreadcrumbList","@id":"https:\/\/www.fiemg.com.br\/regional-sede\/noticias\/fiemg-pontal-impulsiona-inovacao-com-foco-em-inteligencia-artificial\/#breadcrumb","itemListElement":[{"@type":"ListItem","position":1,"name":"In\u00edcio","item":"https:\/\/www.fiemg.com.br\/regional-sede\/"},{"@type":"ListItem","position":2,"name":"FIEMG Pontal impulsiona inova\u00e7\u00e3o com foco em Intelig\u00eancia Artificial"}]},{"@type":"WebSite","@id":"https:\/\/www.fiemg.com.br\/regional-sede\/#website","url":"https:\/\/www.fiemg.com.br\/regional-sede\/","name":"FIEMG","description":"Federa\u00e7\u00e3o das Ind\u00fastrias do Estado de Minas Gerais","publisher":{"@id":"https:\/\/www.fiemg.com.br\/regional-sede\/#organization"},"potentialAction":[{"@type":"SearchAction","target":{"@type":"EntryPoint","urlTemplate":"https:\/\/www.fiemg.com.br\/regional-sede\/?s={search_term_string}"},"query-input":{"@type":"PropertyValueSpecification","valueRequired":true,"valueName":"search_term_string"}}],"inLanguage":"pt-BR"},{"@type":"Organization","@id":"https:\/\/www.fiemg.com.br\/regional-sede\/#organization","name":"FIEMG","url":"https:\/\/www.fiemg.com.br\/regional-sede\/","logo":{"@type":"ImageObject","inLanguage":"pt-BR","@id":"https:\/\/www.fiemg.com.br\/regional-sede\/#\/schema\/logo\/image\/","url":"https:\/\/www.fiemg.com.br\/regional-sede\/wp-content\/uploads\/sites\/21\/2023\/02\/Ativo-1.png","contentUrl":"https:\/\/www.fiemg.com.br\/regional-sede\/wp-content\/uploads\/sites\/21\/2023\/02\/Ativo-1.png","width":563,"height":149,"caption":"FIEMG"},"image":{"@id":"https:\/\/www.fiemg.com.br\/regional-sede\/#\/schema\/logo\/image\/"}}]}},"_links":{"self":[{"href":"https:\/\/www.fiemg.com.br\/regional-sede\/wp-json\/wp\/v2\/noticias\/5986","targetHints":{"allow":["GET"]}}],"collection":[{"href":"https:\/\/www.fiemg.com.br\/regional-sede\/wp-json\/wp\/v2\/noticias"}],"about":[{"href":"https:\/\/www.fiemg.com.br\/regional-sede\/wp-json\/wp\/v2\/types\/noticias"}],"wp:featuredmedia":[{"embeddable":true,"href":"https:\/\/www.fiemg.com.br\/regional-sede\/wp-json\/wp\/v2\/media\/5987"}],"wp:attachment":[{"href":"https:\/\/www.fiemg.com.br\/regional-sede\/wp-json\/wp\/v2\/media?parent=5986"}],"wp:term":[{"taxonomy":"category","embeddable":true,"href":"https:\/\/www.fiemg.com.br\/regional-sede\/wp-json\/wp\/v2\/categories?post=5986"},{"taxonomy":"post_tag","embeddable":true,"href":"https:\/\/www.fiemg.com.br\/regional-sede\/wp-json\/wp\/v2\/tags?post=5986"}],"curies":[{"name":"wp","href":"https:\/\/api.w.org\/{rel}","templated":true}]}}