{"id":5989,"date":"2025-11-14T11:22:37","date_gmt":"2025-11-14T14:22:37","guid":{"rendered":"https:\/\/www.fiemg.com.br\/regional-sede\/noticias\/samonte-comemora-150-anos-com-o-maior-show-pirotecnico-simultaneo-do-brasil\/"},"modified":"2025-11-14T11:22:37","modified_gmt":"2025-11-14T14:22:37","slug":"samonte-comemora-150-anos-com-o-maior-show-pirotecnico-simultaneo-do-brasil","status":"publish","type":"noticias","link":"https:\/\/www.fiemg.com.br\/regional-sede\/noticias\/samonte-comemora-150-anos-com-o-maior-show-pirotecnico-simultaneo-do-brasil\/","title":{"rendered":"Samonte comemora 150 anos com o maior show pirot\u00e9cnico simult\u00e2neo do Brasil"},"content":{"rendered":"\n<figure class=\"wp-block-image aligncenter size-full is-resized\"><img fetchpriority=\"high\" decoding=\"async\" width=\"800\" height=\"530\" src=\"https:\/\/www.fiemg.com.br\/regional-sede\/wp-content\/uploads\/sites\/21\/2025\/11\/50398570346_5d885a9f66_c.jpg\" alt=\"\" class=\"wp-image-5990\" style=\"width:607px;height:auto\" srcset=\"https:\/\/www.fiemg.com.br\/regional-sede\/wp-content\/uploads\/sites\/21\/2025\/11\/50398570346_5d885a9f66_c.jpg 800w, https:\/\/www.fiemg.com.br\/regional-sede\/wp-content\/uploads\/sites\/21\/2025\/11\/50398570346_5d885a9f66_c-300x199.jpg 300w, https:\/\/www.fiemg.com.br\/regional-sede\/wp-content\/uploads\/sites\/21\/2025\/11\/50398570346_5d885a9f66_c-768x509.jpg 768w\" sizes=\"(max-width: 800px) 100vw, 800px\" \/><\/figure>\n\n\n\n<p>Santo Ant\u00f4nio do Monte, no Centro-Oeste de Minas, chega a 150 anos e comemora em grande estilo. O c\u00e9u da cidade que \u00e9 o maior polo produtor de fogos de artif\u00edcios do Brasil e o segundo maior do mundo, ficando atr\u00e1s apenas da China, vai se transformar em um verdadeiro espet\u00e1culo de luz e emo\u00e7\u00e3o. A popula\u00e7\u00e3o poder\u00e1 acompanhar o maior show pirot\u00e9cnico simult\u00e2neo j\u00e1 realizado no pa\u00eds. Ser\u00e3o v\u00e1rios pontos de queima sincronizada espalhados pelo munic\u00edpio.<\/p>\n\n\n\n<p>Realizado pela Prefeitura de Santo Ant\u00f4nio do Monte, com apoio do Sindicato da Ind\u00fastria de Explosivos no Estado de Minas Gerais (SINDIEMG) e da Associa\u00e7\u00e3o Master dos Empres\u00e1rios de Pirotecnia (AME Pirotecnia), o espet\u00e1culo se inicia hoje (14) a partir das 21h30 em v\u00e1rios pontos da cidade e apresentar\u00e1 um show que destaca a tecnologia, inova\u00e7\u00e3o e relev\u00e2ncia da ind\u00fastria de fogos de artif\u00edcio.<\/p>\n\n\n\n<p>Para o prefeito de Santo Ant\u00f4nio do Monte, Leo Camilo, o dia \u00e9 de celebra\u00e7\u00e3o, pelos 150 anos de emancipa\u00e7\u00e3o pol\u00edtica e administrativa do munic\u00edpio e sua relev\u00e2ncia no cen\u00e1rio econ\u00f4mico do pa\u00eds. \u201cSou muito grato por ser prefeito de uma cidade que tem uma ind\u00fastria t\u00e3o pujante que \u00e9 a ind\u00fastria da pirotecnia, que gera milhares de empregos e renda e leva o nome da cidade para todo territ\u00f3rio nacional e fora dele. Na noite de hoje vamos ter o maior espet\u00e1culo pirot\u00e9cnico j\u00e1 visto em Samonte e por isso quero agradecer ao SINDIEMG, \u00e0 AME Pirotecnia e aos milhares de trabalhadores que produzem os nossos fogos e fazem a cidade alcan\u00e7ar esse lugar de destaque\u201d, finalizou.<\/p>\n\n\n\n<p>De acordo com dados da Federa\u00e7\u00e3o das Ind\u00fastrias do Estado de Minas Gerais (FIEMG), o segmento de pirotecnia movimenta aproximadamente R$ 400 milh\u00f5es por ano no pa\u00eds e gera cerca de 15 mil empregos diretos.<\/p>\n\n\n\n<p>De acordo com o presidente da FIEMG Regional Centro-Oeste, Eduardo Soares, a a\u00e7\u00e3o refor\u00e7a a import\u00e2ncia da ind\u00fastria de fogos para o desenvolvimento socioecon\u00f4mico. \u201cO polo de Santo Ant\u00f4nio do Monte \u00e9 um motor econ\u00f4mico vital, com relev\u00e2ncia nacional e internacional, que envolve tecnologia, exporta\u00e7\u00e3o e um impacto social significativo na gera\u00e7\u00e3o de trabalho e renda para as comunidades locais\u201d, destacou o l\u00edder empresarial.<\/p>\n\n\n\n<p>SENAI<\/p>\n\n\n\n<p>A hist\u00f3ria do Polo Pirotecnico de Santo Ant\u00f4nio do Monte se funde \u00e0 chegada do SENAI na cidade. O SENAI Santo Ant\u00f4nio do Monte \u2013 Centro Tecnol\u00f3gico em Pirotecnia \u201cOscar Jos\u00e9 do Nascimento\u201d desde a sua funda\u00e7\u00e3o, em 16 de maio de 2006, foi o primeiro Organismo Civil Avaliador do Brasil certificado pelo Ex\u00e9rcito Brasileiro para realizar avalia\u00e7\u00f5es t\u00e9cnicas em fogos de artif\u00edcio. Al\u00e9m das an\u00e1lises em fogos, esta unidade est\u00e1 habilitada a executar ensaios qu\u00edmicos e f\u00edsicos nas mat\u00e9rias primas utilizadas na fabrica\u00e7\u00e3o de artefatos pirot\u00e9cnicos, a realizar ensaios de qualidade no papel utilizado como inv\u00f3lucro nos fogos, an\u00e1lises em fertilizantes, an\u00e1lises de rotina em solos e determina\u00e7\u00e3o de caracter\u00edsticas explosivas.<\/p>\n\n\n\n<p>Certifica\u00e7\u00e3o de Produtos Controlados Pelo Ex\u00e9rcito \u2013 PCE<\/p>\n\n\n\n<p>Em 18 de agosto de 2020, o Ex\u00e9rcito Brasileiro publicou a Portaria N\u00ba 189-EME que aprova as normas reguladoras dos processos de avalia\u00e7\u00e3o de produtos controlados pelo Ex\u00e9rcito. Esta portaria determina que a certifica\u00e7\u00e3o de produtos seja realizada por um Organismo de Certifica\u00e7\u00e3o de Produtos (OCP) acreditado pela Coordena\u00e7\u00e3o Geral de Acredita\u00e7\u00e3o do INMETRO (CGCRE). Desta forma o SENAI Santo Ant\u00f4nio do Monte Centro Tecnol\u00f3gico em Pirotecnia \u201cOscar Jos\u00e9 do Nascimento\u201d \u2013 CTP OJN incluiu em sua estrutura organizacional o SENAI-MG CERTIFICA\u00c7\u00c3O com a finalidade de atender a referida portaria. Passando agora a atender n\u00e3o somente a ind\u00fastria local mas,&nbsp;tamb\u00e9m todo o pa\u00eds, por ser um Organismo de Certifica\u00e7\u00e3o Designado (OCD) pelo Ex\u00e9rcito Brasileiro<\/p>\n\n\n\n<figure class=\"wp-block-image aligncenter size-large\"><img decoding=\"async\" width=\"1024\" height=\"460\" src=\"https:\/\/www.fiemg.com.br\/regional-sede\/wp-content\/uploads\/sites\/21\/2025\/11\/Senai-santo-antonio-do-monte-1024x460.jpg\" alt=\"\" class=\"wp-image-5992\" srcset=\"https:\/\/www.fiemg.com.br\/regional-sede\/wp-content\/uploads\/sites\/21\/2025\/11\/Senai-santo-antonio-do-monte-1024x460.jpg 1024w, https:\/\/www.fiemg.com.br\/regional-sede\/wp-content\/uploads\/sites\/21\/2025\/11\/Senai-santo-antonio-do-monte-300x135.jpg 300w, https:\/\/www.fiemg.com.br\/regional-sede\/wp-content\/uploads\/sites\/21\/2025\/11\/Senai-santo-antonio-do-monte-768x345.jpg 768w, https:\/\/www.fiemg.com.br\/regional-sede\/wp-content\/uploads\/sites\/21\/2025\/11\/Senai-santo-antonio-do-monte-1536x689.jpg 1536w, https:\/\/www.fiemg.com.br\/regional-sede\/wp-content\/uploads\/sites\/21\/2025\/11\/Senai-santo-antonio-do-monte.jpg 1600w\" sizes=\"(max-width: 1024px) 100vw, 1024px\" \/><\/figure>\n","protected":false},"featured_media":5991,"template":"","categories":[],"tags":[],"class_list":["post-5989","noticias","type-noticias","status-publish","has-post-thumbnail","hentry"],"acf":[],"yoast_head":"<!-- This site is optimized with the Yoast SEO plugin v26.2 - https:\/\/yoast.com\/wordpress\/plugins\/seo\/ -->\n<title>Samonte comemora 150 anos com o maior show pirot\u00e9cnico simult\u00e2neo do Brasil - FIEMG<\/title>\n<meta name=\"robots\" content=\"index, follow, max-snippet:-1, max-image-preview:large, max-video-preview:-1\" \/>\n<link rel=\"canonical\" href=\"https:\/\/www.fiemg.com.br\/regional-sede\/noticias\/samonte-comemora-150-anos-com-o-maior-show-pirotecnico-simultaneo-do-brasil\/\" \/>\n<meta property=\"og:locale\" content=\"pt_BR\" \/>\n<meta property=\"og:type\" content=\"article\" \/>\n<meta property=\"og:title\" content=\"Samonte comemora 150 anos com o maior show pirot\u00e9cnico simult\u00e2neo do Brasil - FIEMG\" \/>\n<meta property=\"og:description\" content=\"Santo Ant\u00f4nio do Monte, no Centro-Oeste de Minas, chega a 150 anos e comemora em grande estilo. O c\u00e9u da cidade que \u00e9 o maior polo produtor de fogos de artif\u00edcios do Brasil e o segundo maior do mundo, ficando atr\u00e1s apenas da China, vai se transformar em um verdadeiro espet\u00e1culo de luz e emo\u00e7\u00e3o. [&hellip;]\" \/>\n<meta property=\"og:url\" content=\"https:\/\/www.fiemg.com.br\/regional-sede\/noticias\/samonte-comemora-150-anos-com-o-maior-show-pirotecnico-simultaneo-do-brasil\/\" \/>\n<meta property=\"og:site_name\" content=\"FIEMG\" \/>\n<meta property=\"og:image\" content=\"https:\/\/www.fiemg.com.br\/regional-sede\/wp-content\/uploads\/sites\/21\/2025\/11\/50397878523_2b2d308abd_c.jpg\" \/>\n\t<meta property=\"og:image:width\" content=\"800\" \/>\n\t<meta property=\"og:image:height\" content=\"530\" \/>\n\t<meta property=\"og:image:type\" content=\"image\/jpeg\" \/>\n<meta name=\"twitter:card\" content=\"summary_large_image\" \/>\n<meta name=\"twitter:label1\" content=\"Est. tempo de leitura\" \/>\n\t<meta name=\"twitter:data1\" content=\"4 minutos\" \/>\n<script type=\"application\/ld+json\" class=\"yoast-schema-graph\">{\"@context\":\"https:\/\/schema.org\",\"@graph\":[{\"@type\":\"WebPage\",\"@id\":\"https:\/\/www.fiemg.com.br\/regional-sede\/noticias\/samonte-comemora-150-anos-com-o-maior-show-pirotecnico-simultaneo-do-brasil\/\",\"url\":\"https:\/\/www.fiemg.com.br\/regional-sede\/noticias\/samonte-comemora-150-anos-com-o-maior-show-pirotecnico-simultaneo-do-brasil\/\",\"name\":\"Samonte comemora 150 anos com o maior show pirot\u00e9cnico simult\u00e2neo do Brasil - FIEMG\",\"isPartOf\":{\"@id\":\"https:\/\/www.fiemg.com.br\/regional-sede\/#website\"},\"primaryImageOfPage\":{\"@id\":\"https:\/\/www.fiemg.com.br\/regional-sede\/noticias\/samonte-comemora-150-anos-com-o-maior-show-pirotecnico-simultaneo-do-brasil\/#primaryimage\"},\"image\":{\"@id\":\"https:\/\/www.fiemg.com.br\/regional-sede\/noticias\/samonte-comemora-150-anos-com-o-maior-show-pirotecnico-simultaneo-do-brasil\/#primaryimage\"},\"thumbnailUrl\":\"https:\/\/www.fiemg.com.br\/regional-sede\/wp-content\/uploads\/sites\/21\/2025\/11\/50397878523_2b2d308abd_c.jpg\",\"datePublished\":\"2025-11-14T14:22:37+00:00\",\"breadcrumb\":{\"@id\":\"https:\/\/www.fiemg.com.br\/regional-sede\/noticias\/samonte-comemora-150-anos-com-o-maior-show-pirotecnico-simultaneo-do-brasil\/#breadcrumb\"},\"inLanguage\":\"pt-BR\",\"potentialAction\":[{\"@type\":\"ReadAction\",\"target\":[\"https:\/\/www.fiemg.com.br\/regional-sede\/noticias\/samonte-comemora-150-anos-com-o-maior-show-pirotecnico-simultaneo-do-brasil\/\"]}]},{\"@type\":\"ImageObject\",\"inLanguage\":\"pt-BR\",\"@id\":\"https:\/\/www.fiemg.com.br\/regional-sede\/noticias\/samonte-comemora-150-anos-com-o-maior-show-pirotecnico-simultaneo-do-brasil\/#primaryimage\",\"url\":\"https:\/\/www.fiemg.com.br\/regional-sede\/wp-content\/uploads\/sites\/21\/2025\/11\/50397878523_2b2d308abd_c.jpg\",\"contentUrl\":\"https:\/\/www.fiemg.com.br\/regional-sede\/wp-content\/uploads\/sites\/21\/2025\/11\/50397878523_2b2d308abd_c.jpg\",\"width\":800,\"height\":530},{\"@type\":\"BreadcrumbList\",\"@id\":\"https:\/\/www.fiemg.com.br\/regional-sede\/noticias\/samonte-comemora-150-anos-com-o-maior-show-pirotecnico-simultaneo-do-brasil\/#breadcrumb\",\"itemListElement\":[{\"@type\":\"ListItem\",\"position\":1,\"name\":\"In\u00edcio\",\"item\":\"https:\/\/www.fiemg.com.br\/regional-sede\/\"},{\"@type\":\"ListItem\",\"position\":2,\"name\":\"Samonte comemora 150 anos com o maior show pirot\u00e9cnico simult\u00e2neo do Brasil\"}]},{\"@type\":\"WebSite\",\"@id\":\"https:\/\/www.fiemg.com.br\/regional-sede\/#website\",\"url\":\"https:\/\/www.fiemg.com.br\/regional-sede\/\",\"name\":\"FIEMG\",\"description\":\"Federa\u00e7\u00e3o das Ind\u00fastrias do Estado de Minas Gerais\",\"publisher\":{\"@id\":\"https:\/\/www.fiemg.com.br\/regional-sede\/#organization\"},\"potentialAction\":[{\"@type\":\"SearchAction\",\"target\":{\"@type\":\"EntryPoint\",\"urlTemplate\":\"https:\/\/www.fiemg.com.br\/regional-sede\/?s={search_term_string}\"},\"query-input\":{\"@type\":\"PropertyValueSpecification\",\"valueRequired\":true,\"valueName\":\"search_term_string\"}}],\"inLanguage\":\"pt-BR\"},{\"@type\":\"Organization\",\"@id\":\"https:\/\/www.fiemg.com.br\/regional-sede\/#organization\",\"name\":\"FIEMG\",\"url\":\"https:\/\/www.fiemg.com.br\/regional-sede\/\",\"logo\":{\"@type\":\"ImageObject\",\"inLanguage\":\"pt-BR\",\"@id\":\"https:\/\/www.fiemg.com.br\/regional-sede\/#\/schema\/logo\/image\/\",\"url\":\"https:\/\/www.fiemg.com.br\/regional-sede\/wp-content\/uploads\/sites\/21\/2023\/02\/Ativo-1.png\",\"contentUrl\":\"https:\/\/www.fiemg.com.br\/regional-sede\/wp-content\/uploads\/sites\/21\/2023\/02\/Ativo-1.png\",\"width\":563,\"height\":149,\"caption\":\"FIEMG\"},\"image\":{\"@id\":\"https:\/\/www.fiemg.com.br\/regional-sede\/#\/schema\/logo\/image\/\"}}]}<\/script>\n<!-- \/ Yoast SEO plugin. -->","yoast_head_json":{"title":"Samonte comemora 150 anos com o maior show pirot\u00e9cnico simult\u00e2neo do Brasil - FIEMG","robots":{"index":"index","follow":"follow","max-snippet":"max-snippet:-1","max-image-preview":"max-image-preview:large","max-video-preview":"max-video-preview:-1"},"canonical":"https:\/\/www.fiemg.com.br\/regional-sede\/noticias\/samonte-comemora-150-anos-com-o-maior-show-pirotecnico-simultaneo-do-brasil\/","og_locale":"pt_BR","og_type":"article","og_title":"Samonte comemora 150 anos com o maior show pirot\u00e9cnico simult\u00e2neo do Brasil - FIEMG","og_description":"Santo Ant\u00f4nio do Monte, no Centro-Oeste de Minas, chega a 150 anos e comemora em grande estilo. O c\u00e9u da cidade que \u00e9 o maior polo produtor de fogos de artif\u00edcios do Brasil e o segundo maior do mundo, ficando atr\u00e1s apenas da China, vai se transformar em um verdadeiro espet\u00e1culo de luz e emo\u00e7\u00e3o. [&hellip;]","og_url":"https:\/\/www.fiemg.com.br\/regional-sede\/noticias\/samonte-comemora-150-anos-com-o-maior-show-pirotecnico-simultaneo-do-brasil\/","og_site_name":"FIEMG","og_image":[{"width":800,"height":530,"url":"https:\/\/www.fiemg.com.br\/regional-sede\/wp-content\/uploads\/sites\/21\/2025\/11\/50397878523_2b2d308abd_c.jpg","type":"image\/jpeg"}],"twitter_card":"summary_large_image","twitter_misc":{"Est. tempo de leitura":"4 minutos"},"schema":{"@context":"https:\/\/schema.org","@graph":[{"@type":"WebPage","@id":"https:\/\/www.fiemg.com.br\/regional-sede\/noticias\/samonte-comemora-150-anos-com-o-maior-show-pirotecnico-simultaneo-do-brasil\/","url":"https:\/\/www.fiemg.com.br\/regional-sede\/noticias\/samonte-comemora-150-anos-com-o-maior-show-pirotecnico-simultaneo-do-brasil\/","name":"Samonte comemora 150 anos com o maior show pirot\u00e9cnico simult\u00e2neo do Brasil - FIEMG","isPartOf":{"@id":"https:\/\/www.fiemg.com.br\/regional-sede\/#website"},"primaryImageOfPage":{"@id":"https:\/\/www.fiemg.com.br\/regional-sede\/noticias\/samonte-comemora-150-anos-com-o-maior-show-pirotecnico-simultaneo-do-brasil\/#primaryimage"},"image":{"@id":"https:\/\/www.fiemg.com.br\/regional-sede\/noticias\/samonte-comemora-150-anos-com-o-maior-show-pirotecnico-simultaneo-do-brasil\/#primaryimage"},"thumbnailUrl":"https:\/\/www.fiemg.com.br\/regional-sede\/wp-content\/uploads\/sites\/21\/2025\/11\/50397878523_2b2d308abd_c.jpg","datePublished":"2025-11-14T14:22:37+00:00","breadcrumb":{"@id":"https:\/\/www.fiemg.com.br\/regional-sede\/noticias\/samonte-comemora-150-anos-com-o-maior-show-pirotecnico-simultaneo-do-brasil\/#breadcrumb"},"inLanguage":"pt-BR","potentialAction":[{"@type":"ReadAction","target":["https:\/\/www.fiemg.com.br\/regional-sede\/noticias\/samonte-comemora-150-anos-com-o-maior-show-pirotecnico-simultaneo-do-brasil\/"]}]},{"@type":"ImageObject","inLanguage":"pt-BR","@id":"https:\/\/www.fiemg.com.br\/regional-sede\/noticias\/samonte-comemora-150-anos-com-o-maior-show-pirotecnico-simultaneo-do-brasil\/#primaryimage","url":"https:\/\/www.fiemg.com.br\/regional-sede\/wp-content\/uploads\/sites\/21\/2025\/11\/50397878523_2b2d308abd_c.jpg","contentUrl":"https:\/\/www.fiemg.com.br\/regional-sede\/wp-content\/uploads\/sites\/21\/2025\/11\/50397878523_2b2d308abd_c.jpg","width":800,"height":530},{"@type":"BreadcrumbList","@id":"https:\/\/www.fiemg.com.br\/regional-sede\/noticias\/samonte-comemora-150-anos-com-o-maior-show-pirotecnico-simultaneo-do-brasil\/#breadcrumb","itemListElement":[{"@type":"ListItem","position":1,"name":"In\u00edcio","item":"https:\/\/www.fiemg.com.br\/regional-sede\/"},{"@type":"ListItem","position":2,"name":"Samonte comemora 150 anos com o maior show pirot\u00e9cnico simult\u00e2neo do Brasil"}]},{"@type":"WebSite","@id":"https:\/\/www.fiemg.com.br\/regional-sede\/#website","url":"https:\/\/www.fiemg.com.br\/regional-sede\/","name":"FIEMG","description":"Federa\u00e7\u00e3o das Ind\u00fastrias do Estado de Minas Gerais","publisher":{"@id":"https:\/\/www.fiemg.com.br\/regional-sede\/#organization"},"potentialAction":[{"@type":"SearchAction","target":{"@type":"EntryPoint","urlTemplate":"https:\/\/www.fiemg.com.br\/regional-sede\/?s={search_term_string}"},"query-input":{"@type":"PropertyValueSpecification","valueRequired":true,"valueName":"search_term_string"}}],"inLanguage":"pt-BR"},{"@type":"Organization","@id":"https:\/\/www.fiemg.com.br\/regional-sede\/#organization","name":"FIEMG","url":"https:\/\/www.fiemg.com.br\/regional-sede\/","logo":{"@type":"ImageObject","inLanguage":"pt-BR","@id":"https:\/\/www.fiemg.com.br\/regional-sede\/#\/schema\/logo\/image\/","url":"https:\/\/www.fiemg.com.br\/regional-sede\/wp-content\/uploads\/sites\/21\/2023\/02\/Ativo-1.png","contentUrl":"https:\/\/www.fiemg.com.br\/regional-sede\/wp-content\/uploads\/sites\/21\/2023\/02\/Ativo-1.png","width":563,"height":149,"caption":"FIEMG"},"image":{"@id":"https:\/\/www.fiemg.com.br\/regional-sede\/#\/schema\/logo\/image\/"}}]}},"_links":{"self":[{"href":"https:\/\/www.fiemg.com.br\/regional-sede\/wp-json\/wp\/v2\/noticias\/5989","targetHints":{"allow":["GET"]}}],"collection":[{"href":"https:\/\/www.fiemg.com.br\/regional-sede\/wp-json\/wp\/v2\/noticias"}],"about":[{"href":"https:\/\/www.fiemg.com.br\/regional-sede\/wp-json\/wp\/v2\/types\/noticias"}],"wp:featuredmedia":[{"embeddable":true,"href":"https:\/\/www.fiemg.com.br\/regional-sede\/wp-json\/wp\/v2\/media\/5991"}],"wp:attachment":[{"href":"https:\/\/www.fiemg.com.br\/regional-sede\/wp-json\/wp\/v2\/media?parent=5989"}],"wp:term":[{"taxonomy":"category","embeddable":true,"href":"https:\/\/www.fiemg.com.br\/regional-sede\/wp-json\/wp\/v2\/categories?post=5989"},{"taxonomy":"post_tag","embeddable":true,"href":"https:\/\/www.fiemg.com.br\/regional-sede\/wp-json\/wp\/v2\/tags?post=5989"}],"curies":[{"name":"wp","href":"https:\/\/api.w.org\/{rel}","templated":true}]}}