{"id":5993,"date":"2025-11-14T16:49:22","date_gmt":"2025-11-14T19:49:22","guid":{"rendered":"https:\/\/www.fiemg.com.br\/regional-sede\/noticias\/senai-tem-primeira-turma-em-5g-aplicado-a-industria-em-minas-gerais\/"},"modified":"2025-11-14T16:49:29","modified_gmt":"2025-11-14T19:49:29","slug":"senai-tem-primeira-turma-em-5g-aplicado-a-industria-em-minas-gerais","status":"publish","type":"noticias","link":"https:\/\/www.fiemg.com.br\/regional-sede\/noticias\/senai-tem-primeira-turma-em-5g-aplicado-a-industria-em-minas-gerais\/","title":{"rendered":"SENAI tem primeira turma em 5G aplicado \u00e0 ind\u00fastria em Minas Gerais"},"content":{"rendered":"\n<p>A Faculdade SENAI realizou, entre os dias 10 e 13 de novembro, a imers\u00e3o pr\u00e1tica da primeira turma da Especializa\u00e7\u00e3o em 5G aplicado \u00e0 Ind\u00fastria 4.0, desenvolvida em parceria com o INATEL. A iniciativa reuniu cerca de 60 profissionais de diversas regi\u00f5es do Brasil, entre instrutores, especialistas e trabalhadores da \u00e1rea de tecnologia e inova\u00e7\u00e3o industrial. Os participantes tiveram acesso a aulas pr\u00e1ticas, visitas t\u00e9cnicas e atividades imersivas no Centro 4.0, que fica em Contagem, regi\u00e3o metropolitana de Belo Horizonte. <\/p>\n\n\n\n<p>Para Ricardo Aloysio, gerente de educa\u00e7\u00e3o e tecnologia industrial do SENAI-MG, a especializa\u00e7\u00e3o marca um passo decisivo no avan\u00e7o tecnol\u00f3gico do setor produtivo brasileiro. <em>\u201cEstamos recebendo a primeira turma da p\u00f3s-gradua\u00e7\u00e3o de 5G aplicada em Ind\u00fastria 4.0. S\u00e3o instrutores do SENAI do Brasil inteiro que est\u00e3o aqui para aprender essa nova tecnologia de 5G industrial e privativa\u201d<\/em>, afirmou.<\/p>\n\n\n\n<p>Ricardo explica que, ao permitir que a ind\u00fastria gere seu pr\u00f3prio sinal, o 5G industrial aumenta a confiabilidade e fortalece a seguran\u00e7a das opera\u00e7\u00f5es. <em>\u201cA pr\u00f3pria ind\u00fastria vai gerar o seu sinal de 5G e com isso n\u00e3o precisa do sinal das operadoras. Isso traz mais confiabilidade e mais seguran\u00e7a. Tudo vai rodar dentro da nuvem de 5G, muito mais r\u00e1pido, em tempo real e aumentando a produtividade da f\u00e1brica\u201d, <\/em>detalhou.<\/p>\n\n\n\n<p>A especializa\u00e7\u00e3o tamb\u00e9m atende ao objetivo estrat\u00e9gico do SENAI: capacitar profissionais capazes de aplicar tecnologias disruptivas diretamente no ambiente produtivo. <\/p>\n\n\n\n<p>Vitor Rafael, analista de tecnologia do SENAI Centro 4.0 e aluno do curso, refor\u00e7a o impacto imediato da forma\u00e7\u00e3o. <em>\u201c\u00c9 um curso fant\u00e1stico, completo. Tive a oportunidade de rever muitos conte\u00fados da minha forma\u00e7\u00e3o e entender de fato o que \u00e9 o 5G, suas diferen\u00e7as e o que ele pode agregar na ind\u00fastria. Estou muito animado para colocar nosso 5G industrial na pr\u00e1tica aqui na f\u00e1brica 4.0\u201d<\/em>, destacou. <\/p>\n\n\n\n<p>Segundo ele, o aprendizado adquirido deve repercutir n\u00e3o apenas dentro da institui\u00e7\u00e3o, mas em empresas de todo o estado. <em>\u201cO 5G pode trazer melhorias reais para as ind\u00fastrias de Minas Gerais\u201d<\/em>.<\/p>\n\n\n\n<p>O Centro 4.0 impressionou os participantes pela modernidade e capacidade de experimenta\u00e7\u00e3o. Cleoney Renato Dotto, instrutor e coordenador t\u00e9cnico do SENAI do Acre, afirma que o ambiente representa um diferencial importante para a dissemina\u00e7\u00e3o do conhecimento. <em>\u201cA estrutura do Centro 4.0 est\u00e1 de parab\u00e9ns. \u00c9 moderna, com equipamentos que n\u00e3o temos em todos os estados. Vamos levar esse modelo para adotarmos nos laborat\u00f3rios do Acre\u201d,<\/em> disse.<\/p>\n\n\n\n<p>Cleoney ainda ressalta que a especializa\u00e7\u00e3o permitir\u00e1 levar ao setor produtivo do estado uma vis\u00e3o atualizada do que h\u00e1 de mais avan\u00e7ado em comunica\u00e7\u00e3o industrial. <em>\u201cA especializa\u00e7\u00e3o nos d\u00e1 o conhecimento necess\u00e1rio para repassar \u00e0s ind\u00fastrias e ao estado do Acre o que h\u00e1 de melhor no 5G\u201d<\/em>.<\/p>\n\n\n\n<p>A imers\u00e3o encerra a segunda etapa da p\u00f3s-gradua\u00e7\u00e3o da Faculdade SENAI. A institui\u00e7\u00e3o segue ampliando investimentos em infraestrutura, pesquisa aplicada e capacita\u00e7\u00e3o t\u00e9cnica para apoiar empresas na transi\u00e7\u00e3o para a Ind\u00fastria 4.0.<\/p>\n\n\n\n<p><em>Ana Paula Motta<\/em><br><strong>Imprensa FIEMG<\/strong><\/p>\n","protected":false},"featured_media":5995,"template":"","categories":[15],"tags":[264,1310,1311],"class_list":["post-5993","noticias","type-noticias","status-publish","has-post-thumbnail","hentry","category-desenvolvimento-industrial","tag-centro-4-0","tag-senai-minas-gerais","tag-tecnologia-5g-industrial"],"acf":[],"yoast_head":"<!-- This site is optimized with the Yoast SEO plugin v26.2 - https:\/\/yoast.com\/wordpress\/plugins\/seo\/ -->\n<title>SENAI tem primeira turma em 5G aplicado \u00e0 ind\u00fastria em Minas Gerais - FIEMG<\/title>\n<meta name=\"robots\" content=\"index, follow, max-snippet:-1, max-image-preview:large, max-video-preview:-1\" \/>\n<link rel=\"canonical\" href=\"https:\/\/www.fiemg.com.br\/regional-sede\/noticias\/senai-tem-primeira-turma-em-5g-aplicado-a-industria-em-minas-gerais\/\" \/>\n<meta property=\"og:locale\" content=\"pt_BR\" \/>\n<meta property=\"og:type\" content=\"article\" \/>\n<meta property=\"og:title\" content=\"SENAI tem primeira turma em 5G aplicado \u00e0 ind\u00fastria em Minas Gerais - FIEMG\" \/>\n<meta property=\"og:description\" content=\"A Faculdade SENAI realizou, entre os dias 10 e 13 de novembro, a imers\u00e3o pr\u00e1tica da primeira turma da Especializa\u00e7\u00e3o em 5G aplicado \u00e0 Ind\u00fastria 4.0, desenvolvida em parceria com o INATEL. A iniciativa reuniu cerca de 60 profissionais de diversas regi\u00f5es do Brasil, entre instrutores, especialistas e trabalhadores da \u00e1rea de tecnologia e inova\u00e7\u00e3o [&hellip;]\" \/>\n<meta property=\"og:url\" content=\"https:\/\/www.fiemg.com.br\/regional-sede\/noticias\/senai-tem-primeira-turma-em-5g-aplicado-a-industria-em-minas-gerais\/\" \/>\n<meta property=\"og:site_name\" content=\"FIEMG\" \/>\n<meta property=\"article:modified_time\" content=\"2025-11-14T19:49:29+00:00\" \/>\n<meta property=\"og:image\" content=\"https:\/\/www.fiemg.com.br\/regional-sede\/wp-content\/uploads\/sites\/21\/2025\/11\/faculdade-senai-5g-industrial-imersao-2.jpg\" \/>\n\t<meta property=\"og:image:width\" content=\"512\" \/>\n\t<meta property=\"og:image:height\" content=\"512\" \/>\n\t<meta property=\"og:image:type\" content=\"image\/jpeg\" \/>\n<meta name=\"twitter:card\" content=\"summary_large_image\" \/>\n<meta name=\"twitter:label1\" content=\"Est. tempo de leitura\" \/>\n\t<meta name=\"twitter:data1\" content=\"3 minutos\" \/>\n<script type=\"application\/ld+json\" class=\"yoast-schema-graph\">{\"@context\":\"https:\/\/schema.org\",\"@graph\":[{\"@type\":\"WebPage\",\"@id\":\"https:\/\/www.fiemg.com.br\/regional-sede\/noticias\/senai-tem-primeira-turma-em-5g-aplicado-a-industria-em-minas-gerais\/\",\"url\":\"https:\/\/www.fiemg.com.br\/regional-sede\/noticias\/senai-tem-primeira-turma-em-5g-aplicado-a-industria-em-minas-gerais\/\",\"name\":\"SENAI tem primeira turma em 5G aplicado \u00e0 ind\u00fastria em Minas Gerais - FIEMG\",\"isPartOf\":{\"@id\":\"https:\/\/www.fiemg.com.br\/regional-sede\/#website\"},\"primaryImageOfPage\":{\"@id\":\"https:\/\/www.fiemg.com.br\/regional-sede\/noticias\/senai-tem-primeira-turma-em-5g-aplicado-a-industria-em-minas-gerais\/#primaryimage\"},\"image\":{\"@id\":\"https:\/\/www.fiemg.com.br\/regional-sede\/noticias\/senai-tem-primeira-turma-em-5g-aplicado-a-industria-em-minas-gerais\/#primaryimage\"},\"thumbnailUrl\":\"https:\/\/www.fiemg.com.br\/regional-sede\/wp-content\/uploads\/sites\/21\/2025\/11\/faculdade-senai-5g-industrial-imersao-2.jpg\",\"datePublished\":\"2025-11-14T19:49:22+00:00\",\"dateModified\":\"2025-11-14T19:49:29+00:00\",\"breadcrumb\":{\"@id\":\"https:\/\/www.fiemg.com.br\/regional-sede\/noticias\/senai-tem-primeira-turma-em-5g-aplicado-a-industria-em-minas-gerais\/#breadcrumb\"},\"inLanguage\":\"pt-BR\",\"potentialAction\":[{\"@type\":\"ReadAction\",\"target\":[\"https:\/\/www.fiemg.com.br\/regional-sede\/noticias\/senai-tem-primeira-turma-em-5g-aplicado-a-industria-em-minas-gerais\/\"]}]},{\"@type\":\"ImageObject\",\"inLanguage\":\"pt-BR\",\"@id\":\"https:\/\/www.fiemg.com.br\/regional-sede\/noticias\/senai-tem-primeira-turma-em-5g-aplicado-a-industria-em-minas-gerais\/#primaryimage\",\"url\":\"https:\/\/www.fiemg.com.br\/regional-sede\/wp-content\/uploads\/sites\/21\/2025\/11\/faculdade-senai-5g-industrial-imersao-2.jpg\",\"contentUrl\":\"https:\/\/www.fiemg.com.br\/regional-sede\/wp-content\/uploads\/sites\/21\/2025\/11\/faculdade-senai-5g-industrial-imersao-2.jpg\",\"width\":512,\"height\":512},{\"@type\":\"BreadcrumbList\",\"@id\":\"https:\/\/www.fiemg.com.br\/regional-sede\/noticias\/senai-tem-primeira-turma-em-5g-aplicado-a-industria-em-minas-gerais\/#breadcrumb\",\"itemListElement\":[{\"@type\":\"ListItem\",\"position\":1,\"name\":\"In\u00edcio\",\"item\":\"https:\/\/www.fiemg.com.br\/regional-sede\/\"},{\"@type\":\"ListItem\",\"position\":2,\"name\":\"SENAI tem primeira turma em 5G aplicado \u00e0 ind\u00fastria em Minas Gerais\"}]},{\"@type\":\"WebSite\",\"@id\":\"https:\/\/www.fiemg.com.br\/regional-sede\/#website\",\"url\":\"https:\/\/www.fiemg.com.br\/regional-sede\/\",\"name\":\"FIEMG\",\"description\":\"Federa\u00e7\u00e3o das Ind\u00fastrias do Estado de Minas Gerais\",\"publisher\":{\"@id\":\"https:\/\/www.fiemg.com.br\/regional-sede\/#organization\"},\"potentialAction\":[{\"@type\":\"SearchAction\",\"target\":{\"@type\":\"EntryPoint\",\"urlTemplate\":\"https:\/\/www.fiemg.com.br\/regional-sede\/?s={search_term_string}\"},\"query-input\":{\"@type\":\"PropertyValueSpecification\",\"valueRequired\":true,\"valueName\":\"search_term_string\"}}],\"inLanguage\":\"pt-BR\"},{\"@type\":\"Organization\",\"@id\":\"https:\/\/www.fiemg.com.br\/regional-sede\/#organization\",\"name\":\"FIEMG\",\"url\":\"https:\/\/www.fiemg.com.br\/regional-sede\/\",\"logo\":{\"@type\":\"ImageObject\",\"inLanguage\":\"pt-BR\",\"@id\":\"https:\/\/www.fiemg.com.br\/regional-sede\/#\/schema\/logo\/image\/\",\"url\":\"https:\/\/www.fiemg.com.br\/regional-sede\/wp-content\/uploads\/sites\/21\/2023\/02\/Ativo-1.png\",\"contentUrl\":\"https:\/\/www.fiemg.com.br\/regional-sede\/wp-content\/uploads\/sites\/21\/2023\/02\/Ativo-1.png\",\"width\":563,\"height\":149,\"caption\":\"FIEMG\"},\"image\":{\"@id\":\"https:\/\/www.fiemg.com.br\/regional-sede\/#\/schema\/logo\/image\/\"}}]}<\/script>\n<!-- \/ Yoast SEO plugin. -->","yoast_head_json":{"title":"SENAI tem primeira turma em 5G aplicado \u00e0 ind\u00fastria em Minas Gerais - FIEMG","robots":{"index":"index","follow":"follow","max-snippet":"max-snippet:-1","max-image-preview":"max-image-preview:large","max-video-preview":"max-video-preview:-1"},"canonical":"https:\/\/www.fiemg.com.br\/regional-sede\/noticias\/senai-tem-primeira-turma-em-5g-aplicado-a-industria-em-minas-gerais\/","og_locale":"pt_BR","og_type":"article","og_title":"SENAI tem primeira turma em 5G aplicado \u00e0 ind\u00fastria em Minas Gerais - FIEMG","og_description":"A Faculdade SENAI realizou, entre os dias 10 e 13 de novembro, a imers\u00e3o pr\u00e1tica da primeira turma da Especializa\u00e7\u00e3o em 5G aplicado \u00e0 Ind\u00fastria 4.0, desenvolvida em parceria com o INATEL. A iniciativa reuniu cerca de 60 profissionais de diversas regi\u00f5es do Brasil, entre instrutores, especialistas e trabalhadores da \u00e1rea de tecnologia e inova\u00e7\u00e3o [&hellip;]","og_url":"https:\/\/www.fiemg.com.br\/regional-sede\/noticias\/senai-tem-primeira-turma-em-5g-aplicado-a-industria-em-minas-gerais\/","og_site_name":"FIEMG","article_modified_time":"2025-11-14T19:49:29+00:00","og_image":[{"width":512,"height":512,"url":"https:\/\/www.fiemg.com.br\/regional-sede\/wp-content\/uploads\/sites\/21\/2025\/11\/faculdade-senai-5g-industrial-imersao-2.jpg","type":"image\/jpeg"}],"twitter_card":"summary_large_image","twitter_misc":{"Est. tempo de leitura":"3 minutos"},"schema":{"@context":"https:\/\/schema.org","@graph":[{"@type":"WebPage","@id":"https:\/\/www.fiemg.com.br\/regional-sede\/noticias\/senai-tem-primeira-turma-em-5g-aplicado-a-industria-em-minas-gerais\/","url":"https:\/\/www.fiemg.com.br\/regional-sede\/noticias\/senai-tem-primeira-turma-em-5g-aplicado-a-industria-em-minas-gerais\/","name":"SENAI tem primeira turma em 5G aplicado \u00e0 ind\u00fastria em Minas Gerais - FIEMG","isPartOf":{"@id":"https:\/\/www.fiemg.com.br\/regional-sede\/#website"},"primaryImageOfPage":{"@id":"https:\/\/www.fiemg.com.br\/regional-sede\/noticias\/senai-tem-primeira-turma-em-5g-aplicado-a-industria-em-minas-gerais\/#primaryimage"},"image":{"@id":"https:\/\/www.fiemg.com.br\/regional-sede\/noticias\/senai-tem-primeira-turma-em-5g-aplicado-a-industria-em-minas-gerais\/#primaryimage"},"thumbnailUrl":"https:\/\/www.fiemg.com.br\/regional-sede\/wp-content\/uploads\/sites\/21\/2025\/11\/faculdade-senai-5g-industrial-imersao-2.jpg","datePublished":"2025-11-14T19:49:22+00:00","dateModified":"2025-11-14T19:49:29+00:00","breadcrumb":{"@id":"https:\/\/www.fiemg.com.br\/regional-sede\/noticias\/senai-tem-primeira-turma-em-5g-aplicado-a-industria-em-minas-gerais\/#breadcrumb"},"inLanguage":"pt-BR","potentialAction":[{"@type":"ReadAction","target":["https:\/\/www.fiemg.com.br\/regional-sede\/noticias\/senai-tem-primeira-turma-em-5g-aplicado-a-industria-em-minas-gerais\/"]}]},{"@type":"ImageObject","inLanguage":"pt-BR","@id":"https:\/\/www.fiemg.com.br\/regional-sede\/noticias\/senai-tem-primeira-turma-em-5g-aplicado-a-industria-em-minas-gerais\/#primaryimage","url":"https:\/\/www.fiemg.com.br\/regional-sede\/wp-content\/uploads\/sites\/21\/2025\/11\/faculdade-senai-5g-industrial-imersao-2.jpg","contentUrl":"https:\/\/www.fiemg.com.br\/regional-sede\/wp-content\/uploads\/sites\/21\/2025\/11\/faculdade-senai-5g-industrial-imersao-2.jpg","width":512,"height":512},{"@type":"BreadcrumbList","@id":"https:\/\/www.fiemg.com.br\/regional-sede\/noticias\/senai-tem-primeira-turma-em-5g-aplicado-a-industria-em-minas-gerais\/#breadcrumb","itemListElement":[{"@type":"ListItem","position":1,"name":"In\u00edcio","item":"https:\/\/www.fiemg.com.br\/regional-sede\/"},{"@type":"ListItem","position":2,"name":"SENAI tem primeira turma em 5G aplicado \u00e0 ind\u00fastria em Minas Gerais"}]},{"@type":"WebSite","@id":"https:\/\/www.fiemg.com.br\/regional-sede\/#website","url":"https:\/\/www.fiemg.com.br\/regional-sede\/","name":"FIEMG","description":"Federa\u00e7\u00e3o das Ind\u00fastrias do Estado de Minas Gerais","publisher":{"@id":"https:\/\/www.fiemg.com.br\/regional-sede\/#organization"},"potentialAction":[{"@type":"SearchAction","target":{"@type":"EntryPoint","urlTemplate":"https:\/\/www.fiemg.com.br\/regional-sede\/?s={search_term_string}"},"query-input":{"@type":"PropertyValueSpecification","valueRequired":true,"valueName":"search_term_string"}}],"inLanguage":"pt-BR"},{"@type":"Organization","@id":"https:\/\/www.fiemg.com.br\/regional-sede\/#organization","name":"FIEMG","url":"https:\/\/www.fiemg.com.br\/regional-sede\/","logo":{"@type":"ImageObject","inLanguage":"pt-BR","@id":"https:\/\/www.fiemg.com.br\/regional-sede\/#\/schema\/logo\/image\/","url":"https:\/\/www.fiemg.com.br\/regional-sede\/wp-content\/uploads\/sites\/21\/2023\/02\/Ativo-1.png","contentUrl":"https:\/\/www.fiemg.com.br\/regional-sede\/wp-content\/uploads\/sites\/21\/2023\/02\/Ativo-1.png","width":563,"height":149,"caption":"FIEMG"},"image":{"@id":"https:\/\/www.fiemg.com.br\/regional-sede\/#\/schema\/logo\/image\/"}}]}},"_links":{"self":[{"href":"https:\/\/www.fiemg.com.br\/regional-sede\/wp-json\/wp\/v2\/noticias\/5993","targetHints":{"allow":["GET"]}}],"collection":[{"href":"https:\/\/www.fiemg.com.br\/regional-sede\/wp-json\/wp\/v2\/noticias"}],"about":[{"href":"https:\/\/www.fiemg.com.br\/regional-sede\/wp-json\/wp\/v2\/types\/noticias"}],"wp:featuredmedia":[{"embeddable":true,"href":"https:\/\/www.fiemg.com.br\/regional-sede\/wp-json\/wp\/v2\/media\/5995"}],"wp:attachment":[{"href":"https:\/\/www.fiemg.com.br\/regional-sede\/wp-json\/wp\/v2\/media?parent=5993"}],"wp:term":[{"taxonomy":"category","embeddable":true,"href":"https:\/\/www.fiemg.com.br\/regional-sede\/wp-json\/wp\/v2\/categories?post=5993"},{"taxonomy":"post_tag","embeddable":true,"href":"https:\/\/www.fiemg.com.br\/regional-sede\/wp-json\/wp\/v2\/tags?post=5993"}],"curies":[{"name":"wp","href":"https:\/\/api.w.org\/{rel}","templated":true}]}}