{"id":6004,"date":"2025-11-17T14:55:18","date_gmt":"2025-11-17T17:55:18","guid":{"rendered":"https:\/\/www.fiemg.com.br\/regional-sede\/noticias\/fiemg-rva-e-sebrae-mg-promovem-curso-online-administracao-de-conflitos\/"},"modified":"2025-11-17T15:11:03","modified_gmt":"2025-11-17T18:11:03","slug":"fiemg-rva-e-sebrae-mg-promovem-curso-online-administracao-de-conflitos","status":"publish","type":"noticias","link":"https:\/\/www.fiemg.com.br\/regional-sede\/noticias\/fiemg-rva-e-sebrae-mg-promovem-curso-online-administracao-de-conflitos\/","title":{"rendered":"FIEMG RVA e SEBRAE MG promovem curso online: Administra\u00e7\u00e3o de Conflitos"},"content":{"rendered":"\n<p>As diverg\u00eancias no ambiente corporativo s\u00e3o inevit\u00e1veis, mas saber lidar com elas \u00e9 essencial para manter a harmonia e a produtividade. Pensando nisso, a FIEMG Regional Vale do A\u00e7o e o SEBRAE MG est\u00e3o com inscri\u00e7\u00f5es abertas para o curso \u201cAdministra\u00e7\u00e3o de Conflitos nas Organiza\u00e7\u00f5es\u201d, que acontecer\u00e1 nos dias 9 e 10\/12, das 13h \u00e0s 17h, em formato 100% online. Interessados poder\u00e3o se inscrever <a href=\"https:\/\/www.sympla.com.br\/evento-online\/capacitacao-administracao-de-conflitos-nas-organizacoes\/2861703\">neste link.<\/a><\/p>\n\n\n\n<p>A capacita\u00e7\u00e3o tem como objetivo desenvolver nos participantes a habilidade de identificar fontes de insatisfa\u00e7\u00e3o, problemas de intera\u00e7\u00e3o, diverg\u00eancias de interesses e propor mecanismos eficazes para superar essas dificuldades. Durante o curso, ser\u00e3o abordados temas como: \u00c1rvores das compet\u00eancias; Origem dos conflitos; O papel do l\u00edder na administra\u00e7\u00e3o de conflitos; Tipos de conflitos nas organiza\u00e7\u00f5es; Fontes e estilos de administra\u00e7\u00e3o de conflitos e Planos de inten\u00e7\u00f5es.<\/p>\n\n\n\n<p>Com vagas limitadas, essa \u00e9 uma oportunidade \u00fanica para profissionais que desejam aprimorar suas compet\u00eancias e contribuir para um ambiente de trabalho mais saud\u00e1vel e produtivo.<\/p>\n\n\n\n<p>O valor do investimento \u00e9 de R$160 para Associados aos Sindicatos da FIEMG e R$230 para o p\u00fablico geral. Garanta sua inscri\u00e7\u00e3o e fortale\u00e7a sua atua\u00e7\u00e3o na gest\u00e3o de pessoas e processos. Mais informa\u00e7\u00f5es: <a href=\"mailto:regional-va@fiemg.com.br\">regional-va@fiemg.com.br<\/a><\/p>\n","protected":false},"featured_media":6005,"template":"","categories":[],"tags":[],"class_list":["post-6004","noticias","type-noticias","status-publish","has-post-thumbnail","hentry"],"acf":[],"yoast_head":"<!-- This site is optimized with the Yoast SEO plugin v26.2 - https:\/\/yoast.com\/wordpress\/plugins\/seo\/ -->\n<title>FIEMG RVA e SEBRAE MG promovem curso online: Administra\u00e7\u00e3o de Conflitos - FIEMG<\/title>\n<meta name=\"robots\" content=\"index, follow, max-snippet:-1, max-image-preview:large, max-video-preview:-1\" \/>\n<link rel=\"canonical\" href=\"https:\/\/www.fiemg.com.br\/regional-sede\/noticias\/fiemg-rva-e-sebrae-mg-promovem-curso-online-administracao-de-conflitos\/\" \/>\n<meta property=\"og:locale\" content=\"pt_BR\" \/>\n<meta property=\"og:type\" content=\"article\" \/>\n<meta property=\"og:title\" content=\"FIEMG RVA e SEBRAE MG promovem curso online: Administra\u00e7\u00e3o de Conflitos - FIEMG\" \/>\n<meta property=\"og:description\" content=\"As diverg\u00eancias no ambiente corporativo s\u00e3o inevit\u00e1veis, mas saber lidar com elas \u00e9 essencial para manter a harmonia e a produtividade. Pensando nisso, a FIEMG Regional Vale do A\u00e7o e o SEBRAE MG est\u00e3o com inscri\u00e7\u00f5es abertas para o curso \u201cAdministra\u00e7\u00e3o de Conflitos nas Organiza\u00e7\u00f5es\u201d, que acontecer\u00e1 nos dias 9 e 10\/12, das 13h \u00e0s [&hellip;]\" \/>\n<meta property=\"og:url\" content=\"https:\/\/www.fiemg.com.br\/regional-sede\/noticias\/fiemg-rva-e-sebrae-mg-promovem-curso-online-administracao-de-conflitos\/\" \/>\n<meta property=\"og:site_name\" content=\"FIEMG\" \/>\n<meta property=\"article:modified_time\" content=\"2025-11-17T18:11:03+00:00\" \/>\n<meta property=\"og:image\" content=\"https:\/\/www.fiemg.com.br\/regional-sede\/wp-content\/uploads\/sites\/21\/2025\/11\/download.jpg\" \/>\n\t<meta property=\"og:image:width\" content=\"328\" \/>\n\t<meta property=\"og:image:height\" content=\"154\" \/>\n\t<meta property=\"og:image:type\" content=\"image\/jpeg\" \/>\n<meta name=\"twitter:card\" content=\"summary_large_image\" \/>\n<meta name=\"twitter:label1\" content=\"Est. tempo de leitura\" \/>\n\t<meta name=\"twitter:data1\" content=\"2 minutos\" \/>\n<script type=\"application\/ld+json\" class=\"yoast-schema-graph\">{\"@context\":\"https:\/\/schema.org\",\"@graph\":[{\"@type\":\"WebPage\",\"@id\":\"https:\/\/www.fiemg.com.br\/regional-sede\/noticias\/fiemg-rva-e-sebrae-mg-promovem-curso-online-administracao-de-conflitos\/\",\"url\":\"https:\/\/www.fiemg.com.br\/regional-sede\/noticias\/fiemg-rva-e-sebrae-mg-promovem-curso-online-administracao-de-conflitos\/\",\"name\":\"FIEMG RVA e SEBRAE MG promovem curso online: Administra\u00e7\u00e3o de Conflitos - FIEMG\",\"isPartOf\":{\"@id\":\"https:\/\/www.fiemg.com.br\/regional-sede\/#website\"},\"primaryImageOfPage\":{\"@id\":\"https:\/\/www.fiemg.com.br\/regional-sede\/noticias\/fiemg-rva-e-sebrae-mg-promovem-curso-online-administracao-de-conflitos\/#primaryimage\"},\"image\":{\"@id\":\"https:\/\/www.fiemg.com.br\/regional-sede\/noticias\/fiemg-rva-e-sebrae-mg-promovem-curso-online-administracao-de-conflitos\/#primaryimage\"},\"thumbnailUrl\":\"https:\/\/www.fiemg.com.br\/regional-sede\/wp-content\/uploads\/sites\/21\/2025\/11\/download.jpg\",\"datePublished\":\"2025-11-17T17:55:18+00:00\",\"dateModified\":\"2025-11-17T18:11:03+00:00\",\"breadcrumb\":{\"@id\":\"https:\/\/www.fiemg.com.br\/regional-sede\/noticias\/fiemg-rva-e-sebrae-mg-promovem-curso-online-administracao-de-conflitos\/#breadcrumb\"},\"inLanguage\":\"pt-BR\",\"potentialAction\":[{\"@type\":\"ReadAction\",\"target\":[\"https:\/\/www.fiemg.com.br\/regional-sede\/noticias\/fiemg-rva-e-sebrae-mg-promovem-curso-online-administracao-de-conflitos\/\"]}]},{\"@type\":\"ImageObject\",\"inLanguage\":\"pt-BR\",\"@id\":\"https:\/\/www.fiemg.com.br\/regional-sede\/noticias\/fiemg-rva-e-sebrae-mg-promovem-curso-online-administracao-de-conflitos\/#primaryimage\",\"url\":\"https:\/\/www.fiemg.com.br\/regional-sede\/wp-content\/uploads\/sites\/21\/2025\/11\/download.jpg\",\"contentUrl\":\"https:\/\/www.fiemg.com.br\/regional-sede\/wp-content\/uploads\/sites\/21\/2025\/11\/download.jpg\",\"width\":328,\"height\":154},{\"@type\":\"BreadcrumbList\",\"@id\":\"https:\/\/www.fiemg.com.br\/regional-sede\/noticias\/fiemg-rva-e-sebrae-mg-promovem-curso-online-administracao-de-conflitos\/#breadcrumb\",\"itemListElement\":[{\"@type\":\"ListItem\",\"position\":1,\"name\":\"In\u00edcio\",\"item\":\"https:\/\/www.fiemg.com.br\/regional-sede\/\"},{\"@type\":\"ListItem\",\"position\":2,\"name\":\"FIEMG RVA e SEBRAE MG promovem curso online: Administra\u00e7\u00e3o de Conflitos\"}]},{\"@type\":\"WebSite\",\"@id\":\"https:\/\/www.fiemg.com.br\/regional-sede\/#website\",\"url\":\"https:\/\/www.fiemg.com.br\/regional-sede\/\",\"name\":\"FIEMG\",\"description\":\"Federa\u00e7\u00e3o das Ind\u00fastrias do Estado de Minas Gerais\",\"publisher\":{\"@id\":\"https:\/\/www.fiemg.com.br\/regional-sede\/#organization\"},\"potentialAction\":[{\"@type\":\"SearchAction\",\"target\":{\"@type\":\"EntryPoint\",\"urlTemplate\":\"https:\/\/www.fiemg.com.br\/regional-sede\/?s={search_term_string}\"},\"query-input\":{\"@type\":\"PropertyValueSpecification\",\"valueRequired\":true,\"valueName\":\"search_term_string\"}}],\"inLanguage\":\"pt-BR\"},{\"@type\":\"Organization\",\"@id\":\"https:\/\/www.fiemg.com.br\/regional-sede\/#organization\",\"name\":\"FIEMG\",\"url\":\"https:\/\/www.fiemg.com.br\/regional-sede\/\",\"logo\":{\"@type\":\"ImageObject\",\"inLanguage\":\"pt-BR\",\"@id\":\"https:\/\/www.fiemg.com.br\/regional-sede\/#\/schema\/logo\/image\/\",\"url\":\"https:\/\/www.fiemg.com.br\/regional-sede\/wp-content\/uploads\/sites\/21\/2023\/02\/Ativo-1.png\",\"contentUrl\":\"https:\/\/www.fiemg.com.br\/regional-sede\/wp-content\/uploads\/sites\/21\/2023\/02\/Ativo-1.png\",\"width\":563,\"height\":149,\"caption\":\"FIEMG\"},\"image\":{\"@id\":\"https:\/\/www.fiemg.com.br\/regional-sede\/#\/schema\/logo\/image\/\"}}]}<\/script>\n<!-- \/ Yoast SEO plugin. -->","yoast_head_json":{"title":"FIEMG RVA e SEBRAE MG promovem curso online: Administra\u00e7\u00e3o de Conflitos - FIEMG","robots":{"index":"index","follow":"follow","max-snippet":"max-snippet:-1","max-image-preview":"max-image-preview:large","max-video-preview":"max-video-preview:-1"},"canonical":"https:\/\/www.fiemg.com.br\/regional-sede\/noticias\/fiemg-rva-e-sebrae-mg-promovem-curso-online-administracao-de-conflitos\/","og_locale":"pt_BR","og_type":"article","og_title":"FIEMG RVA e SEBRAE MG promovem curso online: Administra\u00e7\u00e3o de Conflitos - FIEMG","og_description":"As diverg\u00eancias no ambiente corporativo s\u00e3o inevit\u00e1veis, mas saber lidar com elas \u00e9 essencial para manter a harmonia e a produtividade. Pensando nisso, a FIEMG Regional Vale do A\u00e7o e o SEBRAE MG est\u00e3o com inscri\u00e7\u00f5es abertas para o curso \u201cAdministra\u00e7\u00e3o de Conflitos nas Organiza\u00e7\u00f5es\u201d, que acontecer\u00e1 nos dias 9 e 10\/12, das 13h \u00e0s [&hellip;]","og_url":"https:\/\/www.fiemg.com.br\/regional-sede\/noticias\/fiemg-rva-e-sebrae-mg-promovem-curso-online-administracao-de-conflitos\/","og_site_name":"FIEMG","article_modified_time":"2025-11-17T18:11:03+00:00","og_image":[{"width":328,"height":154,"url":"https:\/\/www.fiemg.com.br\/regional-sede\/wp-content\/uploads\/sites\/21\/2025\/11\/download.jpg","type":"image\/jpeg"}],"twitter_card":"summary_large_image","twitter_misc":{"Est. tempo de leitura":"2 minutos"},"schema":{"@context":"https:\/\/schema.org","@graph":[{"@type":"WebPage","@id":"https:\/\/www.fiemg.com.br\/regional-sede\/noticias\/fiemg-rva-e-sebrae-mg-promovem-curso-online-administracao-de-conflitos\/","url":"https:\/\/www.fiemg.com.br\/regional-sede\/noticias\/fiemg-rva-e-sebrae-mg-promovem-curso-online-administracao-de-conflitos\/","name":"FIEMG RVA e SEBRAE MG promovem curso online: Administra\u00e7\u00e3o de Conflitos - FIEMG","isPartOf":{"@id":"https:\/\/www.fiemg.com.br\/regional-sede\/#website"},"primaryImageOfPage":{"@id":"https:\/\/www.fiemg.com.br\/regional-sede\/noticias\/fiemg-rva-e-sebrae-mg-promovem-curso-online-administracao-de-conflitos\/#primaryimage"},"image":{"@id":"https:\/\/www.fiemg.com.br\/regional-sede\/noticias\/fiemg-rva-e-sebrae-mg-promovem-curso-online-administracao-de-conflitos\/#primaryimage"},"thumbnailUrl":"https:\/\/www.fiemg.com.br\/regional-sede\/wp-content\/uploads\/sites\/21\/2025\/11\/download.jpg","datePublished":"2025-11-17T17:55:18+00:00","dateModified":"2025-11-17T18:11:03+00:00","breadcrumb":{"@id":"https:\/\/www.fiemg.com.br\/regional-sede\/noticias\/fiemg-rva-e-sebrae-mg-promovem-curso-online-administracao-de-conflitos\/#breadcrumb"},"inLanguage":"pt-BR","potentialAction":[{"@type":"ReadAction","target":["https:\/\/www.fiemg.com.br\/regional-sede\/noticias\/fiemg-rva-e-sebrae-mg-promovem-curso-online-administracao-de-conflitos\/"]}]},{"@type":"ImageObject","inLanguage":"pt-BR","@id":"https:\/\/www.fiemg.com.br\/regional-sede\/noticias\/fiemg-rva-e-sebrae-mg-promovem-curso-online-administracao-de-conflitos\/#primaryimage","url":"https:\/\/www.fiemg.com.br\/regional-sede\/wp-content\/uploads\/sites\/21\/2025\/11\/download.jpg","contentUrl":"https:\/\/www.fiemg.com.br\/regional-sede\/wp-content\/uploads\/sites\/21\/2025\/11\/download.jpg","width":328,"height":154},{"@type":"BreadcrumbList","@id":"https:\/\/www.fiemg.com.br\/regional-sede\/noticias\/fiemg-rva-e-sebrae-mg-promovem-curso-online-administracao-de-conflitos\/#breadcrumb","itemListElement":[{"@type":"ListItem","position":1,"name":"In\u00edcio","item":"https:\/\/www.fiemg.com.br\/regional-sede\/"},{"@type":"ListItem","position":2,"name":"FIEMG RVA e SEBRAE MG promovem curso online: Administra\u00e7\u00e3o de Conflitos"}]},{"@type":"WebSite","@id":"https:\/\/www.fiemg.com.br\/regional-sede\/#website","url":"https:\/\/www.fiemg.com.br\/regional-sede\/","name":"FIEMG","description":"Federa\u00e7\u00e3o das Ind\u00fastrias do Estado de Minas Gerais","publisher":{"@id":"https:\/\/www.fiemg.com.br\/regional-sede\/#organization"},"potentialAction":[{"@type":"SearchAction","target":{"@type":"EntryPoint","urlTemplate":"https:\/\/www.fiemg.com.br\/regional-sede\/?s={search_term_string}"},"query-input":{"@type":"PropertyValueSpecification","valueRequired":true,"valueName":"search_term_string"}}],"inLanguage":"pt-BR"},{"@type":"Organization","@id":"https:\/\/www.fiemg.com.br\/regional-sede\/#organization","name":"FIEMG","url":"https:\/\/www.fiemg.com.br\/regional-sede\/","logo":{"@type":"ImageObject","inLanguage":"pt-BR","@id":"https:\/\/www.fiemg.com.br\/regional-sede\/#\/schema\/logo\/image\/","url":"https:\/\/www.fiemg.com.br\/regional-sede\/wp-content\/uploads\/sites\/21\/2023\/02\/Ativo-1.png","contentUrl":"https:\/\/www.fiemg.com.br\/regional-sede\/wp-content\/uploads\/sites\/21\/2023\/02\/Ativo-1.png","width":563,"height":149,"caption":"FIEMG"},"image":{"@id":"https:\/\/www.fiemg.com.br\/regional-sede\/#\/schema\/logo\/image\/"}}]}},"_links":{"self":[{"href":"https:\/\/www.fiemg.com.br\/regional-sede\/wp-json\/wp\/v2\/noticias\/6004","targetHints":{"allow":["GET"]}}],"collection":[{"href":"https:\/\/www.fiemg.com.br\/regional-sede\/wp-json\/wp\/v2\/noticias"}],"about":[{"href":"https:\/\/www.fiemg.com.br\/regional-sede\/wp-json\/wp\/v2\/types\/noticias"}],"wp:featuredmedia":[{"embeddable":true,"href":"https:\/\/www.fiemg.com.br\/regional-sede\/wp-json\/wp\/v2\/media\/6005"}],"wp:attachment":[{"href":"https:\/\/www.fiemg.com.br\/regional-sede\/wp-json\/wp\/v2\/media?parent=6004"}],"wp:term":[{"taxonomy":"category","embeddable":true,"href":"https:\/\/www.fiemg.com.br\/regional-sede\/wp-json\/wp\/v2\/categories?post=6004"},{"taxonomy":"post_tag","embeddable":true,"href":"https:\/\/www.fiemg.com.br\/regional-sede\/wp-json\/wp\/v2\/tags?post=6004"}],"curies":[{"name":"wp","href":"https:\/\/api.w.org\/{rel}","templated":true}]}}