{"id":6023,"date":"2025-11-18T12:45:40","date_gmt":"2025-11-18T15:45:40","guid":{"rendered":"https:\/\/www.fiemg.com.br\/regional-sede\/noticias\/rh-summit-movimenta-ambiente-corporativo-em-ipatinga\/"},"modified":"2025-11-18T13:41:10","modified_gmt":"2025-11-18T16:41:10","slug":"rh-summit-movimenta-ambiente-corporativo-em-ipatinga","status":"publish","type":"noticias","link":"https:\/\/www.fiemg.com.br\/regional-sede\/noticias\/rh-summit-movimenta-ambiente-corporativo-em-ipatinga\/","title":{"rendered":"RH Summit movimenta ambiente corporativo em Ipatinga"},"content":{"rendered":"\n<p>O audit\u00f3rio da FIEMG Vale do A\u00e7o foi palco nesta ter\u00e7a-feira, 18\/11, do RH Summit MG \u2013 maior congresso de Governan\u00e7a, ESG e Capital humano de Minas Gerais.<\/p>\n\n\n\n<p>Realizado pela Associa\u00e7\u00e3o Brasileira de Recursos Humanos \u2013 Seccional Minas Gerais (ABRH-MG), com apoio da FIEMG RVA, o evento tem como prop\u00f3sito transformar conhecimento em estrat\u00e9gia pr\u00e1tica e fomentar debates sobre o futuro do trabalho e dos neg\u00f3cios no Brasil.<\/p>\n\n\n\n<p>A iniciativa movimentou o ambiente corporativo e reuniu CEOs e l\u00edderes de grandes organiza\u00e7\u00f5es dentre elas: Usiminas, Aperam, Cenibra, ArcelorMittal, Provest Uniformes, Funda\u00e7\u00e3o S\u00e3o Francisco Xavier, Todos Empreendimentos, Central Farma.<\/p>\n\n\n\n<p>Para o Presidente da FIEMG Vale do A\u00e7o, Jo\u00e3o Batista Alves, \u00e9 uma honra sediar o RH Summit. \u201cEstamos em uma regi\u00e3o pujante e din\u00e2mica que abriga ind\u00fastrias de destaque nacional como Aperam, Cenibra, Usiminas e ArcelorMittal. Acreditamos que a troca de conhecimentos e o fortalecimento m\u00fatuo entre nossas empresas s\u00e3o o caminho para a perenidade e o desenvolvimento de toda a cadeia produtiva regional\u201d, pontuou.<\/p>\n\n\n\n<p>Tr\u00eas pain\u00e9is conduziram a programa\u00e7\u00e3o: Lideran\u00e7a Humanizada e Cultura Organizacional: o Poder de Cuidar e Entregar Resultados; O RH como For\u00e7a Estrat\u00e9gica: da Gest\u00e3o de Pessoas \u00e0 Governan\u00e7a Corporativa e Engajamento e Protagonismo: Como o RH Inspira e Mobiliza Pessoas. O fechamento do evento contou com a palestra magna: Governan\u00e7a Financeira: O elo entre gest\u00e3o, transpar\u00eancia e resultado.<\/p>\n\n\n\n<p>Na oportunidade, Jo\u00e3o mencionou que os desafios na gest\u00e3o de pessoas n\u00e3o s\u00e3o apenas constantes, s\u00e3o&nbsp;oportunidades de inova\u00e7\u00e3o. \u201cTemos o privil\u00e9gio, atrav\u00e9s do Conselho Estrat\u00e9gico da FIEMG Vale do A\u00e7o e de seus grupos t\u00e9cnicos, de buscar solu\u00e7\u00f5es conjuntas e estrat\u00e9gias para desafios latentes como o famoso &#8216;apag\u00e3o da m\u00e3o de obra&#8217;, a diversidade e inclus\u00e3o, a governan\u00e7a corporativa, e tantos outros temas. O futuro dos neg\u00f3cios passa, inevitavelmente, pelas pessoas, e \u00e9 por isso que um evento como o RH Summit \u00e9 t\u00e3o vital\u201d, concluiu.<\/p>\n","protected":false},"featured_media":1567,"template":"","categories":[],"tags":[],"class_list":["post-6023","noticias","type-noticias","status-publish","has-post-thumbnail","hentry"],"acf":[],"yoast_head":"<!-- This site is optimized with the Yoast SEO plugin v26.2 - https:\/\/yoast.com\/wordpress\/plugins\/seo\/ -->\n<title>RH Summit movimenta ambiente corporativo em Ipatinga - FIEMG<\/title>\n<meta name=\"robots\" content=\"index, follow, max-snippet:-1, max-image-preview:large, max-video-preview:-1\" \/>\n<link rel=\"canonical\" href=\"https:\/\/www.fiemg.com.br\/regional-sede\/noticias\/rh-summit-movimenta-ambiente-corporativo-em-ipatinga\/\" \/>\n<meta property=\"og:locale\" content=\"pt_BR\" \/>\n<meta property=\"og:type\" content=\"article\" \/>\n<meta property=\"og:title\" content=\"RH Summit movimenta ambiente corporativo em Ipatinga - FIEMG\" \/>\n<meta property=\"og:description\" content=\"O audit\u00f3rio da FIEMG Vale do A\u00e7o foi palco nesta ter\u00e7a-feira, 18\/11, do RH Summit MG \u2013 maior congresso de Governan\u00e7a, ESG e Capital humano de Minas Gerais. Realizado pela Associa\u00e7\u00e3o Brasileira de Recursos Humanos \u2013 Seccional Minas Gerais (ABRH-MG), com apoio da FIEMG RVA, o evento tem como prop\u00f3sito transformar conhecimento em estrat\u00e9gia pr\u00e1tica [&hellip;]\" \/>\n<meta property=\"og:url\" content=\"https:\/\/www.fiemg.com.br\/regional-sede\/noticias\/rh-summit-movimenta-ambiente-corporativo-em-ipatinga\/\" \/>\n<meta property=\"og:site_name\" content=\"FIEMG\" \/>\n<meta property=\"article:modified_time\" content=\"2025-11-18T16:41:10+00:00\" \/>\n<meta property=\"og:image\" content=\"https:\/\/www.fiemg.com.br\/regional-sede\/wp-content\/uploads\/sites\/21\/2023\/08\/default.png\" \/>\n\t<meta property=\"og:image:width\" content=\"300\" \/>\n\t<meta property=\"og:image:height\" content=\"300\" \/>\n\t<meta property=\"og:image:type\" content=\"image\/png\" \/>\n<meta name=\"twitter:card\" content=\"summary_large_image\" \/>\n<meta name=\"twitter:label1\" content=\"Est. tempo de leitura\" \/>\n\t<meta name=\"twitter:data1\" content=\"2 minutos\" \/>\n<script type=\"application\/ld+json\" class=\"yoast-schema-graph\">{\"@context\":\"https:\/\/schema.org\",\"@graph\":[{\"@type\":\"WebPage\",\"@id\":\"https:\/\/www.fiemg.com.br\/regional-sede\/noticias\/rh-summit-movimenta-ambiente-corporativo-em-ipatinga\/\",\"url\":\"https:\/\/www.fiemg.com.br\/regional-sede\/noticias\/rh-summit-movimenta-ambiente-corporativo-em-ipatinga\/\",\"name\":\"RH Summit movimenta ambiente corporativo em Ipatinga - FIEMG\",\"isPartOf\":{\"@id\":\"https:\/\/www.fiemg.com.br\/regional-sede\/#website\"},\"primaryImageOfPage\":{\"@id\":\"https:\/\/www.fiemg.com.br\/regional-sede\/noticias\/rh-summit-movimenta-ambiente-corporativo-em-ipatinga\/#primaryimage\"},\"image\":{\"@id\":\"https:\/\/www.fiemg.com.br\/regional-sede\/noticias\/rh-summit-movimenta-ambiente-corporativo-em-ipatinga\/#primaryimage\"},\"thumbnailUrl\":\"https:\/\/www.fiemg.com.br\/regional-sede\/wp-content\/uploads\/sites\/21\/2023\/08\/default.png\",\"datePublished\":\"2025-11-18T15:45:40+00:00\",\"dateModified\":\"2025-11-18T16:41:10+00:00\",\"breadcrumb\":{\"@id\":\"https:\/\/www.fiemg.com.br\/regional-sede\/noticias\/rh-summit-movimenta-ambiente-corporativo-em-ipatinga\/#breadcrumb\"},\"inLanguage\":\"pt-BR\",\"potentialAction\":[{\"@type\":\"ReadAction\",\"target\":[\"https:\/\/www.fiemg.com.br\/regional-sede\/noticias\/rh-summit-movimenta-ambiente-corporativo-em-ipatinga\/\"]}]},{\"@type\":\"ImageObject\",\"inLanguage\":\"pt-BR\",\"@id\":\"https:\/\/www.fiemg.com.br\/regional-sede\/noticias\/rh-summit-movimenta-ambiente-corporativo-em-ipatinga\/#primaryimage\",\"url\":\"https:\/\/www.fiemg.com.br\/regional-sede\/wp-content\/uploads\/sites\/21\/2023\/08\/default.png\",\"contentUrl\":\"https:\/\/www.fiemg.com.br\/regional-sede\/wp-content\/uploads\/sites\/21\/2023\/08\/default.png\",\"width\":300,\"height\":300},{\"@type\":\"BreadcrumbList\",\"@id\":\"https:\/\/www.fiemg.com.br\/regional-sede\/noticias\/rh-summit-movimenta-ambiente-corporativo-em-ipatinga\/#breadcrumb\",\"itemListElement\":[{\"@type\":\"ListItem\",\"position\":1,\"name\":\"In\u00edcio\",\"item\":\"https:\/\/www.fiemg.com.br\/regional-sede\/\"},{\"@type\":\"ListItem\",\"position\":2,\"name\":\"RH Summit movimenta ambiente corporativo em Ipatinga\"}]},{\"@type\":\"WebSite\",\"@id\":\"https:\/\/www.fiemg.com.br\/regional-sede\/#website\",\"url\":\"https:\/\/www.fiemg.com.br\/regional-sede\/\",\"name\":\"FIEMG\",\"description\":\"Federa\u00e7\u00e3o das Ind\u00fastrias do Estado de Minas Gerais\",\"publisher\":{\"@id\":\"https:\/\/www.fiemg.com.br\/regional-sede\/#organization\"},\"potentialAction\":[{\"@type\":\"SearchAction\",\"target\":{\"@type\":\"EntryPoint\",\"urlTemplate\":\"https:\/\/www.fiemg.com.br\/regional-sede\/?s={search_term_string}\"},\"query-input\":{\"@type\":\"PropertyValueSpecification\",\"valueRequired\":true,\"valueName\":\"search_term_string\"}}],\"inLanguage\":\"pt-BR\"},{\"@type\":\"Organization\",\"@id\":\"https:\/\/www.fiemg.com.br\/regional-sede\/#organization\",\"name\":\"FIEMG\",\"url\":\"https:\/\/www.fiemg.com.br\/regional-sede\/\",\"logo\":{\"@type\":\"ImageObject\",\"inLanguage\":\"pt-BR\",\"@id\":\"https:\/\/www.fiemg.com.br\/regional-sede\/#\/schema\/logo\/image\/\",\"url\":\"https:\/\/www.fiemg.com.br\/regional-sede\/wp-content\/uploads\/sites\/21\/2023\/02\/Ativo-1.png\",\"contentUrl\":\"https:\/\/www.fiemg.com.br\/regional-sede\/wp-content\/uploads\/sites\/21\/2023\/02\/Ativo-1.png\",\"width\":563,\"height\":149,\"caption\":\"FIEMG\"},\"image\":{\"@id\":\"https:\/\/www.fiemg.com.br\/regional-sede\/#\/schema\/logo\/image\/\"}}]}<\/script>\n<!-- \/ Yoast SEO plugin. -->","yoast_head_json":{"title":"RH Summit movimenta ambiente corporativo em Ipatinga - FIEMG","robots":{"index":"index","follow":"follow","max-snippet":"max-snippet:-1","max-image-preview":"max-image-preview:large","max-video-preview":"max-video-preview:-1"},"canonical":"https:\/\/www.fiemg.com.br\/regional-sede\/noticias\/rh-summit-movimenta-ambiente-corporativo-em-ipatinga\/","og_locale":"pt_BR","og_type":"article","og_title":"RH Summit movimenta ambiente corporativo em Ipatinga - FIEMG","og_description":"O audit\u00f3rio da FIEMG Vale do A\u00e7o foi palco nesta ter\u00e7a-feira, 18\/11, do RH Summit MG \u2013 maior congresso de Governan\u00e7a, ESG e Capital humano de Minas Gerais. Realizado pela Associa\u00e7\u00e3o Brasileira de Recursos Humanos \u2013 Seccional Minas Gerais (ABRH-MG), com apoio da FIEMG RVA, o evento tem como prop\u00f3sito transformar conhecimento em estrat\u00e9gia pr\u00e1tica [&hellip;]","og_url":"https:\/\/www.fiemg.com.br\/regional-sede\/noticias\/rh-summit-movimenta-ambiente-corporativo-em-ipatinga\/","og_site_name":"FIEMG","article_modified_time":"2025-11-18T16:41:10+00:00","og_image":[{"width":300,"height":300,"url":"https:\/\/www.fiemg.com.br\/regional-sede\/wp-content\/uploads\/sites\/21\/2023\/08\/default.png","type":"image\/png"}],"twitter_card":"summary_large_image","twitter_misc":{"Est. tempo de leitura":"2 minutos"},"schema":{"@context":"https:\/\/schema.org","@graph":[{"@type":"WebPage","@id":"https:\/\/www.fiemg.com.br\/regional-sede\/noticias\/rh-summit-movimenta-ambiente-corporativo-em-ipatinga\/","url":"https:\/\/www.fiemg.com.br\/regional-sede\/noticias\/rh-summit-movimenta-ambiente-corporativo-em-ipatinga\/","name":"RH Summit movimenta ambiente corporativo em Ipatinga - FIEMG","isPartOf":{"@id":"https:\/\/www.fiemg.com.br\/regional-sede\/#website"},"primaryImageOfPage":{"@id":"https:\/\/www.fiemg.com.br\/regional-sede\/noticias\/rh-summit-movimenta-ambiente-corporativo-em-ipatinga\/#primaryimage"},"image":{"@id":"https:\/\/www.fiemg.com.br\/regional-sede\/noticias\/rh-summit-movimenta-ambiente-corporativo-em-ipatinga\/#primaryimage"},"thumbnailUrl":"https:\/\/www.fiemg.com.br\/regional-sede\/wp-content\/uploads\/sites\/21\/2023\/08\/default.png","datePublished":"2025-11-18T15:45:40+00:00","dateModified":"2025-11-18T16:41:10+00:00","breadcrumb":{"@id":"https:\/\/www.fiemg.com.br\/regional-sede\/noticias\/rh-summit-movimenta-ambiente-corporativo-em-ipatinga\/#breadcrumb"},"inLanguage":"pt-BR","potentialAction":[{"@type":"ReadAction","target":["https:\/\/www.fiemg.com.br\/regional-sede\/noticias\/rh-summit-movimenta-ambiente-corporativo-em-ipatinga\/"]}]},{"@type":"ImageObject","inLanguage":"pt-BR","@id":"https:\/\/www.fiemg.com.br\/regional-sede\/noticias\/rh-summit-movimenta-ambiente-corporativo-em-ipatinga\/#primaryimage","url":"https:\/\/www.fiemg.com.br\/regional-sede\/wp-content\/uploads\/sites\/21\/2023\/08\/default.png","contentUrl":"https:\/\/www.fiemg.com.br\/regional-sede\/wp-content\/uploads\/sites\/21\/2023\/08\/default.png","width":300,"height":300},{"@type":"BreadcrumbList","@id":"https:\/\/www.fiemg.com.br\/regional-sede\/noticias\/rh-summit-movimenta-ambiente-corporativo-em-ipatinga\/#breadcrumb","itemListElement":[{"@type":"ListItem","position":1,"name":"In\u00edcio","item":"https:\/\/www.fiemg.com.br\/regional-sede\/"},{"@type":"ListItem","position":2,"name":"RH Summit movimenta ambiente corporativo em Ipatinga"}]},{"@type":"WebSite","@id":"https:\/\/www.fiemg.com.br\/regional-sede\/#website","url":"https:\/\/www.fiemg.com.br\/regional-sede\/","name":"FIEMG","description":"Federa\u00e7\u00e3o das Ind\u00fastrias do Estado de Minas Gerais","publisher":{"@id":"https:\/\/www.fiemg.com.br\/regional-sede\/#organization"},"potentialAction":[{"@type":"SearchAction","target":{"@type":"EntryPoint","urlTemplate":"https:\/\/www.fiemg.com.br\/regional-sede\/?s={search_term_string}"},"query-input":{"@type":"PropertyValueSpecification","valueRequired":true,"valueName":"search_term_string"}}],"inLanguage":"pt-BR"},{"@type":"Organization","@id":"https:\/\/www.fiemg.com.br\/regional-sede\/#organization","name":"FIEMG","url":"https:\/\/www.fiemg.com.br\/regional-sede\/","logo":{"@type":"ImageObject","inLanguage":"pt-BR","@id":"https:\/\/www.fiemg.com.br\/regional-sede\/#\/schema\/logo\/image\/","url":"https:\/\/www.fiemg.com.br\/regional-sede\/wp-content\/uploads\/sites\/21\/2023\/02\/Ativo-1.png","contentUrl":"https:\/\/www.fiemg.com.br\/regional-sede\/wp-content\/uploads\/sites\/21\/2023\/02\/Ativo-1.png","width":563,"height":149,"caption":"FIEMG"},"image":{"@id":"https:\/\/www.fiemg.com.br\/regional-sede\/#\/schema\/logo\/image\/"}}]}},"_links":{"self":[{"href":"https:\/\/www.fiemg.com.br\/regional-sede\/wp-json\/wp\/v2\/noticias\/6023","targetHints":{"allow":["GET"]}}],"collection":[{"href":"https:\/\/www.fiemg.com.br\/regional-sede\/wp-json\/wp\/v2\/noticias"}],"about":[{"href":"https:\/\/www.fiemg.com.br\/regional-sede\/wp-json\/wp\/v2\/types\/noticias"}],"wp:featuredmedia":[{"embeddable":true,"href":"https:\/\/www.fiemg.com.br\/regional-sede\/wp-json\/wp\/v2\/media\/1567"}],"wp:attachment":[{"href":"https:\/\/www.fiemg.com.br\/regional-sede\/wp-json\/wp\/v2\/media?parent=6023"}],"wp:term":[{"taxonomy":"category","embeddable":true,"href":"https:\/\/www.fiemg.com.br\/regional-sede\/wp-json\/wp\/v2\/categories?post=6023"},{"taxonomy":"post_tag","embeddable":true,"href":"https:\/\/www.fiemg.com.br\/regional-sede\/wp-json\/wp\/v2\/tags?post=6023"}],"curies":[{"name":"wp","href":"https:\/\/api.w.org\/{rel}","templated":true}]}}